{"id":1027,"date":"2021-10-21T17:00:47","date_gmt":"2021-10-21T15:00:47","guid":{"rendered":"https:\/\/www.lespetitsculottes.com\/blog\/?p=1027"},"modified":"2026-04-09T10:45:07","modified_gmt":"2026-04-09T08:45:07","slug":"souvenirs-bebe","status":"publish","type":"post","link":"https:\/\/www.lespetitsculottes.com\/blog\/souvenirs-bebe\/","title":{"rendered":"Quels sont les Souvenirs de B\u00e9b\u00e9 \u00e0 garder pr\u00e9cieusement\u2009? Nos 9 id\u00e9es"},"content":{"rendered":"<div id=\"ez-toc-container\" class=\"ez-toc-v2_0_76 counter-hierarchy ez-toc-counter ez-toc-white ez-toc-container-direction\">\n<div class=\"ez-toc-title-container\"><p class=\"ez-toc-title\" style=\"cursor:inherit\">Sommaire<\/p>\n<\/div><nav><ul class='ez-toc-list ez-toc-list-level-1 ' ><li class='ez-toc-page-1 ez-toc-heading-level-2'><a class=\"ez-toc-link ez-toc-heading-1\" href=\"https:\/\/www.lespetitsculottes.com\/blog\/souvenirs-bebe\/#Pourquoi_conserver_les_souvenirs_de_bebe\" >Pourquoi conserver les souvenirs de b\u00e9b\u00e9<\/a><\/li><li class='ez-toc-page-1 ez-toc-heading-level-2'><a class=\"ez-toc-link ez-toc-heading-2\" href=\"https:\/\/www.lespetitsculottes.com\/blog\/souvenirs-bebe\/#1_Le_test_de_grossesse\" >1\/ Le test de grossesse<\/a><\/li><li class='ez-toc-page-1 ez-toc-heading-level-2'><a class=\"ez-toc-link ez-toc-heading-3\" href=\"https:\/\/www.lespetitsculottes.com\/blog\/souvenirs-bebe\/#2_Les_echographies\" >2\/ Les \u00e9chographies<\/a><\/li><li class='ez-toc-page-1 ez-toc-heading-level-2'><a class=\"ez-toc-link ez-toc-heading-4\" href=\"https:\/\/www.lespetitsculottes.com\/blog\/souvenirs-bebe\/#3_La_seance_photo_de_famille\" >3\/ La s\u00e9ance photo de famille<\/a><\/li><li class='ez-toc-page-1 ez-toc-heading-level-2'><a class=\"ez-toc-link ez-toc-heading-5\" href=\"https:\/\/www.lespetitsculottes.com\/blog\/souvenirs-bebe\/#4_Le_bola_de_grossesse\" >4\/ Le bola de grossesse<\/a><\/li><li class='ez-toc-page-1 ez-toc-heading-level-2'><a class=\"ez-toc-link ez-toc-heading-6\" href=\"https:\/\/www.lespetitsculottes.com\/blog\/souvenirs-bebe\/#5_Le_trousseau_de_naissance\" >5\/ Le trousseau de naissance<\/a><\/li><li class='ez-toc-page-1 ez-toc-heading-level-2'><a class=\"ez-toc-link ez-toc-heading-7\" href=\"https:\/\/www.lespetitsculottes.com\/blog\/souvenirs-bebe\/#6_Son_album_de_naissance\" >6\/ Son album de naissance<\/a><\/li><li class='ez-toc-page-1 ez-toc-heading-level-2'><a class=\"ez-toc-link ez-toc-heading-8\" href=\"https:\/\/www.lespetitsculottes.com\/blog\/souvenirs-bebe\/#7_Son_doudou\" >7\/ Son doudou<\/a><\/li><li class='ez-toc-page-1 ez-toc-heading-level-2'><a class=\"ez-toc-link ez-toc-heading-9\" href=\"https:\/\/www.lespetitsculottes.com\/blog\/souvenirs-bebe\/#8_Les_cartes_etapes\" >8\/ Les cartes \u00e9tapes<\/a><\/li><li class='ez-toc-page-1 ez-toc-heading-level-2'><a class=\"ez-toc-link ez-toc-heading-10\" href=\"https:\/\/www.lespetitsculottes.com\/blog\/souvenirs-bebe\/#9_Sa_tenue_de_bapteme\" >9\/ Sa tenue de bapt\u00eame<\/a><\/li><li class='ez-toc-page-1 ez-toc-heading-level-2'><a class=\"ez-toc-link ez-toc-heading-11\" href=\"https:\/\/www.lespetitsculottes.com\/blog\/souvenirs-bebe\/#Une_malle_de_souvenirs_de_bebe_pleine_a_craquer%E2%80%89\" >Une malle de souvenirs de b\u00e9b\u00e9 pleine \u00e0 craquer\u2009!<\/a><\/li><\/ul><\/nav><\/div>\n\n<p>Tous les <strong>parents<\/strong> seront certainement d\u2019accord avec nous&nbsp;: nos b\u00e9b\u00e9s culott\u00e9s grandissent trop (beaucoup trop) vite\u2009! On les voit encore avancer \u00e0 4 pattes, exprimer leurs premiers areuh et paf, voil\u00e0 qu\u2019ils nous demandent le dernier t\u00e9l\u00e9phone \u00e0 la mode ou de les emmener \u00e0 leur premi\u00e8re boum (mot compl\u00e8tement obsol\u00e8te, on assume). Bon avant d\u2019en arriver l\u00e0, nous vous invitons \u00e0 conserver avec soin les<strong> jolis souvenirs de b\u00e9b\u00e9 <\/strong>avant qu\u2019il ne soit plus grand que vous. Un <strong>patrimoine<\/strong> unique, qui n\u2019aura de valeur qu\u2019\u00e0 ses yeux et aux v\u00f4tres, mais qui v\u00e9hiculera une richesse du c\u0153ur inestimable. Aussi, nous vous proposons 9 id\u00e9es pour <strong>ne rien oublier de la grossesse<\/strong> et <strong>rappeler <\/strong>\u00e0 votre petit tr\u00e9sor<strong> ses premi\u00e8res ann\u00e9es de vie<\/strong>.&nbsp;<\/p>\n\n\n\n<h2 class=\"wp-block-heading\"><span class=\"ez-toc-section\" id=\"Pourquoi_conserver_les_souvenirs_de_bebe\"><\/span>Pourquoi conserver les souvenirs de b\u00e9b\u00e9<span class=\"ez-toc-section-end\"><\/span><\/h2>\n\n\n\n<p>Avant 3 ans, le cerveau des tout-petits serait encore immature pour \u00ab\u2009accrocher\u2009\u00bb les souvenirs. Ceux-ci restent peu de temps dans leur <strong>m\u00e9moire<\/strong>. Par contre, plus l\u2019enfant va grandir, plus cette capacit\u00e9 \u00e0 les conserver sera importante, notamment gr\u00e2ce au langage qui est alors mieux ma\u00eetris\u00e9. \u00c0 partir de 7 ans, commencerait alors ce que l\u2019on appelle l<strong>\u2019amn\u00e9sie infantile<\/strong> (l\u2019oubli des toutes premi\u00e8res ann\u00e9es de vie)<strong>.<\/strong>*&nbsp;<\/p>\n\n\n\n<p><strong>Garder une trace<\/strong> de chaque premi\u00e8re fois, chaque <strong>nouvelle \u00e9tape de la vie de b\u00e9b\u00e9 <\/strong>jusqu\u2019\u00e0 son entr\u00e9e \u00e0 l\u2019\u00e9cole repr\u00e9sente donc un <strong>pr\u00e9cieux cadeau<\/strong> \u00e0 lui faire.&nbsp;<\/p>\n\n\n\n<p>Pour vous, parents, c\u2019est aussi un moyen d\u2019<strong>immortaliser<\/strong> tous ces petits riens qui pourtant vous ont fait crier de joie, <strong>pleurer d\u2019\u00e9motion<\/strong> ou encore bafouill\u00e9. Un objet suffit pour revivre mentalement ces <strong>instants magiques&nbsp;<\/strong>:&nbsp;<\/p>\n\n\n\n<ul class=\"wp-block-list\">\n<li>le battement de son c\u0153ur \u00e0 l\u2019\u00e9chographie&nbsp;;&nbsp;<\/li>\n\n\n\n<li>son premier jour \u00e0 la maternit\u00e9&nbsp;;&nbsp;<\/li>\n\n\n\n<li>ses premiers sourires&nbsp;;&nbsp;<\/li>\n\n\n\n<li>ses premiers pas&nbsp;;&nbsp;<\/li>\n\n\n\n<li>la premi\u00e8re comptine, etc.&nbsp;<\/li>\n<\/ul>\n\n\n\n<p><strong>Conserver les souvenirs de b\u00e9b\u00e9<\/strong> c\u2019est aussi lui transmettre un peu de son histoire, celle de votre famille, si extraordinaire. Devenu grand, il vous \u00e9coutera avec attention narrer les fabuleuses anecdotes li\u00e9es \u00e0 l\u2019objet en question. Quel plaisir pour lui de d\u00e9couvrir tout son parcours et son \u00e9volution\u2009!<\/p>\n\n\n\n<p>Mais surtout, il ne s\u2019agit pas de tout garder (on vous voit dans la cuisine en train de jeter discr\u00e8tement le dernier gribouillage du cadet\u2009!). Conservez ce qui fait sens pour vous, pour votre enfant, pour votre famille. On vous donne ci-dessous quelques id\u00e9es.<\/p>\n\n\n\n<h2 class=\"wp-block-heading\"><span class=\"ez-toc-section\" id=\"1_Le_test_de_grossesse\"><\/span>1\/ Le test de grossesse<span class=\"ez-toc-section-end\"><\/span><\/h2>\n\n\n\n<p>Cet objet, qui n\u2019a rien de magnifique en soi, marque pourtant le point de d\u00e9part d\u2019une nouvelle vie ! Il renvoie \u00e0 la premi\u00e8re page du roman de b\u00e9b\u00e9 : <strong>l\u2019aventure de la grossesse<\/strong> et son lot de joies, de questionnements et aussi le choix du pr\u00e9nom\u2026 Des moments forts \u00e0 <strong>raconter \u00e0 son enfant<\/strong>, une fois plus grand.<\/p>\n\n\n\n<h2 class=\"wp-block-heading\"><span class=\"ez-toc-section\" id=\"2_Les_echographies\"><\/span>2\/ Les \u00e9chographies<span class=\"ez-toc-section-end\"><\/span><\/h2>\n\n\n\n<p>Le premier clich\u00e9 de b\u00e9b\u00e9 avant m\u00eame qu\u2019il ne soit n\u00e9\u2009! Aujourd\u2019hui, la technologie permet de voir b\u00e9b\u00e9 en 3 dimensions\u2009! De quoi sera fait demain\u2009? <strong>L\u2019\u00e9chographie de grossesse<\/strong> reste un souvenir important et plut\u00f4t rigolo \u00e0 montrer \u00e0 son enfant.&nbsp;<\/p>\n\n\n\n<h2 class=\"wp-block-heading\"><span class=\"ez-toc-section\" id=\"3_La_seance_photo_de_famille\"><\/span>3\/ La s\u00e9ance photo de famille<span class=\"ez-toc-section-end\"><\/span><\/h2>\n\n\n\n<p>Vous avez r\u00e9alis\u00e9 une s\u00e9ance photo \u00e0 la maison apr\u00e8s la naissance de b\u00e9b\u00e9\u2009? N\u2019h\u00e9sitez pas \u00e0 commander un<strong> <\/strong>joli <strong><a href=\"https:\/\/lepetitpousse.fr\/fr\/albums-et-papeterie\/207-album-photo-bebe.html?utm_source=culottes&amp;utm_medium=bloglpc\" target=\"_blank\" rel=\"noreferrer noopener\">album photo personnalisable<\/a><\/strong>, pour le feuilleter avec votre enfant. Un moment tout doux \u00e0 passer en famille pour se rem\u00e9morer ce chouette instant pass\u00e9 ensemble. Vous pouvez \u00e9galement s\u00e9lectionner votre <strong>photo pr\u00e9f\u00e9r\u00e9e<\/strong> pour l\u2019afficher sous cadre dans la chambre de votre b\u00e9b\u00e9. Vous pourrez alors lui exprimer <strong>vos souvenirs<\/strong> li\u00e9s \u00e0 cette <strong>s\u00e9ance photo<\/strong> pleine de tendresse.<\/p>\n\n\n<div class=\"wp-block-image\">\n<figure class=\"aligncenter size-full\"><a href=\"https:\/\/lepetitpousse.fr\/fr\/albums-et-papeterie\/207-album-photo-bebe.html?utm_source=culottes&amp;utm_medium=bloglpc\" target=\"_blank\" rel=\"L'album photo b\u00e9b\u00e9 personnalisable noopener\"><img loading=\"lazy\" decoding=\"async\" width=\"800\" height=\"600\" src=\"https:\/\/www.lespetitsculottes.com\/blog\/wp-content\/uploads\/2024\/12\/album-photo-bebe-personnalise.jpg\" alt=\"\" class=\"wp-image-3552\" srcset=\"https:\/\/www.lespetitsculottes.com\/blog\/wp-content\/uploads\/2024\/12\/album-photo-bebe-personnalise.jpg 800w, https:\/\/www.lespetitsculottes.com\/blog\/wp-content\/uploads\/2024\/12\/album-photo-bebe-personnalise-300x225.jpg 300w, https:\/\/www.lespetitsculottes.com\/blog\/wp-content\/uploads\/2024\/12\/album-photo-bebe-personnalise-768x576.jpg 768w\" sizes=\"auto, (max-width: 800px) 100vw, 800px\" \/><\/a><figcaption class=\"wp-element-caption\"><em>L&rsquo;album photo b\u00e9b\u00e9 personnalisable &#8211; Le Petit Pousse <\/em><\/figcaption><\/figure><\/div>\n\n\n<h2 class=\"wp-block-heading\"><span class=\"ez-toc-section\" id=\"4_Le_bola_de_grossesse\"><\/span>4\/ Le bola de grossesse<span class=\"ez-toc-section-end\"><\/span><\/h2>\n\n\n\n<p>Le <strong>bola<\/strong> est un bijou ancestral indon\u00e9sien, qui est port\u00e9 par les futures mamans pendant leur grossesse. Selon la tradition, il apporterait la chance et permettrait d\u2019apaiser b\u00e9b\u00e9 gr\u00e2ce \u00e0 son d\u00e9licat tintement sonore. Un bijou \u00e0 la symbolique forte qui fera un beau souvenir de b\u00e9b\u00e9 \u00e0 conserver et \u00e0 d\u00e9voiler \u00e0 votre enfant. Vous pourrez lui expliquer l\u2019origine du bijou et son incroyable pouvoir\u2009! Il y sera certainement tr\u00e8s sensible.<\/p>\n\n\n\n<h2 class=\"wp-block-heading\"><span class=\"ez-toc-section\" id=\"5_Le_trousseau_de_naissance\"><\/span>5\/ Le trousseau de naissance<span class=\"ez-toc-section-end\"><\/span><\/h2>\n\n\n\n<p>C\u2019est la <strong><a href=\"https:\/\/www.lespetitsculottes.com\/blog\/trousseau-naissance\/\">premi\u00e8re tenue de b\u00e9b\u00e9<\/a>\u2009<\/strong>! Les chaussons trop craquants, le body qui semble si riquiqui, son adorable bonnet de naissance\u2026 Des v\u00eatements minuscules qu\u2019il pourrait croire faits pour ses poup\u00e9es, mais non\u2009! Il s\u2019agit bien des siens. Quel bonheur pour votre enfant de d\u00e9couvrir avec vous ses tout premiers habits. Qui sait, vous pourrez peut-\u00eatre les lui transmettre pour la naissance de vos petits-enfants\u2009?&nbsp;<\/p>\n\n\n\n<h2 class=\"wp-block-heading\"><span class=\"ez-toc-section\" id=\"6_Son_album_de_naissance\"><\/span>6\/ Son album de naissance<span class=\"ez-toc-section-end\"><\/span><\/h2>\n\n\n\n<p>Il existe de nombreux mod\u00e8les d\u2019<strong>albums de naissance<\/strong> en magasin et en ligne. Chez les Petits Culott\u00e9s, on trouve que c\u2019est une excellente id\u00e9e pour garder les souvenirs de la premi\u00e8re ann\u00e9e de b\u00e9b\u00e9. Selon les mod\u00e8les, vous pourrez y glisser dans les pochettes pr\u00e9vues \u00e0 cet effet&nbsp;:&nbsp;<\/p>\n\n\n\n<ul class=\"wp-block-list\">\n<li>le bracelet de la maternit\u00e9 et le v\u00f4tre&nbsp;;&nbsp;<\/li>\n\n\n\n<li>sa premi\u00e8re m\u00e8che de cheveux&nbsp;;&nbsp;<\/li>\n\n\n\n<li>un extrait du journal de sa naissance&nbsp;;&nbsp;<\/li>\n\n\n\n<li>le faire-part de naissance&nbsp;;<\/li>\n\n\n\n<li><a href=\"https:\/\/www.lespetitsculottes.com\/blog\/preparer-premier-noel-bebe\/\">la photo de son premier No\u00ebl<\/a>\u2026<\/li>\n<\/ul>\n\n\n\n<p>Vous pourrez \u00e9galement y pr\u00e9ciser l\u2019arbre g\u00e9n\u00e9alogique, les anecdotes de sa premi\u00e8re ann\u00e9e, les moments forts et les faits marquants, ses premiers mots\u2026 Bref, un incontournable pour lui faire d\u00e9couvrir le <strong>premier chapitre de sa vie<\/strong>.&nbsp;<\/p>\n\n\n\n<hr class=\"wp-block-separator has-css-opacity\"\/>\n\n\n\n<p>L\u2019id\u00e9e culott\u00e9e&nbsp;: <br>Ajoutez dans la pochette de l\u2019album de naissance une cl\u00e9 USB. Celle-ci pourra contenir quelques <strong>photos<\/strong> et <strong>vid\u00e9os<\/strong> prises durant sa premi\u00e8re ann\u00e9e (avouez que vous aussi vous en avez des millions stock\u00e9es dans votre ordinateur\u2009!). Offrez-lui cet album quand il sera adulte. \u00c9motion garantie\u2009!<\/p>\n\n\n\n<hr class=\"wp-block-separator has-css-opacity\"\/>\n\n\n\n<h2 class=\"wp-block-heading\"><span class=\"ez-toc-section\" id=\"7_Son_doudou\"><\/span>7\/ Son doudou<span class=\"ez-toc-section-end\"><\/span><\/h2>\n\n\n\n<p>Quand votre pr\u00e9-adolescent se sentira trop grand pour avoir un doudou, surtout ne le jetez pas \u00e0 la poubelle. Nous vous invitons \u00e0 le conserver dans un coffre ou une malle de naissance. Les petits-enfants rigoleront bien quand ils verront le doudou de leur papa ou de leur maman\u2009! D\u2019excellentes histoires \u00e0 partager par la suite en famille.<\/p>\n\n\n\n<hr class=\"wp-block-separator has-css-opacity\"\/>\n\n\n\n<p>Alerte culott\u00e9e&nbsp;:&nbsp;<br>Attention, ne surtout pas retirer le doudou de l\u2019enfant sans son autorisation, au risque de g\u00e9n\u00e9rer des crises de pleurs aigu\u00ebs\u2009! Le doudou ne doit jamais \u00eatre rang\u00e9 dans le coffre \u00e0 souvenirs sans la permission pr\u00e9alable de l\u2019enfant\u2009! ? On vous aura pr\u00e9venu.<\/p>\n\n\n\n<hr class=\"wp-block-separator has-css-opacity\"\/>\n\n\n\n<h2 class=\"wp-block-heading\"><span class=\"ez-toc-section\" id=\"8_Les_cartes_etapes\"><\/span>8\/ Les cartes \u00e9tapes<span class=\"ez-toc-section-end\"><\/span><\/h2>\n\n\n\n<p>Tr\u00e8s en vogue, il en existe une multitude \u00e0 choisir selon vos go\u00fbts et vos envies. Les <strong><a href=\"https:\/\/lepetitpousse.fr\/fr\/albums-et-papeterie\/6330-cartes-mes-premieres-fois.html?utm_source=culottes&amp;utm_medium=bloglpc\" target=\"_blank\" rel=\"noreferrer noopener\">cartes \u00e9tapes des premi\u00e8res fois<\/a><\/strong> permettent de capturer en images les instants cl\u00e9s dans la vie de b\u00e9b\u00e9\u00a0: son premier mois, ses six mois, mais aussi <strong>son premier mot<\/strong>, sa premi\u00e8re nuit compl\u00e8te de <a href=\"https:\/\/www.lespetitsculottes.com\/blog\/sommeil-bebe-astuces\/\">sommeil nouveau n\u00e9e<\/a>, son <a href=\"https:\/\/www.lespetitsculottes.com\/fr\/accueil\/9-abonnement-couche-bio.html\">passage aux couches culottes<\/a>, son premier \u00ab\u2009papa\u2009\u00bb (nous sommes d\u2019accord, b\u00e9b\u00e9 dit bien \u00ab\u2009papa\u2009\u00bb avant de dire \u00ab\u2009maman\u2009\u00bb, n\u2019est-ce pas\u2009?)\u2026 Une photo avec b\u00e9b\u00e9 et la carte \u00e9tape, et c\u2019est dans la bo\u00eete\u2009!\u00a0<\/p>\n\n\n<div class=\"wp-block-image\">\n<figure class=\"aligncenter size-full\"><a href=\"https:\/\/lepetitpousse.fr\/fr\/albums-et-papeterie\/6330-cartes-mes-premieres-fois.html?utm_source=culottes&amp;utm_medium=bloglpc\" target=\"_blank\" rel=\"Cartes \u00e9tapes des premi\u00e8res fois noopener\"><img loading=\"lazy\" decoding=\"async\" width=\"800\" height=\"600\" src=\"https:\/\/www.lespetitsculottes.com\/blog\/wp-content\/uploads\/2024\/12\/cartes-etapes-premiere-fois-souvenirs-bebe.jpg\" alt=\"CARTES &quot;MES PREMI\u00c8RES FOIS&quot;\" class=\"wp-image-3550\" srcset=\"https:\/\/www.lespetitsculottes.com\/blog\/wp-content\/uploads\/2024\/12\/cartes-etapes-premiere-fois-souvenirs-bebe.jpg 800w, https:\/\/www.lespetitsculottes.com\/blog\/wp-content\/uploads\/2024\/12\/cartes-etapes-premiere-fois-souvenirs-bebe-300x225.jpg 300w, https:\/\/www.lespetitsculottes.com\/blog\/wp-content\/uploads\/2024\/12\/cartes-etapes-premiere-fois-souvenirs-bebe-768x576.jpg 768w\" sizes=\"auto, (max-width: 800px) 100vw, 800px\" \/><\/a><figcaption class=\"wp-element-caption\"><em>Cartes \u00e9tapes des premi\u00e8res fois<\/em> <em>&#8211; Le Petit Pousse<\/em><\/figcaption><\/figure><\/div>\n\n\n<hr class=\"wp-block-separator has-css-opacity\"\/>\n\n\n\n<p>L\u2019id\u00e9e culott\u00e9e&nbsp;:&nbsp;<br>Imprimez les photos \u00ab\u2009\u00e9tapes\u2009\u00bb que vous aurez r\u00e9alis\u00e9es. Puis rangez-les dans une bo\u00eete assez grande pour y ranger des tirages photos au format standard. Id\u00e9alement, int\u00e9grez des intercalaires (par mois). Elles seront ainsi toutes accessibles au m\u00eame endroit et non stock\u00e9es au fin fond de votre disque dur.&nbsp;<\/p>\n\n\n\n<hr class=\"wp-block-separator has-css-opacity\"\/>\n\n\n\n<h2 class=\"wp-block-heading\"><span class=\"ez-toc-section\" id=\"9_Sa_tenue_de_bapteme\"><\/span>9\/ Sa tenue de bapt\u00eame<span class=\"ez-toc-section-end\"><\/span><\/h2>\n\n\n\n<p>Civil ou religieux, le bapt\u00eame peut \u00eatre un joli <strong>moment \u00e0 relater \u00e0 son enfant<\/strong>. C\u2019est souvent l\u2019occasion de revoir toute la famille et les amis en photos, de d\u00e9couvrir les autres stars du jour&nbsp;: le parrain et la marraine. En souvenir de ce joli jour, nous vous invitons \u00e0 garder sa ravissante<strong> tenue de bapt\u00eame<\/strong> ainsi que sa <strong>gourmette<\/strong>, souvent offerte pour l\u2019occasion.&nbsp;<\/p>\n\n\n\n<h2 class=\"wp-block-heading\"><span class=\"ez-toc-section\" id=\"Une_malle_de_souvenirs_de_bebe_pleine_a_craquer%E2%80%89\"><\/span>Une malle de souvenirs de b\u00e9b\u00e9 pleine \u00e0 craquer\u2009!<span class=\"ez-toc-section-end\"><\/span><\/h2>\n\n\n\n<p>Le point commun entre toutes ces id\u00e9es, c\u2019est de pouvoir s\u2019en servir comme m\u00e9moire pour les parents, les enfants, mais aussi le reste de la famille. Une vieille photo, un hochet en bois (le pr\u00e9f\u00e9r\u00e9 de votre bout de chou \u00e0 l\u2019\u00e9poque), le bracelet de naissance\u2026 sont autant d\u2019invitations \u00e0 discuter, questionner, rigoler, se rem\u00e9morer, <strong>cr\u00e9er du lien <\/strong>et <strong>partager<\/strong>. Quels que soient les objets que vous d\u00e9cidez de conserver, choisissez ceux qui cachent un <strong>merveilleux tr\u00e9sor<\/strong>&nbsp;: l\u2019histoire de votre enfant.&nbsp;<\/p>\n\n\n\n<p>Savez-vous que vous que <strong>Le Petit Pousse<\/strong> propose de cr\u00e9er une b\u00e9b\u00e9oth\u00e8que pour votre&nbsp;enfant ? Il s&rsquo;agit d&rsquo;une&nbsp;<strong><a href=\"https:\/\/lepetitpousse.fr\/fr\/13-creez-votre-bebeotheque?utm_source=culottes&amp;utm_medium=bloglpc\" target=\"_blank\" rel=\"noreferrer noopener\">malle&nbsp;\u00e0 souvenirs personnalis\u00e9e<\/a><\/strong>, con\u00e7ue pour r\u00e9unir et prot\u00e9ger tous ses&nbsp;souvenirs&nbsp;d&rsquo;enfance.<\/p>\n\n\n<div class=\"wp-block-image\">\n<figure class=\"aligncenter size-full\"><a href=\"https:\/\/lepetitpousse.fr\/fr\/13-creez-votre-bebeotheque?utm_source=culottes&amp;utm_medium=bloglpc\" target=\"_blank\" rel=\"Malle \u00e0 souvenirs noopener\"><img loading=\"lazy\" decoding=\"async\" width=\"800\" height=\"534\" src=\"https:\/\/www.lespetitsculottes.com\/blog\/wp-content\/uploads\/2024\/12\/malle-souvenirs-bebe.jpg\" alt=\"malle \u00e0 souvenirs\" class=\"wp-image-3551\" srcset=\"https:\/\/www.lespetitsculottes.com\/blog\/wp-content\/uploads\/2024\/12\/malle-souvenirs-bebe.jpg 800w, https:\/\/www.lespetitsculottes.com\/blog\/wp-content\/uploads\/2024\/12\/malle-souvenirs-bebe-300x200.jpg 300w, https:\/\/www.lespetitsculottes.com\/blog\/wp-content\/uploads\/2024\/12\/malle-souvenirs-bebe-768x513.jpg 768w\" sizes=\"auto, (max-width: 800px) 100vw, 800px\" \/><\/a><figcaption class=\"wp-element-caption\"><em>Malle \u00e0 souvenirs &#8211; Le Petit Pousse<\/em><\/figcaption><\/figure><\/div>\n\n\n<p>source&nbsp;: https:\/\/www.santelog.com\/actualites\/memoire-jusqua-quel-age-remontent-nos-souvenirs-denfance<\/p>\n","protected":false},"excerpt":{"rendered":"<p>Tous les parents seront certainement d\u2019accord avec nous&nbsp;: nos b\u00e9b\u00e9s [&hellip;]<\/p>\n","protected":false},"author":1,"featured_media":1028,"comment_status":"closed","ping_status":"closed","sticky":false,"template":"","format":"standard","meta":{"footnotes":""},"categories":[10],"class_list":["post-1027","post","type-post","status-publish","format-standard","has-post-thumbnail","hentry","category-bebe-culotte"],"yoast_head":"<!-- This site is optimized with the Yoast SEO plugin v26.2 - https:\/\/yoast.com\/wordpress\/plugins\/seo\/ -->\n<title>9 Souvenirs de B\u00e9b\u00e9 \u00e0 Conserver Pr\u00e9cieusement<\/title>\n<meta name=\"description\" content=\"Votre enfant grandit \u00e0 vue d\u2019\u0153il\u2009! Pour ne rien oublier de ses premi\u00e8res fois, voici 9 id\u00e9es de souvenirs de b\u00e9b\u00e9 \u00e0 garder bien pr\u00e9cieusement.\" \/>\n<meta name=\"robots\" content=\"index, follow, max-snippet:-1, max-image-preview:large, max-video-preview:-1\" \/>\n<link rel=\"canonical\" href=\"https:\/\/www.lespetitsculottes.com\/blog\/souvenirs-bebe\/\" \/>\n<meta property=\"og:locale\" content=\"fr_FR\" \/>\n<meta property=\"og:type\" content=\"article\" \/>\n<meta property=\"og:title\" content=\"9 Souvenirs de B\u00e9b\u00e9 \u00e0 Conserver Pr\u00e9cieusement\" \/>\n<meta property=\"og:description\" content=\"Votre enfant grandit \u00e0 vue d\u2019\u0153il\u2009! Pour ne rien oublier de ses premi\u00e8res fois, voici 9 id\u00e9es de souvenirs de b\u00e9b\u00e9 \u00e0 garder bien pr\u00e9cieusement.\" \/>\n<meta property=\"og:url\" content=\"https:\/\/www.lespetitsculottes.com\/blog\/souvenirs-bebe\/\" \/>\n<meta property=\"og:site_name\" content=\"Les Petits Culott\u00e9s\" \/>\n<meta property=\"article:published_time\" content=\"2021-10-21T15:00:47+00:00\" \/>\n<meta property=\"article:modified_time\" content=\"2026-04-09T08:45:07+00:00\" \/>\n<meta property=\"og:image\" content=\"https:\/\/www.lespetitsculottes.com\/blog\/wp-content\/uploads\/2021\/10\/ranger-souvenirs-bebe.jpg\" \/>\n\t<meta property=\"og:image:width\" content=\"830\" \/>\n\t<meta property=\"og:image:height\" content=\"560\" \/>\n\t<meta property=\"og:image:type\" content=\"image\/jpeg\" \/>\n<meta name=\"author\" content=\"Admin 23Prod\" \/>\n<meta name=\"twitter:card\" content=\"summary_large_image\" \/>\n<meta name=\"twitter:label1\" content=\"\u00c9crit par\" \/>\n\t<meta name=\"twitter:data1\" content=\"Admin 23Prod\" \/>\n\t<meta name=\"twitter:label2\" content=\"Dur\u00e9e de lecture estim\u00e9e\" \/>\n\t<meta name=\"twitter:data2\" content=\"8 minutes\" \/>\n<script type=\"application\/ld+json\" class=\"yoast-schema-graph\">{\"@context\":\"https:\/\/schema.org\",\"@graph\":[{\"@type\":\"WebPage\",\"@id\":\"https:\/\/www.lespetitsculottes.com\/blog\/souvenirs-bebe\/\",\"url\":\"https:\/\/www.lespetitsculottes.com\/blog\/souvenirs-bebe\/\",\"name\":\"9 Souvenirs de B\u00e9b\u00e9 \u00e0 Conserver Pr\u00e9cieusement\",\"isPartOf\":{\"@id\":\"https:\/\/www.lespetitsculottes.com\/blog\/#website\"},\"primaryImageOfPage\":{\"@id\":\"https:\/\/www.lespetitsculottes.com\/blog\/souvenirs-bebe\/#primaryimage\"},\"image\":{\"@id\":\"https:\/\/www.lespetitsculottes.com\/blog\/souvenirs-bebe\/#primaryimage\"},\"thumbnailUrl\":\"https:\/\/www.lespetitsculottes.com\/blog\/wp-content\/uploads\/2021\/10\/ranger-souvenirs-bebe.jpg\",\"datePublished\":\"2021-10-21T15:00:47+00:00\",\"dateModified\":\"2026-04-09T08:45:07+00:00\",\"author\":{\"@id\":\"https:\/\/www.lespetitsculottes.com\/blog\/#\/schema\/person\/d67501f1427510d030b375d864acaecb\"},\"description\":\"Votre enfant grandit \u00e0 vue d\u2019\u0153il\u2009! Pour ne rien oublier de ses premi\u00e8res fois, voici 9 id\u00e9es de souvenirs de b\u00e9b\u00e9 \u00e0 garder bien pr\u00e9cieusement.\",\"breadcrumb\":{\"@id\":\"https:\/\/www.lespetitsculottes.com\/blog\/souvenirs-bebe\/#breadcrumb\"},\"inLanguage\":\"fr-FR\",\"potentialAction\":[{\"@type\":\"ReadAction\",\"target\":[\"https:\/\/www.lespetitsculottes.com\/blog\/souvenirs-bebe\/\"]}]},{\"@type\":\"ImageObject\",\"inLanguage\":\"fr-FR\",\"@id\":\"https:\/\/www.lespetitsculottes.com\/blog\/souvenirs-bebe\/#primaryimage\",\"url\":\"https:\/\/www.lespetitsculottes.com\/blog\/wp-content\/uploads\/2021\/10\/ranger-souvenirs-bebe.jpg\",\"contentUrl\":\"https:\/\/www.lespetitsculottes.com\/blog\/wp-content\/uploads\/2021\/10\/ranger-souvenirs-bebe.jpg\",\"width\":830,\"height\":560,\"caption\":\"Cr\u00e9dit photo : canva\"},{\"@type\":\"BreadcrumbList\",\"@id\":\"https:\/\/www.lespetitsculottes.com\/blog\/souvenirs-bebe\/#breadcrumb\",\"itemListElement\":[{\"@type\":\"ListItem\",\"position\":1,\"name\":\"Home\",\"item\":\"https:\/\/www.lespetitsculottes.com\/blog\/\"},{\"@type\":\"ListItem\",\"position\":2,\"name\":\"Quels sont les Souvenirs de B\u00e9b\u00e9 \u00e0 garder pr\u00e9cieusement\u2009? Nos 9 id\u00e9es\"}]},{\"@type\":\"WebSite\",\"@id\":\"https:\/\/www.lespetitsculottes.com\/blog\/#website\",\"url\":\"https:\/\/www.lespetitsculottes.com\/blog\/\",\"name\":\"Les petits culott\u00e9s\",\"description\":\"Le blog des Petits Culott\u00e9s\",\"potentialAction\":[{\"@type\":\"SearchAction\",\"target\":{\"@type\":\"EntryPoint\",\"urlTemplate\":\"https:\/\/www.lespetitsculottes.com\/blog\/?s={search_term_string}\"},\"query-input\":{\"@type\":\"PropertyValueSpecification\",\"valueRequired\":true,\"valueName\":\"search_term_string\"}}],\"inLanguage\":\"fr-FR\"},{\"@type\":\"Person\",\"@id\":\"https:\/\/www.lespetitsculottes.com\/blog\/#\/schema\/person\/d67501f1427510d030b375d864acaecb\",\"name\":\"Admin 23Prod\",\"image\":{\"@type\":\"ImageObject\",\"inLanguage\":\"fr-FR\",\"@id\":\"https:\/\/www.lespetitsculottes.com\/blog\/#\/schema\/person\/image\/\",\"url\":\"https:\/\/secure.gravatar.com\/avatar\/d07fc7773d840429da1fba32fa2027ef4f681ca12979b4997c63c8869d9a78ca?s=96&d=wp_user_avatar&r=g\",\"contentUrl\":\"https:\/\/secure.gravatar.com\/avatar\/d07fc7773d840429da1fba32fa2027ef4f681ca12979b4997c63c8869d9a78ca?s=96&d=wp_user_avatar&r=g\",\"caption\":\"Admin 23Prod\"},\"description\":\"D\u00e9veloppeur\",\"url\":\"https:\/\/www.lespetitsculottes.com\/blog\/auteur\/lpc\/\"}]}<\/script>\n<!-- \/ Yoast SEO plugin. -->","yoast_head_json":{"title":"9 Souvenirs de B\u00e9b\u00e9 \u00e0 Conserver Pr\u00e9cieusement","description":"Votre enfant grandit \u00e0 vue d\u2019\u0153il\u2009! Pour ne rien oublier de ses premi\u00e8res fois, voici 9 id\u00e9es de souvenirs de b\u00e9b\u00e9 \u00e0 garder bien pr\u00e9cieusement.","robots":{"index":"index","follow":"follow","max-snippet":"max-snippet:-1","max-image-preview":"max-image-preview:large","max-video-preview":"max-video-preview:-1"},"canonical":"https:\/\/www.lespetitsculottes.com\/blog\/souvenirs-bebe\/","og_locale":"fr_FR","og_type":"article","og_title":"9 Souvenirs de B\u00e9b\u00e9 \u00e0 Conserver Pr\u00e9cieusement","og_description":"Votre enfant grandit \u00e0 vue d\u2019\u0153il\u2009! Pour ne rien oublier de ses premi\u00e8res fois, voici 9 id\u00e9es de souvenirs de b\u00e9b\u00e9 \u00e0 garder bien pr\u00e9cieusement.","og_url":"https:\/\/www.lespetitsculottes.com\/blog\/souvenirs-bebe\/","og_site_name":"Les Petits Culott\u00e9s","article_published_time":"2021-10-21T15:00:47+00:00","article_modified_time":"2026-04-09T08:45:07+00:00","og_image":[{"width":830,"height":560,"url":"https:\/\/www.lespetitsculottes.com\/blog\/wp-content\/uploads\/2021\/10\/ranger-souvenirs-bebe.jpg","type":"image\/jpeg"}],"author":"Admin 23Prod","twitter_card":"summary_large_image","twitter_misc":{"\u00c9crit par":"Admin 23Prod","Dur\u00e9e de lecture estim\u00e9e":"8 minutes"},"schema":{"@context":"https:\/\/schema.org","@graph":[{"@type":"WebPage","@id":"https:\/\/www.lespetitsculottes.com\/blog\/souvenirs-bebe\/","url":"https:\/\/www.lespetitsculottes.com\/blog\/souvenirs-bebe\/","name":"9 Souvenirs de B\u00e9b\u00e9 \u00e0 Conserver Pr\u00e9cieusement","isPartOf":{"@id":"https:\/\/www.lespetitsculottes.com\/blog\/#website"},"primaryImageOfPage":{"@id":"https:\/\/www.lespetitsculottes.com\/blog\/souvenirs-bebe\/#primaryimage"},"image":{"@id":"https:\/\/www.lespetitsculottes.com\/blog\/souvenirs-bebe\/#primaryimage"},"thumbnailUrl":"https:\/\/www.lespetitsculottes.com\/blog\/wp-content\/uploads\/2021\/10\/ranger-souvenirs-bebe.jpg","datePublished":"2021-10-21T15:00:47+00:00","dateModified":"2026-04-09T08:45:07+00:00","author":{"@id":"https:\/\/www.lespetitsculottes.com\/blog\/#\/schema\/person\/d67501f1427510d030b375d864acaecb"},"description":"Votre enfant grandit \u00e0 vue d\u2019\u0153il\u2009! Pour ne rien oublier de ses premi\u00e8res fois, voici 9 id\u00e9es de souvenirs de b\u00e9b\u00e9 \u00e0 garder bien pr\u00e9cieusement.","breadcrumb":{"@id":"https:\/\/www.lespetitsculottes.com\/blog\/souvenirs-bebe\/#breadcrumb"},"inLanguage":"fr-FR","potentialAction":[{"@type":"ReadAction","target":["https:\/\/www.lespetitsculottes.com\/blog\/souvenirs-bebe\/"]}]},{"@type":"ImageObject","inLanguage":"fr-FR","@id":"https:\/\/www.lespetitsculottes.com\/blog\/souvenirs-bebe\/#primaryimage","url":"https:\/\/www.lespetitsculottes.com\/blog\/wp-content\/uploads\/2021\/10\/ranger-souvenirs-bebe.jpg","contentUrl":"https:\/\/www.lespetitsculottes.com\/blog\/wp-content\/uploads\/2021\/10\/ranger-souvenirs-bebe.jpg","width":830,"height":560,"caption":"Cr\u00e9dit photo : canva"},{"@type":"BreadcrumbList","@id":"https:\/\/www.lespetitsculottes.com\/blog\/souvenirs-bebe\/#breadcrumb","itemListElement":[{"@type":"ListItem","position":1,"name":"Home","item":"https:\/\/www.lespetitsculottes.com\/blog\/"},{"@type":"ListItem","position":2,"name":"Quels sont les Souvenirs de B\u00e9b\u00e9 \u00e0 garder pr\u00e9cieusement\u2009? Nos 9 id\u00e9es"}]},{"@type":"WebSite","@id":"https:\/\/www.lespetitsculottes.com\/blog\/#website","url":"https:\/\/www.lespetitsculottes.com\/blog\/","name":"Les petits culott\u00e9s","description":"Le blog des Petits Culott\u00e9s","potentialAction":[{"@type":"SearchAction","target":{"@type":"EntryPoint","urlTemplate":"https:\/\/www.lespetitsculottes.com\/blog\/?s={search_term_string}"},"query-input":{"@type":"PropertyValueSpecification","valueRequired":true,"valueName":"search_term_string"}}],"inLanguage":"fr-FR"},{"@type":"Person","@id":"https:\/\/www.lespetitsculottes.com\/blog\/#\/schema\/person\/d67501f1427510d030b375d864acaecb","name":"Admin 23Prod","image":{"@type":"ImageObject","inLanguage":"fr-FR","@id":"https:\/\/www.lespetitsculottes.com\/blog\/#\/schema\/person\/image\/","url":"https:\/\/secure.gravatar.com\/avatar\/d07fc7773d840429da1fba32fa2027ef4f681ca12979b4997c63c8869d9a78ca?s=96&d=wp_user_avatar&r=g","contentUrl":"https:\/\/secure.gravatar.com\/avatar\/d07fc7773d840429da1fba32fa2027ef4f681ca12979b4997c63c8869d9a78ca?s=96&d=wp_user_avatar&r=g","caption":"Admin 23Prod"},"description":"D\u00e9veloppeur","url":"https:\/\/www.lespetitsculottes.com\/blog\/auteur\/lpc\/"}]}},"_links":{"self":[{"href":"https:\/\/www.lespetitsculottes.com\/blog\/wp-json\/wp\/v2\/posts\/1027","targetHints":{"allow":["GET"]}}],"collection":[{"href":"https:\/\/www.lespetitsculottes.com\/blog\/wp-json\/wp\/v2\/posts"}],"about":[{"href":"https:\/\/www.lespetitsculottes.com\/blog\/wp-json\/wp\/v2\/types\/post"}],"author":[{"embeddable":true,"href":"https:\/\/www.lespetitsculottes.com\/blog\/wp-json\/wp\/v2\/users\/1"}],"replies":[{"embeddable":true,"href":"https:\/\/www.lespetitsculottes.com\/blog\/wp-json\/wp\/v2\/comments?post=1027"}],"version-history":[{"count":11,"href":"https:\/\/www.lespetitsculottes.com\/blog\/wp-json\/wp\/v2\/posts\/1027\/revisions"}],"predecessor-version":[{"id":4668,"href":"https:\/\/www.lespetitsculottes.com\/blog\/wp-json\/wp\/v2\/posts\/1027\/revisions\/4668"}],"wp:featuredmedia":[{"embeddable":true,"href":"https:\/\/www.lespetitsculottes.com\/blog\/wp-json\/wp\/v2\/media\/1028"}],"wp:attachment":[{"href":"https:\/\/www.lespetitsculottes.com\/blog\/wp-json\/wp\/v2\/media?parent=1027"}],"wp:term":[{"taxonomy":"category","embeddable":true,"href":"https:\/\/www.lespetitsculottes.com\/blog\/wp-json\/wp\/v2\/categories?post=1027"}],"curies":[{"name":"wp","href":"https:\/\/api.w.org\/{rel}","templated":true}]}}