{"id":1032,"date":"2021-10-28T17:00:08","date_gmt":"2021-10-28T15:00:08","guid":{"rendered":"https:\/\/www.lespetitsculottes.com\/blog\/?p=1032"},"modified":"2026-04-09T11:30:56","modified_gmt":"2026-04-09T09:30:56","slug":"habiller-bebe","status":"publish","type":"post","link":"https:\/\/www.lespetitsculottes.com\/blog\/habiller-bebe\/","title":{"rendered":"Comment Habiller B\u00e9b\u00e9 selon les saisons ? Tout ce qu\u2019il faut savoir"},"content":{"rendered":"<div id=\"ez-toc-container\" class=\"ez-toc-v2_0_76 counter-hierarchy ez-toc-counter ez-toc-white ez-toc-container-direction\">\n<div class=\"ez-toc-title-container\"><p class=\"ez-toc-title\" style=\"cursor:inherit\">Sommaire<\/p>\n<\/div><nav><ul class='ez-toc-list ez-toc-list-level-1 ' ><li class='ez-toc-page-1 ez-toc-heading-level-2'><a class=\"ez-toc-link ez-toc-heading-1\" href=\"https:\/\/www.lespetitsculottes.com\/blog\/habiller-bebe\/#Habiller_bebe_tout_au_long_de_lannee_3_points_cles\" >Habiller b\u00e9b\u00e9 tout au long de l\u2019ann\u00e9e&nbsp;: 3 points cl\u00e9s<\/a><ul class='ez-toc-list-level-3' ><li class='ez-toc-heading-level-3'><a class=\"ez-toc-link ez-toc-heading-2\" href=\"https:\/\/www.lespetitsculottes.com\/blog\/habiller-bebe\/#1_Les_saisons_et_la_temperature_interieureexterieure\" >1\/ Les saisons et la temp\u00e9rature int\u00e9rieure\/ext\u00e9rieure<\/a><\/li><li class='ez-toc-page-1 ez-toc-heading-level-3'><a class=\"ez-toc-link ez-toc-heading-3\" href=\"https:\/\/www.lespetitsculottes.com\/blog\/habiller-bebe\/#2_La_qualite_des_matieres\" >2\/ La qualit\u00e9 des mati\u00e8res&nbsp;<\/a><\/li><li class='ez-toc-page-1 ez-toc-heading-level-3'><a class=\"ez-toc-link ez-toc-heading-4\" href=\"https:\/\/www.lespetitsculottes.com\/blog\/habiller-bebe\/#3_La_praticite_et_le_confort_des_vetements\" >3\/ La praticit\u00e9 et le confort des v\u00eatements&nbsp;<\/a><\/li><\/ul><\/li><li class='ez-toc-page-1 ez-toc-heading-level-2'><a class=\"ez-toc-link ez-toc-heading-5\" href=\"https:\/\/www.lespetitsculottes.com\/blog\/habiller-bebe\/#Habiller_bebe_en_automne-hiver\" >Habiller b\u00e9b\u00e9 en automne-hiver<\/a><ul class='ez-toc-list-level-3' ><li class='ez-toc-heading-level-3'><a class=\"ez-toc-link ez-toc-heading-6\" href=\"https:\/\/www.lespetitsculottes.com\/blog\/habiller-bebe\/#Lautomne_lete_indien_et_les_premiers_froids\" >L\u2019automne&nbsp;: l\u2019\u00e9t\u00e9 indien et les premiers froids<\/a><\/li><li class='ez-toc-page-1 ez-toc-heading-level-3'><a class=\"ez-toc-link ez-toc-heading-7\" href=\"https:\/\/www.lespetitsculottes.com\/blog\/habiller-bebe\/#Garder_bebe_bien_au_chaud_tout_lhiver\" >Garder b\u00e9b\u00e9 bien au chaud tout l\u2019hiver<\/a><\/li><\/ul><\/li><li class='ez-toc-page-1 ez-toc-heading-level-2'><a class=\"ez-toc-link ez-toc-heading-8\" href=\"https:\/\/www.lespetitsculottes.com\/blog\/habiller-bebe\/#Habiller_bebe_au_printemps-ete\" >Habiller b\u00e9b\u00e9 au printemps-\u00e9t\u00e9<\/a><ul class='ez-toc-list-level-3' ><li class='ez-toc-heading-level-3'><a class=\"ez-toc-link ez-toc-heading-9\" href=\"https:\/\/www.lespetitsculottes.com\/blog\/habiller-bebe\/#Vive_le_printemps%E2%80%89_Le_dressing_se_fait_plus_leger\" >Vive le printemps\u2009! Le dressing se fait plus l\u00e9ger<\/a><\/li><li class='ez-toc-page-1 ez-toc-heading-level-3'><a class=\"ez-toc-link ez-toc-heading-10\" href=\"https:\/\/www.lespetitsculottes.com\/blog\/habiller-bebe\/#Lete_protection_maximale_pour_bebe\" >L\u2019\u00e9t\u00e9, protection maximale pour b\u00e9b\u00e9<\/a><\/li><\/ul><\/li><li class='ez-toc-page-1 ez-toc-heading-level-2'><a class=\"ez-toc-link ez-toc-heading-11\" href=\"https:\/\/www.lespetitsculottes.com\/blog\/habiller-bebe\/#Habiller_bebe_une_affaire_de_meteo_mais_pas_que%E2%80%A6\" >Habiller b\u00e9b\u00e9, une affaire de m\u00e9t\u00e9o, mais pas que\u2026<\/a><\/li><\/ul><\/nav><\/div>\n\n<p>En tant que <strong>parents<\/strong>, il n\u2019est pas toujours \u00e9vident de savoir <strong>comment habiller son b\u00e9b\u00e9<\/strong>. Certes, la <strong>m\u00e9t\u00e9o<\/strong> vous donnera quelques indices&#8230; Mais il est \u00e9galement n\u00e9cessaire de tenir compte de l\u2019<strong>\u00e2ge de l\u2019enfant<\/strong>, de ses besoins et de sa sensibilit\u00e9. Certains <strong>v\u00eatements<\/strong> seront ainsi \u00e0 privil\u00e9gier quand d\u2019autres seront \u00e0 proscrire. Alors oui, nous sommes bien d\u2019accord avec vous : <strong>habiller b\u00e9b\u00e9 <\/strong>n\u2019est pas une mince affaire, parole de papas culott\u00e9s ! Aussi, pour vous aider, nous vous proposons un aper\u00e7u des <strong>essentiels<\/strong> \u00e0 avoir dans le <strong>dressing<\/strong> <strong>de b\u00e9b\u00e9<\/strong> \u00e0 chaque <strong>saison<\/strong>.&nbsp;<\/p>\n\n\n\n<h2 class=\"wp-block-heading\"><span class=\"ez-toc-section\" id=\"Habiller_bebe_tout_au_long_de_lannee_3_points_cles\"><\/span>Habiller b\u00e9b\u00e9 tout au long de l\u2019ann\u00e9e&nbsp;: 3 points cl\u00e9s<span class=\"ez-toc-section-end\"><\/span><\/h2>\n\n\n\n<p>Pour composer le dressing parfait de b\u00e9b\u00e9, il y a trois \u00e9l\u00e9ments essentiels \u00e0 prendre en consid\u00e9ration&nbsp;:&nbsp;<\/p>\n\n\n\n<h3 class=\"wp-block-heading\"><span class=\"ez-toc-section\" id=\"1_Les_saisons_et_la_temperature_interieureexterieure\"><\/span>1\/ Les saisons et la temp\u00e9rature int\u00e9rieure\/ext\u00e9rieure<span class=\"ez-toc-section-end\"><\/span><\/h3>\n\n\n\n<p><strong>B\u00e9b\u00e9 est tr\u00e8s sensible aux variations de temp\u00e9rature<\/strong> et aux <strong>changements de saisons<\/strong>. Un petit ventre \u00e0 l\u2019air, et hop, c\u2019est le rhume assur\u00e9 ! Si vous avez un doute au moment d\u2019habiller votre enfant, appliquez le principe suivant : <em>votre tenue + un v\u00eatement<\/em>. Dans la pratique, si vous portez un simple <strong>t-shirt<\/strong>, vous ajouterez un<strong> pull l\u00e9ger <\/strong>au dessus son body (sauf en cas de canicule, bien entendu\u2009!). Un rep\u00e8re \u00e0 adapter selon son ressenti, son comportement et son \u00e2ge. En effet, plus votre bout de chou va grandir, plus il aura tendance \u00e0 bouger, et ce m\u00eame la nuit\u2009! Il aura donc tendance \u00e0 produire plus de chaleur. A contrario, un <strong>nouveau-n\u00e9 <\/strong>est moins mobile et devra donc \u00eatre plus couvert.&nbsp;<\/p>\n\n\n\n<h3 class=\"wp-block-heading\"><span class=\"ez-toc-section\" id=\"2_La_qualite_des_matieres\"><\/span>2\/ La qualit\u00e9 des mati\u00e8res&nbsp;<span class=\"ez-toc-section-end\"><\/span><\/h3>\n\n\n\n<p><strong>D\u00e8s sa naissance<\/strong>, faites le choix de <strong>mati\u00e8res respectueuses<\/strong> de sa <a rel=\"noreferrer noopener\" aria-label=\" (s\u2019ouvre dans un nouvel onglet)\" href=\"https:\/\/www.lespetitsculottes.com\/blog\/reactions-cutanees-chez-bebe\/\" target=\"_blank\">peau fragile et d\u00e9licate<\/a>, comme le 100 % <strong>coton bio<\/strong> ou le <strong>lin<\/strong> par exemple. Ce sont des <strong>mati\u00e8res naturelles<\/strong> qui sont douces au porter et n\u2019irritent pas la peau. Limitez autant que possible les <strong>mati\u00e8res synth\u00e9tiques<\/strong> issues de la p\u00e9trochimie, qui peuvent renfermer des substances toxiques ou irritantes pour la <strong>peau de b\u00e9b\u00e9<\/strong>. Chez les Petits Culott\u00e9s, nous sommes particuli\u00e8rement fans de la double <strong>gaze de coton<\/strong> qui, en plus d\u2019\u00eatre tr\u00e8s douce, conf\u00e8re au v\u00eatement un aspect un peu vintage tr\u00e8s mignon.&nbsp;<\/p>\n\n\n\n<h3 class=\"wp-block-heading\"><span class=\"ez-toc-section\" id=\"3_La_praticite_et_le_confort_des_vetements\"><\/span>3\/ La praticit\u00e9 et le confort des v\u00eatements&nbsp;<span class=\"ez-toc-section-end\"><\/span><\/h3>\n\n\n\n<p>Les <strong>v\u00eatements amples <\/strong>permettent \u00e0 b\u00e9b\u00e9 de se mouvoir sans se sentir comprim\u00e9 ou g\u00ean\u00e9 dans ses gestes. Afin de respecter cette <strong>libert\u00e9 de mouvement<\/strong> indispensable au tout-petit, nous vous d\u00e9conseillons l\u2019utilisation des jeans dont le tissu est peu extensible. De plus, les jeans avec un rendu d\u00e9lav\u00e9 sont \u00e0 proscrire. En effet, cet effet est obtenu gr\u00e2ce \u00e0 un processus de blanchiment. Ces jeans contiennent ainsi des <strong>substances nocives<\/strong> qui pourraient agresser sa peau. Vive les <strong>bloomers<\/strong>, les joggings et les leggings en coton !&nbsp;<\/p>\n\n\n\n<h2 class=\"wp-block-heading\"><span class=\"ez-toc-section\" id=\"Habiller_bebe_en_automne-hiver\"><\/span>Habiller b\u00e9b\u00e9 en automne-hiver<span class=\"ez-toc-section-end\"><\/span><\/h2>\n\n\n\n<h3 class=\"wp-block-heading\"><span class=\"ez-toc-section\" id=\"Lautomne_lete_indien_et_les_premiers_froids\"><\/span>L\u2019automne&nbsp;: l\u2019\u00e9t\u00e9 indien et les premiers froids<span class=\"ez-toc-section-end\"><\/span><\/h3>\n\n\n\n<p>L\u2019automne, ses jolies couleurs\u2026 et sa m\u00e9t\u00e9o tr\u00e8s versatile ! La solution, <em>le v\u00eatir comme un oignon<\/em>, comme le disaient autrefois nos grand-m\u00e8res\u2009! En clair, on ne l\u00e9sine pas sur les diff\u00e9rentes \u00e9paisseurs&nbsp;:&nbsp;<\/p>\n\n\n\n<ul class=\"wp-block-list\">\n<li>un <strong>body<\/strong> \u00e0 pressions (crois\u00e9 sur le devant pour les nouveaux-n\u00e9s)&nbsp;;<\/li>\n\n\n\n<li>un t-shirt \u00e0 manches longues&nbsp;;<\/li>\n\n\n\n<li>un pantalon, une <strong>combinaison<\/strong> ou un ensemble coordonn\u00e9 en coton&nbsp;;<\/li>\n\n\n\n<li>un pull ou un gilet pour \u00e9viter les coups de froid&nbsp;;<\/li>\n\n\n\n<li>des <strong>chaussettes&nbsp;<\/strong>en coton ou en laine ;<\/li>\n\n\n\n<li>des chaussons\/chaussures.<\/li>\n<\/ul>\n\n\n\n<p>Pour sortir sans \u00ab\u2009impair\u2009\u00bb, on n\u2019oublie pas le coupe-vent\u2009! Il sera toujours possible d\u2019enlever une <strong>couche de v\u00eatements<\/strong> en cas de temp\u00e9ratures plus agr\u00e9ables l\u2019apr\u00e8s-midi.<\/p>\n\n\n\n<p>La saison se montre plut\u00f4t rigoureuse\u2009? Optez pour la <strong>combi-pilote<\/strong> pour sortir en <a aria-label=\" (s\u2019ouvre dans un nouvel onglet)\" href=\"https:\/\/www.lespetitsculottes.com\/blog\/promenade-avec-bebe\/\" target=\"_blank\" rel=\"noreferrer noopener\">promenade avec son b\u00e9b\u00e9<\/a>. Pratique, elle int\u00e8gre une <strong>capuche<\/strong>, des moufles et des chaussons\u2009 d\u00e9tachables ou fixes, selon les mod\u00e8les. Ajoutez un <strong>bonnet en tissu <\/strong>l\u00e9ger \u00e0 la panoplie, et voici un bout de chou bien au chaud, de la t\u00eate aux pieds.\u00a0<\/p>\n\n\n\n<p>S\u2019il marche et commence m\u00eame \u00e0 sautiller \u00e0 droite \u00e0 gauche, pourquoi ne pas lui proposer de jolies <strong>bottes de pluie en caoutchouc\u2009<\/strong>? Vive les \u00e9claboussures dans les flaques ! C\u2019est bien trop rigolo.&nbsp;<\/p>\n\n\n\n<h3 class=\"wp-block-heading\"><span class=\"ez-toc-section\" id=\"Garder_bebe_bien_au_chaud_tout_lhiver\"><\/span>Garder b\u00e9b\u00e9 bien au chaud tout l\u2019hiver<span class=\"ez-toc-section-end\"><\/span><\/h3>\n\n\n\n<p>Craquez pour de jolis ensembles en<strong> laine m\u00e9rinos<\/strong>. Celle-ci est \u00e0 la fois source de chaleur et tr\u00e8s agr\u00e9able au toucher. Elle ne gratte pas et n\u2019irrite pas la peau des nouveau-n\u00e9s.&nbsp;<\/p>\n\n\n\n<p>Pour vos promenades, vous aurez besoin&nbsp;:&nbsp;<\/p>\n\n\n\n<ul class=\"wp-block-list\">\n<li>d\u2019un <strong>bonnet en laine<\/strong> tout doux (il y a une forte d\u00e9perdition de chaleur par les extr\u00e9mit\u00e9s et principalement par la t\u00eate)<\/li>\n\n\n\n<li>une <strong>combi-pilote doubl\u00e9e<\/strong> et en velours pour un confort absolu<\/li>\n\n\n\n<li>un <strong>nid d\u2019ange <\/strong>ou une couverture pour les sorties en poussette.<\/li>\n<\/ul>\n\n\n\n<hr class=\"wp-block-separator has-css-opacity\"\/>\n\n\n\n<p><em>L\u2019id\u00e9e culott\u00e9e :&nbsp;<\/em><br><em>Sachez que si vous appr\u00e9ciez le portage, il existe aujourd\u2019hui des solutions parfaitement adapt\u00e9es comme <\/em><strong><em>le manteau de portage<\/em><\/strong><em>. Vous pourrez en trouver dans des boutiques de pu\u00e9riculture ou des sites en ligne sp\u00e9cialis\u00e9s.&nbsp;<\/em><\/p>\n\n\n\n<hr class=\"wp-block-separator has-css-opacity\"\/>\n\n\n\n<p>Le soir ou avant les siestes, v\u00e9rifiez la temp\u00e9rature de la chambre ou dort votre enfant. Id\u00e9alement, celle-ci devrait \u00eatre \u00e0 19&nbsp;\u00b0C. Pour un sommeil sans frissons, vous aurez besoin &nbsp;:&nbsp;<\/p>\n\n\n\n<ul class=\"wp-block-list\">\n<li>d\u2019un body en coton avec des manches longues ;<\/li>\n\n\n\n<li>d\u2019un<strong> pyjama une pi\u00e8ce<\/strong> (en polaire en cas de nuits assez fra\u00eeches) ;<\/li>\n\n\n\n<li>d\u2019une <strong>gigoteuse<\/strong> ou <strong>turbulette<\/strong> avec un indice <strong>TOG 2 <\/strong>si la temp\u00e9rature de la pi\u00e8ce est inf\u00e9rieure \u00e0 19&nbsp;\u00b0C. Certaines disposent de manches amovibles.&nbsp;<\/li>\n<\/ul>\n\n\n\n<hr class=\"wp-block-separator has-css-opacity\"\/>\n\n\n\n<p><em>L\u2019id\u00e9e culott\u00e9e&nbsp;: <br>Qui dit hiver, dit No\u00ebl\u2009! Et si vous marquiez le coup pour c\u00e9l\u00e9brer ce moment f\u00e9\u00e9rique en d\u00e9guisant votre enfant en <a href=\"https:\/\/www.lespetitsculottes.com\/blog\/preparer-premier-noel-bebe\/\" target=\"_blank\" rel=\"noreferrer noopener\" aria-label=\" (s\u2019ouvre dans un nouvel onglet)\">lutin du p\u00e8re No\u00ebl<\/a>\u2009!&nbsp;&nbsp;<\/em><\/p>\n\n\n\n<hr class=\"wp-block-separator has-css-opacity\"\/>\n\n\n\n<h2 class=\"wp-block-heading\"><span class=\"ez-toc-section\" id=\"Habiller_bebe_au_printemps-ete\"><\/span>Habiller b\u00e9b\u00e9 au printemps-\u00e9t\u00e9<span class=\"ez-toc-section-end\"><\/span><\/h2>\n\n\n\n<h3 class=\"wp-block-heading\"><span class=\"ez-toc-section\" id=\"Vive_le_printemps%E2%80%89_Le_dressing_se_fait_plus_leger\"><\/span>Vive le printemps\u2009! Le dressing se fait plus l\u00e9ger<span class=\"ez-toc-section-end\"><\/span><\/h3>\n\n\n\n<p>\u00c7a y est, les oiseaux commencent \u00e0 chanter, les fleurs des arbres \u00e9closent et le soleil pointe le bout de son nez. Pas de doute, le printemps est l\u00e0\u2009! Mais attention, comme le dit si bien le c\u00e9l\u00e8bre proverbe \u00ab <em>En avril, ne te d\u00e9couvre pas d\u2019un fil<\/em> \u00bb ! Ce qui signifie qu\u2019on ne sort pas les petites robes et les shorts courts pour b\u00e9b\u00e9 d\u00e8s l\u2019arriv\u00e9e des beaux jours ! \u00c0 chaque changement de saison, votre petit tr\u00e9sor n\u2019est pas \u00e0 l\u2019abri d\u2019un coup de froid. Alors, on garde les pulls l\u00e9gers, le manteau de mi-saison ou <strong>l\u2019imperm\u00e9able<\/strong> \u00e0 proximit\u00e9\u2009!&nbsp;<\/p>\n\n\n\n<h3 class=\"wp-block-heading\"><span class=\"ez-toc-section\" id=\"Lete_protection_maximale_pour_bebe\"><\/span>L\u2019\u00e9t\u00e9, protection maximale pour b\u00e9b\u00e9<span class=\"ez-toc-section-end\"><\/span><\/h3>\n\n\n\n<p>Les ma\u00eetres mots de l\u2019\u00e9t\u00e9&nbsp;: simplicit\u00e9\u2009et protection\u2009! Si en automne et en hiver, b\u00e9b\u00e9 n\u2019appr\u00e9cie pas vraiment les courants d\u2019air, en \u00e9t\u00e9, il n\u2019aime pas non plus les<strong> fortes chaleurs<\/strong>.&nbsp;<\/p>\n\n\n\n<p>Par cons\u00e9quent, durant la journ\u00e9e, optez pour des tenues amples aux <strong>couleurs claires<\/strong>, qui pr\u00e9servent davantage de la chaleur, comme&nbsp;:&nbsp;<\/p>\n\n\n\n<ul class=\"wp-block-list\">\n<li>un bloomer en coton&nbsp;;<\/li>\n\n\n\n<li>un body \u00e0 manches courtes ou \u00e0 fines bretelles&nbsp;;<\/li>\n\n\n\n<li>un joli cache-c\u0153ur ou une brassi\u00e8re en coton (si besoin).<\/li>\n<\/ul>\n\n\n\n<p>Compl\u00e9tez la panoplie estivale avec ces 3 essentiels&nbsp;:&nbsp;<\/p>\n\n\n\n<ul class=\"wp-block-list\">\n<li>une<strong> paire de lunettes de solei<\/strong>l adapt\u00e9es \u00e0 son \u00e2ge ;<\/li>\n\n\n\n<li>une <strong>tenue anti-UV<\/strong> en cas de baignade en ext\u00e9rieur&nbsp;;<\/li>\n\n\n\n<li>un chapeau ample pour bien prot\u00e9ger sa t\u00eate et son visage.<\/li>\n<\/ul>\n\n\n\n<p><br>Enfin pour la nuit et les siestes, un body et une <strong>gigoteuse l\u00e9g\u00e8re en coton<\/strong> et en \u00e9ponge (<strong>TOG de 0,5<\/strong>) \u00e9viteront \u00e0 b\u00e9b\u00e9 d\u2019avoir trop chaud et d\u2019\u00eatre g\u00ean\u00e9 pendant son sommeil.&nbsp;<\/p>\n\n\n\n<h2 class=\"wp-block-heading\"><span class=\"ez-toc-section\" id=\"Habiller_bebe_une_affaire_de_meteo_mais_pas_que%E2%80%A6\"><\/span>Habiller b\u00e9b\u00e9, une affaire de m\u00e9t\u00e9o, mais pas que\u2026<span class=\"ez-toc-section-end\"><\/span><\/h2>\n\n\n\n<p>Comme bien souvent quand on est parents, le bon choix sera guid\u00e9 par le bon sens et la simplicit\u00e9. Ainsi, pour compl\u00e9ter le dressing de votre tout-petit, privil\u00e9giez les mati\u00e8res naturelles, si possible biologiques. Faites votre s\u00e9lection en tenant compte du<strong> confort<\/strong> plus que de la<strong> tendance<\/strong>. B\u00e9b\u00e9 doit pouvoir se sentir pleinement \u00e0 l\u2019aise dans ses v\u00eatements, quelle que soit la saison, \u00e9t\u00e9 comme hiver. De plus, attention \u00e0 ne pas trop anticiper vos achats ! En effet, votre bambin va conna\u00eetre plusieurs pics de croissances cons\u00e9quents durant ses premi\u00e8res ann\u00e9es de vie. En pr\u00e9voyant ses tenues sur l\u2019ann\u00e9e, vous risquez d\u2019acheter une <strong>taille<\/strong> trop petite ou trop grande le moment venu. Organisez ses placards pour la <strong>saison en cours<\/strong> seulement. \u00c0 la fin de celle-ci, il aura d\u00e9j\u00e0 bien grandi\u2009! <\/p>\n","protected":false},"excerpt":{"rendered":"<p>En tant que parents, il n\u2019est pas toujours \u00e9vident de [&hellip;]<\/p>\n","protected":false},"author":1,"featured_media":1033,"comment_status":"closed","ping_status":"closed","sticky":false,"template":"","format":"standard","meta":{"footnotes":""},"categories":[10],"class_list":["post-1032","post","type-post","status-publish","format-standard","has-post-thumbnail","hentry","category-bebe-culotte"],"yoast_head":"<!-- This site is optimized with the Yoast SEO plugin v26.2 - https:\/\/yoast.com\/wordpress\/plugins\/seo\/ -->\n<title>Comment Habiller B\u00e9b\u00e9 au fil des Saisons? Nos conseils<\/title>\n<meta name=\"description\" content=\"Vous vous demandez comment habiller b\u00e9b\u00e9 selon la saison ? On vous donne quelques conseils pratiques et judicieux pour composer son dressing parfait.\" \/>\n<meta name=\"robots\" content=\"index, follow, max-snippet:-1, max-image-preview:large, max-video-preview:-1\" \/>\n<link rel=\"canonical\" href=\"https:\/\/www.lespetitsculottes.com\/blog\/habiller-bebe\/\" \/>\n<meta property=\"og:locale\" content=\"fr_FR\" \/>\n<meta property=\"og:type\" content=\"article\" \/>\n<meta property=\"og:title\" content=\"Comment Habiller B\u00e9b\u00e9 au fil des Saisons? Nos conseils\" \/>\n<meta property=\"og:description\" content=\"Vous vous demandez comment habiller b\u00e9b\u00e9 selon la saison ? On vous donne quelques conseils pratiques et judicieux pour composer son dressing parfait.\" \/>\n<meta property=\"og:url\" content=\"https:\/\/www.lespetitsculottes.com\/blog\/habiller-bebe\/\" \/>\n<meta property=\"og:site_name\" content=\"Les Petits Culott\u00e9s\" \/>\n<meta property=\"article:published_time\" content=\"2021-10-28T15:00:08+00:00\" \/>\n<meta property=\"article:modified_time\" content=\"2026-04-09T09:30:56+00:00\" \/>\n<meta property=\"og:image\" content=\"https:\/\/www.lespetitsculottes.com\/blog\/wp-content\/uploads\/2021\/10\/vetements-bebe.png\" \/>\n\t<meta property=\"og:image:width\" content=\"830\" \/>\n\t<meta property=\"og:image:height\" content=\"560\" \/>\n\t<meta property=\"og:image:type\" content=\"image\/png\" \/>\n<meta name=\"author\" content=\"Admin 23Prod\" \/>\n<meta name=\"twitter:card\" content=\"summary_large_image\" \/>\n<meta name=\"twitter:label1\" content=\"\u00c9crit par\" \/>\n\t<meta name=\"twitter:data1\" content=\"Admin 23Prod\" \/>\n\t<meta name=\"twitter:label2\" content=\"Dur\u00e9e de lecture estim\u00e9e\" \/>\n\t<meta name=\"twitter:data2\" content=\"7 minutes\" \/>\n<script type=\"application\/ld+json\" class=\"yoast-schema-graph\">{\"@context\":\"https:\/\/schema.org\",\"@graph\":[{\"@type\":\"WebPage\",\"@id\":\"https:\/\/www.lespetitsculottes.com\/blog\/habiller-bebe\/\",\"url\":\"https:\/\/www.lespetitsculottes.com\/blog\/habiller-bebe\/\",\"name\":\"Comment Habiller B\u00e9b\u00e9 au fil des Saisons? Nos conseils\",\"isPartOf\":{\"@id\":\"https:\/\/www.lespetitsculottes.com\/blog\/#website\"},\"primaryImageOfPage\":{\"@id\":\"https:\/\/www.lespetitsculottes.com\/blog\/habiller-bebe\/#primaryimage\"},\"image\":{\"@id\":\"https:\/\/www.lespetitsculottes.com\/blog\/habiller-bebe\/#primaryimage\"},\"thumbnailUrl\":\"https:\/\/www.lespetitsculottes.com\/blog\/wp-content\/uploads\/2021\/10\/vetements-bebe.png\",\"datePublished\":\"2021-10-28T15:00:08+00:00\",\"dateModified\":\"2026-04-09T09:30:56+00:00\",\"author\":{\"@id\":\"https:\/\/www.lespetitsculottes.com\/blog\/#\/schema\/person\/d67501f1427510d030b375d864acaecb\"},\"description\":\"Vous vous demandez comment habiller b\u00e9b\u00e9 selon la saison ? On vous donne quelques conseils pratiques et judicieux pour composer son dressing parfait.\",\"breadcrumb\":{\"@id\":\"https:\/\/www.lespetitsculottes.com\/blog\/habiller-bebe\/#breadcrumb\"},\"inLanguage\":\"fr-FR\",\"potentialAction\":[{\"@type\":\"ReadAction\",\"target\":[\"https:\/\/www.lespetitsculottes.com\/blog\/habiller-bebe\/\"]}]},{\"@type\":\"ImageObject\",\"inLanguage\":\"fr-FR\",\"@id\":\"https:\/\/www.lespetitsculottes.com\/blog\/habiller-bebe\/#primaryimage\",\"url\":\"https:\/\/www.lespetitsculottes.com\/blog\/wp-content\/uploads\/2021\/10\/vetements-bebe.png\",\"contentUrl\":\"https:\/\/www.lespetitsculottes.com\/blog\/wp-content\/uploads\/2021\/10\/vetements-bebe.png\",\"width\":830,\"height\":560,\"caption\":\"Cr\u00e9dit photo : canva\"},{\"@type\":\"BreadcrumbList\",\"@id\":\"https:\/\/www.lespetitsculottes.com\/blog\/habiller-bebe\/#breadcrumb\",\"itemListElement\":[{\"@type\":\"ListItem\",\"position\":1,\"name\":\"Home\",\"item\":\"https:\/\/www.lespetitsculottes.com\/blog\/\"},{\"@type\":\"ListItem\",\"position\":2,\"name\":\"Comment Habiller B\u00e9b\u00e9 selon les saisons ? Tout ce qu\u2019il faut savoir\"}]},{\"@type\":\"WebSite\",\"@id\":\"https:\/\/www.lespetitsculottes.com\/blog\/#website\",\"url\":\"https:\/\/www.lespetitsculottes.com\/blog\/\",\"name\":\"Les petits culott\u00e9s\",\"description\":\"Le blog des Petits Culott\u00e9s\",\"potentialAction\":[{\"@type\":\"SearchAction\",\"target\":{\"@type\":\"EntryPoint\",\"urlTemplate\":\"https:\/\/www.lespetitsculottes.com\/blog\/?s={search_term_string}\"},\"query-input\":{\"@type\":\"PropertyValueSpecification\",\"valueRequired\":true,\"valueName\":\"search_term_string\"}}],\"inLanguage\":\"fr-FR\"},{\"@type\":\"Person\",\"@id\":\"https:\/\/www.lespetitsculottes.com\/blog\/#\/schema\/person\/d67501f1427510d030b375d864acaecb\",\"name\":\"Admin 23Prod\",\"image\":{\"@type\":\"ImageObject\",\"inLanguage\":\"fr-FR\",\"@id\":\"https:\/\/www.lespetitsculottes.com\/blog\/#\/schema\/person\/image\/\",\"url\":\"https:\/\/secure.gravatar.com\/avatar\/d07fc7773d840429da1fba32fa2027ef4f681ca12979b4997c63c8869d9a78ca?s=96&d=wp_user_avatar&r=g\",\"contentUrl\":\"https:\/\/secure.gravatar.com\/avatar\/d07fc7773d840429da1fba32fa2027ef4f681ca12979b4997c63c8869d9a78ca?s=96&d=wp_user_avatar&r=g\",\"caption\":\"Admin 23Prod\"},\"description\":\"D\u00e9veloppeur\",\"url\":\"https:\/\/www.lespetitsculottes.com\/blog\/auteur\/lpc\/\"}]}<\/script>\n<!-- \/ Yoast SEO plugin. -->","yoast_head_json":{"title":"Comment Habiller B\u00e9b\u00e9 au fil des Saisons? Nos conseils","description":"Vous vous demandez comment habiller b\u00e9b\u00e9 selon la saison ? On vous donne quelques conseils pratiques et judicieux pour composer son dressing parfait.","robots":{"index":"index","follow":"follow","max-snippet":"max-snippet:-1","max-image-preview":"max-image-preview:large","max-video-preview":"max-video-preview:-1"},"canonical":"https:\/\/www.lespetitsculottes.com\/blog\/habiller-bebe\/","og_locale":"fr_FR","og_type":"article","og_title":"Comment Habiller B\u00e9b\u00e9 au fil des Saisons? Nos conseils","og_description":"Vous vous demandez comment habiller b\u00e9b\u00e9 selon la saison ? On vous donne quelques conseils pratiques et judicieux pour composer son dressing parfait.","og_url":"https:\/\/www.lespetitsculottes.com\/blog\/habiller-bebe\/","og_site_name":"Les Petits Culott\u00e9s","article_published_time":"2021-10-28T15:00:08+00:00","article_modified_time":"2026-04-09T09:30:56+00:00","og_image":[{"width":830,"height":560,"url":"https:\/\/www.lespetitsculottes.com\/blog\/wp-content\/uploads\/2021\/10\/vetements-bebe.png","type":"image\/png"}],"author":"Admin 23Prod","twitter_card":"summary_large_image","twitter_misc":{"\u00c9crit par":"Admin 23Prod","Dur\u00e9e de lecture estim\u00e9e":"7 minutes"},"schema":{"@context":"https:\/\/schema.org","@graph":[{"@type":"WebPage","@id":"https:\/\/www.lespetitsculottes.com\/blog\/habiller-bebe\/","url":"https:\/\/www.lespetitsculottes.com\/blog\/habiller-bebe\/","name":"Comment Habiller B\u00e9b\u00e9 au fil des Saisons? Nos conseils","isPartOf":{"@id":"https:\/\/www.lespetitsculottes.com\/blog\/#website"},"primaryImageOfPage":{"@id":"https:\/\/www.lespetitsculottes.com\/blog\/habiller-bebe\/#primaryimage"},"image":{"@id":"https:\/\/www.lespetitsculottes.com\/blog\/habiller-bebe\/#primaryimage"},"thumbnailUrl":"https:\/\/www.lespetitsculottes.com\/blog\/wp-content\/uploads\/2021\/10\/vetements-bebe.png","datePublished":"2021-10-28T15:00:08+00:00","dateModified":"2026-04-09T09:30:56+00:00","author":{"@id":"https:\/\/www.lespetitsculottes.com\/blog\/#\/schema\/person\/d67501f1427510d030b375d864acaecb"},"description":"Vous vous demandez comment habiller b\u00e9b\u00e9 selon la saison ? On vous donne quelques conseils pratiques et judicieux pour composer son dressing parfait.","breadcrumb":{"@id":"https:\/\/www.lespetitsculottes.com\/blog\/habiller-bebe\/#breadcrumb"},"inLanguage":"fr-FR","potentialAction":[{"@type":"ReadAction","target":["https:\/\/www.lespetitsculottes.com\/blog\/habiller-bebe\/"]}]},{"@type":"ImageObject","inLanguage":"fr-FR","@id":"https:\/\/www.lespetitsculottes.com\/blog\/habiller-bebe\/#primaryimage","url":"https:\/\/www.lespetitsculottes.com\/blog\/wp-content\/uploads\/2021\/10\/vetements-bebe.png","contentUrl":"https:\/\/www.lespetitsculottes.com\/blog\/wp-content\/uploads\/2021\/10\/vetements-bebe.png","width":830,"height":560,"caption":"Cr\u00e9dit photo : canva"},{"@type":"BreadcrumbList","@id":"https:\/\/www.lespetitsculottes.com\/blog\/habiller-bebe\/#breadcrumb","itemListElement":[{"@type":"ListItem","position":1,"name":"Home","item":"https:\/\/www.lespetitsculottes.com\/blog\/"},{"@type":"ListItem","position":2,"name":"Comment Habiller B\u00e9b\u00e9 selon les saisons ? Tout ce qu\u2019il faut savoir"}]},{"@type":"WebSite","@id":"https:\/\/www.lespetitsculottes.com\/blog\/#website","url":"https:\/\/www.lespetitsculottes.com\/blog\/","name":"Les petits culott\u00e9s","description":"Le blog des Petits Culott\u00e9s","potentialAction":[{"@type":"SearchAction","target":{"@type":"EntryPoint","urlTemplate":"https:\/\/www.lespetitsculottes.com\/blog\/?s={search_term_string}"},"query-input":{"@type":"PropertyValueSpecification","valueRequired":true,"valueName":"search_term_string"}}],"inLanguage":"fr-FR"},{"@type":"Person","@id":"https:\/\/www.lespetitsculottes.com\/blog\/#\/schema\/person\/d67501f1427510d030b375d864acaecb","name":"Admin 23Prod","image":{"@type":"ImageObject","inLanguage":"fr-FR","@id":"https:\/\/www.lespetitsculottes.com\/blog\/#\/schema\/person\/image\/","url":"https:\/\/secure.gravatar.com\/avatar\/d07fc7773d840429da1fba32fa2027ef4f681ca12979b4997c63c8869d9a78ca?s=96&d=wp_user_avatar&r=g","contentUrl":"https:\/\/secure.gravatar.com\/avatar\/d07fc7773d840429da1fba32fa2027ef4f681ca12979b4997c63c8869d9a78ca?s=96&d=wp_user_avatar&r=g","caption":"Admin 23Prod"},"description":"D\u00e9veloppeur","url":"https:\/\/www.lespetitsculottes.com\/blog\/auteur\/lpc\/"}]}},"_links":{"self":[{"href":"https:\/\/www.lespetitsculottes.com\/blog\/wp-json\/wp\/v2\/posts\/1032","targetHints":{"allow":["GET"]}}],"collection":[{"href":"https:\/\/www.lespetitsculottes.com\/blog\/wp-json\/wp\/v2\/posts"}],"about":[{"href":"https:\/\/www.lespetitsculottes.com\/blog\/wp-json\/wp\/v2\/types\/post"}],"author":[{"embeddable":true,"href":"https:\/\/www.lespetitsculottes.com\/blog\/wp-json\/wp\/v2\/users\/1"}],"replies":[{"embeddable":true,"href":"https:\/\/www.lespetitsculottes.com\/blog\/wp-json\/wp\/v2\/comments?post=1032"}],"version-history":[{"count":4,"href":"https:\/\/www.lespetitsculottes.com\/blog\/wp-json\/wp\/v2\/posts\/1032\/revisions"}],"predecessor-version":[{"id":4699,"href":"https:\/\/www.lespetitsculottes.com\/blog\/wp-json\/wp\/v2\/posts\/1032\/revisions\/4699"}],"wp:featuredmedia":[{"embeddable":true,"href":"https:\/\/www.lespetitsculottes.com\/blog\/wp-json\/wp\/v2\/media\/1033"}],"wp:attachment":[{"href":"https:\/\/www.lespetitsculottes.com\/blog\/wp-json\/wp\/v2\/media?parent=1032"}],"wp:term":[{"taxonomy":"category","embeddable":true,"href":"https:\/\/www.lespetitsculottes.com\/blog\/wp-json\/wp\/v2\/categories?post=1032"}],"curies":[{"name":"wp","href":"https:\/\/api.w.org\/{rel}","templated":true}]}}