{"id":1061,"date":"2021-11-18T17:00:09","date_gmt":"2021-11-18T16:00:09","guid":{"rendered":"https:\/\/www.lespetitsculottes.com\/blog\/?p=1061"},"modified":"2026-04-09T14:47:39","modified_gmt":"2026-04-09T12:47:39","slug":"angoisse-separation-bebe","status":"publish","type":"post","link":"https:\/\/www.lespetitsculottes.com\/blog\/angoisse-separation-bebe\/","title":{"rendered":"Comment G\u00e9rer l\u2019Angoisse de la S\u00e9paration avec votre B\u00e9b\u00e9\u2009?"},"content":{"rendered":"<div id=\"ez-toc-container\" class=\"ez-toc-v2_0_76 counter-hierarchy ez-toc-counter ez-toc-white ez-toc-container-direction\">\n<div class=\"ez-toc-title-container\"><p class=\"ez-toc-title\" style=\"cursor:inherit\">Sommaire<\/p>\n<\/div><nav><ul class='ez-toc-list ez-toc-list-level-1 ' ><li class='ez-toc-page-1 ez-toc-heading-level-2'><a class=\"ez-toc-link ez-toc-heading-1\" href=\"https:\/\/www.lespetitsculottes.com\/blog\/angoisse-separation-bebe\/#Langoisse_de_la_separation_chez_bebe_kezako%E2%80%89\" >L\u2019angoisse de la s\u00e9paration chez b\u00e9b\u00e9&nbsp;: k\u00e9zako\u2009?<\/a><\/li><li class='ez-toc-page-1 ez-toc-heading-level-2'><a class=\"ez-toc-link ez-toc-heading-2\" href=\"https:\/\/www.lespetitsculottes.com\/blog\/angoisse-separation-bebe\/#Comment_reconnaitre_la_peur_de_labandon_chez_le_tout-petit%E2%80%89\" >Comment reconna\u00eetre la peur de l\u2019abandon chez le tout-petit\u2009?<\/a><\/li><li class='ez-toc-page-1 ez-toc-heading-level-2'><a class=\"ez-toc-link ez-toc-heading-3\" href=\"https:\/\/www.lespetitsculottes.com\/blog\/angoisse-separation-bebe\/#Nos_conseils_pour_accompagner_au_mieux_votre_bebe\" >Nos conseils pour accompagner au mieux votre b\u00e9b\u00e9<\/a><ul class='ez-toc-list-level-3' ><li class='ez-toc-heading-level-3'><a class=\"ez-toc-link ez-toc-heading-4\" href=\"https:\/\/www.lespetitsculottes.com\/blog\/angoisse-separation-bebe\/#1_Proposer_un_doudou_salvateur\" >1. Proposer un doudou salvateur<\/a><\/li><li class='ez-toc-page-1 ez-toc-heading-level-3'><a class=\"ez-toc-link ez-toc-heading-5\" href=\"https:\/\/www.lespetitsculottes.com\/blog\/angoisse-separation-bebe\/#2_Adopter_un_comportement_positif_et_comprehensif\" >2. Adopter un comportement positif et compr\u00e9hensif<\/a><\/li><li class='ez-toc-page-1 ez-toc-heading-level-3'><a class=\"ez-toc-link ez-toc-heading-6\" href=\"https:\/\/www.lespetitsculottes.com\/blog\/angoisse-separation-bebe\/#3_Favoriser_le_lien_social\" >3. Favoriser le lien social<\/a><\/li><li class='ez-toc-page-1 ez-toc-heading-level-3'><a class=\"ez-toc-link ez-toc-heading-7\" href=\"https:\/\/www.lespetitsculottes.com\/blog\/angoisse-separation-bebe\/#4_Eviter_de_partir_en_catimini\" >4. \u00c9viter de partir en catimini<\/a><\/li><li class='ez-toc-page-1 ez-toc-heading-level-3'><a class=\"ez-toc-link ez-toc-heading-8\" href=\"https:\/\/www.lespetitsculottes.com\/blog\/angoisse-separation-bebe\/#5_Jouer_a_Cache-Coucou\" >5. Jouer \u00e0 Cach\u00e9-Coucou&nbsp;<\/a><\/li><li class='ez-toc-page-1 ez-toc-heading-level-3'><a class=\"ez-toc-link ez-toc-heading-9\" href=\"https:\/\/www.lespetitsculottes.com\/blog\/angoisse-separation-bebe\/#6_Poursuivre_vos_activites\" >6. Poursuivre vos activit\u00e9s<\/a><\/li><li class='ez-toc-page-1 ez-toc-heading-level-3'><a class=\"ez-toc-link ez-toc-heading-10\" href=\"https:\/\/www.lespetitsculottes.com\/blog\/angoisse-separation-bebe\/#7_Instaurer_des_reperes_spatio-temporels\" >7. Instaurer des rep\u00e8res spatio-temporels&nbsp;<\/a><\/li><li class='ez-toc-page-1 ez-toc-heading-level-3'><a class=\"ez-toc-link ez-toc-heading-11\" href=\"https:\/\/www.lespetitsculottes.com\/blog\/angoisse-separation-bebe\/#8_Proceder_par_etapes\" >8. Proc\u00e9der par \u00e9tapes<\/a><\/li><\/ul><\/li><li class='ez-toc-page-1 ez-toc-heading-level-2'><a class=\"ez-toc-link ez-toc-heading-12\" href=\"https:\/\/www.lespetitsculottes.com\/blog\/angoisse-separation-bebe\/#Angoisse_de_la_separation_apres_la_tempete_le_beau_temps%E2%80%89\" >Angoisse de la s\u00e9paration&nbsp;: apr\u00e8s la temp\u00eate, le beau temps\u2009!<\/a><\/li><\/ul><\/nav><\/div>\n\n<p>Jusqu\u2019\u00e0 pr\u00e9sent, votre petit tr\u00e9sor menait une douce et paisible existence. \u00c0 la vue d\u2019une <strong>nouveaut\u00e9<\/strong>, d\u2019un <strong>visage encore inconnu<\/strong>, il s\u2019extasiait et offrait son plus beau sourire. Oui, mais voil\u00e0\u2009! Depuis quelques semaines, <strong>b\u00e9b\u00e9 pleure<\/strong> lorsqu\u2019il ne vous voit pas, ne quitte plus vos bras et ne supporte pas d\u2019\u00eatre \u00e9loign\u00e9 de vous trop longtemps. Il y a fort \u00e0 parier que votre Petit Culott\u00e9 ador\u00e9 soit en train de vivre l\u2019<strong>angoisse de la s\u00e9paration\u2009<\/strong>! Qu\u2019en est-il exactement\u2009? \u00c0 quel \u00e2ge b\u00e9b\u00e9 traverse-t-il cette <strong>\u00e9tape de la vie\u2009<\/strong>? Comment r\u00e9agir\u2009? Faisons le point sur cette <strong>p\u00e9riode sensible<\/strong>, qui avouons-le, n\u2019est pas toujours facile \u00e0 exp\u00e9rimenter ni pour lui ni pour vous\u2026&nbsp;<\/p>\n\n\n\n<h2 class=\"wp-block-heading\"><span class=\"ez-toc-section\" id=\"Langoisse_de_la_separation_chez_bebe_kezako%E2%80%89\"><\/span>L\u2019angoisse de la s\u00e9paration chez b\u00e9b\u00e9&nbsp;: k\u00e9zako\u2009?<span class=\"ez-toc-section-end\"><\/span><\/h2>\n\n\n\n<p>La <strong>notion du temps<\/strong> qui passe et la <strong>permanence des objets<\/strong> ou individus sont des concepts encore bien flous pour le tout-petit. Celui-ci peut donc exprimer un <strong>stress<\/strong>, une inqui\u00e9tude visible lorsque vous le faites<strong> garder par une tierce personne <\/strong>ou quand il rencontre des visages peu ou pas familiers.<\/p>\n\n\n\n<p>Cette p\u00e9riode d\u00e9licate, mais parfaitement normale chez le b\u00e9b\u00e9 a \u00e9t\u00e9 mise en exergue \u00e0 la fin des ann\u00e9es 60 par le psychanalyste am\u00e9ricain Ren\u00e9 Spitz*. Aussi nomm\u00e9e la <strong>crise des 8 mois<\/strong>, l\u2019<strong>angoisse de s\u00e9paration<\/strong> se manifeste en g\u00e9n\u00e9ral entre 6 et 9 mois. \u00c0 cet \u00e2ge, b\u00e9b\u00e9 prend peu \u00e0 peu conscience du monde qui l\u2019entoure. Les personnes ou lieux qu\u2019il ne conna\u00eet pas peuvent, d\u00e8s lors, commencer \u00e0 l\u2019inqui\u00e9ter. <\/p>\n\n\n\n<p>Plus qu\u2019une v\u00e9ritable angoisse, c\u2019est la crainte de<strong> ne plus voir son parent<\/strong>, de le voir dispara\u00eetre pour toujours et d\u2019\u00eatre alors abandonn\u00e9 qui appara\u00eet. Imaginez, un vrai sc\u00e9nario catastrophe pour lui\u2009! Durant cette phase, les moments de <strong>s\u00e9paration avec le parent r\u00e9f\u00e9rent<\/strong> (souvent, celui avec lequel il passe le plus de temps) peuvent \u00eatre particuli\u00e8rement compliqu\u00e9s \u00e0 vivre pour le tout petit (et ses parents).&nbsp;<\/p>\n\n\n\n<p>Cependant, sachez qu\u2019il n\u2019y a rien d\u2019alarmant. Il s\u2019agit seulement d\u2019une \u00e9tape cl\u00e9 dans le <strong>d\u00e9veloppement affectif<\/strong> et cognitif de l\u2019enfant. Eh oui\u2009! grandir r\u00e9serve son lot de surprises et n\u2019est pas toujours un long fleuve tranquille\u2026 Mais rassurez-vous. Au fil des semaines et des mois, ce <strong>sentiment d\u2019abandon <\/strong>s\u2019estompera pour laisser place \u00e0 davantage d\u2019aisance, d\u2019assurance et de s\u00e9r\u00e9nit\u00e9\u2009!&nbsp;<\/p>\n\n\n\n<h2 class=\"wp-block-heading\"><span class=\"ez-toc-section\" id=\"Comment_reconnaitre_la_peur_de_labandon_chez_le_tout-petit%E2%80%89\"><\/span>Comment reconna\u00eetre la peur de l\u2019abandon chez le tout-petit\u2009?<span class=\"ez-toc-section-end\"><\/span><\/h2>\n\n\n\n<p>Il s\u2019agit d\u2019une \u00ab\u2009manifestation psychologique anxieuse normale\u2009\u00bb* chez le b\u00e9b\u00e9, qui peut notamment se traduire par&nbsp;:<\/p>\n\n\n\n<ul class=\"wp-block-list\">\n<li>des pleurs importants lorsqu\u2019il est confi\u00e9 \u00e0 une personne qu\u2019il conna\u00eet peu ou pas encore&nbsp;;&nbsp;&nbsp;<\/li>\n\n\n\n<li>un comportement de r\u00e9serve en pr\u00e9sence d\u2019inconnus ou de personnes qui ne font pas partie de sa sph\u00e8re de r\u00e9f\u00e9rence (parents, fr\u00e8re ou soeur\u2026)&nbsp;;&nbsp;<\/li>\n\n\n\n<li>des r\u00e9veils nocturnes et un sommeil agit\u00e9&nbsp;;<\/li>\n\n\n\n<li>un endormissement plus long et parfois compliqu\u00e9 s\u2019il n\u2019est pas accompagn\u00e9 par le parent r\u00e9f\u00e9rent\u2026<\/li>\n<\/ul>\n\n\n\n<hr class=\"wp-block-separator has-css-opacity\"\/>\n\n\n\n<p><em>L\u2019info culott\u00e9e : <br>Notez que tous les enfants ne traduisent pas leur <\/em><strong><em>anxi\u00e9t\u00e9 <\/em><\/strong><em>et leur ressenti de la m\u00eame mani\u00e8re et intensit\u00e9. Par cons\u00e9quent, certains l\u2019exprimeront haut et fort quand d\u2019autres se feront bien plus discrets. L\u00e0 encore, chaque b\u00e9b\u00e9 est diff\u00e9rent\u2009!<\/em><\/p>\n\n\n\n<hr class=\"wp-block-separator has-css-opacity\"\/>\n\n\n\n<h2 class=\"wp-block-heading\"><span class=\"ez-toc-section\" id=\"Nos_conseils_pour_accompagner_au_mieux_votre_bebe\"><\/span>Nos conseils pour accompagner au mieux votre b\u00e9b\u00e9<span class=\"ez-toc-section-end\"><\/span><\/h2>\n\n\n\n<p>Voici quelques id\u00e9es pratiques pour aider votre bout de chou \u00e0 traverser cette phase parfois \u00e9prouvante&nbsp;:<\/p>\n\n\n\n<h3 class=\"wp-block-heading\"><span class=\"ez-toc-section\" id=\"1_Proposer_un_doudou_salvateur\"><\/span>1. Proposer un doudou salvateur<span class=\"ez-toc-section-end\"><\/span><\/h3>\n\n\n\n<p>S\u2019il y a bien un objet \u00e0 ne pas oublier lorsque vous vous absentez, c\u2019est le doudou de votre enfant. Ce dernier offre une <strong>transition<\/strong> toute douce \u00e0 b\u00e9b\u00e9, le rassure et <strong>calme ses \u00e9motions<\/strong> vives. Parfois, un simple c\u00e2lin \u00e0 doudou suffit pour aller mieux et s\u2019apaiser\u2009! La petite astuce en plus&nbsp;: accrochez-y un foulard ou un bracelet en tissu impr\u00e9gn\u00e9 de l\u2019odeur du papa ou de la maman&nbsp;;<\/p>\n\n\n\n<h3 class=\"wp-block-heading\"><span class=\"ez-toc-section\" id=\"2_Adopter_un_comportement_positif_et_comprehensif\"><\/span>2. Adopter un comportement positif et compr\u00e9hensif<span class=\"ez-toc-section-end\"><\/span><\/h3>\n\n\n\n<p>Une <strong>attitude bienveillante <\/strong>et empathique participera \u00e0 <strong>amoindrir son angoisse de la s\u00e9paration<\/strong>. Votre <strong>soutien<\/strong> et votre r\u00e9confort aideront votre enfant \u00e0 prendre confiance en lui et \u00e0 traverser cette p\u00e9riode avec plus de douceur&nbsp;;<\/p>\n\n\n\n<h3 class=\"wp-block-heading\"><span class=\"ez-toc-section\" id=\"3_Favoriser_le_lien_social\"><\/span>3. Favoriser le lien social<span class=\"ez-toc-section-end\"><\/span><\/h3>\n\n\n\n<p>Invitez votre bout de chou \u00e0 rencontrer, \u00e0 entrer en contact et \u00e0 jouer avec d\u2019autres enfants de son \u00e2ge pour faciliter les \u00e9changes et r\u00e9duire sa <strong>peur de l\u2019inconnu<\/strong>&nbsp;;<\/p>\n\n\n\n<h3 class=\"wp-block-heading\"><span class=\"ez-toc-section\" id=\"4_Eviter_de_partir_en_catimini\"><\/span>4. \u00c9viter de partir en catimini<span class=\"ez-toc-section-end\"><\/span><\/h3>\n\n\n\n<p>Dites clairement au revoir \u00e0 votre enfant, sans vous \u00e9clipser pour ne pas l\u2019inqui\u00e9ter davantage. Expliquez-lui calmement les raisons de votre absence et pourquoi vous le confiez \u00e0 une tierce personne. Pr\u00e9cisez-lui le moment o\u00f9 vous reviendrez le chercher. Si vous \u00eates souriant et serein lors de votre d\u00e9part, vous envoyez de \u00ab\u2009bonnes ondes\u2009\u00bb \u00e0 votre enfant&nbsp;: \u00ab\u2009<em>tout va bien, tu es en s\u00e9curit\u00e9<\/em>\u2009\u00bb.<\/p>\n\n\n\n<h3 class=\"wp-block-heading\"><span class=\"ez-toc-section\" id=\"5_Jouer_a_Cache-Coucou\"><\/span>5. Jouer \u00e0 Cach\u00e9-Coucou&nbsp;<span class=\"ez-toc-section-end\"><\/span><\/h3>\n\n\n\n<p>C\u2019est un jeu qui fait beaucoup rire les b\u00e9b\u00e9s\u2009! Mettez vos mains devant votre visage ou cachez-vous derri\u00e8re un rideau ou sous un drap par exemple&nbsp;; puis dites <em>\u00ab\u2009Cach\u00e9\u2009\u00bb<\/em>. R\u00e9apparaissez quelques secondes plus tard en proclamant <em>\u00ab\u2009Coucou\u2009<\/em>!\u2009\u00bb En plus d\u2019\u00eatre tr\u00e8s rigolo pour les tout-petits, ce jeu leur d\u00e9montre par l\u2019exp\u00e9rience que le parent m\u00eame \u00ab\u2009absent\u2009\u00bb n\u2019est jamais bien loin et qu\u2019il revient \u00e0 chaque fois.<\/p>\n\n\n\n<p>B\u00e9b\u00e9 est dans sa chambre, en s\u00e9curit\u00e9\u2009? Rendez-vous dans la v\u00f4tre (si celle-ci est \u00e0 proximit\u00e9 imm\u00e9diate) et indiquez \u00e0 votre enfant o\u00f9 vous vous trouvez \u00e0 voix haute, sans vous montrer. Il vous cherchera s\u00fbrement et aura le plaisir de vous d\u00e9couvrir (apr\u00e8s avoir ramp\u00e9 quelques m\u00e8tres\u2009!). Ouf, vous \u00eates bien l\u00e0\u2009!<\/p>\n\n\n\n<h3 class=\"wp-block-heading\"><span class=\"ez-toc-section\" id=\"6_Poursuivre_vos_activites\"><\/span>6. Poursuivre vos activit\u00e9s<span class=\"ez-toc-section-end\"><\/span><\/h3>\n\n\n\n<p>Le soir ou pendant la sieste, continuez de faire du bruit pour rassurer b\u00e9b\u00e9 (conna\u00eetre les <a href=\"https:\/\/www.lespetitsculottes.com\/blog\/pourquoi-bebe-pleure\/\">pleurs de mon b\u00e9b\u00e9<\/a>)\u00a0: rangez la vaisselle, discutez avec votre conjoint\u00b7e, fermez les portes, lancez une lessive\u2026 tous ces bruits du quotidien et connus apaiseront l\u2019enfant qui comprendra alors que vous \u00eates toujours pr\u00e9sent, m\u00eame si vous \u00eates dans une autre pi\u00e8ce et qu\u2019il ne vous voit pas.<\/p>\n\n\n\n<h3 class=\"wp-block-heading\"><span class=\"ez-toc-section\" id=\"7_Instaurer_des_reperes_spatio-temporels\"><\/span>7. Instaurer des rep\u00e8res spatio-temporels&nbsp;<span class=\"ez-toc-section-end\"><\/span><\/h3>\n\n\n\n<p>Indiquez-lui quand et o\u00f9 se feront les choses&nbsp;: \u00ab\u2009<em>apr\u00e8s le biberon du go\u00fbter, maman viendra te chercher&nbsp;; apr\u00e8s la sieste, papa te r\u00e9cup\u00e8re \u00e0 la cr\u00e8che et te ram\u00e8ne \u00e0 la maison\u2009\u00bb, <\/em>etc. Les rep\u00e8res et les rituels sont toujours rassurants pour l\u2019enfant. Pr\u00e9cisez \u00e9galement les activit\u00e9s qu\u2019il va faire dans la journ\u00e9e&nbsp;: \u00ab\u2009<em>pendant que je suis au travail, tu vas faire\u2026 avec Nounou et les autres enfants\u2009!\u2009\u00bb<\/em>. Pensez aussi aux livres illustr\u00e9s pour les b\u00e9b\u00e9s afin de l\u2019aider \u00e0 mieux appr\u00e9hender son quotidien.&nbsp;<\/p>\n\n\n\n<h3 class=\"wp-block-heading\"><span class=\"ez-toc-section\" id=\"8_Proceder_par_etapes\"><\/span>8. Proc\u00e9der par \u00e9tapes<span class=\"ez-toc-section-end\"><\/span><\/h3>\n\n\n\n<p>Restez avec votre b\u00e9b\u00e9 lors des premi\u00e8res fois chez sa nounou ou \u00e0 la cr\u00e8che. Il pourra ainsi se familiariser en douceur \u00e0 son nouvel univers et trouver ses marques, sans stress. C\u2019est ce que l\u2019on appelle la <strong>p\u00e9riode d\u2019adaptation<\/strong>.&nbsp;<br>Il <strong>refuse d\u2019aller dans les bras <\/strong>de sa super tata Sarah et se met \u00e0 <strong>pleurer \u00e0 chaudes larmes<\/strong>\u2009? Dans ce cas, ne le forcez pas, r\u00e9confortez-le et consolez-le (n\u2019oubliez pas aussi de lui pr\u00e9ciser que sa tata est vraiment super sympa\u2009!). Quant \u00e0 tata Sarah, qu\u2019elle ne le prenne pas mal, ce sera peut-\u00eatre pour la prochaine fois\u2009! <\/p>\n\n\n\n<h2 class=\"wp-block-heading\"><span class=\"ez-toc-section\" id=\"Angoisse_de_la_separation_apres_la_tempete_le_beau_temps%E2%80%89\"><\/span>Angoisse de la s\u00e9paration&nbsp;: apr\u00e8s la temp\u00eate, le beau temps\u2009!<span class=\"ez-toc-section-end\"><\/span><\/h2>\n\n\n\n<p>Cette \u00e9tape est souvent appr\u00e9hend\u00e9e par les parents. Et c\u2019est bien l\u00e9gitime\u2009! Mais faites confiance en votre enfant, il poss\u00e8de toutes les ressources pour franchir cet obstacle avec succ\u00e8s. \u00c0 vous de l\u2019accompagner au mieux, <strong>avec assurance et bienveillance<\/strong>. Votre soutien, votre compr\u00e9hension et votre r\u00e9confort seront de puissants alli\u00e9s pour lui permettre d\u2019avancer sans trop d\u2019encombres. Enfin, si vous avez des doutes sur son changement de comportement ou si cette situation vous \u00e9puise (notamment en cas de pleurs et de crises nocturnes qui perturbent le <a aria-label=\" (s\u2019ouvre dans un nouvel onglet)\" href=\"https:\/\/www.lespetitsculottes.com\/blog\/sommeil-bebe-astuces\/\" target=\"_blank\" rel=\"noreferrer noopener\">sommeil nouveau n\u00e9<\/a>), n\u2019h\u00e9sitez pas \u00e0 demander conseil aupr\u00e8s de votre p\u00e9diatre ou de votre PMI.&nbsp;<\/p>\n\n\n\n<p><\/p>\n\n\n\n<p style=\"font-size:9px\"><em>*<\/em><a href=\"https:\/\/www.cairn.info\/revue-devenir-2011-1-page-7.htm#:~:text=Apr%C3%A8s%20avoir%20fait%20l'objet,depuis%20un%20int%C3%A9r%C3%AAt%20scientifique%20significatif\"><em>https:\/\/www.cairn.info\/revue-devenir-2011-1-page-7.htm#:~:text=Apr%C3%A8s%20avoir%20fait%20l\u2019objet,depuis%20un%20int%C3%A9r%C3%AAt%20scientifique%20significatif<\/em><\/a><em>.<\/em><\/p>\n","protected":false},"excerpt":{"rendered":"<p>Jusqu\u2019\u00e0 pr\u00e9sent, votre petit tr\u00e9sor menait une douce et paisible [&hellip;]<\/p>\n","protected":false},"author":1,"featured_media":1062,"comment_status":"closed","ping_status":"closed","sticky":false,"template":"","format":"standard","meta":{"footnotes":""},"categories":[10],"class_list":["post-1061","post","type-post","status-publish","format-standard","has-post-thumbnail","hentry","category-bebe-culotte"],"yoast_head":"<!-- This site is optimized with the Yoast SEO plugin v26.2 - https:\/\/yoast.com\/wordpress\/plugins\/seo\/ -->\n<title>Angoisse de la s\u00e9paration : comment rassurer b\u00e9b\u00e9 ?<\/title>\n<meta name=\"description\" content=\"L\u2019angoisse de la s\u00e9paration peut \u00eatre difficile \u00e0 vivre pour vous et votre b\u00e9b\u00e9. Retrouvez nos conseils &amp; astucse pour la traverser avec plus de s\u00e9r\u00e9nit\u00e9.\" \/>\n<meta name=\"robots\" content=\"index, follow, max-snippet:-1, max-image-preview:large, max-video-preview:-1\" \/>\n<link rel=\"canonical\" href=\"https:\/\/www.lespetitsculottes.com\/blog\/angoisse-separation-bebe\/\" \/>\n<meta property=\"og:locale\" content=\"fr_FR\" \/>\n<meta property=\"og:type\" content=\"article\" \/>\n<meta property=\"og:title\" content=\"Angoisse de la s\u00e9paration : comment rassurer b\u00e9b\u00e9 ?\" \/>\n<meta property=\"og:description\" content=\"L\u2019angoisse de la s\u00e9paration peut \u00eatre difficile \u00e0 vivre pour vous et votre b\u00e9b\u00e9. Retrouvez nos conseils &amp; astucse pour la traverser avec plus de s\u00e9r\u00e9nit\u00e9.\" \/>\n<meta property=\"og:url\" content=\"https:\/\/www.lespetitsculottes.com\/blog\/angoisse-separation-bebe\/\" \/>\n<meta property=\"og:site_name\" content=\"Les Petits Culott\u00e9s\" \/>\n<meta property=\"article:published_time\" content=\"2021-11-18T16:00:09+00:00\" \/>\n<meta property=\"article:modified_time\" content=\"2026-04-09T12:47:39+00:00\" \/>\n<meta property=\"og:image\" content=\"https:\/\/www.lespetitsculottes.com\/blog\/wp-content\/uploads\/2021\/11\/angoisse-separation-bebe.jpg\" \/>\n\t<meta property=\"og:image:width\" content=\"830\" \/>\n\t<meta property=\"og:image:height\" content=\"560\" \/>\n\t<meta property=\"og:image:type\" content=\"image\/jpeg\" \/>\n<meta name=\"author\" content=\"Admin 23Prod\" \/>\n<meta name=\"twitter:card\" content=\"summary_large_image\" \/>\n<meta name=\"twitter:label1\" content=\"\u00c9crit par\" \/>\n\t<meta name=\"twitter:data1\" content=\"Admin 23Prod\" \/>\n\t<meta name=\"twitter:label2\" content=\"Dur\u00e9e de lecture estim\u00e9e\" \/>\n\t<meta name=\"twitter:data2\" content=\"7 minutes\" \/>\n<script type=\"application\/ld+json\" class=\"yoast-schema-graph\">{\"@context\":\"https:\/\/schema.org\",\"@graph\":[{\"@type\":\"WebPage\",\"@id\":\"https:\/\/www.lespetitsculottes.com\/blog\/angoisse-separation-bebe\/\",\"url\":\"https:\/\/www.lespetitsculottes.com\/blog\/angoisse-separation-bebe\/\",\"name\":\"Angoisse de la s\u00e9paration : comment rassurer b\u00e9b\u00e9 ?\",\"isPartOf\":{\"@id\":\"https:\/\/www.lespetitsculottes.com\/blog\/#website\"},\"primaryImageOfPage\":{\"@id\":\"https:\/\/www.lespetitsculottes.com\/blog\/angoisse-separation-bebe\/#primaryimage\"},\"image\":{\"@id\":\"https:\/\/www.lespetitsculottes.com\/blog\/angoisse-separation-bebe\/#primaryimage\"},\"thumbnailUrl\":\"https:\/\/www.lespetitsculottes.com\/blog\/wp-content\/uploads\/2021\/11\/angoisse-separation-bebe.jpg\",\"datePublished\":\"2021-11-18T16:00:09+00:00\",\"dateModified\":\"2026-04-09T12:47:39+00:00\",\"author\":{\"@id\":\"https:\/\/www.lespetitsculottes.com\/blog\/#\/schema\/person\/d67501f1427510d030b375d864acaecb\"},\"description\":\"L\u2019angoisse de la s\u00e9paration peut \u00eatre difficile \u00e0 vivre pour vous et votre b\u00e9b\u00e9. Retrouvez nos conseils & astucse pour la traverser avec plus de s\u00e9r\u00e9nit\u00e9.\",\"breadcrumb\":{\"@id\":\"https:\/\/www.lespetitsculottes.com\/blog\/angoisse-separation-bebe\/#breadcrumb\"},\"inLanguage\":\"fr-FR\",\"potentialAction\":[{\"@type\":\"ReadAction\",\"target\":[\"https:\/\/www.lespetitsculottes.com\/blog\/angoisse-separation-bebe\/\"]}]},{\"@type\":\"ImageObject\",\"inLanguage\":\"fr-FR\",\"@id\":\"https:\/\/www.lespetitsculottes.com\/blog\/angoisse-separation-bebe\/#primaryimage\",\"url\":\"https:\/\/www.lespetitsculottes.com\/blog\/wp-content\/uploads\/2021\/11\/angoisse-separation-bebe.jpg\",\"contentUrl\":\"https:\/\/www.lespetitsculottes.com\/blog\/wp-content\/uploads\/2021\/11\/angoisse-separation-bebe.jpg\",\"width\":830,\"height\":560,\"caption\":\"Cr\u00e9dit photo : canva\"},{\"@type\":\"BreadcrumbList\",\"@id\":\"https:\/\/www.lespetitsculottes.com\/blog\/angoisse-separation-bebe\/#breadcrumb\",\"itemListElement\":[{\"@type\":\"ListItem\",\"position\":1,\"name\":\"Home\",\"item\":\"https:\/\/www.lespetitsculottes.com\/blog\/\"},{\"@type\":\"ListItem\",\"position\":2,\"name\":\"Comment G\u00e9rer l\u2019Angoisse de la S\u00e9paration avec votre B\u00e9b\u00e9\u2009?\"}]},{\"@type\":\"WebSite\",\"@id\":\"https:\/\/www.lespetitsculottes.com\/blog\/#website\",\"url\":\"https:\/\/www.lespetitsculottes.com\/blog\/\",\"name\":\"Les petits culott\u00e9s\",\"description\":\"Le blog des Petits Culott\u00e9s\",\"potentialAction\":[{\"@type\":\"SearchAction\",\"target\":{\"@type\":\"EntryPoint\",\"urlTemplate\":\"https:\/\/www.lespetitsculottes.com\/blog\/?s={search_term_string}\"},\"query-input\":{\"@type\":\"PropertyValueSpecification\",\"valueRequired\":true,\"valueName\":\"search_term_string\"}}],\"inLanguage\":\"fr-FR\"},{\"@type\":\"Person\",\"@id\":\"https:\/\/www.lespetitsculottes.com\/blog\/#\/schema\/person\/d67501f1427510d030b375d864acaecb\",\"name\":\"Admin 23Prod\",\"image\":{\"@type\":\"ImageObject\",\"inLanguage\":\"fr-FR\",\"@id\":\"https:\/\/www.lespetitsculottes.com\/blog\/#\/schema\/person\/image\/\",\"url\":\"https:\/\/secure.gravatar.com\/avatar\/d07fc7773d840429da1fba32fa2027ef4f681ca12979b4997c63c8869d9a78ca?s=96&d=wp_user_avatar&r=g\",\"contentUrl\":\"https:\/\/secure.gravatar.com\/avatar\/d07fc7773d840429da1fba32fa2027ef4f681ca12979b4997c63c8869d9a78ca?s=96&d=wp_user_avatar&r=g\",\"caption\":\"Admin 23Prod\"},\"description\":\"D\u00e9veloppeur\",\"url\":\"https:\/\/www.lespetitsculottes.com\/blog\/auteur\/lpc\/\"}]}<\/script>\n<!-- \/ Yoast SEO plugin. -->","yoast_head_json":{"title":"Angoisse de la s\u00e9paration : comment rassurer b\u00e9b\u00e9 ?","description":"L\u2019angoisse de la s\u00e9paration peut \u00eatre difficile \u00e0 vivre pour vous et votre b\u00e9b\u00e9. Retrouvez nos conseils & astucse pour la traverser avec plus de s\u00e9r\u00e9nit\u00e9.","robots":{"index":"index","follow":"follow","max-snippet":"max-snippet:-1","max-image-preview":"max-image-preview:large","max-video-preview":"max-video-preview:-1"},"canonical":"https:\/\/www.lespetitsculottes.com\/blog\/angoisse-separation-bebe\/","og_locale":"fr_FR","og_type":"article","og_title":"Angoisse de la s\u00e9paration : comment rassurer b\u00e9b\u00e9 ?","og_description":"L\u2019angoisse de la s\u00e9paration peut \u00eatre difficile \u00e0 vivre pour vous et votre b\u00e9b\u00e9. Retrouvez nos conseils & astucse pour la traverser avec plus de s\u00e9r\u00e9nit\u00e9.","og_url":"https:\/\/www.lespetitsculottes.com\/blog\/angoisse-separation-bebe\/","og_site_name":"Les Petits Culott\u00e9s","article_published_time":"2021-11-18T16:00:09+00:00","article_modified_time":"2026-04-09T12:47:39+00:00","og_image":[{"width":830,"height":560,"url":"https:\/\/www.lespetitsculottes.com\/blog\/wp-content\/uploads\/2021\/11\/angoisse-separation-bebe.jpg","type":"image\/jpeg"}],"author":"Admin 23Prod","twitter_card":"summary_large_image","twitter_misc":{"\u00c9crit par":"Admin 23Prod","Dur\u00e9e de lecture estim\u00e9e":"7 minutes"},"schema":{"@context":"https:\/\/schema.org","@graph":[{"@type":"WebPage","@id":"https:\/\/www.lespetitsculottes.com\/blog\/angoisse-separation-bebe\/","url":"https:\/\/www.lespetitsculottes.com\/blog\/angoisse-separation-bebe\/","name":"Angoisse de la s\u00e9paration : comment rassurer b\u00e9b\u00e9 ?","isPartOf":{"@id":"https:\/\/www.lespetitsculottes.com\/blog\/#website"},"primaryImageOfPage":{"@id":"https:\/\/www.lespetitsculottes.com\/blog\/angoisse-separation-bebe\/#primaryimage"},"image":{"@id":"https:\/\/www.lespetitsculottes.com\/blog\/angoisse-separation-bebe\/#primaryimage"},"thumbnailUrl":"https:\/\/www.lespetitsculottes.com\/blog\/wp-content\/uploads\/2021\/11\/angoisse-separation-bebe.jpg","datePublished":"2021-11-18T16:00:09+00:00","dateModified":"2026-04-09T12:47:39+00:00","author":{"@id":"https:\/\/www.lespetitsculottes.com\/blog\/#\/schema\/person\/d67501f1427510d030b375d864acaecb"},"description":"L\u2019angoisse de la s\u00e9paration peut \u00eatre difficile \u00e0 vivre pour vous et votre b\u00e9b\u00e9. Retrouvez nos conseils & astucse pour la traverser avec plus de s\u00e9r\u00e9nit\u00e9.","breadcrumb":{"@id":"https:\/\/www.lespetitsculottes.com\/blog\/angoisse-separation-bebe\/#breadcrumb"},"inLanguage":"fr-FR","potentialAction":[{"@type":"ReadAction","target":["https:\/\/www.lespetitsculottes.com\/blog\/angoisse-separation-bebe\/"]}]},{"@type":"ImageObject","inLanguage":"fr-FR","@id":"https:\/\/www.lespetitsculottes.com\/blog\/angoisse-separation-bebe\/#primaryimage","url":"https:\/\/www.lespetitsculottes.com\/blog\/wp-content\/uploads\/2021\/11\/angoisse-separation-bebe.jpg","contentUrl":"https:\/\/www.lespetitsculottes.com\/blog\/wp-content\/uploads\/2021\/11\/angoisse-separation-bebe.jpg","width":830,"height":560,"caption":"Cr\u00e9dit photo : canva"},{"@type":"BreadcrumbList","@id":"https:\/\/www.lespetitsculottes.com\/blog\/angoisse-separation-bebe\/#breadcrumb","itemListElement":[{"@type":"ListItem","position":1,"name":"Home","item":"https:\/\/www.lespetitsculottes.com\/blog\/"},{"@type":"ListItem","position":2,"name":"Comment G\u00e9rer l\u2019Angoisse de la S\u00e9paration avec votre B\u00e9b\u00e9\u2009?"}]},{"@type":"WebSite","@id":"https:\/\/www.lespetitsculottes.com\/blog\/#website","url":"https:\/\/www.lespetitsculottes.com\/blog\/","name":"Les petits culott\u00e9s","description":"Le blog des Petits Culott\u00e9s","potentialAction":[{"@type":"SearchAction","target":{"@type":"EntryPoint","urlTemplate":"https:\/\/www.lespetitsculottes.com\/blog\/?s={search_term_string}"},"query-input":{"@type":"PropertyValueSpecification","valueRequired":true,"valueName":"search_term_string"}}],"inLanguage":"fr-FR"},{"@type":"Person","@id":"https:\/\/www.lespetitsculottes.com\/blog\/#\/schema\/person\/d67501f1427510d030b375d864acaecb","name":"Admin 23Prod","image":{"@type":"ImageObject","inLanguage":"fr-FR","@id":"https:\/\/www.lespetitsculottes.com\/blog\/#\/schema\/person\/image\/","url":"https:\/\/secure.gravatar.com\/avatar\/d07fc7773d840429da1fba32fa2027ef4f681ca12979b4997c63c8869d9a78ca?s=96&d=wp_user_avatar&r=g","contentUrl":"https:\/\/secure.gravatar.com\/avatar\/d07fc7773d840429da1fba32fa2027ef4f681ca12979b4997c63c8869d9a78ca?s=96&d=wp_user_avatar&r=g","caption":"Admin 23Prod"},"description":"D\u00e9veloppeur","url":"https:\/\/www.lespetitsculottes.com\/blog\/auteur\/lpc\/"}]}},"_links":{"self":[{"href":"https:\/\/www.lespetitsculottes.com\/blog\/wp-json\/wp\/v2\/posts\/1061","targetHints":{"allow":["GET"]}}],"collection":[{"href":"https:\/\/www.lespetitsculottes.com\/blog\/wp-json\/wp\/v2\/posts"}],"about":[{"href":"https:\/\/www.lespetitsculottes.com\/blog\/wp-json\/wp\/v2\/types\/post"}],"author":[{"embeddable":true,"href":"https:\/\/www.lespetitsculottes.com\/blog\/wp-json\/wp\/v2\/users\/1"}],"replies":[{"embeddable":true,"href":"https:\/\/www.lespetitsculottes.com\/blog\/wp-json\/wp\/v2\/comments?post=1061"}],"version-history":[{"count":5,"href":"https:\/\/www.lespetitsculottes.com\/blog\/wp-json\/wp\/v2\/posts\/1061\/revisions"}],"predecessor-version":[{"id":4790,"href":"https:\/\/www.lespetitsculottes.com\/blog\/wp-json\/wp\/v2\/posts\/1061\/revisions\/4790"}],"wp:featuredmedia":[{"embeddable":true,"href":"https:\/\/www.lespetitsculottes.com\/blog\/wp-json\/wp\/v2\/media\/1062"}],"wp:attachment":[{"href":"https:\/\/www.lespetitsculottes.com\/blog\/wp-json\/wp\/v2\/media?parent=1061"}],"wp:term":[{"taxonomy":"category","embeddable":true,"href":"https:\/\/www.lespetitsculottes.com\/blog\/wp-json\/wp\/v2\/categories?post=1061"}],"curies":[{"name":"wp","href":"https:\/\/api.w.org\/{rel}","templated":true}]}}