{"id":1066,"date":"2021-11-25T17:00:11","date_gmt":"2021-11-25T16:00:11","guid":{"rendered":"https:\/\/www.lespetitsculottes.com\/blog\/?p=1066"},"modified":"2026-04-09T14:45:57","modified_gmt":"2026-04-09T12:45:57","slug":"avoir-deuxieme-bebe","status":"publish","type":"post","link":"https:\/\/www.lespetitsculottes.com\/blog\/avoir-deuxieme-bebe\/","title":{"rendered":"Passer de 1 \u00e0 2 enfants : ce qui change vraiment !"},"content":{"rendered":"<div id=\"ez-toc-container\" class=\"ez-toc-v2_0_76 counter-hierarchy ez-toc-counter ez-toc-white ez-toc-container-direction\">\n<div class=\"ez-toc-title-container\"><p class=\"ez-toc-title\" style=\"cursor:inherit\">Sommaire<\/p>\n<\/div><nav><ul class='ez-toc-list ez-toc-list-level-1 ' ><li class='ez-toc-page-1 ez-toc-heading-level-2'><a class=\"ez-toc-link ez-toc-heading-1\" href=\"https:\/\/www.lespetitsculottes.com\/blog\/avoir-deuxieme-bebe\/#Avoir_un_deuxieme_enfant_une_organisation_un_brin_chamboulee\" >Avoir un deuxi\u00e8me enfant : une organisation un brin chamboul\u00e9e !<\/a><\/li><li class='ez-toc-page-1 ez-toc-heading-level-2'><a class=\"ez-toc-link ez-toc-heading-2\" href=\"https:\/\/www.lespetitsculottes.com\/blog\/avoir-deuxieme-bebe\/#Du_materiel_a_conserver_et_a_completer\" >Du mat\u00e9riel \u00e0 conserver et \u00e0 compl\u00e9ter&nbsp;&nbsp;<\/a><\/li><li class='ez-toc-page-1 ez-toc-heading-level-2'><a class=\"ez-toc-link ez-toc-heading-3\" href=\"https:\/\/www.lespetitsculottes.com\/blog\/avoir-deuxieme-bebe\/#Vivre_sa_parentalite_avec_confiance\" >Vivre sa parentalit\u00e9 avec confiance<\/a><\/li><li class='ez-toc-page-1 ez-toc-heading-level-2'><a class=\"ez-toc-link ez-toc-heading-4\" href=\"https:\/\/www.lespetitsculottes.com\/blog\/avoir-deuxieme-bebe\/#Quand_avoir_un_deuxieme_bebe\" >Quand avoir un deuxi\u00e8me b\u00e9b\u00e9 ?&nbsp;<\/a><ul class='ez-toc-list-level-3' ><li class='ez-toc-heading-level-3'><a class=\"ez-toc-link ez-toc-heading-5\" href=\"https:\/\/www.lespetitsculottes.com\/blog\/avoir-deuxieme-bebe\/#Envie_de_bebe_2_quel_est_le_bon_moment_pour_avoir_un_deuxieme_enfant\" >Envie de b\u00e9b\u00e9 2 : quel est le bon moment pour avoir un deuxi\u00e8me enfant ?<\/a><\/li><li class='ez-toc-page-1 ez-toc-heading-level-3'><a class=\"ez-toc-link ez-toc-heading-6\" href=\"https:\/\/www.lespetitsculottes.com\/blog\/avoir-deuxieme-bebe\/#Deuxieme_enfant_les_bonnes_questions_a_se_poser_avant_de_se_lancer\" >Deuxi\u00e8me enfant : les bonnes questions \u00e0 se poser avant de se lancer<\/a><\/li><li class='ez-toc-page-1 ez-toc-heading-level-3'><a class=\"ez-toc-link ez-toc-heading-7\" href=\"https:\/\/www.lespetitsculottes.com\/blog\/avoir-deuxieme-bebe\/#1_ou_2_enfants_comment_savoir_si_notre_famille_est_au_complet\" >1 ou 2 enfants : comment savoir si notre famille est au complet ?<\/a><\/li><\/ul><\/li><li class='ez-toc-page-1 ez-toc-heading-level-2'><a class=\"ez-toc-link ez-toc-heading-8\" href=\"https:\/\/www.lespetitsculottes.com\/blog\/avoir-deuxieme-bebe\/#Expliquer_larrivee_dun_deuxieme_enfant_a_laine\" >Expliquer l\u2019arriv\u00e9e d\u2019un deuxi\u00e8me enfant \u00e0 l\u2019a\u00een\u00e9<\/a><\/li><li class='ez-toc-page-1 ez-toc-heading-level-2'><a class=\"ez-toc-link ez-toc-heading-9\" href=\"https:\/\/www.lespetitsculottes.com\/blog\/avoir-deuxieme-bebe\/#Impliquer_laine_et_le_rendre_acteur\" >Impliquer l\u2019a\u00een\u00e9 et le rendre acteur<\/a><\/li><li class='ez-toc-page-1 ez-toc-heading-level-2'><a class=\"ez-toc-link ez-toc-heading-10\" href=\"https:\/\/www.lespetitsculottes.com\/blog\/avoir-deuxieme-bebe\/#Avoir_un_2eme_enfant_un_changement_de_vie_et_de_lamour_beaucoup_en_plus\" >Avoir un 2\u00e8me enfant, un changement de vie et de l\u2019amour (beaucoup) en plus !<\/a><\/li><\/ul><\/nav><\/div>\n\n<p>L\u2019envie d\u2019agrandir la famille est une \u00e9tape importante dans la vie des parents. <strong>Quand avoir un deuxi\u00e8me b\u00e9b\u00e9 ?<\/strong> Comment s\u2019organiser avec <strong>2 enfants<\/strong> ? Comment pr\u00e9parer l\u2019a\u00een\u00e9 \u00e0 cette nouvelle aventure ? L\u2019arriv\u00e9e d\u2019un <strong>2\u00e8me enfant<\/strong> bouleverse le quotidien, entre logistique familiale, nouvelles responsabilit\u00e9s et \u00e9motions intenses.<\/p>\n\n\n\n<p>Vous vous posez mille questions, et c\u2019est normal ! <strong>Un deuxi\u00e8me enfant<\/strong>, c\u2019est un peu comme repartir dans l\u2019inconnu\u2026 avec l\u2019exp\u00e9rience en plus ! De la gestion des nuits aux premiers jours avec b\u00e9b\u00e9, en passant par la place du grand fr\u00e8re ou de la grande s\u0153ur, nous vous guidons \u00e0 travers <strong>les changements majeurs qu\u2019implique une vie \u00e0 quatre<\/strong>.<\/p>\n\n\n\n<p>D\u00e9couvrez tous nos conseils pour aborder cette transition sereinement et devenir des <strong>Super Parents Culott\u00e9s<\/strong>, confiants et organis\u00e9s\u2026 mais surtout \u00e9panouis !<\/p>\n\n\n\n<h2 class=\"wp-block-heading\"><span class=\"ez-toc-section\" id=\"Avoir_un_deuxieme_enfant_une_organisation_un_brin_chamboulee\"><\/span>Avoir un deuxi\u00e8me enfant : une organisation un brin chamboul\u00e9e !<span class=\"ez-toc-section-end\"><\/span><\/h2>\n\n\n\n<p>Tout d\u2019abord, force est de constater qu\u2019une<strong> deuxi\u00e8me grossesse <\/strong>est loin d\u2019\u00eatre de tout repos ! Difficile de trouver un moment de r\u00e9pit pour s\u2019avachir sur le canap\u00e9 et se reposer quelques instants, alors que votre enfant (surtout si c\u2019est encore un tout-petit) vous supplie depuis 10 minutes d\u2019aller jouer au toboggan au parc\u2026 M\u00e9nagez-vous autant que possible et osez <strong>demander du soutien<\/strong>, m\u00eame ponctuel, de la part de votre famille ou de vos amis !&nbsp;<\/p>\n\n\n\n<p>Le <strong>s\u00e9jour \u00e0 la maternit\u00e9<\/strong> &#8211; on ne comprend toujours pas pourquoi on parle de s\u00e9jour\u2026 il faudra nous expliquer un jour ! &#8211; sera lui aussi quelque peu diff\u00e9rent. En effet, le papa ne pourra pas rester aussi longtemps sur place que pour votre <strong>premier b\u00e9b\u00e9<\/strong>. Il devra s\u2019occuper du grand fr\u00e8re \/ grande s\u0153ur, \u00e0 moins que ce ne soit papi et mamie qui ne le gardent le temps du s\u00e9jour ? De retour \u00e0 la maison, <a href=\"https:\/\/www.lespetitsculottes.com\/blog\/reforme-conge-paternite\/\">le cong\u00e9 paternit\u00e9<\/a> sera tr\u00e8s appr\u00e9ci\u00e9 pour mieux g\u00e9rer les <strong>sollicitations de l\u2019a\u00een\u00e9<\/strong> d\u2019un c\u00f4t\u00e9<strong> <\/strong>et les <strong>besoins du nouveau-n\u00e9 <\/strong>de l\u2019autre.<\/p>\n\n\n\n<p><strong>Avoir un deuxi\u00e8me b\u00e9b\u00e9 <\/strong>n\u00e9cessite souvent de proc\u00e9der \u00e0 quelques <strong>ajustements<\/strong> dans une organisation \u00e0 trois<strong> <\/strong>d\u00e9j\u00e0 bien rod\u00e9e : accueil en cr\u00e8che, cong\u00e9 parental partiel ou complet, reprise du travail, gestion des temps p\u00e9riscolaires, etc. En ce qui concerne le mode de garde, pensez \u00e0 bien vous renseigner aupr\u00e8s de la cr\u00e8che ou de l\u2019assistante maternelle qui accueille votre a\u00een\u00e9 (s\u2019il ne va pas encore \u00e0 l\u2019\u00e9cole), afin de conna\u00eetre les modalit\u00e9s et les <strong>possibilit\u00e9s d\u2019accueil d\u2019une fratrie<\/strong>.&nbsp;<\/p>\n\n\n\n<h2 class=\"wp-block-heading\"><span class=\"ez-toc-section\" id=\"Du_materiel_a_conserver_et_a_completer\"><\/span>Du mat\u00e9riel \u00e0 conserver et \u00e0 compl\u00e9ter&nbsp;&nbsp;<span class=\"ez-toc-section-end\"><\/span><\/h2>\n\n\n\n<p>Pour le <strong>mat\u00e9riel de pu\u00e9riculture<\/strong>, inutile de tout racheter ! Bien souvent, le <strong>cadet<\/strong> h\u00e9rite de l\u2019a\u00een\u00e9 : de la <strong>seconde main <\/strong>qui tombe \u00e0 pic, avouons-le ! Cependant, avant que b\u00e9b\u00e9 num\u00e9ro deux n\u2019arrive, nous vous invitons \u00e0 faire le point sur ce que vous poss\u00e9dez d\u00e9j\u00e0 et ce qui pourrait resservir : table \u00e0 langer, si\u00e8ge-auto, lit \u00e0 barreaux, tapis d\u2019\u00e9veil, poussette, etc. Si vous aviez un lit cododo, c\u2019est le moment de le ressortir du grenier ou de la cave !&nbsp;<\/p>\n\n\n\n<p>Dans tous les cas, vous aurez certainement des d\u00e9penses compl\u00e9mentaires \u00e0 effectuer et des <strong>am\u00e9nagements \u00e0 r\u00e9aliser <\/strong>dans votre maison ou appartement. Aussi, pensez bien \u00e0 <strong>budg\u00e9ter ces d\u00e9penses <\/strong>afin d\u2019\u00e9viter<strong> <\/strong>les mauvaises surprises par la suite.<\/p>\n\n\n\n<p>Quid des v\u00eatements? M\u00eame sexe, m\u00eame saison ? Alors banco ! Vous aurez d\u00e9j\u00e0 tout sous la main ! Sinon, il faudra pr\u00e9voir de composer une nouvelle garde-robe pour <a href=\"https:\/\/www.lespetitsculottes.com\/blog\/habiller-bebe\/\">habiller son b\u00e9b\u00e9 selon les saisons<\/a>. N\u2019h\u00e9sitez pas \u00e0 regarder du c\u00f4t\u00e9 de l\u2019occasion, les <strong>v\u00eatements pour les nourrissons <\/strong>ont souvent peu servi et peuvent \u00eatre en excellent \u00e9tat, voire quasi neufs !\u00a0<\/p>\n\n\n\n<h2 class=\"wp-block-heading\"><span class=\"ez-toc-section\" id=\"Vivre_sa_parentalite_avec_confiance\"><\/span>Vivre sa parentalit\u00e9 avec confiance<span class=\"ez-toc-section-end\"><\/span><\/h2>\n\n\n\n<p><strong>L\u2019exp\u00e9rience d\u2019un premier enfant <\/strong>permet aux parents de ne plus avancer \u00e0 l\u2019aveugle. Certains <strong>rep\u00e8res<\/strong> sont d\u00e9j\u00e0 identifi\u00e9s et les connaissances techniques \u00e9l\u00e9mentaires sont acquises (plus besoin de vous demander si la couche est correctement mise ou si c\u2019\u00e9tait la t\u00e9tine d\u00e9bit 1 ou 2 qu\u2019il fallait utiliser pour le biberon) !&nbsp;<\/p>\n\n\n\n<p>Alors oui, vos petits anges sont diff\u00e9rents et r\u00e9agissent \u00e0 leur mani\u00e8re face \u00e0 une situation. Mais vous avez d\u00e9j\u00e0 fait un pas de g\u00e9ant dans la <strong>parentalit\u00e9<\/strong>, qui vous permet aujourd\u2019hui de <strong>vous sentir plus \u00e0 l\u2019aise<\/strong> dans votre r\u00f4le de Super Parent Culott\u00e9 et de mieux faire face aux possibles difficult\u00e9s.<\/p>\n\n\n\n<p><strong>Avec un deuxi\u00e8me enfant<\/strong>, vous vous sentez <strong>plus confiant<\/strong>, vous ne vous inqui\u00e9tez plus au moindre bobo, vous vous \u00e9coutez davantage et forc\u00e9ment, vous vous posez beaucoup moins de questions ! Vous ne passez plus vos soir\u00e9es \u00e0 d\u00e9cortiquer les<strong> livres d\u2019\u00e9ducation<\/strong> ou \u00e0 regarder des tutos de jeux d\u2019\u00e9veil sur Youtube\u2026 enfin encore un peu, mais juste de temps en temps ! Le jugement des autres ? Tr\u00e8s peu pour vous. Vous savez que<strong> le parent parfait n\u2019existe pas<\/strong> et c\u2019est tr\u00e8s bien comme \u00e7a !<\/p>\n\n\n\n<hr class=\"wp-block-separator has-css-opacity\"\/>\n\n\n\n<p><em>La remarque culott\u00e9e :&nbsp;<\/em><br><em><em>Pour l\u2019organisation, inutile de vous compliquer la vie ! Avec <\/em><a href=\"https:\/\/www.lespetitsculottes.com\/fr\/accueil\/9-abonnement-couche-bio.html\"><strong><em>l\u2019abonnement couches<\/em><\/strong><\/a><strong><em> <\/em><\/strong><em>et<\/em><strong><em> <\/em><\/strong><a href=\"https:\/\/www.lespetitsculottes.com\/fr\/content\/69-abonnement-lait\"><strong><em>l\u2019abonnement lait<\/em><\/strong><\/a><strong><em> Les Petits Culott\u00e9s<\/em><\/strong><em>, vous avez l\u2019assurance de toujours avoir l\u2019essentiel pour vos enfants, sans stress ni courses de derni\u00e8re minute. Des produits sains, fabriqu\u00e9s en circuit court, livr\u00e9s directement chez vous\u2026<\/em><\/em><\/p>\n\n\n\n<hr class=\"wp-block-separator has-css-opacity\"\/>\n\n\n\n<h2 class=\"wp-block-heading\"><span class=\"ez-toc-section\" id=\"Quand_avoir_un_deuxieme_bebe\"><\/span><strong>Quand avoir un deuxi\u00e8me b\u00e9b\u00e9 ?&nbsp;<\/strong><span class=\"ez-toc-section-end\"><\/span><\/h2>\n\n\n\n<p>Apr\u00e8s l\u2019arriv\u00e9e du premier enfant, de nombreuses questions \u00e9mergent : quand avoir un deuxi\u00e8me b\u00e9b\u00e9 ? Est-il pr\u00e9f\u00e9rable d\u2019attendre plusieurs ann\u00e9es ou au contraire d\u2019encha\u00eener rapidement les grossesses ?&nbsp;<\/p>\n\n\n\n<h3 class=\"wp-block-heading\"><span class=\"ez-toc-section\" id=\"Envie_de_bebe_2_quel_est_le_bon_moment_pour_avoir_un_deuxieme_enfant\"><\/span>Envie de b\u00e9b\u00e9 2 : quel est le bon moment pour avoir un deuxi\u00e8me enfant ?<span class=\"ez-toc-section-end\"><\/span><\/h3>\n\n\n\n<p>Chaque famille a son propre rythme et sa propre dynamique. L\u2019arriv\u00e9e d\u2019un<strong> deuxieme enfant<\/strong> doit avant tout correspondre aux envies et aux capacit\u00e9s des parents. Plusieurs facteurs peuvent influencer ce choix :<\/p>\n\n\n\n<ul class=\"wp-block-list\">\n<li>L\u2019\u00e9cart d\u2019\u00e2ge entre les enfants : Un \u00e9cart rapproch\u00e9 favorise une grande , mais demande beaucoup d\u2019\u00e9nergie aux parents. Un \u00e9cart plus grand facilite l\u2019autonomie du premier, mais les relations fraternelles peuvent \u00eatre diff\u00e9rentes.<\/li>\n\n\n\n<li>Votre \u00e9tat de sant\u00e9 et votre r\u00e9cup\u00e9ration apr\u00e8s la premi\u00e8re grossesse : Il est essentiel d\u2019\u00eatre en forme, physiquement et \u00e9motionnellement, avant d\u2019accueillir un <strong>2\u00e8me enfant<\/strong>.<\/li>\n\n\n\n<li>L\u2019impact sur l\u2019organisation familiale et professionnelle : Mode de garde, \u00e9quilibre entre vie personnelle et travail, logistique quotidienne\u2026 Tout cela doit \u00eatre anticip\u00e9.<\/li>\n<\/ul>\n\n\n\n<h3 class=\"wp-block-heading\"><span class=\"ez-toc-section\" id=\"Deuxieme_enfant_les_bonnes_questions_a_se_poser_avant_de_se_lancer\"><\/span>Deuxi\u00e8me enfant : les bonnes questions \u00e0 se poser avant de se lancer<span class=\"ez-toc-section-end\"><\/span><\/h3>\n\n\n\n<p>L\u2019<strong>envie de b\u00e9b\u00e9 2<\/strong> est l\u00e0, mais avant de prendre une d\u00e9cision d\u00e9finitive, voici quelques questions \u00e0 explorer :<\/p>\n\n\n\n<ul class=\"wp-block-list\">\n<li>Sommes-nous pr\u00eats \u00e9motionnellement ? Avoir un 2 eme enfant demande une implication quotidienne.<\/li>\n\n\n\n<li>Comment notre a\u00een\u00e9 va-t-il vivre cette transition ? Il est important de le pr\u00e9parer et de le rassurer sur sa place dans la famille.<\/li>\n\n\n\n<li>Quelle organisation adopter avec 2 enfants ? Une nouvelle logistique se mettra en place : temps pour soi, mode de garde, r\u00e9partition des t\u00e2ches\u2026<\/li>\n\n\n\n<li>Quel impact financier ? Un deuxi\u00e8me b\u00e9b\u00e9 engendre des d\u00e9penses suppl\u00e9mentaires \u00e0 anticiper (couches, v\u00eatements, garde d\u2019enfants\u2026).<\/li>\n<\/ul>\n\n\n\n<h3 class=\"wp-block-heading\"><span class=\"ez-toc-section\" id=\"1_ou_2_enfants_comment_savoir_si_notre_famille_est_au_complet\"><\/span>1 ou 2 enfants : comment savoir si notre famille est au complet ?<span class=\"ez-toc-section-end\"><\/span><\/h3>\n\n\n\n<p>Chaque famille est unique, et il n\u2019y a pas de r\u00e9ponse universelle. Certains ressentent le besoin d\u2019agrandir leur tribu, tandis que d\u2019autres se sentent combl\u00e9s avec un seul enfant.<\/p>\n\n\n\n<p>\u00c9coutez vos envies, analysez votre situation et prenez le temps de r\u00e9fl\u00e9chir. Quel que soit votre choix, l\u2019essentiel est de b\u00e2tir une famille heureuse et \u00e9panouie.Expliquer l\u2019arriv\u00e9e d\u2019un deuxi\u00e8me enfant \u00e0 l\u2019a\u00een\u00e9<\/p>\n\n\n\n<h2 class=\"wp-block-heading\"><span class=\"ez-toc-section\" id=\"Expliquer_larrivee_dun_deuxieme_enfant_a_laine\"><\/span><strong>Expliquer l\u2019arriv\u00e9e d\u2019un deuxi\u00e8me enfant \u00e0 l\u2019a\u00een\u00e9<\/strong><span class=\"ez-toc-section-end\"><\/span><\/h2>\n\n\n\n<p>Si votre premier enfant est encore petit, ce n\u2019est pas toujours facile pour lui de comprendre la fatigue et les douleurs que vous pouvez ressentir pendant votre grossesse. Par cons\u00e9quent, n\u2019h\u00e9sitez pas \u00e0 lui <strong>expliquer la situation<\/strong> de mani\u00e8re positive, douce et rassurante.&nbsp;<\/p>\n\n\n\n<p>Ne rentrez pas trop dans le d\u00e9tail pour ne pas le submerger d\u2019informations, parfois complexes \u00e0 assimiler. Invitez votre enfant \u00e0 poser sa main sur votre ventre, sans le forcer. Il sentira le b\u00e9b\u00e9 bien cach\u00e9 dans le <strong>ventre de maman<\/strong>, \u00e0 travers les petits coups qu\u2019il donne. Vous pouvez aussi lui proposer de <strong>dessiner maman <\/strong>et son bidon rond ou encore cette nouvelle vie \u00e0 quatre en couleur.&nbsp;<\/p>\n\n\n\n<p>Nous avons s\u00e9lectionn\u00e9, pour vous, quelques <strong>livres jeunesse pour expliquer la grossesse<\/strong> et <strong>l\u2019arriv\u00e9e de b\u00e9b\u00e9<\/strong>. Des livres qui s\u2019expriment sur le sujet avec douceur et justesse, le vocable \u00e9tant adapt\u00e9 aux plus jeunes. La peur du <strong>d\u00e9samour <\/strong>du parent, que peut ressentir l\u2019enfant, est tr\u00e8s souvent abord\u00e9e :&nbsp;<\/p>\n\n\n\n<ul class=\"wp-block-list\">\n<li><em>Un b\u00e9b\u00e9 \u00e0 la maison<\/em>, Catherine Dolto<\/li>\n\n\n\n<li><em>Il y a une maison dans ma maman ? <\/em>Giles Andreae et Vanessa Cabban<\/li>\n\n\n\n<li><em>Est-ce que tu m\u2019aimeras encore ? <\/em>Catherine Leblanc et Eve Tharlet<\/li>\n\n\n\n<li><em>Un amour de petite s\u0153ur, <\/em>Astrid Desbordes et Pauline Martin<\/li>\n\n\n\n<li><em>Vous \u00eates tous mes pr\u00e9f\u00e9r\u00e9<\/em>s, Sam McBratney et Anita Jeram<\/li>\n\n\n\n<li><em>Et dedans il y a \u2026<\/em> , Jeanne Ashb\u00e9 (id\u00e9al pour les a\u00een\u00e9s, encore b\u00e9b\u00e9s !)<\/li>\n<\/ul>\n\n\n\n<h2 class=\"wp-block-heading\"><span class=\"ez-toc-section\" id=\"Impliquer_laine_et_le_rendre_acteur\"><\/span>Impliquer l\u2019a\u00een\u00e9 et le rendre acteur<span class=\"ez-toc-section-end\"><\/span><\/h2>\n\n\n\n<p>Si vous constatez un <strong>changement de comportement<\/strong> chez le <strong>grand fr\u00e8re<\/strong> ou la <strong>grande s\u0153ur<\/strong>, de la <strong>jalousie<\/strong> naissante (celle-ci est normale, surtout si les 2 enfants sont du m\u00eame sexe et ont peu de diff\u00e9rence d\u2019\u00e2ge) ou une certaine <strong>nervosit\u00e9<\/strong> voire de la col\u00e8re, invitez-le \u00e0 <strong>lib\u00e9rer ses \u00e9motions<\/strong>. Il peut les exprimer \u00e0 voix haute s\u2019il est en capacit\u00e9 de les verbaliser. Sinon, il peut aussi les dessiner, les gribouiller\u2026<\/p>\n\n\n\n<p>Il n\u2019est pas rare que <strong>certains petits r\u00e9gressent dans leurs apprentissages<\/strong>. Ainsi, l\u2019enfant, alors continent, demande \u00e0 porter une couche-culotte. Il r\u00e9clame la t\u00e9tine alors qu\u2019il avait r\u00e9ussi \u00e0 s\u2019en d\u00e9tacher et parle en langage b\u00e9b\u00e9 alors qu\u2019il s\u2019exprimait avec aisance il y a encore quelques jours. D\u00e9couvrez nos conseils pour r\u00e9agir face aux <a href=\"https:\/\/www.lespetitsculottes.com\/blog\/accidents-et-regressions-dans-lapprentissage-de-la-proprete-comment-reagir\/\">accidents et r\u00e9gressions dans l\u2019apprentissage de la propret\u00e9<\/a>.<\/p>\n\n\n\n<p>Ce comportement est parfaitement naturel et sain.&nbsp;Votre \u00ab petit-grand \u00bb cherche sa place dans ce <strong>nouveau sch\u00e9ma familial<\/strong> qui se dessine. Tout devrait rentrer dans l\u2019ordre au bout de quelques semaines, le temps que, lui aussi, prenne ses marques.&nbsp;<\/p>\n\n\n\n<p>Et pour qu\u2019il n\u2019ait pas le<strong> sentiment d\u2019\u00eatre mis \u00e0 l\u2019\u00e9cart<\/strong>, proposez-lui de participer aux diff\u00e9rentes activit\u00e9s li\u00e9es au b\u00e9b\u00e9 : aider \u00e0<strong> <\/strong><a href=\"https:\/\/www.lespetitsculottes.com\/blog\/changer-couche-bebe\/\">changer la couche<\/a>, lui donner son biberon (avec vous \u00e0 ses c\u00f4t\u00e9s), lui enfiler ses petits chaussons, lui chanter des comptines pendant la t\u00e9t\u00e9e, etc. De tr\u00e8s beaux moments \u00e0 passer ensemble, qui renforcent le <strong>lien fraternel<\/strong>.&nbsp;<\/p>\n\n\n\n<hr class=\"wp-block-separator has-css-opacity\"\/>\n\n\n\n<p><em>L\u2019id\u00e9e culott\u00e9e :&nbsp;<\/em><em>Vous pouvez aussi lui faire choisir le premier <\/em><strong><em>doudou du b\u00e9b\u00e9<\/em><\/strong><em> ! Celui-l\u00e0 m\u00eame qui tra\u00eenera absolument partout et apaisera les chagrins inconsolables. Un merveilleux cadeau, \u00e0 la symbolique forte, que votre a\u00een\u00e9 sera fier d\u2019offrir.<\/em><\/p>\n\n\n\n<hr class=\"wp-block-separator has-css-opacity\"\/>\n\n\n\n<h2 class=\"wp-block-heading\"><span class=\"ez-toc-section\" id=\"Avoir_un_2eme_enfant_un_changement_de_vie_et_de_lamour_beaucoup_en_plus\"><\/span>Avoir un 2\u00e8me enfant, un changement de vie et de l\u2019amour (beaucoup) en plus !<span class=\"ez-toc-section-end\"><\/span><\/h2>\n\n\n\n<p>Passer de deux \u00e0 trois, c\u2019est <strong>fonder une famille<\/strong> et cela repr\u00e9sente une \u00e9tape de vie extraordinaire. D\u2019un point de vue logistique, pratique et organisationnel, l\u2019arriv\u00e9e d\u2019un deuxi\u00e8me b\u00e9b\u00e9 n\u00e9cessite une petite <strong>p\u00e9riode de transition,<\/strong> de flottement durant laquelle chacun essaie de prendre sa place, de poser ses rep\u00e8res, ses marques. La patience, le dialogue et l\u2019\u00e9coute sont alors essentiels. Une fratrie, c\u2019est finalement un savoureux m\u00e9lange de partage, de chamailleries, de rigolades, de <strong>complicit\u00e9<\/strong> (et de d\u00e9sordre suppl\u00e9mentaire)&#8230; C\u2019est aussi un bocal de bonheur en plus vers\u00e9 dans la marmite familiale !<\/p>\n","protected":false},"excerpt":{"rendered":"<p>L\u2019envie d\u2019agrandir la famille est une \u00e9tape importante dans la [&hellip;]<\/p>\n","protected":false},"author":1,"featured_media":1067,"comment_status":"closed","ping_status":"closed","sticky":false,"template":"","format":"standard","meta":{"footnotes":""},"categories":[11],"class_list":["post-1066","post","type-post","status-publish","format-standard","has-post-thumbnail","hentry","category-grossesse-et-parentalite"],"yoast_head":"<!-- This site is optimized with the Yoast SEO plugin v26.2 - https:\/\/yoast.com\/wordpress\/plugins\/seo\/ -->\n<title>Passer de 1 \u00e0 2 enfants : tout ce qui change !<\/title>\n<meta name=\"description\" content=\"Vous avez envie d&#039;un deuxi\u00e8me enfant ? Vous appr\u00e9hendez le passage d\u20191 \u00e0 2 enfants ? D\u00e9couvrez ce qui change \u00e0 l\u2019arriv\u00e9e d\u2019un nouveau b\u00e9b\u00e9.\" \/>\n<meta name=\"robots\" content=\"index, follow, max-snippet:-1, max-image-preview:large, max-video-preview:-1\" \/>\n<link rel=\"canonical\" href=\"https:\/\/www.lespetitsculottes.com\/blog\/avoir-deuxieme-bebe\/\" \/>\n<meta property=\"og:locale\" content=\"fr_FR\" \/>\n<meta property=\"og:type\" content=\"article\" \/>\n<meta property=\"og:title\" content=\"Passer de 1 \u00e0 2 enfants : tout ce qui change !\" \/>\n<meta property=\"og:description\" content=\"Vous avez envie d&#039;un deuxi\u00e8me enfant ? Vous appr\u00e9hendez le passage d\u20191 \u00e0 2 enfants ? D\u00e9couvrez ce qui change \u00e0 l\u2019arriv\u00e9e d\u2019un nouveau b\u00e9b\u00e9.\" \/>\n<meta property=\"og:url\" content=\"https:\/\/www.lespetitsculottes.com\/blog\/avoir-deuxieme-bebe\/\" \/>\n<meta property=\"og:site_name\" content=\"Les Petits Culott\u00e9s\" \/>\n<meta property=\"article:published_time\" content=\"2021-11-25T16:00:11+00:00\" \/>\n<meta property=\"article:modified_time\" content=\"2026-04-09T12:45:57+00:00\" \/>\n<meta property=\"og:image\" content=\"https:\/\/www.lespetitsculottes.com\/blog\/wp-content\/uploads\/2021\/11\/arrivee-deuxieme-enfant.jpg\" \/>\n\t<meta property=\"og:image:width\" content=\"830\" \/>\n\t<meta property=\"og:image:height\" content=\"560\" \/>\n\t<meta property=\"og:image:type\" content=\"image\/jpeg\" \/>\n<meta name=\"author\" content=\"Admin 23Prod\" \/>\n<meta name=\"twitter:card\" content=\"summary_large_image\" \/>\n<meta name=\"twitter:label1\" content=\"\u00c9crit par\" \/>\n\t<meta name=\"twitter:data1\" content=\"Admin 23Prod\" \/>\n\t<meta name=\"twitter:label2\" content=\"Dur\u00e9e de lecture estim\u00e9e\" \/>\n\t<meta name=\"twitter:data2\" content=\"10 minutes\" \/>\n<script type=\"application\/ld+json\" class=\"yoast-schema-graph\">{\"@context\":\"https:\/\/schema.org\",\"@graph\":[{\"@type\":\"WebPage\",\"@id\":\"https:\/\/www.lespetitsculottes.com\/blog\/avoir-deuxieme-bebe\/\",\"url\":\"https:\/\/www.lespetitsculottes.com\/blog\/avoir-deuxieme-bebe\/\",\"name\":\"Passer de 1 \u00e0 2 enfants : tout ce qui change !\",\"isPartOf\":{\"@id\":\"https:\/\/www.lespetitsculottes.com\/blog\/#website\"},\"primaryImageOfPage\":{\"@id\":\"https:\/\/www.lespetitsculottes.com\/blog\/avoir-deuxieme-bebe\/#primaryimage\"},\"image\":{\"@id\":\"https:\/\/www.lespetitsculottes.com\/blog\/avoir-deuxieme-bebe\/#primaryimage\"},\"thumbnailUrl\":\"https:\/\/www.lespetitsculottes.com\/blog\/wp-content\/uploads\/2021\/11\/arrivee-deuxieme-enfant.jpg\",\"datePublished\":\"2021-11-25T16:00:11+00:00\",\"dateModified\":\"2026-04-09T12:45:57+00:00\",\"author\":{\"@id\":\"https:\/\/www.lespetitsculottes.com\/blog\/#\/schema\/person\/d67501f1427510d030b375d864acaecb\"},\"description\":\"Vous avez envie d'un deuxi\u00e8me enfant ? Vous appr\u00e9hendez le passage d\u20191 \u00e0 2 enfants ? D\u00e9couvrez ce qui change \u00e0 l\u2019arriv\u00e9e d\u2019un nouveau b\u00e9b\u00e9.\",\"breadcrumb\":{\"@id\":\"https:\/\/www.lespetitsculottes.com\/blog\/avoir-deuxieme-bebe\/#breadcrumb\"},\"inLanguage\":\"fr-FR\",\"potentialAction\":[{\"@type\":\"ReadAction\",\"target\":[\"https:\/\/www.lespetitsculottes.com\/blog\/avoir-deuxieme-bebe\/\"]}]},{\"@type\":\"ImageObject\",\"inLanguage\":\"fr-FR\",\"@id\":\"https:\/\/www.lespetitsculottes.com\/blog\/avoir-deuxieme-bebe\/#primaryimage\",\"url\":\"https:\/\/www.lespetitsculottes.com\/blog\/wp-content\/uploads\/2021\/11\/arrivee-deuxieme-enfant.jpg\",\"contentUrl\":\"https:\/\/www.lespetitsculottes.com\/blog\/wp-content\/uploads\/2021\/11\/arrivee-deuxieme-enfant.jpg\",\"width\":830,\"height\":560,\"caption\":\"Cr\u00e9dit photo : canva\"},{\"@type\":\"BreadcrumbList\",\"@id\":\"https:\/\/www.lespetitsculottes.com\/blog\/avoir-deuxieme-bebe\/#breadcrumb\",\"itemListElement\":[{\"@type\":\"ListItem\",\"position\":1,\"name\":\"Home\",\"item\":\"https:\/\/www.lespetitsculottes.com\/blog\/\"},{\"@type\":\"ListItem\",\"position\":2,\"name\":\"Passer de 1 \u00e0 2 enfants : ce qui change vraiment !\"}]},{\"@type\":\"WebSite\",\"@id\":\"https:\/\/www.lespetitsculottes.com\/blog\/#website\",\"url\":\"https:\/\/www.lespetitsculottes.com\/blog\/\",\"name\":\"Les petits culott\u00e9s\",\"description\":\"Le blog des Petits Culott\u00e9s\",\"potentialAction\":[{\"@type\":\"SearchAction\",\"target\":{\"@type\":\"EntryPoint\",\"urlTemplate\":\"https:\/\/www.lespetitsculottes.com\/blog\/?s={search_term_string}\"},\"query-input\":{\"@type\":\"PropertyValueSpecification\",\"valueRequired\":true,\"valueName\":\"search_term_string\"}}],\"inLanguage\":\"fr-FR\"},{\"@type\":\"Person\",\"@id\":\"https:\/\/www.lespetitsculottes.com\/blog\/#\/schema\/person\/d67501f1427510d030b375d864acaecb\",\"name\":\"Admin 23Prod\",\"image\":{\"@type\":\"ImageObject\",\"inLanguage\":\"fr-FR\",\"@id\":\"https:\/\/www.lespetitsculottes.com\/blog\/#\/schema\/person\/image\/\",\"url\":\"https:\/\/secure.gravatar.com\/avatar\/d07fc7773d840429da1fba32fa2027ef4f681ca12979b4997c63c8869d9a78ca?s=96&d=wp_user_avatar&r=g\",\"contentUrl\":\"https:\/\/secure.gravatar.com\/avatar\/d07fc7773d840429da1fba32fa2027ef4f681ca12979b4997c63c8869d9a78ca?s=96&d=wp_user_avatar&r=g\",\"caption\":\"Admin 23Prod\"},\"description\":\"D\u00e9veloppeur\",\"url\":\"https:\/\/www.lespetitsculottes.com\/blog\/auteur\/lpc\/\"}]}<\/script>\n<!-- \/ Yoast SEO plugin. -->","yoast_head_json":{"title":"Passer de 1 \u00e0 2 enfants : tout ce qui change !","description":"Vous avez envie d'un deuxi\u00e8me enfant ? Vous appr\u00e9hendez le passage d\u20191 \u00e0 2 enfants ? D\u00e9couvrez ce qui change \u00e0 l\u2019arriv\u00e9e d\u2019un nouveau b\u00e9b\u00e9.","robots":{"index":"index","follow":"follow","max-snippet":"max-snippet:-1","max-image-preview":"max-image-preview:large","max-video-preview":"max-video-preview:-1"},"canonical":"https:\/\/www.lespetitsculottes.com\/blog\/avoir-deuxieme-bebe\/","og_locale":"fr_FR","og_type":"article","og_title":"Passer de 1 \u00e0 2 enfants : tout ce qui change !","og_description":"Vous avez envie d'un deuxi\u00e8me enfant ? Vous appr\u00e9hendez le passage d\u20191 \u00e0 2 enfants ? D\u00e9couvrez ce qui change \u00e0 l\u2019arriv\u00e9e d\u2019un nouveau b\u00e9b\u00e9.","og_url":"https:\/\/www.lespetitsculottes.com\/blog\/avoir-deuxieme-bebe\/","og_site_name":"Les Petits Culott\u00e9s","article_published_time":"2021-11-25T16:00:11+00:00","article_modified_time":"2026-04-09T12:45:57+00:00","og_image":[{"width":830,"height":560,"url":"https:\/\/www.lespetitsculottes.com\/blog\/wp-content\/uploads\/2021\/11\/arrivee-deuxieme-enfant.jpg","type":"image\/jpeg"}],"author":"Admin 23Prod","twitter_card":"summary_large_image","twitter_misc":{"\u00c9crit par":"Admin 23Prod","Dur\u00e9e de lecture estim\u00e9e":"10 minutes"},"schema":{"@context":"https:\/\/schema.org","@graph":[{"@type":"WebPage","@id":"https:\/\/www.lespetitsculottes.com\/blog\/avoir-deuxieme-bebe\/","url":"https:\/\/www.lespetitsculottes.com\/blog\/avoir-deuxieme-bebe\/","name":"Passer de 1 \u00e0 2 enfants : tout ce qui change !","isPartOf":{"@id":"https:\/\/www.lespetitsculottes.com\/blog\/#website"},"primaryImageOfPage":{"@id":"https:\/\/www.lespetitsculottes.com\/blog\/avoir-deuxieme-bebe\/#primaryimage"},"image":{"@id":"https:\/\/www.lespetitsculottes.com\/blog\/avoir-deuxieme-bebe\/#primaryimage"},"thumbnailUrl":"https:\/\/www.lespetitsculottes.com\/blog\/wp-content\/uploads\/2021\/11\/arrivee-deuxieme-enfant.jpg","datePublished":"2021-11-25T16:00:11+00:00","dateModified":"2026-04-09T12:45:57+00:00","author":{"@id":"https:\/\/www.lespetitsculottes.com\/blog\/#\/schema\/person\/d67501f1427510d030b375d864acaecb"},"description":"Vous avez envie d'un deuxi\u00e8me enfant ? Vous appr\u00e9hendez le passage d\u20191 \u00e0 2 enfants ? D\u00e9couvrez ce qui change \u00e0 l\u2019arriv\u00e9e d\u2019un nouveau b\u00e9b\u00e9.","breadcrumb":{"@id":"https:\/\/www.lespetitsculottes.com\/blog\/avoir-deuxieme-bebe\/#breadcrumb"},"inLanguage":"fr-FR","potentialAction":[{"@type":"ReadAction","target":["https:\/\/www.lespetitsculottes.com\/blog\/avoir-deuxieme-bebe\/"]}]},{"@type":"ImageObject","inLanguage":"fr-FR","@id":"https:\/\/www.lespetitsculottes.com\/blog\/avoir-deuxieme-bebe\/#primaryimage","url":"https:\/\/www.lespetitsculottes.com\/blog\/wp-content\/uploads\/2021\/11\/arrivee-deuxieme-enfant.jpg","contentUrl":"https:\/\/www.lespetitsculottes.com\/blog\/wp-content\/uploads\/2021\/11\/arrivee-deuxieme-enfant.jpg","width":830,"height":560,"caption":"Cr\u00e9dit photo : canva"},{"@type":"BreadcrumbList","@id":"https:\/\/www.lespetitsculottes.com\/blog\/avoir-deuxieme-bebe\/#breadcrumb","itemListElement":[{"@type":"ListItem","position":1,"name":"Home","item":"https:\/\/www.lespetitsculottes.com\/blog\/"},{"@type":"ListItem","position":2,"name":"Passer de 1 \u00e0 2 enfants : ce qui change vraiment !"}]},{"@type":"WebSite","@id":"https:\/\/www.lespetitsculottes.com\/blog\/#website","url":"https:\/\/www.lespetitsculottes.com\/blog\/","name":"Les petits culott\u00e9s","description":"Le blog des Petits Culott\u00e9s","potentialAction":[{"@type":"SearchAction","target":{"@type":"EntryPoint","urlTemplate":"https:\/\/www.lespetitsculottes.com\/blog\/?s={search_term_string}"},"query-input":{"@type":"PropertyValueSpecification","valueRequired":true,"valueName":"search_term_string"}}],"inLanguage":"fr-FR"},{"@type":"Person","@id":"https:\/\/www.lespetitsculottes.com\/blog\/#\/schema\/person\/d67501f1427510d030b375d864acaecb","name":"Admin 23Prod","image":{"@type":"ImageObject","inLanguage":"fr-FR","@id":"https:\/\/www.lespetitsculottes.com\/blog\/#\/schema\/person\/image\/","url":"https:\/\/secure.gravatar.com\/avatar\/d07fc7773d840429da1fba32fa2027ef4f681ca12979b4997c63c8869d9a78ca?s=96&d=wp_user_avatar&r=g","contentUrl":"https:\/\/secure.gravatar.com\/avatar\/d07fc7773d840429da1fba32fa2027ef4f681ca12979b4997c63c8869d9a78ca?s=96&d=wp_user_avatar&r=g","caption":"Admin 23Prod"},"description":"D\u00e9veloppeur","url":"https:\/\/www.lespetitsculottes.com\/blog\/auteur\/lpc\/"}]}},"_links":{"self":[{"href":"https:\/\/www.lespetitsculottes.com\/blog\/wp-json\/wp\/v2\/posts\/1066","targetHints":{"allow":["GET"]}}],"collection":[{"href":"https:\/\/www.lespetitsculottes.com\/blog\/wp-json\/wp\/v2\/posts"}],"about":[{"href":"https:\/\/www.lespetitsculottes.com\/blog\/wp-json\/wp\/v2\/types\/post"}],"author":[{"embeddable":true,"href":"https:\/\/www.lespetitsculottes.com\/blog\/wp-json\/wp\/v2\/users\/1"}],"replies":[{"embeddable":true,"href":"https:\/\/www.lespetitsculottes.com\/blog\/wp-json\/wp\/v2\/comments?post=1066"}],"version-history":[{"count":10,"href":"https:\/\/www.lespetitsculottes.com\/blog\/wp-json\/wp\/v2\/posts\/1066\/revisions"}],"predecessor-version":[{"id":4788,"href":"https:\/\/www.lespetitsculottes.com\/blog\/wp-json\/wp\/v2\/posts\/1066\/revisions\/4788"}],"wp:featuredmedia":[{"embeddable":true,"href":"https:\/\/www.lespetitsculottes.com\/blog\/wp-json\/wp\/v2\/media\/1067"}],"wp:attachment":[{"href":"https:\/\/www.lespetitsculottes.com\/blog\/wp-json\/wp\/v2\/media?parent=1066"}],"wp:term":[{"taxonomy":"category","embeddable":true,"href":"https:\/\/www.lespetitsculottes.com\/blog\/wp-json\/wp\/v2\/categories?post=1066"}],"curies":[{"name":"wp","href":"https:\/\/api.w.org\/{rel}","templated":true}]}}