{"id":1407,"date":"2022-07-28T17:00:00","date_gmt":"2022-07-28T15:00:00","guid":{"rendered":"https:\/\/www.lespetitsculottes.com\/blog\/?p=1407"},"modified":"2026-04-28T16:30:13","modified_gmt":"2026-04-28T14:30:13","slug":"apprentissage-proprete","status":"publish","type":"post","link":"https:\/\/www.lespetitsculottes.com\/blog\/apprentissage-proprete\/","title":{"rendered":"Acquisition de la propret\u00e9 : comment accompagner au mieux le jeune enfant ?"},"content":{"rendered":"<div id=\"ez-toc-container\" class=\"ez-toc-v2_0_76 counter-hierarchy ez-toc-counter ez-toc-white ez-toc-container-direction\">\n<div class=\"ez-toc-title-container\"><p class=\"ez-toc-title\" style=\"cursor:inherit\">Sommaire<\/p>\n<\/div><nav><ul class='ez-toc-list ez-toc-list-level-1 ' ><li class='ez-toc-page-1 ez-toc-heading-level-2'><a class=\"ez-toc-link ez-toc-heading-1\" href=\"https:\/\/www.lespetitsculottes.com\/blog\/apprentissage-proprete\/#Respecter_le_rythme_de_lenfant\" >Respecter le rythme de l\u2019enfant<\/a><ul class='ez-toc-list-level-3' ><li class='ez-toc-heading-level-3'><a class=\"ez-toc-link ez-toc-heading-2\" href=\"https:\/\/www.lespetitsculottes.com\/blog\/apprentissage-proprete\/#Un_phenomene_naturel_et_important_dans_la_vie_de_bebe\" >Un ph\u00e9nom\u00e8ne naturel et important dans la vie de b\u00e9b\u00e9<\/a><\/li><li class='ez-toc-page-1 ez-toc-heading-level-3'><a class=\"ez-toc-link ez-toc-heading-3\" href=\"https:\/\/www.lespetitsculottes.com\/blog\/apprentissage-proprete\/#Entre_18_et_48_mois_bebe_devient_%C2%AB_propre_%C2%BB\" >Entre 18 et 48 mois, b\u00e9b\u00e9 devient \u00ab&nbsp;propre&nbsp;\u00bb&nbsp;!<\/a><\/li><li class='ez-toc-page-1 ez-toc-heading-level-3'><a class=\"ez-toc-link ez-toc-heading-4\" href=\"https:\/\/www.lespetitsculottes.com\/blog\/apprentissage-proprete\/#Bebe_est-il_pret\" >B\u00e9b\u00e9 est-il pr\u00eat&nbsp;?&nbsp;<\/a><\/li><\/ul><\/li><li class='ez-toc-page-1 ez-toc-heading-level-2'><a class=\"ez-toc-link ez-toc-heading-5\" href=\"https:\/\/www.lespetitsculottes.com\/blog\/apprentissage-proprete\/#Favoriser_son_autonomie_dans_lapprentissage_de_la_proprete\" >Favoriser son autonomie dans l\u2019apprentissage de la propret\u00e9<\/a><ul class='ez-toc-list-level-3' ><li class='ez-toc-heading-level-3'><a class=\"ez-toc-link ez-toc-heading-6\" href=\"https:\/\/www.lespetitsculottes.com\/blog\/apprentissage-proprete\/#La_posture_de_ladulte_soutien_et_accompagnement\" >La posture de l\u2019adulte&nbsp;: soutien et accompagnement<\/a><\/li><li class='ez-toc-page-1 ez-toc-heading-level-3'><a class=\"ez-toc-link ez-toc-heading-7\" href=\"https:\/\/www.lespetitsculottes.com\/blog\/apprentissage-proprete\/#Le_choix_dun_materiel_adapte_a_lenfant\" >Le choix d\u2019un mat\u00e9riel adapt\u00e9 \u00e0 l\u2019enfant<\/a><\/li><li class='ez-toc-page-1 ez-toc-heading-level-3'><a class=\"ez-toc-link ez-toc-heading-8\" href=\"https:\/\/www.lespetitsculottes.com\/blog\/apprentissage-proprete\/#Les_couches-culottes_un_pas_de_plus_vers_lautonomie\" >Les couches-culottes&nbsp;: un pas de plus vers l\u2019autonomie<\/a><\/li><\/ul><\/li><li class='ez-toc-page-1 ez-toc-heading-level-2'><a class=\"ez-toc-link ez-toc-heading-9\" href=\"https:\/\/www.lespetitsculottes.com\/blog\/apprentissage-proprete\/#Offrir_un_environnement_propice_a_lacquisition_de_la_continence\" >Offrir un environnement propice \u00e0 l\u2019acquisition de la continence<\/a><ul class='ez-toc-list-level-3' ><li class='ez-toc-heading-level-3'><a class=\"ez-toc-link ez-toc-heading-10\" href=\"https:\/\/www.lespetitsculottes.com\/blog\/apprentissage-proprete\/#Une_communication_privilegiee\" >Une communication privil\u00e9gi\u00e9e<\/a><\/li><li class='ez-toc-page-1 ez-toc-heading-level-3'><a class=\"ez-toc-link ez-toc-heading-11\" href=\"https:\/\/www.lespetitsculottes.com\/blog\/apprentissage-proprete\/#Le_jeu_pour_apprendre_a_devenir_propre\" >Le jeu pour apprendre \u00e0 devenir propre&nbsp;<\/a><\/li><\/ul><\/li><\/ul><\/nav><\/div>\n\n<p><strong>L\u2019acquisition de la continence<\/strong> correspond \u00e0 une \u00e9tape charni\u00e8re dans le <strong>d\u00e9veloppement du jeune enfant<\/strong>. Souvent redout\u00e9 par les <strong>parents<\/strong>, le <strong>processus<\/strong> est pourtant naturel et d\u00e9pend de l\u2019enfant, de sa <strong>maturit\u00e9 physiologique<\/strong>, <strong>psychologique<\/strong> et <strong>affective<\/strong>. Par cons\u00e9quent, comment <strong>accompagner<\/strong> au mieux votre bout de chou dans<strong> l\u2019apprentissage de la propret\u00e9&nbsp;<\/strong>? Quel comportement adopter pour<strong> aider votre enfant \u00e0 devenir propre&nbsp;<\/strong>?<\/p>\n\n\n\n<h2 class=\"wp-block-heading\"><span class=\"ez-toc-section\" id=\"Respecter_le_rythme_de_lenfant\"><\/span>Respecter le rythme de l\u2019enfant<span class=\"ez-toc-section-end\"><\/span><\/h2>\n\n\n\n<h3 class=\"wp-block-heading\"><span class=\"ez-toc-section\" id=\"Un_phenomene_naturel_et_important_dans_la_vie_de_bebe\"><\/span>Un ph\u00e9nom\u00e8ne naturel et important dans la vie de b\u00e9b\u00e9<span class=\"ez-toc-section-end\"><\/span><\/h3>\n\n\n\n<p>Tout comme l\u2019apprentissage de la marche, b\u00e9b\u00e9 sera propre en temps et en heure&nbsp;! Il s\u2019agit d\u2019une \u00e9tape majeure tout \u00e0 fait naturelle qui doit \u00eatre soutenue et accompagn\u00e9e par l\u2019adulte en charge de l\u2019enfant, avec bienveillance et dans le respect de son \u00e9volution. Pr\u00e9senter le pot trop t\u00f4t \u00e0 un tout-petit peut s\u2019av\u00e9rer contre-productif&nbsp;: frustrations, \u00e9nervements, appr\u00e9hension, perte d\u2019estime personnelle, peur, col\u00e8re, r\u00e9gressions\u2026<\/p>\n\n\n\n<h3 class=\"wp-block-heading\"><span class=\"ez-toc-section\" id=\"Entre_18_et_48_mois_bebe_devient_%C2%AB_propre_%C2%BB\"><\/span>Entre 18 et 48 mois, b\u00e9b\u00e9 devient \u00ab&nbsp;propre&nbsp;\u00bb&nbsp;!<span class=\"ez-toc-section-end\"><\/span><\/h3>\n\n\n\n<p>En moyenne, b\u00e9b\u00e9 commence \u00e0 devenir propre aux alentours de 2-3 ans. Bien entendu, cela reste une donn\u00e9e indicative, chaque enfant avan\u00e7ant \u00e0 son propre rythme.<\/p>\n\n\n\n<p>Cependant, l\u2019entr\u00e9e imminente en maternelle peut ajouter une pression (inutile) sur l\u2019enfant et le parent. Les vacances estivales apparaissent alors comme le meilleur moment pour devenir \u00ab&nbsp;propre&nbsp;\u00bb&nbsp;: il est capable d\u2019exprimer son besoin d\u2019aller sur le pot et de contr\u00f4ler les sphincters de la vessie et de l\u2019anus.<\/p>\n\n\n\n<p>Mais comme tout apprentissage, cela peut prendre du temps. L\u2019enfant commence par \u00eatre \u00ab&nbsp;propre&nbsp;\u00bb la journ\u00e9e (continence diurne), puis il est capable de ma\u00eetriser plus ou moins rapidement (voire de mani\u00e8re simultan\u00e9e) ses sphincters durant la nuit (continence nocturne). L\u00e0 encore, il n\u2019y a pas de r\u00e8gles, cela d\u00e9pend de l\u2019enfant et de son rythme.&nbsp;<\/p>\n\n\n\n<h3 class=\"wp-block-heading\"><span class=\"ez-toc-section\" id=\"Bebe_est-il_pret\"><\/span>B\u00e9b\u00e9 est-il pr\u00eat&nbsp;?&nbsp;<span class=\"ez-toc-section-end\"><\/span><\/h3>\n\n\n\n<p>Afin de ne pas mettre la charrue avant les b\u0153ufs, prenez le temps d\u2019\u00eatre \u00e0 l\u2019\u00e9coute de votre bout de chou et d\u2019observer son comportement. Certains \u00e9l\u00e9ments peuvent vous aider \u00e0 d\u00e9terminer s\u2019il est fin pr\u00eat \u00e0 aller sur le pot&nbsp;:&nbsp;<\/p>\n\n\n\n<ul class=\"wp-block-list\">\n<li>les couches restent s\u00e8ches pendant quelques heures, et ce depuis plusieurs jours&nbsp;;<\/li>\n\n\n\n<li>il est en mesure de verbaliser ses besoins et ses envies&nbsp;;<\/li>\n\n\n\n<li>il sait marcher et monter des marches en alternance&nbsp;;<\/li>\n\n\n\n<li>il comprend les consignes simples&nbsp;;<\/li>\n\n\n\n<li>il pose des questions au moment du change (pourquoi on change la couche, de quelle couleur est le caca, etc.)&nbsp;;<\/li>\n\n\n\n<li>Il montre un int\u00e9r\u00eat certain pour le pot plac\u00e9 dans les toilettes, il pose des questions sur l\u2019objet, etc.<\/li>\n<\/ul>\n\n\n\n<p>L\u2019important est d\u2019y aller par \u00e9tapes, sans pression aucune. N\u2019h\u00e9sitez pas \u00e0 expliquer le processus \u00e0 votre enfant, avec des mots clairs et justes, sans tabous&nbsp;: faire caca n\u2019est ni sale ni propre, c\u2019est quelque chose de naturel et parfaitement normal&nbsp;!&nbsp;<\/p>\n\n\n\n<h2 class=\"wp-block-heading\"><span class=\"ez-toc-section\" id=\"Favoriser_son_autonomie_dans_lapprentissage_de_la_proprete\"><\/span>Favoriser son autonomie dans l\u2019apprentissage de la propret\u00e9<span class=\"ez-toc-section-end\"><\/span><\/h2>\n\n\n\n<h3 class=\"wp-block-heading\"><span class=\"ez-toc-section\" id=\"La_posture_de_ladulte_soutien_et_accompagnement\"><\/span>La posture de l\u2019adulte&nbsp;: soutien et accompagnement<span class=\"ez-toc-section-end\"><\/span><\/h3>\n\n\n\n<p>Pour que l\u2019enfant se sente en s\u00e9curit\u00e9 et en confiance, il est indispensable de ne rien imposer. Invitez-le \u00e0 enlever lui-m\u00eame sa couche-culotte, ou encore \u00e0 prendre son pot, \u00e0 vider ce qu\u2019il contient dans la cuvette des w.c., \u00e0 tirer la chasse d\u2019eau, etc.&nbsp;<\/p>\n\n\n\n<p>S\u2019il ne souhaite rien faire de tout cela, ce n\u2019est pas grave. Vous lui proposerez de nouveau un autre jour&nbsp;! Vos encouragements, votre \u00e9coute, votre bienveillance et votre patience sauront lui apporter le cadre id\u00e9al pour vivre cet apprentissage avec s\u00e9r\u00e9nit\u00e9.&nbsp;<\/p>\n\n\n\n<h3 class=\"wp-block-heading\"><span class=\"ez-toc-section\" id=\"Le_choix_dun_materiel_adapte_a_lenfant\"><\/span>Le choix d\u2019un mat\u00e9riel adapt\u00e9 \u00e0 l\u2019enfant<span class=\"ez-toc-section-end\"><\/span><\/h3>\n\n\n\n<p>Pour l\u2019accompagner au mieux, il est important de mettre \u00e0 disposition de l\u2019enfant ce dont il a besoin. Vous pouvez faire le choix d\u2019un pot ou d\u2019un r\u00e9ducteur (\u00e0 disposer sur la cuvette des w.c.).&nbsp;<\/p>\n\n\n\n<p>Pour le pot, pensez \u00e0 l\u2019installer dans les toilettes ou dans la salle de bains et pas n\u2019importe o\u00f9. Faire ses besoins repr\u00e9sente un moment d\u2019intimit\u00e9 qui n\u00e9cessite un lieu d\u00e9di\u00e9. Si vous optez pour le r\u00e9ducteur, pensez au marchepied&nbsp;: votre enfant pourra ainsi s\u2019installer sur la cuvette de mani\u00e8re autonome et adopter une position id\u00e9ale.&nbsp;<\/p>\n\n\n\n<p>La propret\u00e9 diurne est&nbsp; acquise&nbsp;? Pour les nuits, laissez une petite lumi\u00e8re allum\u00e9e pour qu\u2019il puisse se rendre facilement sur le pot.&nbsp;<\/p>\n\n\n\n<p><em>La remarque culott\u00e9e&nbsp;: <br>Pour <\/em><a href=\"https:\/\/www.lespetitsculottes.com\/blog\/developper-autonomie-enfant\/\" target=\"_blank\" rel=\"noreferrer noopener\"><em>d\u00e9velopper son autonomie<\/em><\/a><em>, offrez-lui la possibilit\u00e9 de choisir entre le r\u00e9ducteur et le pot, ou bien le pot qu\u2019il pr\u00e9f\u00e8re.<\/em><\/p>\n\n\n\n<h3 class=\"wp-block-heading\"><span class=\"ez-toc-section\" id=\"Les_couches-culottes_un_pas_de_plus_vers_lautonomie\"><\/span>Les couches-culottes&nbsp;: un pas de plus vers l\u2019autonomie<span class=\"ez-toc-section-end\"><\/span><\/h3>\n\n\n\n<p>Pour votre Petit culott\u00e9, un <a href=\"https:\/\/www.lespetitsculottes.com\/fr\/accueil\/9-abonnement-couche-bio.html\">abonnement de couches-culottes<\/a> repr\u00e9sente une transition int\u00e9ressante en journ\u00e9e pour les pr\u00e9mices de la propret\u00e9, puis durant la sieste et la nuit. Elle offre une certaine ind\u00e9pendance \u00e0 l\u2019enfant\u00a0: il peut rapidement et facilement l\u2019enlever pour se rendre aux toilettes seul. \u00c0 chaque change, n\u2019h\u00e9sitez pas \u00e0 demander \u00e0 votre petit tr\u00e9sor s\u2019il veut aller sur le pot et jeter sa couche dans la poubelle, lui-m\u00eame\u00a0!<\/p>\n\n\n\n<h2 class=\"wp-block-heading\"><span class=\"ez-toc-section\" id=\"Offrir_un_environnement_propice_a_lacquisition_de_la_continence\"><\/span>Offrir un environnement propice \u00e0 l\u2019acquisition de la continence<span class=\"ez-toc-section-end\"><\/span><\/h2>\n\n\n\n<h3 class=\"wp-block-heading\"><span class=\"ez-toc-section\" id=\"Une_communication_privilegiee\"><\/span>Une communication privil\u00e9gi\u00e9e<span class=\"ez-toc-section-end\"><\/span><\/h3>\n\n\n\n<p>Vous souhaitez aider votre enfant dans son apprentissage de la continence&nbsp;? Vous pouvez notamment commencer par verbaliser le processus, lui faire \u00e9couter des comptines sur le sujet, mais aussi <a href=\"https:\/\/www.lespetitsculottes.com\/blog\/signer-avec-bebe-specificites\/\" target=\"_blank\" rel=\"noreferrer noopener\">utiliser la communication par les gestes <\/a>pour nommer<em> le caca, le pipi, le pot<\/em>\u2026 Une communication claire et un vocable juste et adapt\u00e9 offriront \u00e0 l\u2019enfant une meilleure compr\u00e9hension de son corps, de ses sensations et de son fonctionnement.&nbsp;<\/p>\n\n\n\n<p>Pensez \u00e0 valoriser les actions de votre bout de chou&nbsp;: ce n\u2019est pas facile de devenir <em>un grand&nbsp;<\/em>! Cependant, inutile de lui faire une remise de m\u00e9daille \u00e0 chaque passage aux toilettes. Vos encouragements et votre soutien suffisent ;).&nbsp;<\/p>\n\n\n\n<p><em>La remarque culott\u00e9e&nbsp;: <\/em><em><br><\/em><em>Discutez avec le personnel de la cr\u00e8che ou votre assistante maternelle pour que l\u2019accompagnement se fasse \u00e9galement \u00e0 l\u2019ext\u00e9rieur du domicile. Expliquez-leur ce que vous avez d\u00e9j\u00e0 mis en place, ce que vous observez, son comportement par rapport au pot, ce qui fonctionne ou pas, etc.&nbsp;<\/em><\/p>\n\n\n\n<h3 class=\"wp-block-heading\"><span class=\"ez-toc-section\" id=\"Le_jeu_pour_apprendre_a_devenir_propre\"><\/span>Le jeu pour apprendre \u00e0 devenir propre&nbsp;<span class=\"ez-toc-section-end\"><\/span><\/h3>\n\n\n\n<p>Devenir propre, un jeu d\u2019enfants&nbsp;? Apprendre en s\u2019amusant, c\u2019est tout de suite plus int\u00e9ressant&nbsp;! Voici quelques id\u00e9es ludiques pour soutenir son apprentissage&nbsp;:&nbsp;<\/p>\n\n\n\n<ul class=\"wp-block-list\">\n<li>lui faire manipuler de la p\u00e2te \u00e0 modeler, de la p\u00e2te \u00e0 sel, du sable magique\u2026 (avec la pr\u00e9sence d&rsquo;un adulte) ;<\/li>\n\n\n\n<li>lui proposer de jouer \u00e0 changer la couche de son poupon, le faire aller sur son \u00ab&nbsp;pot&nbsp;\u00bb&nbsp;;<\/li>\n\n\n\n<li>utiliser les bo\u00eetes \u00e0 forme pour se familiariser avec la notion de disparition de l\u2019objet&nbsp;; l\u2019enfant a besoin d\u2019\u00eatre rassur\u00e9&nbsp;: les selles s\u2019en vont de son corps, mais ce dernier, lui, existe toujours, il ne dispara\u00eet pas&nbsp;;<\/li>\n\n\n\n<li>lui raconter des histoires traitant du sujet et mettant en sc\u00e8ne ses h\u00e9ros pr\u00e9f\u00e9r\u00e9s&nbsp;: Tchoupi sur le pot, P\u2019tit Loup\u2026 mais aussi des imagiers. Il existe de nombreuses r\u00e9f\u00e9rences jeunesse pour l\u2019accompagner avec douceur. Le livre <em>De la petite taupe qui voulait savoir qui lui avait fait sur la t\u00eate <\/em>conna\u00eet souvent un franc succ\u00e8s aupr\u00e8s des jeunes enfants&nbsp;;<\/li>\n\n\n\n<li>afficher un poster des routines du petit coin et <a href=\"https:\/\/www.lespetitsculottes.com\/blog\/education-a-lhygiene-corporelle-chez-lenfant\/\" target=\"_blank\" rel=\"noreferrer noopener\">les r\u00e8gles d\u2019hygi\u00e8ne<\/a>\u2026&nbsp;<\/li>\n<\/ul>\n\n\n\n<p>Votre enfant se montre int\u00e9ress\u00e9 par ce que contient sa couche&nbsp;? Ses petits copains de la cr\u00e8che commencent \u00e0 aller sur le pot&nbsp;? Vous voici fin pr\u00eats pour l\u2019accompagner au mieux ! Gr\u00e2ce \u00e0 votre soutien et vos encouragements, il vivra cette nouvelle \u00e9tape avec confiance et s\u00e9r\u00e9nit\u00e9. Pensez \u00e0 demander conseil aupr\u00e8s de votre p\u00e9diatre ou de votre m\u00e9decin g\u00e9n\u00e9raliste pour avoir plus d\u2019infos et d\u2019indications personnalis\u00e9es.&nbsp;<\/p>\n\n\n\n<p><\/p>\n\n\n\n<p><\/p>\n\n\n\n<p><\/p>\n\n\n\n<p style=\"font-size:11px\">Sources&nbsp;:<\/p>\n\n\n\n<p style=\"font-size:11px\"><a href=\"https:\/\/www.inspq.qc.ca\/mieux-vivre\/bebe\/le-developpement-de-l-enfant\/apprentissage-de-la-proprete\">https:\/\/www.inspq.qc.ca\/mieux-vivre\/bebe\/le-developpement-de-l-enfant\/apprentissage-de-la-proprete<\/a><br><a href=\"https:\/\/lesprosdelapetiteenfance.fr\/bebes-enfants\/psycho-developpement\/lacquisition-de-la-proprete\/acquisition-de-la-proprete-le-point-de-vue-dune-psychomotricienne\">https:\/\/lesprosdelapetiteenfance.fr\/bebes-enfants\/psycho-developpement\/lacquisition-de-la-proprete\/acquisition-de-la-proprete-le-point-de-vue-dune-psychomotricienne<\/a><\/p>\n","protected":false},"excerpt":{"rendered":"<p>L\u2019acquisition de la continence correspond \u00e0 une \u00e9tape charni\u00e8re dans [&hellip;]<\/p>\n","protected":false},"author":1,"featured_media":1408,"comment_status":"closed","ping_status":"closed","sticky":false,"template":"","format":"standard","meta":{"footnotes":""},"categories":[10],"class_list":["post-1407","post","type-post","status-publish","format-standard","has-post-thumbnail","hentry","category-bebe-culotte"],"yoast_head":"<!-- This site is optimized with the Yoast SEO plugin v26.2 - https:\/\/yoast.com\/wordpress\/plugins\/seo\/ -->\n<title>Apprentissage de la Propret\u00e9 : Accompagner B\u00e9b\u00e9 \u00e0 son Rythme<\/title>\n<meta name=\"description\" content=\"L\u2019apprentissage de la propret\u00e9 marque une \u00e9tape importante dans la vie de b\u00e9b\u00e9. D\u00e9couvrez comment faire pour le soutenir durant cette p\u00e9riode ?\" \/>\n<meta name=\"robots\" content=\"index, follow, max-snippet:-1, max-image-preview:large, max-video-preview:-1\" \/>\n<link rel=\"canonical\" href=\"https:\/\/www.lespetitsculottes.com\/blog\/apprentissage-proprete\/\" \/>\n<meta property=\"og:locale\" content=\"fr_FR\" \/>\n<meta property=\"og:type\" content=\"article\" \/>\n<meta property=\"og:title\" content=\"Apprentissage de la Propret\u00e9 : Accompagner B\u00e9b\u00e9 \u00e0 son Rythme\" \/>\n<meta property=\"og:description\" content=\"L\u2019apprentissage de la propret\u00e9 marque une \u00e9tape importante dans la vie de b\u00e9b\u00e9. D\u00e9couvrez comment faire pour le soutenir durant cette p\u00e9riode ?\" \/>\n<meta property=\"og:url\" content=\"https:\/\/www.lespetitsculottes.com\/blog\/apprentissage-proprete\/\" \/>\n<meta property=\"og:site_name\" content=\"Les Petits Culott\u00e9s\" \/>\n<meta property=\"article:published_time\" content=\"2022-07-28T15:00:00+00:00\" \/>\n<meta property=\"article:modified_time\" content=\"2026-04-28T14:30:13+00:00\" \/>\n<meta property=\"og:image\" content=\"https:\/\/www.lespetitsculottes.com\/blog\/wp-content\/uploads\/2022\/07\/accompagner-apprentissage-proprete.jpg\" \/>\n\t<meta property=\"og:image:width\" content=\"830\" \/>\n\t<meta property=\"og:image:height\" content=\"560\" \/>\n\t<meta property=\"og:image:type\" content=\"image\/jpeg\" \/>\n<meta name=\"author\" content=\"Admin 23Prod\" \/>\n<meta name=\"twitter:card\" content=\"summary_large_image\" \/>\n<meta name=\"twitter:label1\" content=\"\u00c9crit par\" \/>\n\t<meta name=\"twitter:data1\" content=\"Admin 23Prod\" \/>\n\t<meta name=\"twitter:label2\" content=\"Dur\u00e9e de lecture estim\u00e9e\" \/>\n\t<meta name=\"twitter:data2\" content=\"7 minutes\" \/>\n<script type=\"application\/ld+json\" class=\"yoast-schema-graph\">{\"@context\":\"https:\/\/schema.org\",\"@graph\":[{\"@type\":\"WebPage\",\"@id\":\"https:\/\/www.lespetitsculottes.com\/blog\/apprentissage-proprete\/\",\"url\":\"https:\/\/www.lespetitsculottes.com\/blog\/apprentissage-proprete\/\",\"name\":\"Apprentissage de la Propret\u00e9 : Accompagner B\u00e9b\u00e9 \u00e0 son Rythme\",\"isPartOf\":{\"@id\":\"https:\/\/www.lespetitsculottes.com\/blog\/#website\"},\"primaryImageOfPage\":{\"@id\":\"https:\/\/www.lespetitsculottes.com\/blog\/apprentissage-proprete\/#primaryimage\"},\"image\":{\"@id\":\"https:\/\/www.lespetitsculottes.com\/blog\/apprentissage-proprete\/#primaryimage\"},\"thumbnailUrl\":\"https:\/\/www.lespetitsculottes.com\/blog\/wp-content\/uploads\/2022\/07\/accompagner-apprentissage-proprete.jpg\",\"datePublished\":\"2022-07-28T15:00:00+00:00\",\"dateModified\":\"2026-04-28T14:30:13+00:00\",\"author\":{\"@id\":\"https:\/\/www.lespetitsculottes.com\/blog\/#\/schema\/person\/d67501f1427510d030b375d864acaecb\"},\"description\":\"L\u2019apprentissage de la propret\u00e9 marque une \u00e9tape importante dans la vie de b\u00e9b\u00e9. D\u00e9couvrez comment faire pour le soutenir durant cette p\u00e9riode ?\",\"breadcrumb\":{\"@id\":\"https:\/\/www.lespetitsculottes.com\/blog\/apprentissage-proprete\/#breadcrumb\"},\"inLanguage\":\"fr-FR\",\"potentialAction\":[{\"@type\":\"ReadAction\",\"target\":[\"https:\/\/www.lespetitsculottes.com\/blog\/apprentissage-proprete\/\"]}]},{\"@type\":\"ImageObject\",\"inLanguage\":\"fr-FR\",\"@id\":\"https:\/\/www.lespetitsculottes.com\/blog\/apprentissage-proprete\/#primaryimage\",\"url\":\"https:\/\/www.lespetitsculottes.com\/blog\/wp-content\/uploads\/2022\/07\/accompagner-apprentissage-proprete.jpg\",\"contentUrl\":\"https:\/\/www.lespetitsculottes.com\/blog\/wp-content\/uploads\/2022\/07\/accompagner-apprentissage-proprete.jpg\",\"width\":830,\"height\":560,\"caption\":\"Cr\u00e9dit photo : canva\"},{\"@type\":\"BreadcrumbList\",\"@id\":\"https:\/\/www.lespetitsculottes.com\/blog\/apprentissage-proprete\/#breadcrumb\",\"itemListElement\":[{\"@type\":\"ListItem\",\"position\":1,\"name\":\"Home\",\"item\":\"https:\/\/www.lespetitsculottes.com\/blog\/\"},{\"@type\":\"ListItem\",\"position\":2,\"name\":\"Acquisition de la propret\u00e9 : comment accompagner au mieux le jeune enfant ?\"}]},{\"@type\":\"WebSite\",\"@id\":\"https:\/\/www.lespetitsculottes.com\/blog\/#website\",\"url\":\"https:\/\/www.lespetitsculottes.com\/blog\/\",\"name\":\"Les petits culott\u00e9s\",\"description\":\"Le blog des Petits Culott\u00e9s\",\"potentialAction\":[{\"@type\":\"SearchAction\",\"target\":{\"@type\":\"EntryPoint\",\"urlTemplate\":\"https:\/\/www.lespetitsculottes.com\/blog\/?s={search_term_string}\"},\"query-input\":{\"@type\":\"PropertyValueSpecification\",\"valueRequired\":true,\"valueName\":\"search_term_string\"}}],\"inLanguage\":\"fr-FR\"},{\"@type\":\"Person\",\"@id\":\"https:\/\/www.lespetitsculottes.com\/blog\/#\/schema\/person\/d67501f1427510d030b375d864acaecb\",\"name\":\"Admin 23Prod\",\"image\":{\"@type\":\"ImageObject\",\"inLanguage\":\"fr-FR\",\"@id\":\"https:\/\/www.lespetitsculottes.com\/blog\/#\/schema\/person\/image\/\",\"url\":\"https:\/\/secure.gravatar.com\/avatar\/d07fc7773d840429da1fba32fa2027ef4f681ca12979b4997c63c8869d9a78ca?s=96&d=wp_user_avatar&r=g\",\"contentUrl\":\"https:\/\/secure.gravatar.com\/avatar\/d07fc7773d840429da1fba32fa2027ef4f681ca12979b4997c63c8869d9a78ca?s=96&d=wp_user_avatar&r=g\",\"caption\":\"Admin 23Prod\"},\"description\":\"D\u00e9veloppeur\",\"url\":\"https:\/\/www.lespetitsculottes.com\/blog\/auteur\/lpc\/\"}]}<\/script>\n<!-- \/ Yoast SEO plugin. -->","yoast_head_json":{"title":"Apprentissage de la Propret\u00e9 : Accompagner B\u00e9b\u00e9 \u00e0 son Rythme","description":"L\u2019apprentissage de la propret\u00e9 marque une \u00e9tape importante dans la vie de b\u00e9b\u00e9. D\u00e9couvrez comment faire pour le soutenir durant cette p\u00e9riode ?","robots":{"index":"index","follow":"follow","max-snippet":"max-snippet:-1","max-image-preview":"max-image-preview:large","max-video-preview":"max-video-preview:-1"},"canonical":"https:\/\/www.lespetitsculottes.com\/blog\/apprentissage-proprete\/","og_locale":"fr_FR","og_type":"article","og_title":"Apprentissage de la Propret\u00e9 : Accompagner B\u00e9b\u00e9 \u00e0 son Rythme","og_description":"L\u2019apprentissage de la propret\u00e9 marque une \u00e9tape importante dans la vie de b\u00e9b\u00e9. D\u00e9couvrez comment faire pour le soutenir durant cette p\u00e9riode ?","og_url":"https:\/\/www.lespetitsculottes.com\/blog\/apprentissage-proprete\/","og_site_name":"Les Petits Culott\u00e9s","article_published_time":"2022-07-28T15:00:00+00:00","article_modified_time":"2026-04-28T14:30:13+00:00","og_image":[{"width":830,"height":560,"url":"https:\/\/www.lespetitsculottes.com\/blog\/wp-content\/uploads\/2022\/07\/accompagner-apprentissage-proprete.jpg","type":"image\/jpeg"}],"author":"Admin 23Prod","twitter_card":"summary_large_image","twitter_misc":{"\u00c9crit par":"Admin 23Prod","Dur\u00e9e de lecture estim\u00e9e":"7 minutes"},"schema":{"@context":"https:\/\/schema.org","@graph":[{"@type":"WebPage","@id":"https:\/\/www.lespetitsculottes.com\/blog\/apprentissage-proprete\/","url":"https:\/\/www.lespetitsculottes.com\/blog\/apprentissage-proprete\/","name":"Apprentissage de la Propret\u00e9 : Accompagner B\u00e9b\u00e9 \u00e0 son Rythme","isPartOf":{"@id":"https:\/\/www.lespetitsculottes.com\/blog\/#website"},"primaryImageOfPage":{"@id":"https:\/\/www.lespetitsculottes.com\/blog\/apprentissage-proprete\/#primaryimage"},"image":{"@id":"https:\/\/www.lespetitsculottes.com\/blog\/apprentissage-proprete\/#primaryimage"},"thumbnailUrl":"https:\/\/www.lespetitsculottes.com\/blog\/wp-content\/uploads\/2022\/07\/accompagner-apprentissage-proprete.jpg","datePublished":"2022-07-28T15:00:00+00:00","dateModified":"2026-04-28T14:30:13+00:00","author":{"@id":"https:\/\/www.lespetitsculottes.com\/blog\/#\/schema\/person\/d67501f1427510d030b375d864acaecb"},"description":"L\u2019apprentissage de la propret\u00e9 marque une \u00e9tape importante dans la vie de b\u00e9b\u00e9. D\u00e9couvrez comment faire pour le soutenir durant cette p\u00e9riode ?","breadcrumb":{"@id":"https:\/\/www.lespetitsculottes.com\/blog\/apprentissage-proprete\/#breadcrumb"},"inLanguage":"fr-FR","potentialAction":[{"@type":"ReadAction","target":["https:\/\/www.lespetitsculottes.com\/blog\/apprentissage-proprete\/"]}]},{"@type":"ImageObject","inLanguage":"fr-FR","@id":"https:\/\/www.lespetitsculottes.com\/blog\/apprentissage-proprete\/#primaryimage","url":"https:\/\/www.lespetitsculottes.com\/blog\/wp-content\/uploads\/2022\/07\/accompagner-apprentissage-proprete.jpg","contentUrl":"https:\/\/www.lespetitsculottes.com\/blog\/wp-content\/uploads\/2022\/07\/accompagner-apprentissage-proprete.jpg","width":830,"height":560,"caption":"Cr\u00e9dit photo : canva"},{"@type":"BreadcrumbList","@id":"https:\/\/www.lespetitsculottes.com\/blog\/apprentissage-proprete\/#breadcrumb","itemListElement":[{"@type":"ListItem","position":1,"name":"Home","item":"https:\/\/www.lespetitsculottes.com\/blog\/"},{"@type":"ListItem","position":2,"name":"Acquisition de la propret\u00e9 : comment accompagner au mieux le jeune enfant ?"}]},{"@type":"WebSite","@id":"https:\/\/www.lespetitsculottes.com\/blog\/#website","url":"https:\/\/www.lespetitsculottes.com\/blog\/","name":"Les petits culott\u00e9s","description":"Le blog des Petits Culott\u00e9s","potentialAction":[{"@type":"SearchAction","target":{"@type":"EntryPoint","urlTemplate":"https:\/\/www.lespetitsculottes.com\/blog\/?s={search_term_string}"},"query-input":{"@type":"PropertyValueSpecification","valueRequired":true,"valueName":"search_term_string"}}],"inLanguage":"fr-FR"},{"@type":"Person","@id":"https:\/\/www.lespetitsculottes.com\/blog\/#\/schema\/person\/d67501f1427510d030b375d864acaecb","name":"Admin 23Prod","image":{"@type":"ImageObject","inLanguage":"fr-FR","@id":"https:\/\/www.lespetitsculottes.com\/blog\/#\/schema\/person\/image\/","url":"https:\/\/secure.gravatar.com\/avatar\/d07fc7773d840429da1fba32fa2027ef4f681ca12979b4997c63c8869d9a78ca?s=96&d=wp_user_avatar&r=g","contentUrl":"https:\/\/secure.gravatar.com\/avatar\/d07fc7773d840429da1fba32fa2027ef4f681ca12979b4997c63c8869d9a78ca?s=96&d=wp_user_avatar&r=g","caption":"Admin 23Prod"},"description":"D\u00e9veloppeur","url":"https:\/\/www.lespetitsculottes.com\/blog\/auteur\/lpc\/"}]}},"_links":{"self":[{"href":"https:\/\/www.lespetitsculottes.com\/blog\/wp-json\/wp\/v2\/posts\/1407","targetHints":{"allow":["GET"]}}],"collection":[{"href":"https:\/\/www.lespetitsculottes.com\/blog\/wp-json\/wp\/v2\/posts"}],"about":[{"href":"https:\/\/www.lespetitsculottes.com\/blog\/wp-json\/wp\/v2\/types\/post"}],"author":[{"embeddable":true,"href":"https:\/\/www.lespetitsculottes.com\/blog\/wp-json\/wp\/v2\/users\/1"}],"replies":[{"embeddable":true,"href":"https:\/\/www.lespetitsculottes.com\/blog\/wp-json\/wp\/v2\/comments?post=1407"}],"version-history":[{"count":11,"href":"https:\/\/www.lespetitsculottes.com\/blog\/wp-json\/wp\/v2\/posts\/1407\/revisions"}],"predecessor-version":[{"id":4847,"href":"https:\/\/www.lespetitsculottes.com\/blog\/wp-json\/wp\/v2\/posts\/1407\/revisions\/4847"}],"wp:featuredmedia":[{"embeddable":true,"href":"https:\/\/www.lespetitsculottes.com\/blog\/wp-json\/wp\/v2\/media\/1408"}],"wp:attachment":[{"href":"https:\/\/www.lespetitsculottes.com\/blog\/wp-json\/wp\/v2\/media?parent=1407"}],"wp:term":[{"taxonomy":"category","embeddable":true,"href":"https:\/\/www.lespetitsculottes.com\/blog\/wp-json\/wp\/v2\/categories?post=1407"}],"curies":[{"name":"wp","href":"https:\/\/api.w.org\/{rel}","templated":true}]}}