{"id":1639,"date":"2022-12-15T17:00:00","date_gmt":"2022-12-15T16:00:00","guid":{"rendered":"https:\/\/www.lespetitsculottes.com\/blog\/?p=1639"},"modified":"2026-04-09T10:20:58","modified_gmt":"2026-04-09T08:20:58","slug":"quelle-poussette-choisir","status":"publish","type":"post","link":"https:\/\/www.lespetitsculottes.com\/blog\/quelle-poussette-choisir\/","title":{"rendered":"Quelle poussette choisir pour mon b\u00e9b\u00e9 ? Nos conseils pratiques"},"content":{"rendered":"<div id=\"ez-toc-container\" class=\"ez-toc-v2_0_76 counter-hierarchy ez-toc-counter ez-toc-white ez-toc-container-direction\">\n<div class=\"ez-toc-title-container\"><p class=\"ez-toc-title\" style=\"cursor:inherit\">Sommaire<\/p>\n<\/div><nav><ul class='ez-toc-list ez-toc-list-level-1 ' ><li class='ez-toc-page-1 ez-toc-heading-level-2'><a class=\"ez-toc-link ez-toc-heading-1\" href=\"https:\/\/www.lespetitsculottes.com\/blog\/quelle-poussette-choisir\/#Quelle_poussette_choisir_en_fonction_de_lage_de_bebe\" >Quelle poussette choisir en fonction de l\u2019\u00e2ge de b\u00e9b\u00e9 ?<\/a><ul class='ez-toc-list-level-3' ><li class='ez-toc-heading-level-3'><a class=\"ez-toc-link ez-toc-heading-2\" href=\"https:\/\/www.lespetitsculottes.com\/blog\/quelle-poussette-choisir\/#La_poussette_ideale_pour_les_nourrissons\" >La poussette id\u00e9ale pour les nourrissons<\/a><\/li><li class='ez-toc-page-1 ez-toc-heading-level-3'><a class=\"ez-toc-link ez-toc-heading-3\" href=\"https:\/\/www.lespetitsculottes.com\/blog\/quelle-poussette-choisir\/#Un_modele_pour_petits_grands_culottes\" >Un mod\u00e8le pour petits grands culott\u00e9s<\/a><\/li><\/ul><\/li><li class='ez-toc-page-1 ez-toc-heading-level-2'><a class=\"ez-toc-link ez-toc-heading-4\" href=\"https:\/\/www.lespetitsculottes.com\/blog\/quelle-poussette-choisir\/#Choisir_sa_poussette_selon_son_mode_de_vie\" >Choisir sa poussette selon son mode de vie<\/a><ul class='ez-toc-list-level-3' ><li class='ez-toc-heading-level-3'><a class=\"ez-toc-link ez-toc-heading-5\" href=\"https:\/\/www.lespetitsculottes.com\/blog\/quelle-poussette-choisir\/#A_la_ville_vive_la_maniabilite_la_praticite_et_le_gain_de_place\" >\u00c0 la ville : vive la maniabilit\u00e9, la praticit\u00e9 et le gain de place<\/a><\/li><li class='ez-toc-page-1 ez-toc-heading-level-3'><a class=\"ez-toc-link ez-toc-heading-6\" href=\"https:\/\/www.lespetitsculottes.com\/blog\/quelle-poussette-choisir\/#Un_modele_tout_terrain_pour_les_promenades_hors_des_sentiers_battus\" >Un mod\u00e8le tout terrain pour les promenades hors des sentiers battus<\/a><\/li><li class='ez-toc-page-1 ez-toc-heading-level-3'><a class=\"ez-toc-link ez-toc-heading-7\" href=\"https:\/\/www.lespetitsculottes.com\/blog\/quelle-poussette-choisir\/#Une_poussette_pour_les_parents_sportifs\" >Une poussette pour les parents sportifs<\/a><\/li><li class='ez-toc-page-1 ez-toc-heading-level-3'><a class=\"ez-toc-link ez-toc-heading-8\" href=\"https:\/\/www.lespetitsculottes.com\/blog\/quelle-poussette-choisir\/#Une_poussette_plusieurs_enfants\" >Une poussette = plusieurs enfants<\/a><\/li><\/ul><\/li><li class='ez-toc-page-1 ez-toc-heading-level-2'><a class=\"ez-toc-link ez-toc-heading-9\" href=\"https:\/\/www.lespetitsculottes.com\/blog\/quelle-poussette-choisir\/#Et_les_accessoires_pour_la_poussette_dans_tout_ca_Voici_le_point_sur_ce_qui_est_utile_et_ce_qui_lest_moins\" >Et les accessoires pour la poussette dans tout \u00e7a ? Voici le point sur ce qui est utile et ce qui l\u2019est moins<\/a><ul class='ez-toc-list-level-3' ><li class='ez-toc-heading-level-3'><a class=\"ez-toc-link ez-toc-heading-10\" href=\"https:\/\/www.lespetitsculottes.com\/blog\/quelle-poussette-choisir\/#Un_panier_ou_espace_de_rangement\" >Un panier ou espace de rangement<\/a><\/li><li class='ez-toc-page-1 ez-toc-heading-level-3'><a class=\"ez-toc-link ez-toc-heading-11\" href=\"https:\/\/www.lespetitsculottes.com\/blog\/quelle-poussette-choisir\/#La_chanceliere\" >La chanceli\u00e8re&nbsp;<\/a><\/li><li class='ez-toc-page-1 ez-toc-heading-level-3'><a class=\"ez-toc-link ez-toc-heading-12\" href=\"https:\/\/www.lespetitsculottes.com\/blog\/quelle-poussette-choisir\/#Lhabillage_de_pluie\" >L\u2019habillage de pluie<\/a><\/li><li class='ez-toc-page-1 ez-toc-heading-level-3'><a class=\"ez-toc-link ez-toc-heading-13\" href=\"https:\/\/www.lespetitsculottes.com\/blog\/quelle-poussette-choisir\/#Lombrelle_de_poussette\" >L\u2019ombrelle de poussette&nbsp;<\/a><\/li><li class='ez-toc-page-1 ez-toc-heading-level-3'><a class=\"ez-toc-link ez-toc-heading-14\" href=\"https:\/\/www.lespetitsculottes.com\/blog\/quelle-poussette-choisir\/#La_moustiquaire\" >La moustiquaire&nbsp;<\/a><\/li><li class='ez-toc-page-1 ez-toc-heading-level-3'><a class=\"ez-toc-link ez-toc-heading-15\" href=\"https:\/\/www.lespetitsculottes.com\/blog\/quelle-poussette-choisir\/#Une_option_qui_pense_aussi_au_grand_frere_ou_a_la_grande_soeur\" >Une option qui pense aussi au grand fr\u00e8re ou \u00e0 la grande s\u0153ur<\/a><\/li><\/ul><\/li><li class='ez-toc-page-1 ez-toc-heading-level-2'><a class=\"ez-toc-link ez-toc-heading-16\" href=\"https:\/\/www.lespetitsculottes.com\/blog\/quelle-poussette-choisir\/#Comment_alleger_la_facture_de_votre_poussette\" >Comment all\u00e9ger la facture de votre poussette ?<\/a><\/li><li class='ez-toc-page-1 ez-toc-heading-level-2'><a class=\"ez-toc-link ez-toc-heading-17\" href=\"https:\/\/www.lespetitsculottes.com\/blog\/quelle-poussette-choisir\/#Comment_choisir_sa_poussette_le_mot_de_la_fin\" >Comment choisir sa poussette : le mot de la fin !<\/a><\/li><\/ul><\/nav><\/div>\n\n<p><strong>Futurs parents<\/strong>, si vous lisez cet article, c\u2019est qu\u2019il y a de fortes chances pour que vous soyez en qu\u00eate de LA <strong>poussette id\u00e9ale<\/strong>, parfaite et r\u00eav\u00e9e pour votre petit culott\u00e9 ! Votre bout de chou sera bient\u00f4t parmi vous, alors forc\u00e9ment, vous commencez \u00e0 r\u00e9fl\u00e9chir au c\u00f4t\u00e9 <strong>pratique<\/strong> et logistique. Votre constat : <strong>choisir une poussette<\/strong> est un v\u00e9ritable casse t\u00eate ! Comment s\u2019y retrouver dans la jungle des <strong>poussettes pour b\u00e9b\u00e9s<\/strong> ? Quels <strong>crit\u00e8res<\/strong> prendre en compte pour <strong>r\u00e9ussir \u00e0 se d\u00e9cider <\/strong>? On vous explique tout dans ce petit guide !&nbsp;<\/p>\n\n\n\n<h2 class=\"wp-block-heading\"><span class=\"ez-toc-section\" id=\"Quelle_poussette_choisir_en_fonction_de_lage_de_bebe\"><\/span><strong>Quelle poussette choisir en fonction de l\u2019\u00e2ge de b\u00e9b\u00e9 ?<\/strong><span class=\"ez-toc-section-end\"><\/span><\/h2>\n\n\n\n<h3 class=\"wp-block-heading\"><span class=\"ez-toc-section\" id=\"La_poussette_ideale_pour_les_nourrissons\"><\/span>La poussette id\u00e9ale pour les nourrissons<span class=\"ez-toc-section-end\"><\/span><\/h3>\n\n\n\n<p>Avant tout, pensez au confort ! D\u00e8s la naissance, deux options s\u2019offrent \u00e0 vous : la nacelle ou la coque\/cosy. Dans les deux cas, il est possible de placer b\u00e9b\u00e9 face \u00e0 vous, en contact visuel permanent.<\/p>\n\n\n\n<p>Le cosy marque un point pour la transition poussette\/voiture. En effet, il se d\u00e9clipse en un clin d\u2019\u0153il (ou presque) du ch\u00e2ssis pour prendre place sur le si\u00e8ge de la voiture, dos \u00e0 la route. Pratique ! Petit rappel : pour garantir une s\u00e9curit\u00e9 optimale \u00e0 votre bout de chou, pensez \u00e0 lui enlever son manteau dans la voiture. Le harnais est ainsi bien ajust\u00e9 ! Attention \u00e9galement \u00e0 ne pas laisser b\u00e9b\u00e9 trop longtemps dans son cosy : b\u00e9b\u00e9 doit pouvoir se d\u00e9tendre le dos r\u00e9guli\u00e8rement.<\/p>\n\n\n\n<p>Quant \u00e0 la nacelle, elle permet au nouveau n\u00e9 de s\u2019allonger sur le dos, sans \u00eatre contraint et de profiter pleinement de sa sieste, r\u00e9cup\u00e9ratrice. Elle peut remplacer un petit lit d\u2019appoint, parfait pour les sorties dans la famille ou chez les amis ! Par contre, elle n\u2019est pas recommand\u00e9e pour le transport en voiture. Vous devrez donc installer b\u00e9b\u00e9 dans un si\u00e8ge auto groupe 0+\/1.<\/p>\n\n\n\n<p><em>La remarque culott\u00e9e :&nbsp;<\/em><\/p>\n\n\n\n<p><em>Les packs trio sont tentants : tout est inclus, la coque, la nacelle et l\u2019assise pour transformer la poussette en poussette canne. Sur le papier, une excellente solution. Plus ch\u00e8re \u00e0 l\u2019achat, celle-ci n\u00e9cessite \u00e9galement d\u2019avoir de la place pour stocker tous les \u00e9l\u00e9ments. De plus, en pratique, il y a de fortes chances que vous ne vous serviez pas de tous les accessoires fournis.<\/em><\/p>\n\n\n\n<h3 class=\"wp-block-heading\"><span class=\"ez-toc-section\" id=\"Un_modele_pour_petits_grands_culottes\"><\/span>Un mod\u00e8le pour petits grands culott\u00e9s<span class=\"ez-toc-section-end\"><\/span><\/h3>\n\n\n\n<p>Vers 6 mois, b\u00e9b\u00e9 peut d\u00e9sormais se tenir assis dans la poussette. Il a envie de voir le monde qui l\u2019entoure ! L\u2019id\u00e9al pour lui&nbsp; ? Une poussette canne avec un hamac inclinable, pour passer facilement de la position assise \u00e0 la position semi-allong\u00e9e (parfaite pour les petites siestes improvis\u00e9es de nos mini champions). Ce <em>must-have <\/em>se veut de plus en plus fonctionnel et accessoiris\u00e9. Pour autant, les poussettes-cannes d\u2019aujourd\u2019hui n\u2019en restent pas moins pratiques et maniables. Elles sauront \u00e9galement convenir aux marcheurs en herbe qui m\u00e9ritent bien de se d\u00e9tendre un peu les jambes apr\u00e8s avoir parcouru quelques centaines de m\u00e8tres \u00e0 pied !&nbsp;&nbsp;<\/p>\n\n\n\n<p><em>La remarque culott\u00e9e :&nbsp;<\/em><\/p>\n\n\n\n<p><em>Les poussettes \u00e9volutives sont une bonne option pour ne pas changer de mat\u00e9riel \u00e0 chaque grande \u00e9tape de la vie de b\u00e9b\u00e9. Certaines marques comme Babyzen ou encore Stokke proposent des mod\u00e8les l\u00e9gers et confort qui permettent de transporter b\u00e9b\u00e9 de la naissance jusqu\u2019\u00e0 ses 3 ans (voir plus), gr\u00e2ce \u00e0 l\u2019assise multipositions, au repose-jambes et au ch\u00e2ssis adaptable.&nbsp;<\/em><\/p>\n\n\n\n<h2 class=\"wp-block-heading\"><span class=\"ez-toc-section\" id=\"Choisir_sa_poussette_selon_son_mode_de_vie\"><\/span>Choisir sa poussette selon son mode de vie<span class=\"ez-toc-section-end\"><\/span><\/h2>\n\n\n\n<h3 class=\"wp-block-heading\"><span class=\"ez-toc-section\" id=\"A_la_ville_vive_la_maniabilite_la_praticite_et_le_gain_de_place\"><\/span>\u00c0 la ville : vive la maniabilit\u00e9, la praticit\u00e9 et le gain de place<span class=\"ez-toc-section-end\"><\/span><\/h3>\n\n\n\n<p>Vous \u00eates citadin ? Avant de vous d\u00e9cider, pensez avant tout \u00ab praticit\u00e9 \u00bb et \u00ab quotidien facilit\u00e9 \u00bb ! Pour vous, la poussette parfaite sera :&nbsp;&nbsp;<\/p>\n\n\n\n<ul class=\"wp-block-list\">\n<li>facile \u00e0 ranger ;<\/li>\n\n\n\n<li>\u00e9volutive ;<\/li>\n\n\n\n<li>pas trop large pour rouler sur les trottoirs ;<\/li>\n\n\n\n<li>maniable gr\u00e2ce \u00e0 ses petites roues ;<\/li>\n\n\n\n<li>pliable et poids plume pour prendre les transports en commun sans encombre (entre autres).&nbsp;<\/li>\n<\/ul>\n\n\n\n<p>Bref, l\u2019essentiel sans superflu !&nbsp;<\/p>\n\n\n\n<p>\u27a1\ufe0f Connaissez-vous <a href=\"https:\/\/www.lespetitsculottes.com\/blog\/portage-bebe-echarpe\/\">le portage en \u00e9charpe<\/a> ? Un autre moyen de transporter b\u00e9b\u00e9, pour remplacer ou compl\u00e9ter l\u2019usage de la poussette.&nbsp;<\/p>\n\n\n\n<h3 class=\"wp-block-heading\"><span class=\"ez-toc-section\" id=\"Un_modele_tout_terrain_pour_les_promenades_hors_des_sentiers_battus\"><\/span>Un mod\u00e8le tout terrain pour les promenades hors des sentiers battus<span class=\"ez-toc-section-end\"><\/span><\/h3>\n\n\n\n<p>Vous vivez \u00e0 la campagne ? Sur les chemins un peu escarp\u00e9s ou des terrains quelque peu accident\u00e9s, rien de tel qu\u2019une <strong>poussette tout terrain<\/strong> avec :&nbsp;<\/p>\n\n\n\n<ul class=\"wp-block-list\">\n<li>de larges roues pour une bonne adh\u00e9rence ;&nbsp;<\/li>\n\n\n\n<li>des suspensions au top du top pour garantir un maximum de confort \u00e0 votre tout-petit ;&nbsp;<\/li>\n\n\n\n<li>un ch\u00e2ssis r\u00e9sistant.&nbsp;<\/li>\n<\/ul>\n\n\n\n<p>Vous voici ainsi pr\u00eat \u00e0 arpenter les plus beaux sentiers de promenades pr\u00e8s de chez vous !<\/p>\n\n\n\n<h3 class=\"wp-block-heading\"><span class=\"ez-toc-section\" id=\"Une_poussette_pour_les_parents_sportifs\"><\/span>Une poussette pour les parents sportifs<span class=\"ez-toc-section-end\"><\/span><\/h3>\n\n\n\n<p>Pourquoi choisir entre promenade de sant\u00e9 avec b\u00e9b\u00e9 et petit footing du matin ? Alliez le plaisir de sortir avec votre enfant et celui de la course \u00e0 pied. C\u2019est possible ? Oui, gr\u00e2ce \u00e0 la <strong>poussette trois roues<\/strong> et son guidon parfaitement adapt\u00e9. En plus d\u2019\u00eatre hyper maniable, ce type de poussette int\u00e8gre le frein au niveau du guidon ! Bien vu !<\/p>\n\n\n\n<h3 class=\"wp-block-heading\"><span class=\"ez-toc-section\" id=\"Une_poussette_plusieurs_enfants\"><\/span>Une poussette = plusieurs enfants<span class=\"ez-toc-section-end\"><\/span><\/h3>\n\n\n\n<p>Il n\u2019est pas toujours facile de trouver chaussure \u00e0 son pied quand on cherche une poussette pour des jumeaux, des tripl\u00e9s ou des enfants d\u2019\u00e2ges rapproch\u00e9s.<\/p>\n\n\n\n<p>Si vous \u00eates \u00e0 la recherche d\u2019une <strong>poussette duo<\/strong> ou d\u2019une <strong>poussette trio<\/strong>, deux options existent : en ligne ou c\u00f4te \u00e0 c\u00f4te. En longueur, il est possible de combiner une nacelle avec une coque, ou encore deux nacelles, etc. Aujourd\u2019hui, les fabricants rivalisent d\u2019ing\u00e9niosit\u00e9 pour proposer des produits qui restent pratiques, maniables et faciles \u00e0 ranger. Pour faire un choix \u00e9clair\u00e9, nous vous invitons \u00e0 tester en magasin pour vous rendre compte des diff\u00e9rents ch\u00e2ssis et possibilit\u00e9s d\u2019installation.<\/p>\n\n\n\n<p><em>L&rsquo;astuce culott\u00e9e :<\/em><\/p>\n\n\n\n<p><em>Une poussette l\u00e9g\u00e8re, simple \u00e0 plier et \u00e0 d\u00e9plier, c\u2019est le Graal pour tous les parents : elle se d\u00e9ploie en un clin d\u2019\u0153il et se range aussi vite. Parfait pour \u00e9viter de transformer chaque sortie en s\u00e9ance de musculation ou en num\u00e9ro d\u2019acrobatie !<\/em><\/p>\n\n\n\n<h2 class=\"wp-block-heading\"><span class=\"ez-toc-section\" id=\"Et_les_accessoires_pour_la_poussette_dans_tout_ca_Voici_le_point_sur_ce_qui_est_utile_et_ce_qui_lest_moins\"><\/span>Et les accessoires pour la poussette dans tout \u00e7a ? Voici le point sur ce qui est utile et ce qui l\u2019est moins<span class=\"ez-toc-section-end\"><\/span><\/h2>\n\n\n\n<h3 class=\"wp-block-heading\"><span class=\"ez-toc-section\" id=\"Un_panier_ou_espace_de_rangement\"><\/span>Un panier ou espace de rangement<span class=\"ez-toc-section-end\"><\/span><\/h3>\n\n\n\n<p>C\u2019est clairement indispensable ! Une petite course sur le trajet de la promenade ? Hop, on met le sac de courses dans le panier de rangement (qui se trouve en g\u00e9n\u00e9ral sous le hamac). Bien pratique aussi pour :&nbsp;<\/p>\n\n\n\n<ul class=\"wp-block-list\">\n<li>entreposer les petites affaires de b\u00e9b\u00e9 pour jouer au parc ;<\/li>\n\n\n\n<li>laisser l\u2019habillage de pluie en cas de m\u00e9t\u00e9o capricieuse ;<\/li>\n\n\n\n<li>d\u00e9poser le manteau quand il commence \u00e0 faire trop chaud ;<\/li>\n\n\n\n<li>ranger le sac \u00e0 langer dans lequel vous glisserez vos couches \u00e9cologiques pr\u00e9f\u00e9r\u00e9es avec un <a href=\"https:\/\/www.lespetitsculottes.com\/fr\/accueil\/9-abonnement-couche-bio.html\">abonnement couche b\u00e9b\u00e9<\/a> !<\/li>\n<\/ul>\n\n\n\n<p>\u27a1\ufe0f Et pour ne rien oublier quand vous sortez avec b\u00e9b\u00e9, voici un <a href=\"https:\/\/www.lespetitsculottes.com\/blog\/promenade-avec-bebe\/\">r\u00e9capitulatif des essentiels de la promenade<\/a>.<\/p>\n\n\n\n<h3 class=\"wp-block-heading\"><span class=\"ez-toc-section\" id=\"La_chanceliere\"><\/span>La chanceli\u00e8re&nbsp;<span class=\"ez-toc-section-end\"><\/span><\/h3>\n\n\n\n<p>Il s\u2019agit d\u2019un nid d\u2019ange int\u00e9gr\u00e9 \u00e0 la poussette qui permet de maintenir b\u00e9b\u00e9 bien au chaud lors de ses promenades. Pratique pour la mi-saison quand les&nbsp; temp\u00e9ratures sont un peu fra\u00eeches ou pour affronter la m\u00e9t\u00e9o un peu moins cl\u00e9mente de l\u2019hiver.&nbsp;<\/p>\n\n\n\n<h3 class=\"wp-block-heading\"><span class=\"ez-toc-section\" id=\"Lhabillage_de_pluie\"><\/span>L\u2019habillage de pluie<span class=\"ez-toc-section-end\"><\/span><\/h3>\n\n\n\n<p>Une averse est si vite arriv\u00e9e ! Gr\u00e2ce \u00e0 cet habillage imperm\u00e9able, b\u00e9b\u00e9 reste bien au sec et \u00e0 l\u2019abri des intemp\u00e9ries. Certaines protections sont sp\u00e9cifiques \u00e0 la marque de votre poussette et d\u2019autres sont universelles. L\u00e0 encore, pensez \u00e0 demander conseil en boutique.<\/p>\n\n\n\n<h3 class=\"wp-block-heading\"><span class=\"ez-toc-section\" id=\"Lombrelle_de_poussette\"><\/span><strong>L\u2019ombrelle de poussette&nbsp;<\/strong><span class=\"ez-toc-section-end\"><\/span><\/h3>\n\n\n\n<p>Un soleil un peu trop ardent ? L\u2019ombrelle de poussette vous permet de prot\u00e9ger b\u00e9b\u00e9 des rayons UV sans compromettre sa vue sur le monde ext\u00e9rieur. Fix\u00e9e directement au ch\u00e2ssis, elle s\u2019ajuste facilement et s\u2019oriente au gr\u00e9 de vos d\u00e9placements. Certains mod\u00e8les offrent m\u00eame une protection solaire renforc\u00e9e. N\u2019h\u00e9sitez pas \u00e0 demander conseil en magasin pour choisir une ombrelle adapt\u00e9e \u00e0 votre poussette et \u00e0 vos besoins.&nbsp;<\/p>\n\n\n\n<h3 class=\"wp-block-heading\"><span class=\"ez-toc-section\" id=\"La_moustiquaire\"><\/span><strong>La moustiquaire&nbsp;<\/strong><span class=\"ez-toc-section-end\"><\/span><\/h3>\n\n\n\n<p>Une promenade en pleine nature ou une soir\u00e9e d\u2019\u00e9t\u00e9 ? La moustiquaire sera votre meilleure alli\u00e9e pour pr\u00e9server b\u00e9b\u00e9 des moustiques et autres petits insectes. Elle s\u2019installe en un clin d\u2019\u0153il et forme une barri\u00e8re fine mais efficace, tout en laissant passer l\u2019air et la lumi\u00e8re. L\u00e0 encore, certains mod\u00e8les sont sp\u00e9cifiques \u00e0 une marque, tandis que d\u2019autres sont universels. Pensez \u00e0 comparer et \u00e0 solliciter les conseils d\u2019un professionnel afin de trouver la solution la plus adapt\u00e9e \u00e0 votre configuration.&nbsp;&nbsp;<\/p>\n\n\n\n<h3 class=\"wp-block-heading\"><span class=\"ez-toc-section\" id=\"Une_option_qui_pense_aussi_au_grand_frere_ou_a_la_grande_soeur\"><\/span>Une option qui pense aussi au grand fr\u00e8re ou \u00e0 la grande s\u0153ur<span class=\"ez-toc-section-end\"><\/span><\/h3>\n\n\n\n<p>Si l\u2019a\u00een\u00e9 sait d\u00e9j\u00e0 bien marcher, il est possible d\u2019ajouter un accessoire bien pratique : la planche \u00e0 roulettes (non pas le skateboard de papa ou maman bricol\u00e9 pour l\u2019occasion, hein !). Celle-ci se fixe au ch\u00e2ssis de la poussette et permet de transporter tout le monde en m\u00eame temps, sans frustrer le plus grand qui n\u2019a plus forc\u00e9ment envie d\u2019\u00eatre assis, mais qui peut malgr\u00e9 tout vite se fatiguer en marchant. Pratique et amusant !<\/p>\n\n\n\n<h2 class=\"wp-block-heading\"><span class=\"ez-toc-section\" id=\"Comment_alleger_la_facture_de_votre_poussette\"><\/span><strong>Comment all\u00e9ger la facture de votre poussette ?<\/strong><span class=\"ez-toc-section-end\"><\/span><\/h2>\n\n\n\n<p>Si votre budget est limit\u00e9, plusieurs options s\u2019offrent \u00e0 vous. Pensez d\u2019abord aux magasins d\u2019usine ou aux \u00ab outlets \u00bb, o\u00f9 l\u2019on trouve parfois des poussettes de marques \u00e0 des tarifs r\u00e9duits, souvent parce qu\u2019il s\u2019agit de collections pr\u00e9c\u00e9dentes.&nbsp;<\/p>\n\n\n\n<p>Les p\u00e9riodes de soldes sont \u00e9galement d\u2019excellentes occasions pour trouver un mod\u00e8le plus \u00e9labor\u00e9 \u00e0 un prix plus doux. De plus, certaines enseignes proposent r\u00e9guli\u00e8rement des remises, des ventes flash ou des codes de r\u00e9duction sur leur site internet.&nbsp;<\/p>\n\n\n\n<p>Enfin, si vous avez droit \u00e0 la prime de naissance de la CAF, vous pouvez attendre de la percevoir avant de <strong>choisir la poussette<\/strong>. Pensez aussi \u00e0 inclure la poussette sur votre liste de naissance. Vos proches pourront ainsi participer \u00e0 son financement et vous offrir un mod\u00e8le de qualit\u00e9 sans que cela ne p\u00e8se sur votre budget.<\/p>\n\n\n\n<h2 class=\"wp-block-heading\"><span class=\"ez-toc-section\" id=\"Comment_choisir_sa_poussette_le_mot_de_la_fin\"><\/span>Comment choisir sa poussette : le mot de la fin !<span class=\"ez-toc-section-end\"><\/span><\/h2>\n\n\n\n<p>Vous l\u2019aurez compris, choisir sa poussette ne veut pas dire faire comme le voisin ou la cousine. Avant de vous d\u00e9cider, prenez soin de lister vos besoins en tenant compte de l\u2019\u00e2ge de votre b\u00e9b\u00e9, de votre mode et style de vie. Toutefois, certains crit\u00e8res d\u2019achat peuvent \u00eatre communs \u00e0 tous :&nbsp;<\/p>\n\n\n\n<ul class=\"wp-block-list\">\n<li>opter pour un \u00e9quipement qui respecte les normes europ\u00e9ennes (EN 1888) et fran\u00e7aises (NF S 54001).<\/li>\n\n\n\n<li>v\u00e9rifier que les \u00e9l\u00e9ments de l\u2019assise (et du dossier) sont d\u00e9houssables et lavables ;<\/li>\n\n\n\n<li>choisir un mod\u00e8le qui correspond \u00e0 l\u2019\u00e2ge et aux aptitudes de son enfant.<\/li>\n<\/ul>\n\n\n\n<p>Enfin, avant tout achat, prenez le temps de vous d\u00e9placer en boutique, si cela est possible, afin de b\u00e9n\u00e9ficier des conseils de professionnels et tester diff\u00e9rents mod\u00e8les de poussettes.<\/p>\n","protected":false},"excerpt":{"rendered":"<p>Futurs parents, si vous lisez cet article, c\u2019est qu\u2019il y [&hellip;]<\/p>\n","protected":false},"author":1,"featured_media":1640,"comment_status":"closed","ping_status":"closed","sticky":false,"template":"","format":"standard","meta":{"footnotes":""},"categories":[10],"class_list":["post-1639","post","type-post","status-publish","format-standard","has-post-thumbnail","hentry","category-bebe-culotte"],"yoast_head":"<!-- This site is optimized with the Yoast SEO plugin v26.2 - https:\/\/yoast.com\/wordpress\/plugins\/seo\/ -->\n<title>Quelle poussette choisir ? Le guide pour une poussette parfaite<\/title>\n<meta name=\"description\" content=\"Choisir la poussette de b\u00e9b\u00e9 n\u2019est pas une affaire \u00e0 prendre \u00e0 la l\u00e9g\u00e8re ! Mais quels sont les crit\u00e8res pour r\u00e9ussir \u00e0 se d\u00e9cider ?\" \/>\n<meta name=\"robots\" content=\"index, follow, max-snippet:-1, max-image-preview:large, max-video-preview:-1\" \/>\n<link rel=\"canonical\" href=\"https:\/\/www.lespetitsculottes.com\/blog\/quelle-poussette-choisir\/\" \/>\n<meta property=\"og:locale\" content=\"fr_FR\" \/>\n<meta property=\"og:type\" content=\"article\" \/>\n<meta property=\"og:title\" content=\"Quelle poussette choisir ? Le guide pour une poussette parfaite\" \/>\n<meta property=\"og:description\" content=\"Choisir la poussette de b\u00e9b\u00e9 n\u2019est pas une affaire \u00e0 prendre \u00e0 la l\u00e9g\u00e8re ! Mais quels sont les crit\u00e8res pour r\u00e9ussir \u00e0 se d\u00e9cider ?\" \/>\n<meta property=\"og:url\" content=\"https:\/\/www.lespetitsculottes.com\/blog\/quelle-poussette-choisir\/\" \/>\n<meta property=\"og:site_name\" content=\"Les Petits Culott\u00e9s\" \/>\n<meta property=\"article:published_time\" content=\"2022-12-15T16:00:00+00:00\" \/>\n<meta property=\"article:modified_time\" content=\"2026-04-09T08:20:58+00:00\" \/>\n<meta property=\"og:image\" content=\"https:\/\/www.lespetitsculottes.com\/blog\/wp-content\/uploads\/2022\/12\/selectionner-poussette-pour-son-bebe.jpg\" \/>\n\t<meta property=\"og:image:width\" content=\"830\" \/>\n\t<meta property=\"og:image:height\" content=\"560\" \/>\n\t<meta property=\"og:image:type\" content=\"image\/jpeg\" \/>\n<meta name=\"author\" content=\"Admin 23Prod\" \/>\n<meta name=\"twitter:card\" content=\"summary_large_image\" \/>\n<meta name=\"twitter:label1\" content=\"\u00c9crit par\" \/>\n\t<meta name=\"twitter:data1\" content=\"Admin 23Prod\" \/>\n\t<meta name=\"twitter:label2\" content=\"Dur\u00e9e de lecture estim\u00e9e\" \/>\n\t<meta name=\"twitter:data2\" content=\"9 minutes\" \/>\n<script type=\"application\/ld+json\" class=\"yoast-schema-graph\">{\"@context\":\"https:\/\/schema.org\",\"@graph\":[{\"@type\":\"WebPage\",\"@id\":\"https:\/\/www.lespetitsculottes.com\/blog\/quelle-poussette-choisir\/\",\"url\":\"https:\/\/www.lespetitsculottes.com\/blog\/quelle-poussette-choisir\/\",\"name\":\"Quelle poussette choisir ? Le guide pour une poussette parfaite\",\"isPartOf\":{\"@id\":\"https:\/\/www.lespetitsculottes.com\/blog\/#website\"},\"primaryImageOfPage\":{\"@id\":\"https:\/\/www.lespetitsculottes.com\/blog\/quelle-poussette-choisir\/#primaryimage\"},\"image\":{\"@id\":\"https:\/\/www.lespetitsculottes.com\/blog\/quelle-poussette-choisir\/#primaryimage\"},\"thumbnailUrl\":\"https:\/\/www.lespetitsculottes.com\/blog\/wp-content\/uploads\/2022\/12\/selectionner-poussette-pour-son-bebe.jpg\",\"datePublished\":\"2022-12-15T16:00:00+00:00\",\"dateModified\":\"2026-04-09T08:20:58+00:00\",\"author\":{\"@id\":\"https:\/\/www.lespetitsculottes.com\/blog\/#\/schema\/person\/d67501f1427510d030b375d864acaecb\"},\"description\":\"Choisir la poussette de b\u00e9b\u00e9 n\u2019est pas une affaire \u00e0 prendre \u00e0 la l\u00e9g\u00e8re ! Mais quels sont les crit\u00e8res pour r\u00e9ussir \u00e0 se d\u00e9cider ?\",\"breadcrumb\":{\"@id\":\"https:\/\/www.lespetitsculottes.com\/blog\/quelle-poussette-choisir\/#breadcrumb\"},\"inLanguage\":\"fr-FR\",\"potentialAction\":[{\"@type\":\"ReadAction\",\"target\":[\"https:\/\/www.lespetitsculottes.com\/blog\/quelle-poussette-choisir\/\"]}]},{\"@type\":\"ImageObject\",\"inLanguage\":\"fr-FR\",\"@id\":\"https:\/\/www.lespetitsculottes.com\/blog\/quelle-poussette-choisir\/#primaryimage\",\"url\":\"https:\/\/www.lespetitsculottes.com\/blog\/wp-content\/uploads\/2022\/12\/selectionner-poussette-pour-son-bebe.jpg\",\"contentUrl\":\"https:\/\/www.lespetitsculottes.com\/blog\/wp-content\/uploads\/2022\/12\/selectionner-poussette-pour-son-bebe.jpg\",\"width\":830,\"height\":560,\"caption\":\"Cr\u00e9dit photo : canva\"},{\"@type\":\"BreadcrumbList\",\"@id\":\"https:\/\/www.lespetitsculottes.com\/blog\/quelle-poussette-choisir\/#breadcrumb\",\"itemListElement\":[{\"@type\":\"ListItem\",\"position\":1,\"name\":\"Home\",\"item\":\"https:\/\/www.lespetitsculottes.com\/blog\/\"},{\"@type\":\"ListItem\",\"position\":2,\"name\":\"Quelle poussette choisir pour mon b\u00e9b\u00e9 ? Nos conseils pratiques\"}]},{\"@type\":\"WebSite\",\"@id\":\"https:\/\/www.lespetitsculottes.com\/blog\/#website\",\"url\":\"https:\/\/www.lespetitsculottes.com\/blog\/\",\"name\":\"Les petits culott\u00e9s\",\"description\":\"Le blog des Petits Culott\u00e9s\",\"potentialAction\":[{\"@type\":\"SearchAction\",\"target\":{\"@type\":\"EntryPoint\",\"urlTemplate\":\"https:\/\/www.lespetitsculottes.com\/blog\/?s={search_term_string}\"},\"query-input\":{\"@type\":\"PropertyValueSpecification\",\"valueRequired\":true,\"valueName\":\"search_term_string\"}}],\"inLanguage\":\"fr-FR\"},{\"@type\":\"Person\",\"@id\":\"https:\/\/www.lespetitsculottes.com\/blog\/#\/schema\/person\/d67501f1427510d030b375d864acaecb\",\"name\":\"Admin 23Prod\",\"image\":{\"@type\":\"ImageObject\",\"inLanguage\":\"fr-FR\",\"@id\":\"https:\/\/www.lespetitsculottes.com\/blog\/#\/schema\/person\/image\/\",\"url\":\"https:\/\/secure.gravatar.com\/avatar\/d07fc7773d840429da1fba32fa2027ef4f681ca12979b4997c63c8869d9a78ca?s=96&d=wp_user_avatar&r=g\",\"contentUrl\":\"https:\/\/secure.gravatar.com\/avatar\/d07fc7773d840429da1fba32fa2027ef4f681ca12979b4997c63c8869d9a78ca?s=96&d=wp_user_avatar&r=g\",\"caption\":\"Admin 23Prod\"},\"description\":\"D\u00e9veloppeur\",\"url\":\"https:\/\/www.lespetitsculottes.com\/blog\/auteur\/lpc\/\"}]}<\/script>\n<!-- \/ Yoast SEO plugin. -->","yoast_head_json":{"title":"Quelle poussette choisir ? Le guide pour une poussette parfaite","description":"Choisir la poussette de b\u00e9b\u00e9 n\u2019est pas une affaire \u00e0 prendre \u00e0 la l\u00e9g\u00e8re ! Mais quels sont les crit\u00e8res pour r\u00e9ussir \u00e0 se d\u00e9cider ?","robots":{"index":"index","follow":"follow","max-snippet":"max-snippet:-1","max-image-preview":"max-image-preview:large","max-video-preview":"max-video-preview:-1"},"canonical":"https:\/\/www.lespetitsculottes.com\/blog\/quelle-poussette-choisir\/","og_locale":"fr_FR","og_type":"article","og_title":"Quelle poussette choisir ? Le guide pour une poussette parfaite","og_description":"Choisir la poussette de b\u00e9b\u00e9 n\u2019est pas une affaire \u00e0 prendre \u00e0 la l\u00e9g\u00e8re ! Mais quels sont les crit\u00e8res pour r\u00e9ussir \u00e0 se d\u00e9cider ?","og_url":"https:\/\/www.lespetitsculottes.com\/blog\/quelle-poussette-choisir\/","og_site_name":"Les Petits Culott\u00e9s","article_published_time":"2022-12-15T16:00:00+00:00","article_modified_time":"2026-04-09T08:20:58+00:00","og_image":[{"width":830,"height":560,"url":"https:\/\/www.lespetitsculottes.com\/blog\/wp-content\/uploads\/2022\/12\/selectionner-poussette-pour-son-bebe.jpg","type":"image\/jpeg"}],"author":"Admin 23Prod","twitter_card":"summary_large_image","twitter_misc":{"\u00c9crit par":"Admin 23Prod","Dur\u00e9e de lecture estim\u00e9e":"9 minutes"},"schema":{"@context":"https:\/\/schema.org","@graph":[{"@type":"WebPage","@id":"https:\/\/www.lespetitsculottes.com\/blog\/quelle-poussette-choisir\/","url":"https:\/\/www.lespetitsculottes.com\/blog\/quelle-poussette-choisir\/","name":"Quelle poussette choisir ? Le guide pour une poussette parfaite","isPartOf":{"@id":"https:\/\/www.lespetitsculottes.com\/blog\/#website"},"primaryImageOfPage":{"@id":"https:\/\/www.lespetitsculottes.com\/blog\/quelle-poussette-choisir\/#primaryimage"},"image":{"@id":"https:\/\/www.lespetitsculottes.com\/blog\/quelle-poussette-choisir\/#primaryimage"},"thumbnailUrl":"https:\/\/www.lespetitsculottes.com\/blog\/wp-content\/uploads\/2022\/12\/selectionner-poussette-pour-son-bebe.jpg","datePublished":"2022-12-15T16:00:00+00:00","dateModified":"2026-04-09T08:20:58+00:00","author":{"@id":"https:\/\/www.lespetitsculottes.com\/blog\/#\/schema\/person\/d67501f1427510d030b375d864acaecb"},"description":"Choisir la poussette de b\u00e9b\u00e9 n\u2019est pas une affaire \u00e0 prendre \u00e0 la l\u00e9g\u00e8re ! Mais quels sont les crit\u00e8res pour r\u00e9ussir \u00e0 se d\u00e9cider ?","breadcrumb":{"@id":"https:\/\/www.lespetitsculottes.com\/blog\/quelle-poussette-choisir\/#breadcrumb"},"inLanguage":"fr-FR","potentialAction":[{"@type":"ReadAction","target":["https:\/\/www.lespetitsculottes.com\/blog\/quelle-poussette-choisir\/"]}]},{"@type":"ImageObject","inLanguage":"fr-FR","@id":"https:\/\/www.lespetitsculottes.com\/blog\/quelle-poussette-choisir\/#primaryimage","url":"https:\/\/www.lespetitsculottes.com\/blog\/wp-content\/uploads\/2022\/12\/selectionner-poussette-pour-son-bebe.jpg","contentUrl":"https:\/\/www.lespetitsculottes.com\/blog\/wp-content\/uploads\/2022\/12\/selectionner-poussette-pour-son-bebe.jpg","width":830,"height":560,"caption":"Cr\u00e9dit photo : canva"},{"@type":"BreadcrumbList","@id":"https:\/\/www.lespetitsculottes.com\/blog\/quelle-poussette-choisir\/#breadcrumb","itemListElement":[{"@type":"ListItem","position":1,"name":"Home","item":"https:\/\/www.lespetitsculottes.com\/blog\/"},{"@type":"ListItem","position":2,"name":"Quelle poussette choisir pour mon b\u00e9b\u00e9 ? Nos conseils pratiques"}]},{"@type":"WebSite","@id":"https:\/\/www.lespetitsculottes.com\/blog\/#website","url":"https:\/\/www.lespetitsculottes.com\/blog\/","name":"Les petits culott\u00e9s","description":"Le blog des Petits Culott\u00e9s","potentialAction":[{"@type":"SearchAction","target":{"@type":"EntryPoint","urlTemplate":"https:\/\/www.lespetitsculottes.com\/blog\/?s={search_term_string}"},"query-input":{"@type":"PropertyValueSpecification","valueRequired":true,"valueName":"search_term_string"}}],"inLanguage":"fr-FR"},{"@type":"Person","@id":"https:\/\/www.lespetitsculottes.com\/blog\/#\/schema\/person\/d67501f1427510d030b375d864acaecb","name":"Admin 23Prod","image":{"@type":"ImageObject","inLanguage":"fr-FR","@id":"https:\/\/www.lespetitsculottes.com\/blog\/#\/schema\/person\/image\/","url":"https:\/\/secure.gravatar.com\/avatar\/d07fc7773d840429da1fba32fa2027ef4f681ca12979b4997c63c8869d9a78ca?s=96&d=wp_user_avatar&r=g","contentUrl":"https:\/\/secure.gravatar.com\/avatar\/d07fc7773d840429da1fba32fa2027ef4f681ca12979b4997c63c8869d9a78ca?s=96&d=wp_user_avatar&r=g","caption":"Admin 23Prod"},"description":"D\u00e9veloppeur","url":"https:\/\/www.lespetitsculottes.com\/blog\/auteur\/lpc\/"}]}},"_links":{"self":[{"href":"https:\/\/www.lespetitsculottes.com\/blog\/wp-json\/wp\/v2\/posts\/1639","targetHints":{"allow":["GET"]}}],"collection":[{"href":"https:\/\/www.lespetitsculottes.com\/blog\/wp-json\/wp\/v2\/posts"}],"about":[{"href":"https:\/\/www.lespetitsculottes.com\/blog\/wp-json\/wp\/v2\/types\/post"}],"author":[{"embeddable":true,"href":"https:\/\/www.lespetitsculottes.com\/blog\/wp-json\/wp\/v2\/users\/1"}],"replies":[{"embeddable":true,"href":"https:\/\/www.lespetitsculottes.com\/blog\/wp-json\/wp\/v2\/comments?post=1639"}],"version-history":[{"count":6,"href":"https:\/\/www.lespetitsculottes.com\/blog\/wp-json\/wp\/v2\/posts\/1639\/revisions"}],"predecessor-version":[{"id":4649,"href":"https:\/\/www.lespetitsculottes.com\/blog\/wp-json\/wp\/v2\/posts\/1639\/revisions\/4649"}],"wp:featuredmedia":[{"embeddable":true,"href":"https:\/\/www.lespetitsculottes.com\/blog\/wp-json\/wp\/v2\/media\/1640"}],"wp:attachment":[{"href":"https:\/\/www.lespetitsculottes.com\/blog\/wp-json\/wp\/v2\/media?parent=1639"}],"wp:term":[{"taxonomy":"category","embeddable":true,"href":"https:\/\/www.lespetitsculottes.com\/blog\/wp-json\/wp\/v2\/categories?post=1639"}],"curies":[{"name":"wp","href":"https:\/\/api.w.org\/{rel}","templated":true}]}}