{"id":1760,"date":"2023-04-27T17:00:00","date_gmt":"2023-04-27T15:00:00","guid":{"rendered":"https:\/\/www.lespetitsculottes.com\/blog\/?p=1760"},"modified":"2023-04-27T09:21:56","modified_gmt":"2023-04-27T07:21:56","slug":"couvade-du-papa","status":"publish","type":"post","link":"https:\/\/www.lespetitsculottes.com\/blog\/couvade-du-papa\/","title":{"rendered":"Couvade du papa : comment la reconna\u00eetre et la pr\u00e9venir ?"},"content":{"rendered":"<div id=\"ez-toc-container\" class=\"ez-toc-v2_0_76 counter-hierarchy ez-toc-counter ez-toc-white ez-toc-container-direction\">\n<div class=\"ez-toc-title-container\"><p class=\"ez-toc-title\" style=\"cursor:inherit\">Sommaire<\/p>\n<\/div><nav><ul class='ez-toc-list ez-toc-list-level-1 ' ><li class='ez-toc-page-1 ez-toc-heading-level-2'><a class=\"ez-toc-link ez-toc-heading-1\" href=\"https:\/\/www.lespetitsculottes.com\/blog\/couvade-du-papa\/#La_couvade_du_papa_en_quelques_mots\" >La couvade du papa en quelques mots<\/a><\/li><li class='ez-toc-page-1 ez-toc-heading-level-2'><a class=\"ez-toc-link ez-toc-heading-2\" href=\"https:\/\/www.lespetitsculottes.com\/blog\/couvade-du-papa\/#Les_symptomes_de_la_couvade_du_papa\" >Les sympt\u00f4mes de la couvade du papa&nbsp;<\/a><\/li><li class='ez-toc-page-1 ez-toc-heading-level-2'><a class=\"ez-toc-link ez-toc-heading-3\" href=\"https:\/\/www.lespetitsculottes.com\/blog\/couvade-du-papa\/#Les_facteurs_qui_favorisent_une_couvade_du_pere\" >Les facteurs qui favorisent une couvade du p\u00e8re<\/a><\/li><li class='ez-toc-page-1 ez-toc-heading-level-2'><a class=\"ez-toc-link ez-toc-heading-4\" href=\"https:\/\/www.lespetitsculottes.com\/blog\/couvade-du-papa\/#Prevenir_une_couvade_en_adoptant_les_bons_reflexes\" >Pr\u00e9venir une couvade en adoptant les bons r\u00e9flexes<\/a><ul class='ez-toc-list-level-3' ><li class='ez-toc-heading-level-3'><a class=\"ez-toc-link ez-toc-heading-5\" href=\"https:\/\/www.lespetitsculottes.com\/blog\/couvade-du-papa\/#Communiquer_le_plus_possible\" >Communiquer le plus possible<\/a><\/li><li class='ez-toc-page-1 ez-toc-heading-level-3'><a class=\"ez-toc-link ez-toc-heading-6\" href=\"https:\/\/www.lespetitsculottes.com\/blog\/couvade-du-papa\/#Simpliquer_dans_les_differentes_etapes_de_la_grossesse\" >S\u2019impliquer dans les diff\u00e9rentes \u00e9tapes de la grossesse<\/a><\/li><li class='ez-toc-page-1 ez-toc-heading-level-3'><a class=\"ez-toc-link ez-toc-heading-7\" href=\"https:\/\/www.lespetitsculottes.com\/blog\/couvade-du-papa\/#Prendre_soin_de_soi\" >Prendre soin de soi<\/a><\/li><\/ul><\/li><\/ul><\/nav><\/div>\n\n<p>C\u2019est officiel, vous allez <strong>devenir parents<\/strong> ! Une rafale d\u2019\u00e9motions vous envahit tous les deux, cette nouvelle responsabilit\u00e9 qui s\u2019annonce est merveilleuse et un peu effrayante \u00e0 la fois. Alors il arrive que les <strong>inqui\u00e9tudes du futur papa<\/strong> se manifestent physiquement, avec diff\u00e9rents sympt\u00f4mes plus ou moins visibles, la fameuse <strong>couvade du papa<\/strong>.<br>S\u2019il est souvent un sujet de plaisanterie, ce syndrome est bien r\u00e9el ; d\u00e9couvrez dans cet article quels signes surveiller et quelques conseils pour \u00e9viter qu\u2019ils ne s\u2019installent.<\/p>\n\n\n\n<h2 class=\"wp-block-heading\"><span class=\"ez-toc-section\" id=\"La_couvade_du_papa_en_quelques_mots\"><\/span>La couvade du papa en quelques mots<span class=\"ez-toc-section-end\"><\/span><\/h2>\n\n\n\n<p>Appel\u00e9e aussi \u00ab grossesse nerveuse \u00bb ou \u00ab grossesse compatissante \u00bb, elle appara\u00eet g\u00e9n\u00e9ralement durant le<a href=\"https:\/\/www.lespetitsculottes.com\/blog\/premier-trimestre-grossesse-infos\/\" target=\"_blank\" rel=\"noreferrer noopener\"> premier trimestre<\/a>, souvent pour le premier b\u00e9b\u00e9, mais peut aussi s\u2019inviter pour la.les grossesse.s suivante.s.<br>Si les sympt\u00f4mes se calment pendant le 2<sup>e<\/sup> trimestre, ils reviennent souvent en force pour le 3<sup>e<\/sup> ! Pour heureusement dispara\u00eetre d\u00e8s l\u2019arriv\u00e9e de votre petit-culott\u00e9.<\/p>\n\n\n\n<p>Encore peu reconnu, ce syndrome toucherait quand m\u00eame 20% des futurs papas fran\u00e7ais !<br>Et c\u2019est tout \u00e0 fait compr\u00e9hensible ! Apr\u00e8s tout, il se passe d\u00e9j\u00e0 un tas de petits \u00e9v\u00e9nements tr\u00e8s concrets dans le corps de la maman, qu\u2019elle peut partager avec vous mais que vous ne ressentez pas, ce qui peut cr\u00e9er une frustration bien l\u00e9gitime !&nbsp;&nbsp;&nbsp;<\/p>\n\n\n\n<h2 class=\"wp-block-heading\"><span class=\"ez-toc-section\" id=\"Les_symptomes_de_la_couvade_du_papa\"><\/span>Les sympt\u00f4mes de la couvade du papa&nbsp;<span class=\"ez-toc-section-end\"><\/span><\/h2>\n\n\n\n<p>Selon les hommes, cette grossesse au masculin peut avoir plusieurs sympt\u00f4mes diff\u00e9rents, physiques et\/ou psychiques.<br>Si on conna\u00eet bien la plus fr\u00e9quente, la prise de poids, il y en beaucoup d\u2019autres :&nbsp;<\/p>\n\n\n\n<p>\u00b7 &nbsp; &nbsp; &nbsp; envies alimentaires,<\/p>\n\n\n\n<p>\u00b7 &nbsp; &nbsp; &nbsp; naus\u00e9es,<\/p>\n\n\n\n<p>\u00b7 &nbsp; &nbsp; &nbsp; vomissements,<\/p>\n\n\n\n<p>\u00b7 &nbsp; &nbsp; &nbsp; br\u00fblures d\u2019estomac<\/p>\n\n\n\n<p>\u00b7 &nbsp; &nbsp; &nbsp; sautes d\u2019humeur, irritabilit\u00e9, nervosit\u00e9,<\/p>\n\n\n\n<p>\u00b7 &nbsp; &nbsp; &nbsp; fatigue et probl\u00e8mes de sommeil,<\/p>\n\n\n\n<p>\u00b7 &nbsp; &nbsp; &nbsp; probl\u00e8mes de concentration.<\/p>\n\n\n\n<p>Un ensemble de petits troubles bien connus des femmes enceintes qui peuvent nuire au&nbsp; bien-\u00eatre du futur p\u00e8re et qu\u2019il est important de reconna\u00eetre.<br>Et si ces sympt\u00f4mes vous inqui\u00e8tent, n\u2019h\u00e9sitez pas \u00e0 en parler \u00e0 votre m\u00e9decin pour vous rassurer.<\/p>\n\n\n\n<h2 class=\"wp-block-heading\"><span class=\"ez-toc-section\" id=\"Les_facteurs_qui_favorisent_une_couvade_du_pere\"><\/span>Les facteurs qui favorisent une couvade du p\u00e8re<span class=\"ez-toc-section-end\"><\/span><\/h2>\n\n\n\n<p>S\u2019il y a bien un \u00e9v\u00e9nement dans une vie qui chamboule tout, c\u2019est la perspective de l\u2019arriv\u00e9e d\u2019un b\u00e9b\u00e9 ! Une joie immense qui appelle beaucoup d\u2019interrogations, qui peuvent parfois avoir besoin de \u00ab sortir \u00bb et de se manifester physiquement.<\/p>\n\n\n\n<p><a href=\"https:\/\/www.lespetitsculottes.com\/blog\/devenir-papa-se-preparer\/\" target=\"_blank\" rel=\"noreferrer noopener\">Devenir papa<\/a>, ce n\u2019est pas rien ! Il peut donc arriver que les futurs p\u00e8res se sentent un peu d\u00e9pass\u00e9s, et c\u2019est bien normal ! Il faut reconna\u00eetre que les sources d\u2019inqui\u00e9tude peuvent \u00eatre nombreuses : la sant\u00e9 de votre compagne et de votre b\u00e9b\u00e9, la peur de ne pas \u00eatre un super papa ou de ne plus trouver votre place dans cette nouvelle configuration familiale par exemple.<br>Vous pouvez aussi vous sentir particuli\u00e8rement frustr\u00e9 de ne pas pouvoir vous aussi sentir cette petite vie grandir en vous.<br>Du coup, face \u00e0 ces diff\u00e9rentes causes de stress, le corps peut r\u00e9agir et c\u2019est le d\u00e9but de la couvade.\u00a0<\/p>\n\n\n\n<h2 class=\"wp-block-heading\"><span class=\"ez-toc-section\" id=\"Prevenir_une_couvade_en_adoptant_les_bons_reflexes\"><\/span>Pr\u00e9venir une couvade en adoptant les bons r\u00e9flexes<span class=\"ez-toc-section-end\"><\/span><\/h2>\n\n\n\n<p>Pour \u00e9viter que les sympt\u00f4mes ne s\u2019installent, il faut d\u2019abord que le futur papa reconnaisse qu\u2019il vit une couvade ; si la prise de poids peut difficilement se cacher, elle est en revanche un sujet de plaisanterie qui permet d\u2019\u00e9viter facilement de se confronter au probl\u00e8me sous-jacent.<br>Les autres maux peuvent \u00eatre plus discrets et attribu\u00e9s \u00e0 d\u2019autres facteurs, comme le travail par exemple ; pour vous, il est parfois compliqu\u00e9 d\u2019admettre que la grossesse de votre partenaire vous perturbe suffisamment pour d\u00e9velopper le syndrome de la couvade.<\/p>\n\n\n\n<p><em>L\u2019id\u00e9e culott\u00e9e : les groupes de paroles pour les futurs papas se sont beaucoup d\u00e9velopp\u00e9s, il y en a s\u00fbrement un pr\u00e8s de chez vous ! Un espace bienveillant et rassurant vous permettant d\u2019\u00e9changer avec d\u2019autres hommes dans le m\u00eame cas que vous.<\/em><\/p>\n\n\n\n<h3 class=\"wp-block-heading\"><span class=\"ez-toc-section\" id=\"Communiquer_le_plus_possible\"><\/span>Communiquer le plus possible<span class=\"ez-toc-section-end\"><\/span><\/h3>\n\n\n\n<p>On le sait, la communication est essentielle dans un couple et c\u2019est d\u2019autant plus vrai quand on se pr\u00e9pare \u00e0 accueillir une nouvelle vie !<br>Soutenez-vous mutuellement et soyez \u00e0 l&rsquo;\u00e9coute de vos besoins respectifs. La future maman ne doit pas h\u00e9siter \u00e0 parler avec son partenaire si elle sent qu\u2019il a du mal \u00e0 exprimer ses angoisses.  Les partager vous fera beaucoup de bien \u00e0 tous les 2 !<\/p>\n\n\n\n<h3 class=\"wp-block-heading\"><span class=\"ez-toc-section\" id=\"Simpliquer_dans_les_differentes_etapes_de_la_grossesse\"><\/span>S\u2019impliquer dans les diff\u00e9rentes \u00e9tapes de la grossesse<span class=\"ez-toc-section-end\"><\/span><\/h3>\n\n\n\n<p>Pour vous aider \u00e0 pr\u00e9parer votre futur r\u00f4le de papa, rien de tel que de participer activement aux moments importants :<\/p>\n\n\n\n<p>\u00b7 &nbsp; &nbsp; &nbsp; les \u00e9chographies : accompagner votre compagne lors de ces examens, c\u2019est voir \u00e9voluer votre b\u00e9b\u00e9 \u00e0 chaque nouvelle \u00e9cho\u2019, des instants magiques et pr\u00e9cieux,&nbsp;<\/p>\n\n\n\n<p>\u00b7 \u00a0 \u00a0 \u00a0 la pr\u00e9paration \u00e0 l\u2019accouchement, gr\u00e2ce \u00e0 l\u2019<a href=\"https:\/\/www.lespetitsculottes.com\/blog\/grossesse-haptonomie-prenatale\/\" target=\"_blank\" rel=\"noreferrer noopener\">haptonomie pr\u00e9 natale <\/a>: des s\u00e9ances en duo qui permettent d\u2019entrer en contact avec b\u00e9b\u00e9, le sentir bouger et d\u00e9j\u00e0 commencer \u00e0 tisser un lien affectif au travers de la peau et du toucher,\u00a0\u00a0\u00a0<\/p>\n\n\n\n<p>\u00b7 &nbsp; &nbsp; &nbsp; l\u2019am\u00e9nagement du nid douillet qui accueillera votre tout-petit apr\u00e8s sa naissance : peindre ou repeindre les murs, monter le lit, en bref, tout installer pour qu\u2019il se sente bien est un autre excellent moyen de commencer \u00e0 incarner votre r\u00f4le de papa,&nbsp;<\/p>\n\n\n\n<p>Tous ces pr\u00e9paratifs sont autant d\u2019\u00e9tapes qui vous pr\u00e9pareront doucement, mais s\u00fbrement, \u00e0 votre futur r\u00f4le de p\u00e8re.?<\/p>\n\n\n\n<h3 class=\"wp-block-heading\"><span class=\"ez-toc-section\" id=\"Prendre_soin_de_soi\"><\/span>Prendre soin de soi<span class=\"ez-toc-section-end\"><\/span><\/h3>\n\n\n\n<p>Pour ne pas trop angoisser, rien de tel que de s\u2019occuper de soi ! Alors place au sport, \u00e0 la m\u00e9ditation, au repos, \u00e0 tout ce qui pourra vous ressourcer !<br>Ces diff\u00e9rentes activit\u00e9s vont vous permettre de vous d\u00e9tendre et de vous maintenir en forme, un double avantage dont vous auriez tort de vous priver !<br>Et pour \u00e9viter la fameuse prise de poids, pensez aussi \u00e0 votre alimentation, en mangeant le plus \u00e9quilibr\u00e9 le plus possible.<\/p>\n\n\n\n<p>Pour conclure, pour pr\u00e9venir la couvade du papa, \u00e9coutez-vous et participez autant que possible aux diff\u00e9rentes \u00e9tapes de la grossesse de votre compagne ! Rassurez-vous, pas de doute, le moment venu, vous serez un super papa !<\/p>\n","protected":false},"excerpt":{"rendered":"<p>C\u2019est officiel, vous allez devenir parents ! Une rafale d\u2019\u00e9motions [&hellip;]<\/p>\n","protected":false},"author":1,"featured_media":1761,"comment_status":"closed","ping_status":"closed","sticky":false,"template":"","format":"standard","meta":{"footnotes":""},"categories":[11],"class_list":["post-1760","post","type-post","status-publish","format-standard","has-post-thumbnail","hentry","category-grossesse-et-parentalite"],"yoast_head":"<!-- This site is optimized with the Yoast SEO plugin v26.2 - https:\/\/yoast.com\/wordpress\/plugins\/seo\/ -->\n<title>Couvade du papa, la reconna\u00eetre et la pr\u00e9venir<\/title>\n<meta name=\"description\" content=\"la couvade du papa est un syndrome bien r\u00e9el, d\u00e9couvrez quels signes surveiller et les bons r\u00e9flexes \u00e0 adopter pour l\u2019\u00e9viter !\" \/>\n<meta name=\"robots\" content=\"index, follow, max-snippet:-1, max-image-preview:large, max-video-preview:-1\" \/>\n<link rel=\"canonical\" href=\"https:\/\/www.lespetitsculottes.com\/blog\/couvade-du-papa\/\" \/>\n<meta property=\"og:locale\" content=\"fr_FR\" \/>\n<meta property=\"og:type\" content=\"article\" \/>\n<meta property=\"og:title\" content=\"Couvade du papa, la reconna\u00eetre et la pr\u00e9venir\" \/>\n<meta property=\"og:description\" content=\"la couvade du papa est un syndrome bien r\u00e9el, d\u00e9couvrez quels signes surveiller et les bons r\u00e9flexes \u00e0 adopter pour l\u2019\u00e9viter !\" \/>\n<meta property=\"og:url\" content=\"https:\/\/www.lespetitsculottes.com\/blog\/couvade-du-papa\/\" \/>\n<meta property=\"og:site_name\" content=\"Les Petits Culott\u00e9s\" \/>\n<meta property=\"article:published_time\" content=\"2023-04-27T15:00:00+00:00\" \/>\n<meta property=\"og:image\" content=\"https:\/\/www.lespetitsculottes.com\/blog\/wp-content\/uploads\/2023\/04\/couvade-du-papa-reconnaitre-eviter.jpg\" \/>\n\t<meta property=\"og:image:width\" content=\"830\" \/>\n\t<meta property=\"og:image:height\" content=\"560\" \/>\n\t<meta property=\"og:image:type\" content=\"image\/jpeg\" \/>\n<meta name=\"author\" content=\"Admin 23Prod\" \/>\n<meta name=\"twitter:card\" content=\"summary_large_image\" \/>\n<meta name=\"twitter:label1\" content=\"\u00c9crit par\" \/>\n\t<meta name=\"twitter:data1\" content=\"Admin 23Prod\" \/>\n\t<meta name=\"twitter:label2\" content=\"Dur\u00e9e de lecture estim\u00e9e\" \/>\n\t<meta name=\"twitter:data2\" content=\"5 minutes\" \/>\n<script type=\"application\/ld+json\" class=\"yoast-schema-graph\">{\"@context\":\"https:\/\/schema.org\",\"@graph\":[{\"@type\":\"WebPage\",\"@id\":\"https:\/\/www.lespetitsculottes.com\/blog\/couvade-du-papa\/\",\"url\":\"https:\/\/www.lespetitsculottes.com\/blog\/couvade-du-papa\/\",\"name\":\"Couvade du papa, la reconna\u00eetre et la pr\u00e9venir\",\"isPartOf\":{\"@id\":\"https:\/\/www.lespetitsculottes.com\/blog\/#website\"},\"primaryImageOfPage\":{\"@id\":\"https:\/\/www.lespetitsculottes.com\/blog\/couvade-du-papa\/#primaryimage\"},\"image\":{\"@id\":\"https:\/\/www.lespetitsculottes.com\/blog\/couvade-du-papa\/#primaryimage\"},\"thumbnailUrl\":\"https:\/\/www.lespetitsculottes.com\/blog\/wp-content\/uploads\/2023\/04\/couvade-du-papa-reconnaitre-eviter.jpg\",\"datePublished\":\"2023-04-27T15:00:00+00:00\",\"author\":{\"@id\":\"https:\/\/www.lespetitsculottes.com\/blog\/#\/schema\/person\/d67501f1427510d030b375d864acaecb\"},\"description\":\"la couvade du papa est un syndrome bien r\u00e9el, d\u00e9couvrez quels signes surveiller et les bons r\u00e9flexes \u00e0 adopter pour l\u2019\u00e9viter !\",\"breadcrumb\":{\"@id\":\"https:\/\/www.lespetitsculottes.com\/blog\/couvade-du-papa\/#breadcrumb\"},\"inLanguage\":\"fr-FR\",\"potentialAction\":[{\"@type\":\"ReadAction\",\"target\":[\"https:\/\/www.lespetitsculottes.com\/blog\/couvade-du-papa\/\"]}]},{\"@type\":\"ImageObject\",\"inLanguage\":\"fr-FR\",\"@id\":\"https:\/\/www.lespetitsculottes.com\/blog\/couvade-du-papa\/#primaryimage\",\"url\":\"https:\/\/www.lespetitsculottes.com\/blog\/wp-content\/uploads\/2023\/04\/couvade-du-papa-reconnaitre-eviter.jpg\",\"contentUrl\":\"https:\/\/www.lespetitsculottes.com\/blog\/wp-content\/uploads\/2023\/04\/couvade-du-papa-reconnaitre-eviter.jpg\",\"width\":830,\"height\":560,\"caption\":\"La couvade du papa, comment reconnaitre les symptome de la couvade du papa et les \u00e9viter\"},{\"@type\":\"BreadcrumbList\",\"@id\":\"https:\/\/www.lespetitsculottes.com\/blog\/couvade-du-papa\/#breadcrumb\",\"itemListElement\":[{\"@type\":\"ListItem\",\"position\":1,\"name\":\"Home\",\"item\":\"https:\/\/www.lespetitsculottes.com\/blog\/\"},{\"@type\":\"ListItem\",\"position\":2,\"name\":\"Couvade du papa : comment la reconna\u00eetre et la pr\u00e9venir ?\"}]},{\"@type\":\"WebSite\",\"@id\":\"https:\/\/www.lespetitsculottes.com\/blog\/#website\",\"url\":\"https:\/\/www.lespetitsculottes.com\/blog\/\",\"name\":\"Les petits culott\u00e9s\",\"description\":\"Le blog des Petits Culott\u00e9s\",\"potentialAction\":[{\"@type\":\"SearchAction\",\"target\":{\"@type\":\"EntryPoint\",\"urlTemplate\":\"https:\/\/www.lespetitsculottes.com\/blog\/?s={search_term_string}\"},\"query-input\":{\"@type\":\"PropertyValueSpecification\",\"valueRequired\":true,\"valueName\":\"search_term_string\"}}],\"inLanguage\":\"fr-FR\"},{\"@type\":\"Person\",\"@id\":\"https:\/\/www.lespetitsculottes.com\/blog\/#\/schema\/person\/d67501f1427510d030b375d864acaecb\",\"name\":\"Admin 23Prod\",\"image\":{\"@type\":\"ImageObject\",\"inLanguage\":\"fr-FR\",\"@id\":\"https:\/\/www.lespetitsculottes.com\/blog\/#\/schema\/person\/image\/\",\"url\":\"https:\/\/secure.gravatar.com\/avatar\/d07fc7773d840429da1fba32fa2027ef4f681ca12979b4997c63c8869d9a78ca?s=96&d=wp_user_avatar&r=g\",\"contentUrl\":\"https:\/\/secure.gravatar.com\/avatar\/d07fc7773d840429da1fba32fa2027ef4f681ca12979b4997c63c8869d9a78ca?s=96&d=wp_user_avatar&r=g\",\"caption\":\"Admin 23Prod\"},\"description\":\"D\u00e9veloppeur\",\"url\":\"https:\/\/www.lespetitsculottes.com\/blog\/auteur\/lpc\/\"}]}<\/script>\n<!-- \/ Yoast SEO plugin. -->","yoast_head_json":{"title":"Couvade du papa, la reconna\u00eetre et la pr\u00e9venir","description":"la couvade du papa est un syndrome bien r\u00e9el, d\u00e9couvrez quels signes surveiller et les bons r\u00e9flexes \u00e0 adopter pour l\u2019\u00e9viter !","robots":{"index":"index","follow":"follow","max-snippet":"max-snippet:-1","max-image-preview":"max-image-preview:large","max-video-preview":"max-video-preview:-1"},"canonical":"https:\/\/www.lespetitsculottes.com\/blog\/couvade-du-papa\/","og_locale":"fr_FR","og_type":"article","og_title":"Couvade du papa, la reconna\u00eetre et la pr\u00e9venir","og_description":"la couvade du papa est un syndrome bien r\u00e9el, d\u00e9couvrez quels signes surveiller et les bons r\u00e9flexes \u00e0 adopter pour l\u2019\u00e9viter !","og_url":"https:\/\/www.lespetitsculottes.com\/blog\/couvade-du-papa\/","og_site_name":"Les Petits Culott\u00e9s","article_published_time":"2023-04-27T15:00:00+00:00","og_image":[{"width":830,"height":560,"url":"https:\/\/www.lespetitsculottes.com\/blog\/wp-content\/uploads\/2023\/04\/couvade-du-papa-reconnaitre-eviter.jpg","type":"image\/jpeg"}],"author":"Admin 23Prod","twitter_card":"summary_large_image","twitter_misc":{"\u00c9crit par":"Admin 23Prod","Dur\u00e9e de lecture estim\u00e9e":"5 minutes"},"schema":{"@context":"https:\/\/schema.org","@graph":[{"@type":"WebPage","@id":"https:\/\/www.lespetitsculottes.com\/blog\/couvade-du-papa\/","url":"https:\/\/www.lespetitsculottes.com\/blog\/couvade-du-papa\/","name":"Couvade du papa, la reconna\u00eetre et la pr\u00e9venir","isPartOf":{"@id":"https:\/\/www.lespetitsculottes.com\/blog\/#website"},"primaryImageOfPage":{"@id":"https:\/\/www.lespetitsculottes.com\/blog\/couvade-du-papa\/#primaryimage"},"image":{"@id":"https:\/\/www.lespetitsculottes.com\/blog\/couvade-du-papa\/#primaryimage"},"thumbnailUrl":"https:\/\/www.lespetitsculottes.com\/blog\/wp-content\/uploads\/2023\/04\/couvade-du-papa-reconnaitre-eviter.jpg","datePublished":"2023-04-27T15:00:00+00:00","author":{"@id":"https:\/\/www.lespetitsculottes.com\/blog\/#\/schema\/person\/d67501f1427510d030b375d864acaecb"},"description":"la couvade du papa est un syndrome bien r\u00e9el, d\u00e9couvrez quels signes surveiller et les bons r\u00e9flexes \u00e0 adopter pour l\u2019\u00e9viter !","breadcrumb":{"@id":"https:\/\/www.lespetitsculottes.com\/blog\/couvade-du-papa\/#breadcrumb"},"inLanguage":"fr-FR","potentialAction":[{"@type":"ReadAction","target":["https:\/\/www.lespetitsculottes.com\/blog\/couvade-du-papa\/"]}]},{"@type":"ImageObject","inLanguage":"fr-FR","@id":"https:\/\/www.lespetitsculottes.com\/blog\/couvade-du-papa\/#primaryimage","url":"https:\/\/www.lespetitsculottes.com\/blog\/wp-content\/uploads\/2023\/04\/couvade-du-papa-reconnaitre-eviter.jpg","contentUrl":"https:\/\/www.lespetitsculottes.com\/blog\/wp-content\/uploads\/2023\/04\/couvade-du-papa-reconnaitre-eviter.jpg","width":830,"height":560,"caption":"La couvade du papa, comment reconnaitre les symptome de la couvade du papa et les \u00e9viter"},{"@type":"BreadcrumbList","@id":"https:\/\/www.lespetitsculottes.com\/blog\/couvade-du-papa\/#breadcrumb","itemListElement":[{"@type":"ListItem","position":1,"name":"Home","item":"https:\/\/www.lespetitsculottes.com\/blog\/"},{"@type":"ListItem","position":2,"name":"Couvade du papa : comment la reconna\u00eetre et la pr\u00e9venir ?"}]},{"@type":"WebSite","@id":"https:\/\/www.lespetitsculottes.com\/blog\/#website","url":"https:\/\/www.lespetitsculottes.com\/blog\/","name":"Les petits culott\u00e9s","description":"Le blog des Petits Culott\u00e9s","potentialAction":[{"@type":"SearchAction","target":{"@type":"EntryPoint","urlTemplate":"https:\/\/www.lespetitsculottes.com\/blog\/?s={search_term_string}"},"query-input":{"@type":"PropertyValueSpecification","valueRequired":true,"valueName":"search_term_string"}}],"inLanguage":"fr-FR"},{"@type":"Person","@id":"https:\/\/www.lespetitsculottes.com\/blog\/#\/schema\/person\/d67501f1427510d030b375d864acaecb","name":"Admin 23Prod","image":{"@type":"ImageObject","inLanguage":"fr-FR","@id":"https:\/\/www.lespetitsculottes.com\/blog\/#\/schema\/person\/image\/","url":"https:\/\/secure.gravatar.com\/avatar\/d07fc7773d840429da1fba32fa2027ef4f681ca12979b4997c63c8869d9a78ca?s=96&d=wp_user_avatar&r=g","contentUrl":"https:\/\/secure.gravatar.com\/avatar\/d07fc7773d840429da1fba32fa2027ef4f681ca12979b4997c63c8869d9a78ca?s=96&d=wp_user_avatar&r=g","caption":"Admin 23Prod"},"description":"D\u00e9veloppeur","url":"https:\/\/www.lespetitsculottes.com\/blog\/auteur\/lpc\/"}]}},"_links":{"self":[{"href":"https:\/\/www.lespetitsculottes.com\/blog\/wp-json\/wp\/v2\/posts\/1760","targetHints":{"allow":["GET"]}}],"collection":[{"href":"https:\/\/www.lespetitsculottes.com\/blog\/wp-json\/wp\/v2\/posts"}],"about":[{"href":"https:\/\/www.lespetitsculottes.com\/blog\/wp-json\/wp\/v2\/types\/post"}],"author":[{"embeddable":true,"href":"https:\/\/www.lespetitsculottes.com\/blog\/wp-json\/wp\/v2\/users\/1"}],"replies":[{"embeddable":true,"href":"https:\/\/www.lespetitsculottes.com\/blog\/wp-json\/wp\/v2\/comments?post=1760"}],"version-history":[{"count":2,"href":"https:\/\/www.lespetitsculottes.com\/blog\/wp-json\/wp\/v2\/posts\/1760\/revisions"}],"predecessor-version":[{"id":1763,"href":"https:\/\/www.lespetitsculottes.com\/blog\/wp-json\/wp\/v2\/posts\/1760\/revisions\/1763"}],"wp:featuredmedia":[{"embeddable":true,"href":"https:\/\/www.lespetitsculottes.com\/blog\/wp-json\/wp\/v2\/media\/1761"}],"wp:attachment":[{"href":"https:\/\/www.lespetitsculottes.com\/blog\/wp-json\/wp\/v2\/media?parent=1760"}],"wp:term":[{"taxonomy":"category","embeddable":true,"href":"https:\/\/www.lespetitsculottes.com\/blog\/wp-json\/wp\/v2\/categories?post=1760"}],"curies":[{"name":"wp","href":"https:\/\/api.w.org\/{rel}","templated":true}]}}