{"id":2202,"date":"2023-12-11T12:07:18","date_gmt":"2023-12-11T11:07:18","guid":{"rendered":"https:\/\/www.lespetitsculottes.com\/blog\/?p=2202"},"modified":"2026-04-28T16:33:54","modified_gmt":"2026-04-28T14:33:54","slug":"idees-cadeaux-pour-les-0-3-ans","status":"publish","type":"post","link":"https:\/\/www.lespetitsculottes.com\/blog\/idees-cadeaux-pour-les-0-3-ans\/","title":{"rendered":"No\u00ebl : nos id\u00e9es cadeaux pour les 0-3 ans"},"content":{"rendered":"<div id=\"ez-toc-container\" class=\"ez-toc-v2_0_76 counter-hierarchy ez-toc-counter ez-toc-white ez-toc-container-direction\">\n<div class=\"ez-toc-title-container\"><p class=\"ez-toc-title\" style=\"cursor:inherit\">Sommaire<\/p>\n<\/div><nav><ul class='ez-toc-list ez-toc-list-level-1 ' ><li class='ez-toc-page-1 ez-toc-heading-level-2'><a class=\"ez-toc-link ez-toc-heading-1\" href=\"https:\/\/www.lespetitsculottes.com\/blog\/idees-cadeaux-pour-les-0-3-ans\/#Nos_idees_cadeaux_pour_les_0-3_ans\" >Nos id\u00e9es cadeaux pour les 0-3 ans<\/a><ul class='ez-toc-list-level-3' ><li class='ez-toc-heading-level-3'><a class=\"ez-toc-link ez-toc-heading-2\" href=\"https:\/\/www.lespetitsculottes.com\/blog\/idees-cadeaux-pour-les-0-3-ans\/#Un_tapis_de_jeu_La_nature_des_Petits\" >Un tapis de jeu La nature des Petits<\/a><\/li><li class='ez-toc-page-1 ez-toc-heading-level-3'><a class=\"ez-toc-link ez-toc-heading-3\" href=\"https:\/\/www.lespetitsculottes.com\/blog\/idees-cadeaux-pour-les-0-3-ans\/#Un_imagier_personnalisable_Ma_Petite_Vie\" >Un imagier personnalisable Ma Petite Vie<\/a><\/li><li class='ez-toc-page-1 ez-toc-heading-level-3'><a class=\"ez-toc-link ez-toc-heading-4\" href=\"https:\/\/www.lespetitsculottes.com\/blog\/idees-cadeaux-pour-les-0-3-ans\/#Un_bateau_modulable_Le_Jouet_Simple\" >Un bateau modulable Le Jouet Simple<\/a><\/li><li class='ez-toc-page-1 ez-toc-heading-level-3'><a class=\"ez-toc-link ez-toc-heading-5\" href=\"https:\/\/www.lespetitsculottes.com\/blog\/idees-cadeaux-pour-les-0-3-ans\/#Un_cube_deveil_Fee_Mains\" >Un cube d&rsquo;\u00e9veil F\u00e9e Mains<\/a><\/li><li class='ez-toc-page-1 ez-toc-heading-level-3'><a class=\"ez-toc-link ez-toc-heading-6\" href=\"https:\/\/www.lespetitsculottes.com\/blog\/idees-cadeaux-pour-les-0-3-ans\/#Un_abonnement_au_magazine_des_Mini-Mondes\" >Un abonnement au magazine des Mini-Mondes<\/a><\/li><li class='ez-toc-page-1 ez-toc-heading-level-3'><a class=\"ez-toc-link ez-toc-heading-7\" href=\"https:\/\/www.lespetitsculottes.com\/blog\/idees-cadeaux-pour-les-0-3-ans\/#Une_bouteille_sensorielle_Atelier_Gigogne\" >Une bouteille sensorielle Atelier Gigogne<\/a><\/li><li class='ez-toc-page-1 ez-toc-heading-level-3'><a class=\"ez-toc-link ez-toc-heading-8\" href=\"https:\/\/www.lespetitsculottes.com\/blog\/idees-cadeaux-pour-les-0-3-ans\/#Une_tour_dobservation_Fil_Mobilier\" >Une tour d&rsquo;observation Fil Mobilier<\/a><\/li><li class='ez-toc-page-1 ez-toc-heading-level-3'><a class=\"ez-toc-link ez-toc-heading-9\" href=\"https:\/\/www.lespetitsculottes.com\/blog\/idees-cadeaux-pour-les-0-3-ans\/#Un_projecteur_Tikino\" >Un projecteur Tikino<\/a><\/li><li class='ez-toc-page-1 ez-toc-heading-level-3'><a class=\"ez-toc-link ez-toc-heading-10\" href=\"https:\/\/www.lespetitsculottes.com\/blog\/idees-cadeaux-pour-les-0-3-ans\/#Un_abonnement_couches_Les_Petits_Culottes\" >Un abonnement couches Les Petits Culott\u00e9s<\/a><\/li><\/ul><\/li><\/ul><\/nav><\/div>\n\n<p>Vous cherchez des id\u00e9es cadeaux pour No\u00ebl qui approche \u00e0 grands pas&nbsp;? D\u00e9couvrez <strong>notre s\u00e9lection responsable<\/strong> d&rsquo;id\u00e9es cadeaux pour les 0-3 ans.<\/p>\n\n\n\n<p><\/p>\n\n\n\n<h2 class=\"wp-block-heading\"><span class=\"ez-toc-section\" id=\"Nos_idees_cadeaux_pour_les_0-3_ans\"><\/span>Nos id\u00e9es cadeaux pour les 0-3 ans<span class=\"ez-toc-section-end\"><\/span><\/h2>\n\n\n\n<p><\/p>\n\n\n\n<p>Il n&rsquo;est pas toujours facile de trouver des id\u00e9es cadeaux pour les 0-3 ans. Dans cette tranche d&rsquo;\u00e2ge l\u00e0, essayez de privil\u00e9gier avant tout des cadeaux qui vont <strong>stimuler leur imaginaire<\/strong>, leurs sens et <a href=\"https:\/\/www.lespetitsculottes.com\/blog\/developper-autonomie-enfant\/\">d\u00e9velopper leur autonomie<\/a>. Pour vous aider \u00e0 faire votre choix, nous avons s\u00e9lectionn\u00e9, pour vous, nos coups de c\u0153ur du moment.<\/p>\n\n\n\n<p><\/p>\n\n\n\n<h3 class=\"wp-block-heading\"><span class=\"ez-toc-section\" id=\"Un_tapis_de_jeu_La_nature_des_Petits\"><\/span>Un tapis de jeu <em>La nature des Petits<\/em><span class=\"ez-toc-section-end\"><\/span><\/h3>\n\n\n\n<p><\/p>\n\n\n\n<p>Avec sa surface toute douce en double gaze de coton,<a href=\"https:\/\/lanaturedespetits.com\/produit\/tapis-de-jeu-et-motricite-nomade-ecru-dore\/\" target=\"_blank\" rel=\"noreferrer noopener\"> le tapis de jeu con\u00e7u par <em>La nature des Petits<\/em><\/a> est id\u00e9al pour assurer le confort de b\u00e9b\u00e9 pendant ses temps d&rsquo;\u00e9veil. R\u00e9alis\u00e9 \u00e0 la main, en France, il ne contient<strong> aucune substance nocive<\/strong>. Petit plus : <strong>ses anses pratiques<\/strong> qui nous permettent de le transporter partout avec nous !<\/p>\n\n\n\n<p><\/p>\n\n\n\n<h3 class=\"wp-block-heading\"><span class=\"ez-toc-section\" id=\"Un_imagier_personnalisable_Ma_Petite_Vie\"><\/span>Un imagier personnalisable<em> Ma Petite Vie<\/em><span class=\"ez-toc-section-end\"><\/span><\/h3>\n\n\n\n<p><\/p>\n\n\n\n<p>Vous cherchez un imagier qui passionne votre enfant&nbsp;?<a href=\"https:\/\/mapetitevie.fr\/produit\/je-cree-mon-imagier\/\" target=\"_blank\" rel=\"noreferrer noopener\"> L&rsquo;imagier 100% personnalisable imagin\u00e9 par <em>Ma Petite Vie<\/em> <\/a>est id\u00e9al. Il contient <strong>24 pages ind\u00e9chirables<\/strong> que vous pouvez personnaliser dans les moindres d\u00e9tails. Con\u00e7u en collaboration avec des professionnels de la Petite Enfance, il accompagnera votre enfant dans son quotidien et l&rsquo;aidera \u00e0 <a href=\"https:\/\/www.lespetitsculottes.com\/blog\/acquisition-langage-bebe\/\">d\u00e9velopper son langage<\/a> de mani\u00e8re ludique.<\/p>\n\n\n\n<p><\/p>\n\n\n\n<h3 class=\"wp-block-heading\"><span class=\"ez-toc-section\" id=\"Un_bateau_modulable_Le_Jouet_Simple\"><\/span>Un bateau modulable <em>Le Jouet Simple<\/em> <span class=\"ez-toc-section-end\"><\/span><\/h3>\n\n\n\n<p><\/p>\n\n\n\n<p>Fabriqu\u00e9 en France \u00e0 partir de <strong>plastique recycl\u00e9<\/strong>, ce <a href=\"https:\/\/lejouetsimple.fr\/boutique\/bateau-en-plastique-recycle\/?attribute_pa_couleur-modulable=vehicule-orange\" target=\"_blank\" rel=\"noreferrer noopener\">bateau modulable accompagn\u00e9 de son capitaine Renard<\/a> plaira \u00e0 coup s\u00fbr \u00e0 votre enfant. Cr\u00e9\u00e9 par la marque engag\u00e9e<em> Le Jouet simple<\/em>, il est fabriqu\u00e9 sans colle, ni vis, ni autocollant.<\/p>\n\n\n\n<hr class=\"wp-block-separator has-alpha-channel-opacity\"\/>\n\n\n\n<p><em><strong>Remarque Culott\u00e9e<\/strong>&nbsp;: pour les jouets, n&rsquo;h\u00e9sitez pas aussi \u00e0 <strong>vous tourner vers la seconde main<\/strong>. Si vous n&rsquo;avez pas le temps de chercher ou si vous avez peur d&rsquo;avoir une mauvaise surprise, plusieurs sites de seconde main devraient vous combler&nbsp;: <a href=\"https:\/\/ladycocotte.com\/\" target=\"_blank\" rel=\"noreferrer noopener\">Lady Cocotte,<\/a> <a href=\"https:\/\/www.badoum-badoum.com\/\" target=\"_blank\" rel=\"noreferrer noopener\">Badoum badoum <\/a>ou encore <a href=\"https:\/\/biicou.com\/collections\/jouets\">Biicou.<\/a><\/em><\/p>\n\n\n\n<hr class=\"wp-block-separator has-alpha-channel-opacity\"\/>\n\n\n\n<h3 class=\"wp-block-heading\"><span class=\"ez-toc-section\" id=\"Un_cube_deveil_Fee_Mains\"><\/span>Un cube d&rsquo;\u00e9veil <em>F\u00e9e Mains<\/em><span class=\"ez-toc-section-end\"><\/span><\/h3>\n\n\n\n<p><\/p>\n\n\n\n<p>Si vous cherchez un premier jouet pour b\u00e9b\u00e9, <a href=\"https:\/\/feemains.fr\/collections\/les-accessoires\" target=\"_blank\" rel=\"noreferrer noopener\">les cubes d&rsquo;\u00e9veil <em>F\u00e9e Mains<\/em><\/a> devraient vous plaire ! <strong>Fabriqu\u00e9s dans le Nord de la France<\/strong>, ils permettent de stimuler tous les sens de b\u00e9b\u00e9 : tissus doux et color\u00e9s, motifs amusants, textures vari\u00e9es&#8230; Une belle id\u00e9e de cadeau \u00e0 offrir aux plus petits !<\/p>\n\n\n\n<p><\/p>\n\n\n\n<h3 class=\"wp-block-heading\"><span class=\"ez-toc-section\" id=\"Un_abonnement_au_magazine_des_Mini-Mondes\"><\/span>Un abonnement au magazine des <em>Mini-Mondes<\/em> <span class=\"ez-toc-section-end\"><\/span><\/h3>\n\n\n\n<p><\/p>\n\n\n\n<p>Vous avez envie de <strong>faire d\u00e9couvrir le monde \u00e0 vos enfants <\/strong>en s&rsquo;amusant&nbsp;? Foncez d\u00e9couvrir<a href=\"https:\/\/lesminimondes.fr\/boutique\/abonnement-magazine-enfant\/abonnement-carnet-voyage-1-an\/\" target=\"_blank\" rel=\"noreferrer noopener\"> le magazine des <em>Mini-Mondes<\/em> pens\u00e9 pour les 1 \u00e0 3 ans<\/a> (bon \u00e0 savoir&nbsp;: il existe aussi des formules pour les plus grands). Parfait pour d\u00e9velopper l&rsquo;imaginaire et stimuler l&rsquo;\u00e9veil au monde.<\/p>\n\n\n\n<hr class=\"wp-block-separator has-alpha-channel-opacity\"\/>\n\n\n\n<p><em><strong>Conseil culott\u00e9<\/strong>&nbsp;: pour vos cadeaux, pensez aussi aux livres&nbsp;! C&rsquo;est toujours une super id\u00e9e pour les enfants, quel que soit leur \u00e2ge&nbsp;!<\/em><\/p>\n\n\n\n<hr class=\"wp-block-separator has-alpha-channel-opacity\"\/>\n\n\n\n<h3 class=\"wp-block-heading\"><span class=\"ez-toc-section\" id=\"Une_bouteille_sensorielle_Atelier_Gigogne\"><\/span>Une bouteille sensorielle <em>Atelier Gigogne<\/em><span class=\"ez-toc-section-end\"><\/span><\/h3>\n\n\n\n<p><\/p>\n\n\n\n<p>Pour <strong>d\u00e9velopper l&rsquo;attention des b\u00e9b\u00e9s <\/strong>et aider les plus grands \u00e0 retrouver leur calme apr\u00e8s une <a href=\"https:\/\/www.lespetitsculottes.com\/blog\/gestion-emotions-enfant\/\">temp\u00eate \u00e9motionnelle<\/a>, rien de mieux qu&rsquo;une<a href=\"https:\/\/www.ateliergigogne.com\/produits\/bouteille-sensorielle-lapins\/\" target=\"_blank\" rel=\"noreferrer noopener\"> bouteille sensorielle de<em> l&rsquo;Atelier Gigogne<\/em><\/a>.<\/p>\n\n\n\n<p><\/p>\n\n\n\n<h3 class=\"wp-block-heading\"><span class=\"ez-toc-section\" id=\"Une_tour_dobservation_Fil_Mobilier\"><\/span>Une tour d&rsquo;observation <em>Fil Mobilier<\/em><span class=\"ez-toc-section-end\"><\/span><\/h3>\n\n\n\n<p><\/p>\n\n\n\n<p>Votre enfant commence \u00e0 avoir envie de<strong> participer aux activit\u00e9s quotidiennes<\/strong> de la maison&nbsp;? Et si vous lui offriez <a href=\"https:\/\/filmobilier.com\/products\/tour-apprentissage-montessori\" target=\"_blank\" rel=\"noreferrer noopener\">une tour d&rsquo;observation <em>Fil Mobilier<\/em><\/a> ? Fabriqu\u00e9e en C\u00f4te d&rsquo;or et \u00e9volutive, cette tour en bois lui permettra de <strong>s&rsquo;\u00e9panouir de mani\u00e8re autonome<\/strong>, en toute s\u00e9curit\u00e9.<\/p>\n\n\n\n<p><\/p>\n\n\n\n<h3 class=\"wp-block-heading\"><span class=\"ez-toc-section\" id=\"Un_projecteur_Tikino\"><\/span>Un projecteur <em>Tikino<\/em> <span class=\"ez-toc-section-end\"><\/span><\/h3>\n\n\n\n<p><\/p>\n\n\n\n<p><em>Tikino<\/em>, c&rsquo;est<a href=\"https:\/\/tikino.fr\/\" target=\"_blank\" rel=\"noreferrer noopener\"> le projecteur sp\u00e9cialement con\u00e7u pour les 3\/10 ans<\/a>. \u00c0 partager en famille, il diffuse <strong>des contenus illustr\u00e9s et anim\u00e9s avec douceur<\/strong> au mur ou au plafond. Une super alternative pour <a href=\"https:\/\/www.lespetitsculottes.com\/blog\/gerer-ecrans-petite-enfance\/\">g\u00e9rer l&rsquo;exposition aux \u00e9crans<\/a> \u00e9lectroniques, pour \u00e9veiller les enfants sans les sur-stimuler&nbsp;!<\/p>\n\n\n\n<p><\/p>\n\n\n\n<h3 class=\"wp-block-heading\"><span class=\"ez-toc-section\" id=\"Un_abonnement_couches_Les_Petits_Culottes\"><\/span>Un abonnement couches <em>Les Petits Culott\u00e9s<\/em> <span class=\"ez-toc-section-end\"><\/span><\/h3>\n\n\n\n<p><\/p>\n\n\n\n<p>Un b\u00e9b\u00e9 vient de na\u00eetre dans votre entourage\u00a0? Et si vous lui offriez pour No\u00ebl quelques mois d&rsquo;abonnement \u00e0 nos couches Les Petits Culott\u00e9s\u00a0? Une id\u00e9e super utile pour d\u00e9couvrir nos couches fabriqu\u00e9es en France \u00e0 partir de mati\u00e8res d&rsquo;origine naturelle. Pratique pour les jeunes parents, cet <a href=\"https:\/\/www.lespetitsculottes.com\/fr\/accueil\/9-abonnement-couche-bio.html\">abonnement de couches<\/a> accompagne les premiers mois de b\u00e9b\u00e9 sans ajouter de r\u00e9assort \u00e0 la liste des choses \u00e0 penser.<\/p>\n\n\n\n<p><\/p>\n\n\n\n<p><em>Cet article a \u00e9t\u00e9 r\u00e9dig\u00e9 par Marie Mourot &amp; Les Petits Culott\u00e9s.<\/em><\/p>\n\n\n\n<p><em>Cr\u00e9dit photo : Freepik.com \u00a9 Gpointstudio<\/em><\/p>\n","protected":false},"excerpt":{"rendered":"<p>Vous cherchez des id\u00e9es cadeaux pour No\u00ebl qui approche \u00e0 [&hellip;]<\/p>\n","protected":false},"author":1,"featured_media":2218,"comment_status":"closed","ping_status":"closed","sticky":false,"template":"","format":"standard","meta":{"footnotes":""},"categories":[10],"class_list":["post-2202","post","type-post","status-publish","format-standard","has-post-thumbnail","hentry","category-bebe-culotte"],"yoast_head":"<!-- This site is optimized with the Yoast SEO plugin v26.2 - https:\/\/yoast.com\/wordpress\/plugins\/seo\/ -->\n<title>No\u00ebl : nos id\u00e9es cadeaux pour les 0-3 ans - Les Petits Culott\u00e9s<\/title>\n<meta name=\"description\" content=\"No\u00ebl approche et vous cherchez des id\u00e9es cadeaux pour les 0-3 ans ? D\u00e9couvrez notre s\u00e9lection responsable.\" \/>\n<meta name=\"robots\" content=\"index, follow, max-snippet:-1, max-image-preview:large, max-video-preview:-1\" \/>\n<link rel=\"canonical\" href=\"https:\/\/www.lespetitsculottes.com\/blog\/idees-cadeaux-pour-les-0-3-ans\/\" \/>\n<meta property=\"og:locale\" content=\"fr_FR\" \/>\n<meta property=\"og:type\" content=\"article\" \/>\n<meta property=\"og:title\" content=\"No\u00ebl : nos id\u00e9es cadeaux pour les 0-3 ans - Les Petits Culott\u00e9s\" \/>\n<meta property=\"og:description\" content=\"No\u00ebl approche et vous cherchez des id\u00e9es cadeaux pour les 0-3 ans ? D\u00e9couvrez notre s\u00e9lection responsable.\" \/>\n<meta property=\"og:url\" content=\"https:\/\/www.lespetitsculottes.com\/blog\/idees-cadeaux-pour-les-0-3-ans\/\" \/>\n<meta property=\"og:site_name\" content=\"Les Petits Culott\u00e9s\" \/>\n<meta property=\"article:published_time\" content=\"2023-12-11T11:07:18+00:00\" \/>\n<meta property=\"article:modified_time\" content=\"2026-04-28T14:33:54+00:00\" \/>\n<meta property=\"og:image\" content=\"https:\/\/www.lespetitsculottes.com\/blog\/wp-content\/uploads\/2023\/12\/idees-cadeaux-0-3-ans.jpg\" \/>\n\t<meta property=\"og:image:width\" content=\"830\" \/>\n\t<meta property=\"og:image:height\" content=\"554\" \/>\n\t<meta property=\"og:image:type\" content=\"image\/jpeg\" \/>\n<meta name=\"author\" content=\"Admin 23Prod\" \/>\n<meta name=\"twitter:card\" content=\"summary_large_image\" \/>\n<meta name=\"twitter:label1\" content=\"\u00c9crit par\" \/>\n\t<meta name=\"twitter:data1\" content=\"Admin 23Prod\" \/>\n\t<meta name=\"twitter:label2\" content=\"Dur\u00e9e de lecture estim\u00e9e\" \/>\n\t<meta name=\"twitter:data2\" content=\"4 minutes\" \/>\n<script type=\"application\/ld+json\" class=\"yoast-schema-graph\">{\"@context\":\"https:\/\/schema.org\",\"@graph\":[{\"@type\":\"WebPage\",\"@id\":\"https:\/\/www.lespetitsculottes.com\/blog\/idees-cadeaux-pour-les-0-3-ans\/\",\"url\":\"https:\/\/www.lespetitsculottes.com\/blog\/idees-cadeaux-pour-les-0-3-ans\/\",\"name\":\"No\u00ebl : nos id\u00e9es cadeaux pour les 0-3 ans - Les Petits Culott\u00e9s\",\"isPartOf\":{\"@id\":\"https:\/\/www.lespetitsculottes.com\/blog\/#website\"},\"primaryImageOfPage\":{\"@id\":\"https:\/\/www.lespetitsculottes.com\/blog\/idees-cadeaux-pour-les-0-3-ans\/#primaryimage\"},\"image\":{\"@id\":\"https:\/\/www.lespetitsculottes.com\/blog\/idees-cadeaux-pour-les-0-3-ans\/#primaryimage\"},\"thumbnailUrl\":\"https:\/\/www.lespetitsculottes.com\/blog\/wp-content\/uploads\/2023\/12\/idees-cadeaux-0-3-ans.jpg\",\"datePublished\":\"2023-12-11T11:07:18+00:00\",\"dateModified\":\"2026-04-28T14:33:54+00:00\",\"author\":{\"@id\":\"https:\/\/www.lespetitsculottes.com\/blog\/#\/schema\/person\/d67501f1427510d030b375d864acaecb\"},\"description\":\"No\u00ebl approche et vous cherchez des id\u00e9es cadeaux pour les 0-3 ans ? D\u00e9couvrez notre s\u00e9lection responsable.\",\"breadcrumb\":{\"@id\":\"https:\/\/www.lespetitsculottes.com\/blog\/idees-cadeaux-pour-les-0-3-ans\/#breadcrumb\"},\"inLanguage\":\"fr-FR\",\"potentialAction\":[{\"@type\":\"ReadAction\",\"target\":[\"https:\/\/www.lespetitsculottes.com\/blog\/idees-cadeaux-pour-les-0-3-ans\/\"]}]},{\"@type\":\"ImageObject\",\"inLanguage\":\"fr-FR\",\"@id\":\"https:\/\/www.lespetitsculottes.com\/blog\/idees-cadeaux-pour-les-0-3-ans\/#primaryimage\",\"url\":\"https:\/\/www.lespetitsculottes.com\/blog\/wp-content\/uploads\/2023\/12\/idees-cadeaux-0-3-ans.jpg\",\"contentUrl\":\"https:\/\/www.lespetitsculottes.com\/blog\/wp-content\/uploads\/2023\/12\/idees-cadeaux-0-3-ans.jpg\",\"width\":830,\"height\":554,\"caption\":\"Id\u00e9es cadeaux pour les 0-3 ans\"},{\"@type\":\"BreadcrumbList\",\"@id\":\"https:\/\/www.lespetitsculottes.com\/blog\/idees-cadeaux-pour-les-0-3-ans\/#breadcrumb\",\"itemListElement\":[{\"@type\":\"ListItem\",\"position\":1,\"name\":\"Home\",\"item\":\"https:\/\/www.lespetitsculottes.com\/blog\/\"},{\"@type\":\"ListItem\",\"position\":2,\"name\":\"No\u00ebl : nos id\u00e9es cadeaux pour les 0-3 ans\"}]},{\"@type\":\"WebSite\",\"@id\":\"https:\/\/www.lespetitsculottes.com\/blog\/#website\",\"url\":\"https:\/\/www.lespetitsculottes.com\/blog\/\",\"name\":\"Les petits culott\u00e9s\",\"description\":\"Le blog des Petits Culott\u00e9s\",\"potentialAction\":[{\"@type\":\"SearchAction\",\"target\":{\"@type\":\"EntryPoint\",\"urlTemplate\":\"https:\/\/www.lespetitsculottes.com\/blog\/?s={search_term_string}\"},\"query-input\":{\"@type\":\"PropertyValueSpecification\",\"valueRequired\":true,\"valueName\":\"search_term_string\"}}],\"inLanguage\":\"fr-FR\"},{\"@type\":\"Person\",\"@id\":\"https:\/\/www.lespetitsculottes.com\/blog\/#\/schema\/person\/d67501f1427510d030b375d864acaecb\",\"name\":\"Admin 23Prod\",\"image\":{\"@type\":\"ImageObject\",\"inLanguage\":\"fr-FR\",\"@id\":\"https:\/\/www.lespetitsculottes.com\/blog\/#\/schema\/person\/image\/\",\"url\":\"https:\/\/secure.gravatar.com\/avatar\/d07fc7773d840429da1fba32fa2027ef4f681ca12979b4997c63c8869d9a78ca?s=96&d=wp_user_avatar&r=g\",\"contentUrl\":\"https:\/\/secure.gravatar.com\/avatar\/d07fc7773d840429da1fba32fa2027ef4f681ca12979b4997c63c8869d9a78ca?s=96&d=wp_user_avatar&r=g\",\"caption\":\"Admin 23Prod\"},\"description\":\"D\u00e9veloppeur\",\"url\":\"https:\/\/www.lespetitsculottes.com\/blog\/auteur\/lpc\/\"}]}<\/script>\n<!-- \/ Yoast SEO plugin. -->","yoast_head_json":{"title":"No\u00ebl : nos id\u00e9es cadeaux pour les 0-3 ans - Les Petits Culott\u00e9s","description":"No\u00ebl approche et vous cherchez des id\u00e9es cadeaux pour les 0-3 ans ? D\u00e9couvrez notre s\u00e9lection responsable.","robots":{"index":"index","follow":"follow","max-snippet":"max-snippet:-1","max-image-preview":"max-image-preview:large","max-video-preview":"max-video-preview:-1"},"canonical":"https:\/\/www.lespetitsculottes.com\/blog\/idees-cadeaux-pour-les-0-3-ans\/","og_locale":"fr_FR","og_type":"article","og_title":"No\u00ebl : nos id\u00e9es cadeaux pour les 0-3 ans - Les Petits Culott\u00e9s","og_description":"No\u00ebl approche et vous cherchez des id\u00e9es cadeaux pour les 0-3 ans ? D\u00e9couvrez notre s\u00e9lection responsable.","og_url":"https:\/\/www.lespetitsculottes.com\/blog\/idees-cadeaux-pour-les-0-3-ans\/","og_site_name":"Les Petits Culott\u00e9s","article_published_time":"2023-12-11T11:07:18+00:00","article_modified_time":"2026-04-28T14:33:54+00:00","og_image":[{"width":830,"height":554,"url":"https:\/\/www.lespetitsculottes.com\/blog\/wp-content\/uploads\/2023\/12\/idees-cadeaux-0-3-ans.jpg","type":"image\/jpeg"}],"author":"Admin 23Prod","twitter_card":"summary_large_image","twitter_misc":{"\u00c9crit par":"Admin 23Prod","Dur\u00e9e de lecture estim\u00e9e":"4 minutes"},"schema":{"@context":"https:\/\/schema.org","@graph":[{"@type":"WebPage","@id":"https:\/\/www.lespetitsculottes.com\/blog\/idees-cadeaux-pour-les-0-3-ans\/","url":"https:\/\/www.lespetitsculottes.com\/blog\/idees-cadeaux-pour-les-0-3-ans\/","name":"No\u00ebl : nos id\u00e9es cadeaux pour les 0-3 ans - Les Petits Culott\u00e9s","isPartOf":{"@id":"https:\/\/www.lespetitsculottes.com\/blog\/#website"},"primaryImageOfPage":{"@id":"https:\/\/www.lespetitsculottes.com\/blog\/idees-cadeaux-pour-les-0-3-ans\/#primaryimage"},"image":{"@id":"https:\/\/www.lespetitsculottes.com\/blog\/idees-cadeaux-pour-les-0-3-ans\/#primaryimage"},"thumbnailUrl":"https:\/\/www.lespetitsculottes.com\/blog\/wp-content\/uploads\/2023\/12\/idees-cadeaux-0-3-ans.jpg","datePublished":"2023-12-11T11:07:18+00:00","dateModified":"2026-04-28T14:33:54+00:00","author":{"@id":"https:\/\/www.lespetitsculottes.com\/blog\/#\/schema\/person\/d67501f1427510d030b375d864acaecb"},"description":"No\u00ebl approche et vous cherchez des id\u00e9es cadeaux pour les 0-3 ans ? D\u00e9couvrez notre s\u00e9lection responsable.","breadcrumb":{"@id":"https:\/\/www.lespetitsculottes.com\/blog\/idees-cadeaux-pour-les-0-3-ans\/#breadcrumb"},"inLanguage":"fr-FR","potentialAction":[{"@type":"ReadAction","target":["https:\/\/www.lespetitsculottes.com\/blog\/idees-cadeaux-pour-les-0-3-ans\/"]}]},{"@type":"ImageObject","inLanguage":"fr-FR","@id":"https:\/\/www.lespetitsculottes.com\/blog\/idees-cadeaux-pour-les-0-3-ans\/#primaryimage","url":"https:\/\/www.lespetitsculottes.com\/blog\/wp-content\/uploads\/2023\/12\/idees-cadeaux-0-3-ans.jpg","contentUrl":"https:\/\/www.lespetitsculottes.com\/blog\/wp-content\/uploads\/2023\/12\/idees-cadeaux-0-3-ans.jpg","width":830,"height":554,"caption":"Id\u00e9es cadeaux pour les 0-3 ans"},{"@type":"BreadcrumbList","@id":"https:\/\/www.lespetitsculottes.com\/blog\/idees-cadeaux-pour-les-0-3-ans\/#breadcrumb","itemListElement":[{"@type":"ListItem","position":1,"name":"Home","item":"https:\/\/www.lespetitsculottes.com\/blog\/"},{"@type":"ListItem","position":2,"name":"No\u00ebl : nos id\u00e9es cadeaux pour les 0-3 ans"}]},{"@type":"WebSite","@id":"https:\/\/www.lespetitsculottes.com\/blog\/#website","url":"https:\/\/www.lespetitsculottes.com\/blog\/","name":"Les petits culott\u00e9s","description":"Le blog des Petits Culott\u00e9s","potentialAction":[{"@type":"SearchAction","target":{"@type":"EntryPoint","urlTemplate":"https:\/\/www.lespetitsculottes.com\/blog\/?s={search_term_string}"},"query-input":{"@type":"PropertyValueSpecification","valueRequired":true,"valueName":"search_term_string"}}],"inLanguage":"fr-FR"},{"@type":"Person","@id":"https:\/\/www.lespetitsculottes.com\/blog\/#\/schema\/person\/d67501f1427510d030b375d864acaecb","name":"Admin 23Prod","image":{"@type":"ImageObject","inLanguage":"fr-FR","@id":"https:\/\/www.lespetitsculottes.com\/blog\/#\/schema\/person\/image\/","url":"https:\/\/secure.gravatar.com\/avatar\/d07fc7773d840429da1fba32fa2027ef4f681ca12979b4997c63c8869d9a78ca?s=96&d=wp_user_avatar&r=g","contentUrl":"https:\/\/secure.gravatar.com\/avatar\/d07fc7773d840429da1fba32fa2027ef4f681ca12979b4997c63c8869d9a78ca?s=96&d=wp_user_avatar&r=g","caption":"Admin 23Prod"},"description":"D\u00e9veloppeur","url":"https:\/\/www.lespetitsculottes.com\/blog\/auteur\/lpc\/"}]}},"_links":{"self":[{"href":"https:\/\/www.lespetitsculottes.com\/blog\/wp-json\/wp\/v2\/posts\/2202","targetHints":{"allow":["GET"]}}],"collection":[{"href":"https:\/\/www.lespetitsculottes.com\/blog\/wp-json\/wp\/v2\/posts"}],"about":[{"href":"https:\/\/www.lespetitsculottes.com\/blog\/wp-json\/wp\/v2\/types\/post"}],"author":[{"embeddable":true,"href":"https:\/\/www.lespetitsculottes.com\/blog\/wp-json\/wp\/v2\/users\/1"}],"replies":[{"embeddable":true,"href":"https:\/\/www.lespetitsculottes.com\/blog\/wp-json\/wp\/v2\/comments?post=2202"}],"version-history":[{"count":24,"href":"https:\/\/www.lespetitsculottes.com\/blog\/wp-json\/wp\/v2\/posts\/2202\/revisions"}],"predecessor-version":[{"id":4850,"href":"https:\/\/www.lespetitsculottes.com\/blog\/wp-json\/wp\/v2\/posts\/2202\/revisions\/4850"}],"wp:featuredmedia":[{"embeddable":true,"href":"https:\/\/www.lespetitsculottes.com\/blog\/wp-json\/wp\/v2\/media\/2218"}],"wp:attachment":[{"href":"https:\/\/www.lespetitsculottes.com\/blog\/wp-json\/wp\/v2\/media?parent=2202"}],"wp:term":[{"taxonomy":"category","embeddable":true,"href":"https:\/\/www.lespetitsculottes.com\/blog\/wp-json\/wp\/v2\/categories?post=2202"}],"curies":[{"name":"wp","href":"https:\/\/api.w.org\/{rel}","templated":true}]}}