{"id":2345,"date":"2024-03-13T15:55:25","date_gmt":"2024-03-13T14:55:25","guid":{"rendered":"https:\/\/www.lespetitsculottes.com\/blog\/?p=2345"},"modified":"2024-08-26T14:40:56","modified_gmt":"2024-08-26T12:40:56","slug":"allaitement-mixte","status":"publish","type":"post","link":"https:\/\/www.lespetitsculottes.com\/blog\/allaitement-mixte\/","title":{"rendered":"L&rsquo;allaitement mixte : comment le mettre en place ?"},"content":{"rendered":"<div id=\"ez-toc-container\" class=\"ez-toc-v2_0_76 counter-hierarchy ez-toc-counter ez-toc-white ez-toc-container-direction\">\n<div class=\"ez-toc-title-container\"><p class=\"ez-toc-title\" style=\"cursor:inherit\">Sommaire<\/p>\n<\/div><nav><ul class='ez-toc-list ez-toc-list-level-1 ' ><li class='ez-toc-page-1 ez-toc-heading-level-2'><a class=\"ez-toc-link ez-toc-heading-1\" href=\"https:\/\/www.lespetitsculottes.com\/blog\/allaitement-mixte\/#Quest-ce_que_lallaitement_mixte\" >Qu&rsquo;est-ce que l&rsquo;allaitement mixte&nbsp;?<\/a><\/li><li class='ez-toc-page-1 ez-toc-heading-level-2'><a class=\"ez-toc-link ez-toc-heading-2\" href=\"https:\/\/www.lespetitsculottes.com\/blog\/allaitement-mixte\/#Lallaitement_mixte_peut-il_avoir_des_consequences_sur_lallaitement_maternel\" >L&rsquo;allaitement mixte peut-il avoir des cons\u00e9quences sur l&rsquo;allaitement maternel&nbsp;?<\/a><\/li><li class='ez-toc-page-1 ez-toc-heading-level-2'><a class=\"ez-toc-link ez-toc-heading-3\" href=\"https:\/\/www.lespetitsculottes.com\/blog\/allaitement-mixte\/#A_partir_de_quand_est-il_possible_de_commencer\" >\u00c0 partir de quand est-il possible de commencer ?<\/a><\/li><li class='ez-toc-page-1 ez-toc-heading-level-2'><a class=\"ez-toc-link ez-toc-heading-4\" href=\"https:\/\/www.lespetitsculottes.com\/blog\/allaitement-mixte\/#Comment_le_mettre_en_place\" >Comment le mettre en place&nbsp;?<\/a><\/li><li class='ez-toc-page-1 ez-toc-heading-level-2'><a class=\"ez-toc-link ez-toc-heading-5\" href=\"https:\/\/www.lespetitsculottes.com\/blog\/allaitement-mixte\/#Biberon_lait_infantile_comment_bien_les_choisir\" >Biberon, lait infantile, comment bien les choisir&nbsp;?<\/a><ul class='ez-toc-list-level-3' ><li class='ez-toc-heading-level-3'><a class=\"ez-toc-link ez-toc-heading-6\" href=\"https:\/\/www.lespetitsculottes.com\/blog\/allaitement-mixte\/#Informations\" >Informations :<\/a><\/li><\/ul><\/li><\/ul><\/nav><\/div>\n\n<p><\/p>\n\n\n\n<p>Allaiter son b\u00e9b\u00e9 tout en lui donnant des <strong>biberons de lait infantile<\/strong>, c&rsquo;est possible et c&rsquo;est ce qu&rsquo;on appelle <strong>l&rsquo;allaitement mixte.<\/strong> Alors, de quoi s&rsquo;agit-il exactement&nbsp;? Quand commencer et<strong> comment le mettre en place<\/strong>&nbsp;? Pour tout savoir, d\u00e9couvrez dans cet article les conseils de <a href=\"https:\/\/www.unamouraunaturel.com\/nadege-petrel\/\" target=\"_blank\" rel=\"noreferrer noopener\">Nad\u00e8ge P\u00e9trel<\/a>, infirmi\u00e8re pu\u00e9ricultrice, autrice et fondatrice d&rsquo;Un Amour au Naturel.<\/p>\n\n\n\n<p><\/p>\n\n\n\n<h2 class=\"wp-block-heading\"><span class=\"ez-toc-section\" id=\"Quest-ce_que_lallaitement_mixte\"><\/span>Qu&rsquo;est-ce que l&rsquo;allaitement mixte&nbsp;?<span class=\"ez-toc-section-end\"><\/span><\/h2>\n\n\n\n<p><\/p>\n\n\n\n<p>L&rsquo;allaitement mixte consiste \u00e0<strong> nourrir b\u00e9b\u00e9 en alternant lait maternel au sein et lait infantile* au biberon<\/strong>. Cette m\u00e9thode d&rsquo;alimentation permet notamment \u00e0 la maman de continuer \u00e0 allaiter lorsqu&rsquo;elle reprend le travail et qu&rsquo;elle ne souhaite pas tirer son lait. Elle lui laisse aussi la possibilit\u00e9 de <strong>passer le relais au co-parent<\/strong> si elle en a envie ou besoin, tout en gardant les <a href=\"https:\/\/www.lespetitsculottes.com\/blog\/allaitement-bienfaits\/\">b\u00e9n\u00e9fices de l&rsquo;allaitement maternel<\/a>. Cette pratique peut aussi \u00eatre mise en place lorsque l&rsquo;allaitement au sein est compliqu\u00e9 pour la maman ou pour le b\u00e9b\u00e9 et ce, pour diverses raisons parfois d&rsquo;ordre m\u00e9dical.<\/p>\n\n\n\n<p><\/p>\n\n\n\n<h2 class=\"wp-block-heading\"><span class=\"ez-toc-section\" id=\"Lallaitement_mixte_peut-il_avoir_des_consequences_sur_lallaitement_maternel\"><\/span>L&rsquo;allaitement mixte peut-il avoir des cons\u00e9quences sur l&rsquo;allaitement maternel&nbsp;?<span class=\"ez-toc-section-end\"><\/span><\/h2>\n\n\n\n<p><\/p>\n\n\n\n<p>Il est important de savoir que <strong>plus b\u00e9b\u00e9 t\u00e8te, plus la lactation est stimul\u00e9e<\/strong>. Donc si la stimulation n&rsquo;est plus assez suffisante, il y un<strong> risque de diminution de la production de lait maternel<\/strong>. C&rsquo;est pour cette raison qu&rsquo;il est n\u00e9cessaire au d\u00e9part de <strong>continuer \u00e0 tirer son lait en parall\u00e8le<\/strong> afin de maintenir une bonne lactation. Il est aussi possible que b\u00e9b\u00e9 s&rsquo;habitue \u00e0 un rythme plus rapide avec le biberon ou qu&rsquo;il modifie sa prise du sein. Cependant, ce n&rsquo;est pas pour cela qu&rsquo;il ne faut pas le mettre en place. Il existe des solutions pour que l&rsquo;allaitement mixte se passe bien pour la maman comme pour le b\u00e9b\u00e9.<\/p>\n\n\n\n<p><\/p>\n\n\n\n<h2 class=\"wp-block-heading\"><span class=\"ez-toc-section\" id=\"A_partir_de_quand_est-il_possible_de_commencer\"><\/span><strong>\u00c0 partir de quand est-il possible de commencer ?<\/strong><span class=\"ez-toc-section-end\"><\/span><\/h2>\n\n\n\n<p><\/p>\n\n\n\n<p>Afin de faire les choses en douceur, il est conseill\u00e9 de <strong>prendre son temps<\/strong> et de d\u00e9buter l&rsquo;allaitement mixte seulement <strong>vers 3 mois<\/strong>. En effet, cette p\u00e9riode est n\u00e9cessaire pour que l&rsquo;allaitement et la production de lait se mettent bien en place. Cela permet aussi \u00e0 b\u00e9b\u00e9 de s&rsquo;habituer \u00e0 bien t\u00e9ter le sein. Si c&rsquo;est un choix personnel et que vous souhaitez que cet allaitement mixte fonctionne, il est important de prendre ce temps n\u00e9cessaire \u00e0 une bonne lactation. Si vous ne pouvez pas suivre cette recommandation, l&rsquo;allaitement mixte peut \u00eatre pratiqu\u00e9 d\u00e8s la naissance. Cependant, il sera certainement plus difficile \u00e0 mettre en place.<\/p>\n\n\n\n<p><\/p>\n\n\n\n<h2 class=\"wp-block-heading\"><span class=\"ez-toc-section\" id=\"Comment_le_mettre_en_place\"><\/span>Comment le mettre en place&nbsp;?<span class=\"ez-toc-section-end\"><\/span><\/h2>\n\n\n\n<p><\/p>\n\n\n\n<p>L&rsquo;allaitement mixte doit \u00eatre mis en place en douceur. Pour cela, vous pouvez commencer \u00e0 <strong>remplacer une t\u00e9t\u00e9e au sein par un biberon de lait infantile<\/strong>. Vous pouvez aussi <strong>commencer par des biberons de lait maternel <\/strong>si vous continuez \u00e0 tirer votre lait. Cela peut \u00eatre id\u00e9al au d\u00e9but pour maintenir une bonne lactation et <strong>faciliter la transition<\/strong> pour b\u00e9b\u00e9. En effet, les b\u00e9b\u00e9s allait\u00e9s peuvent avoir des difficult\u00e9s \u00e0 s&rsquo;habituer au go\u00fbt du lait artificiel. Lorsqu&rsquo;il semble l&rsquo;appr\u00e9cier, c&rsquo;est bon signe, l&rsquo;allaitement mixte peut se mettre en place. Si vous souhaitez <strong>remplacer une autre t\u00e9t\u00e9e par un biberon<\/strong>, patientez quelques jours. De cette mani\u00e8re, votre corps s&rsquo;habituera progressivement \u00e0 cette baisse de lactation.<\/p>\n\n\n\n<p>Enfin, pour maintenir une bonne production de lait,<strong> il est conseill\u00e9 de garder 2 \u00e0 3 t\u00e9t\u00e9es au sein par jour<\/strong> minimum. Il peut s&rsquo;agir par exemple de la t\u00e9t\u00e9e du matin, du soir et de la nuit. Prenez le temps de trouver le rythme qui vous convient, \u00e0 vous et \u00e0 votre b\u00e9b\u00e9. Pour vous aider \u00e0 mettre en place l&rsquo;allaitement mixte, n&rsquo;h\u00e9sitez pas \u00e0 <strong>vous faire accompagner<\/strong> par un professionnel de sant\u00e9 ou par une <a href=\"https:\/\/www.consultants-lactation.org\/\" target=\"_blank\" rel=\"noreferrer noopener\">consultante en lactation certifi\u00e9s IBCLC<\/a>.<\/p>\n\n\n\n<hr class=\"wp-block-separator has-alpha-channel-opacity\"\/>\n\n\n\n<p><em><strong>Conseil culott\u00e9&nbsp;<\/strong>: si l&rsquo;allaitement mixte est mis en place <strong>avant 3 mois ou si la production de lait est insuffisante<\/strong>, il est n\u00e9cessaire de continuer \u00e0 tirer son lait afin de stimuler la production. Plus le sein sera sollicit\u00e9, plus le corps produira du lait.<\/em><\/p>\n\n\n\n<hr class=\"wp-block-separator has-alpha-channel-opacity\"\/>\n\n\n\n<h2 class=\"wp-block-heading\"><span class=\"ez-toc-section\" id=\"Biberon_lait_infantile_comment_bien_les_choisir\"><\/span>Biberon, lait infantile, comment bien les choisir&nbsp;?<span class=\"ez-toc-section-end\"><\/span><\/h2>\n\n\n\n<p><\/p>\n\n\n\n<p>Pour que b\u00e9b\u00e9 garde<strong> une continuit\u00e9<\/strong> entre<a href=\"https:\/\/www.lespetitsculottes.com\/blog\/reussir-allaitement-bebe\/\"> l&rsquo;allaitement <\/a>et le biberon, choisissez <strong>une t\u00e9tine \u00e0 d\u00e9bit lent <\/strong>pour commencer. De cette mani\u00e8re, le rythme ne sera pas trop rapide pour lui, comme lorsqu&rsquo;il t\u00e8te le sein. Il est important de prendre le temps d&rsquo;observer b\u00e9b\u00e9 pour s&rsquo;adapter \u00e0 lui. N&rsquo;h\u00e9sitez pas \u00e0 changer de d\u00e9bit de t\u00e9tine si vous remarquez qu&rsquo;il s&rsquo;endort sur son biberon ou se fatigue vite. Si le d\u00e9bit est trop faible pour lui, la t\u00e9tine est g\u00e9n\u00e9ralement aplatie. Positionnez ensuite votre enfant <strong>en position bien assise<\/strong> et <strong>tenez le biberon \u00e0 l&rsquo;horizontale<\/strong>. Cela lui permettra de <strong>g\u00e9rer le d\u00e9bit de lait<\/strong> et ainsi d&rsquo;\u00eatre v\u00e9ritablement acteur de ce moment. C&rsquo;est \u00e0 lui de t\u00e9ter pour prendre son lait. <\/p>\n\n\n\n<p><a href=\"https:\/\/www.lespetitsculottes.com\/blog\/donner-le-biberon-a-bebe\/\">Donner un biberon de mani\u00e8re physiologique <\/a>est essentiel pour respecter sa sati\u00e9t\u00e9 mais aussi pour <strong>\u00e9viter les probl\u00e8mes de digestion <\/strong>ou les r\u00e9gurgitations. Il ne faut pas h\u00e9siter aussi \u00e0<strong> faire des pauses pendant le biberon<\/strong> afin que b\u00e9b\u00e9 fasse un rot s&rsquo;il en a besoin. C\u00f4t\u00e9 lait infantile, choisissez <strong>un lait adapt\u00e9 \u00e0 l&rsquo;\u00e2ge de votre b\u00e9b\u00e9 <\/strong>(lait 1er \u00e2ge ou<a href=\"https:\/\/www.lespetitsculottes.com\/fr\/content\/66-lait-2eme-age\"> lait 2e \u00e2ge<\/a>) et \u00e0 ses sp\u00e9cificit\u00e9s s&rsquo;il en a (reflux, allergies&#8230;). N&rsquo;oubliez pas enfin le plus important : faites-vous confiance, vous \u00eates la mieux plac\u00e9e pour savoir ce qui est bon pour vous et votre enfant.<\/p>\n\n\n\n<p><\/p>\n\n\n\n<p>Retrouvez Nad\u00e8ge P\u00e9trel sur son site&nbsp;: <a href=\"https:\/\/www.unamouraunaturel.com\/\" target=\"_blank\" rel=\"noreferrer noopener\">www.unamouraunaturel.com<\/a><\/p>\n\n\n\n<hr class=\"wp-block-separator has-alpha-channel-opacity\"\/>\n\n\n\n<p><em><strong>Remarque culott\u00e9e<\/strong> : si vous ne connaissez pas encore <a href=\"https:\/\/www.lespetitsculottes.com\/fr\/content\/69-abonnement-lait\">notre lait infantile bio en abonnement<\/a> n&rsquo;h\u00e9sitez pas \u00e0 le d\u00e9couvrir d\u00e8s maintenant. 100% en circuit court, il est disponible en abonnement pour vous faciliter la vie !<\/em><\/p>\n\n\n\n<hr class=\"wp-block-separator has-alpha-channel-opacity\"\/>\n\n\n\n<p>Propos recueillis par Marie Mourot pour Les Petits Culott\u00e9s<\/p>\n\n\n\n<p><em>Cr\u00e9dit photo : \u00a9 Freepik<\/em><\/p>\n\n\n\n<p><\/p>\n\n\n\n<h3 class=\"wp-block-heading\"><span class=\"ez-toc-section\" id=\"Informations\"><\/span> Informations :<span class=\"ez-toc-section-end\"><\/span><\/h3>\n\n\n\n<p><em>* Le lait maternel est l\u2019aliment le mieux adapt\u00e9 aux besoins sp\u00e9cifiques des b\u00e9b\u00e9s. Nous reconnaissons la sup\u00e9riorit\u00e9 de l\u2019allaitement maternel et encourageons l\u2019allaitement au sein au moins jusqu\u2019aux six mois du b\u00e9b\u00e9. Une bonne alimentation des mamans contribue \u00e0 la pr\u00e9paration et \u00e0 la poursuite de l&rsquo;allaitement au sein. Une alimentation partielle au biberon peut avoir un effet n\u00e9gatif sur l&rsquo;allaitement au sein et il est difficile de revenir sur la d\u00e9cision de ne pas nourrir son enfant au sein. Les incidences sociales et financi\u00e8res doivent \u00eatre prise en compte lors du choix du mode d\u2019allaitement. Il est recommand\u00e9 de n\u2019utiliser des pr\u00e9parations pour nourrissons et de n\u2019en changer que sur avis de personnes ind\u00e9pendantes qualifi\u00e9es dans le domaine de la m\u00e9decine, de la nutrition ou de la pharmacie, ou d\u2019autres sp\u00e9cialistes responsables des soins maternels et infantiles. <\/em><\/p>\n\n\n\n<p><em>Le lait de suite LES PETITS CULOTTES ne convient qu&rsquo;aux nourrissons de plus de six mois. Il ne peut \u00eatre qu&rsquo;un \u00e9l\u00e9ment d&rsquo;une alimentation diversifi\u00e9e. Il ne peut \u00eatre utilis\u00e9 comme substitut du lait maternel pendant les six premiers mois de la vie. La d\u00e9cision d&rsquo;introduire des aliments compl\u00e9mentaires, y compris toute exception \u00e0 l&rsquo;\u00e2ge de six mois, ne devrait \u00eatre prise que sur avis de personnes ind\u00e9pendantes qualifi\u00e9es dans le domaine de la m\u00e9decine, de la nutrition ou de la pharmacie, ou d&rsquo;autres sp\u00e9cialistes responsables des soins maternels et infantiles, en consid\u00e9ration des besoins sp\u00e9cifiques que pr\u00e9sente le nourrisson pour sa croissance et son d\u00e9veloppement. <\/em><\/p>\n\n\n\n<p><em>Les instructions sur les modes appropri\u00e9s de pr\u00e9paration, de conservation, d\u2019utilisation et d&rsquo;\u00e9limination de nos laits de suite LES PETITS CULOTTES doivent \u00eatre scrupuleusement respect\u00e9es. Une pr\u00e9paration et\/ou une conservation inappropri\u00e9es de m\u00eame que l&rsquo;utilisation d&rsquo;aliments ou de m\u00e9thodes d&rsquo;alimentation inad\u00e9quats peuvent entra\u00eener des risques pour la sant\u00e9. En plus du lait, l&rsquo;eau est la seule boisson indispensable. Bouger, jouer est indispensable au d\u00e9veloppement de votre enfant. Apprenez \u00e0 votre enfant \u00e0 ne pas grignoter entre les repas.&nbsp;<a href=\"https:\/\/www.mangerbouger.fr\/\" target=\"_blank\" rel=\"noreferrer noopener\">www.mangerbouger.fr<\/a><\/em><\/p>\n","protected":false},"excerpt":{"rendered":"<p>Allaiter son b\u00e9b\u00e9 tout en lui donnant des biberons de [&hellip;]<\/p>\n","protected":false},"author":1,"featured_media":2352,"comment_status":"closed","ping_status":"closed","sticky":false,"template":"","format":"standard","meta":{"footnotes":""},"categories":[12],"class_list":["post-2345","post","type-post","status-publish","format-standard","has-post-thumbnail","hentry","category-lexpert-culotte"],"yoast_head":"<!-- This site is optimized with the Yoast SEO plugin v26.2 - https:\/\/yoast.com\/wordpress\/plugins\/seo\/ -->\n<title>L&#039;allaitement mixte : comment le mettre en place ?<\/title>\n<meta name=\"description\" content=\"Qu&#039;est-ce que l&#039;allaitement mixte ? Quand commencer et comment le mettre en place ? D\u00e9couvrez les conseils de Nad\u00e8ge P\u00e9trel.\" \/>\n<meta name=\"robots\" content=\"index, follow, max-snippet:-1, max-image-preview:large, max-video-preview:-1\" \/>\n<link rel=\"canonical\" href=\"https:\/\/www.lespetitsculottes.com\/blog\/allaitement-mixte\/\" \/>\n<meta property=\"og:locale\" content=\"fr_FR\" \/>\n<meta property=\"og:type\" content=\"article\" \/>\n<meta property=\"og:title\" content=\"L&#039;allaitement mixte : comment le mettre en place ?\" \/>\n<meta property=\"og:description\" content=\"Qu&#039;est-ce que l&#039;allaitement mixte ? Quand commencer et comment le mettre en place ? D\u00e9couvrez les conseils de Nad\u00e8ge P\u00e9trel.\" \/>\n<meta property=\"og:url\" content=\"https:\/\/www.lespetitsculottes.com\/blog\/allaitement-mixte\/\" \/>\n<meta property=\"og:site_name\" content=\"Les Petits Culott\u00e9s\" \/>\n<meta property=\"article:published_time\" content=\"2024-03-13T14:55:25+00:00\" \/>\n<meta property=\"article:modified_time\" content=\"2024-08-26T12:40:56+00:00\" \/>\n<meta property=\"og:image\" content=\"https:\/\/www.lespetitsculottes.com\/blog\/wp-content\/uploads\/2024\/03\/allaitement-mixte.jpg\" \/>\n\t<meta property=\"og:image:width\" content=\"830\" \/>\n\t<meta property=\"og:image:height\" content=\"553\" \/>\n\t<meta property=\"og:image:type\" content=\"image\/jpeg\" \/>\n<meta name=\"author\" content=\"Admin 23Prod\" \/>\n<meta name=\"twitter:card\" content=\"summary_large_image\" \/>\n<meta name=\"twitter:label1\" content=\"\u00c9crit par\" \/>\n\t<meta name=\"twitter:data1\" content=\"Admin 23Prod\" \/>\n\t<meta name=\"twitter:label2\" content=\"Dur\u00e9e de lecture estim\u00e9e\" \/>\n\t<meta name=\"twitter:data2\" content=\"7 minutes\" \/>\n<script type=\"application\/ld+json\" class=\"yoast-schema-graph\">{\"@context\":\"https:\/\/schema.org\",\"@graph\":[{\"@type\":\"WebPage\",\"@id\":\"https:\/\/www.lespetitsculottes.com\/blog\/allaitement-mixte\/\",\"url\":\"https:\/\/www.lespetitsculottes.com\/blog\/allaitement-mixte\/\",\"name\":\"L'allaitement mixte : comment le mettre en place ?\",\"isPartOf\":{\"@id\":\"https:\/\/www.lespetitsculottes.com\/blog\/#website\"},\"primaryImageOfPage\":{\"@id\":\"https:\/\/www.lespetitsculottes.com\/blog\/allaitement-mixte\/#primaryimage\"},\"image\":{\"@id\":\"https:\/\/www.lespetitsculottes.com\/blog\/allaitement-mixte\/#primaryimage\"},\"thumbnailUrl\":\"https:\/\/www.lespetitsculottes.com\/blog\/wp-content\/uploads\/2024\/03\/allaitement-mixte.jpg\",\"datePublished\":\"2024-03-13T14:55:25+00:00\",\"dateModified\":\"2024-08-26T12:40:56+00:00\",\"author\":{\"@id\":\"https:\/\/www.lespetitsculottes.com\/blog\/#\/schema\/person\/d67501f1427510d030b375d864acaecb\"},\"description\":\"Qu'est-ce que l'allaitement mixte ? Quand commencer et comment le mettre en place ? D\u00e9couvrez les conseils de Nad\u00e8ge P\u00e9trel.\",\"breadcrumb\":{\"@id\":\"https:\/\/www.lespetitsculottes.com\/blog\/allaitement-mixte\/#breadcrumb\"},\"inLanguage\":\"fr-FR\",\"potentialAction\":[{\"@type\":\"ReadAction\",\"target\":[\"https:\/\/www.lespetitsculottes.com\/blog\/allaitement-mixte\/\"]}]},{\"@type\":\"ImageObject\",\"inLanguage\":\"fr-FR\",\"@id\":\"https:\/\/www.lespetitsculottes.com\/blog\/allaitement-mixte\/#primaryimage\",\"url\":\"https:\/\/www.lespetitsculottes.com\/blog\/wp-content\/uploads\/2024\/03\/allaitement-mixte.jpg\",\"contentUrl\":\"https:\/\/www.lespetitsculottes.com\/blog\/wp-content\/uploads\/2024\/03\/allaitement-mixte.jpg\",\"width\":830,\"height\":553,\"caption\":\"Qu'est-ce que l'allaitement mixte ?\"},{\"@type\":\"BreadcrumbList\",\"@id\":\"https:\/\/www.lespetitsculottes.com\/blog\/allaitement-mixte\/#breadcrumb\",\"itemListElement\":[{\"@type\":\"ListItem\",\"position\":1,\"name\":\"Home\",\"item\":\"https:\/\/www.lespetitsculottes.com\/blog\/\"},{\"@type\":\"ListItem\",\"position\":2,\"name\":\"L&rsquo;allaitement mixte : comment le mettre en place ?\"}]},{\"@type\":\"WebSite\",\"@id\":\"https:\/\/www.lespetitsculottes.com\/blog\/#website\",\"url\":\"https:\/\/www.lespetitsculottes.com\/blog\/\",\"name\":\"Les petits culott\u00e9s\",\"description\":\"Le blog des Petits Culott\u00e9s\",\"potentialAction\":[{\"@type\":\"SearchAction\",\"target\":{\"@type\":\"EntryPoint\",\"urlTemplate\":\"https:\/\/www.lespetitsculottes.com\/blog\/?s={search_term_string}\"},\"query-input\":{\"@type\":\"PropertyValueSpecification\",\"valueRequired\":true,\"valueName\":\"search_term_string\"}}],\"inLanguage\":\"fr-FR\"},{\"@type\":\"Person\",\"@id\":\"https:\/\/www.lespetitsculottes.com\/blog\/#\/schema\/person\/d67501f1427510d030b375d864acaecb\",\"name\":\"Admin 23Prod\",\"image\":{\"@type\":\"ImageObject\",\"inLanguage\":\"fr-FR\",\"@id\":\"https:\/\/www.lespetitsculottes.com\/blog\/#\/schema\/person\/image\/\",\"url\":\"https:\/\/secure.gravatar.com\/avatar\/d07fc7773d840429da1fba32fa2027ef4f681ca12979b4997c63c8869d9a78ca?s=96&d=wp_user_avatar&r=g\",\"contentUrl\":\"https:\/\/secure.gravatar.com\/avatar\/d07fc7773d840429da1fba32fa2027ef4f681ca12979b4997c63c8869d9a78ca?s=96&d=wp_user_avatar&r=g\",\"caption\":\"Admin 23Prod\"},\"description\":\"D\u00e9veloppeur\",\"url\":\"https:\/\/www.lespetitsculottes.com\/blog\/auteur\/lpc\/\"}]}<\/script>\n<!-- \/ Yoast SEO plugin. -->","yoast_head_json":{"title":"L'allaitement mixte : comment le mettre en place ?","description":"Qu'est-ce que l'allaitement mixte ? Quand commencer et comment le mettre en place ? D\u00e9couvrez les conseils de Nad\u00e8ge P\u00e9trel.","robots":{"index":"index","follow":"follow","max-snippet":"max-snippet:-1","max-image-preview":"max-image-preview:large","max-video-preview":"max-video-preview:-1"},"canonical":"https:\/\/www.lespetitsculottes.com\/blog\/allaitement-mixte\/","og_locale":"fr_FR","og_type":"article","og_title":"L'allaitement mixte : comment le mettre en place ?","og_description":"Qu'est-ce que l'allaitement mixte ? Quand commencer et comment le mettre en place ? D\u00e9couvrez les conseils de Nad\u00e8ge P\u00e9trel.","og_url":"https:\/\/www.lespetitsculottes.com\/blog\/allaitement-mixte\/","og_site_name":"Les Petits Culott\u00e9s","article_published_time":"2024-03-13T14:55:25+00:00","article_modified_time":"2024-08-26T12:40:56+00:00","og_image":[{"width":830,"height":553,"url":"https:\/\/www.lespetitsculottes.com\/blog\/wp-content\/uploads\/2024\/03\/allaitement-mixte.jpg","type":"image\/jpeg"}],"author":"Admin 23Prod","twitter_card":"summary_large_image","twitter_misc":{"\u00c9crit par":"Admin 23Prod","Dur\u00e9e de lecture estim\u00e9e":"7 minutes"},"schema":{"@context":"https:\/\/schema.org","@graph":[{"@type":"WebPage","@id":"https:\/\/www.lespetitsculottes.com\/blog\/allaitement-mixte\/","url":"https:\/\/www.lespetitsculottes.com\/blog\/allaitement-mixte\/","name":"L'allaitement mixte : comment le mettre en place ?","isPartOf":{"@id":"https:\/\/www.lespetitsculottes.com\/blog\/#website"},"primaryImageOfPage":{"@id":"https:\/\/www.lespetitsculottes.com\/blog\/allaitement-mixte\/#primaryimage"},"image":{"@id":"https:\/\/www.lespetitsculottes.com\/blog\/allaitement-mixte\/#primaryimage"},"thumbnailUrl":"https:\/\/www.lespetitsculottes.com\/blog\/wp-content\/uploads\/2024\/03\/allaitement-mixte.jpg","datePublished":"2024-03-13T14:55:25+00:00","dateModified":"2024-08-26T12:40:56+00:00","author":{"@id":"https:\/\/www.lespetitsculottes.com\/blog\/#\/schema\/person\/d67501f1427510d030b375d864acaecb"},"description":"Qu'est-ce que l'allaitement mixte ? Quand commencer et comment le mettre en place ? D\u00e9couvrez les conseils de Nad\u00e8ge P\u00e9trel.","breadcrumb":{"@id":"https:\/\/www.lespetitsculottes.com\/blog\/allaitement-mixte\/#breadcrumb"},"inLanguage":"fr-FR","potentialAction":[{"@type":"ReadAction","target":["https:\/\/www.lespetitsculottes.com\/blog\/allaitement-mixte\/"]}]},{"@type":"ImageObject","inLanguage":"fr-FR","@id":"https:\/\/www.lespetitsculottes.com\/blog\/allaitement-mixte\/#primaryimage","url":"https:\/\/www.lespetitsculottes.com\/blog\/wp-content\/uploads\/2024\/03\/allaitement-mixte.jpg","contentUrl":"https:\/\/www.lespetitsculottes.com\/blog\/wp-content\/uploads\/2024\/03\/allaitement-mixte.jpg","width":830,"height":553,"caption":"Qu'est-ce que l'allaitement mixte ?"},{"@type":"BreadcrumbList","@id":"https:\/\/www.lespetitsculottes.com\/blog\/allaitement-mixte\/#breadcrumb","itemListElement":[{"@type":"ListItem","position":1,"name":"Home","item":"https:\/\/www.lespetitsculottes.com\/blog\/"},{"@type":"ListItem","position":2,"name":"L&rsquo;allaitement mixte : comment le mettre en place ?"}]},{"@type":"WebSite","@id":"https:\/\/www.lespetitsculottes.com\/blog\/#website","url":"https:\/\/www.lespetitsculottes.com\/blog\/","name":"Les petits culott\u00e9s","description":"Le blog des Petits Culott\u00e9s","potentialAction":[{"@type":"SearchAction","target":{"@type":"EntryPoint","urlTemplate":"https:\/\/www.lespetitsculottes.com\/blog\/?s={search_term_string}"},"query-input":{"@type":"PropertyValueSpecification","valueRequired":true,"valueName":"search_term_string"}}],"inLanguage":"fr-FR"},{"@type":"Person","@id":"https:\/\/www.lespetitsculottes.com\/blog\/#\/schema\/person\/d67501f1427510d030b375d864acaecb","name":"Admin 23Prod","image":{"@type":"ImageObject","inLanguage":"fr-FR","@id":"https:\/\/www.lespetitsculottes.com\/blog\/#\/schema\/person\/image\/","url":"https:\/\/secure.gravatar.com\/avatar\/d07fc7773d840429da1fba32fa2027ef4f681ca12979b4997c63c8869d9a78ca?s=96&d=wp_user_avatar&r=g","contentUrl":"https:\/\/secure.gravatar.com\/avatar\/d07fc7773d840429da1fba32fa2027ef4f681ca12979b4997c63c8869d9a78ca?s=96&d=wp_user_avatar&r=g","caption":"Admin 23Prod"},"description":"D\u00e9veloppeur","url":"https:\/\/www.lespetitsculottes.com\/blog\/auteur\/lpc\/"}]}},"_links":{"self":[{"href":"https:\/\/www.lespetitsculottes.com\/blog\/wp-json\/wp\/v2\/posts\/2345","targetHints":{"allow":["GET"]}}],"collection":[{"href":"https:\/\/www.lespetitsculottes.com\/blog\/wp-json\/wp\/v2\/posts"}],"about":[{"href":"https:\/\/www.lespetitsculottes.com\/blog\/wp-json\/wp\/v2\/types\/post"}],"author":[{"embeddable":true,"href":"https:\/\/www.lespetitsculottes.com\/blog\/wp-json\/wp\/v2\/users\/1"}],"replies":[{"embeddable":true,"href":"https:\/\/www.lespetitsculottes.com\/blog\/wp-json\/wp\/v2\/comments?post=2345"}],"version-history":[{"count":12,"href":"https:\/\/www.lespetitsculottes.com\/blog\/wp-json\/wp\/v2\/posts\/2345\/revisions"}],"predecessor-version":[{"id":3135,"href":"https:\/\/www.lespetitsculottes.com\/blog\/wp-json\/wp\/v2\/posts\/2345\/revisions\/3135"}],"wp:featuredmedia":[{"embeddable":true,"href":"https:\/\/www.lespetitsculottes.com\/blog\/wp-json\/wp\/v2\/media\/2352"}],"wp:attachment":[{"href":"https:\/\/www.lespetitsculottes.com\/blog\/wp-json\/wp\/v2\/media?parent=2345"}],"wp:term":[{"taxonomy":"category","embeddable":true,"href":"https:\/\/www.lespetitsculottes.com\/blog\/wp-json\/wp\/v2\/categories?post=2345"}],"curies":[{"name":"wp","href":"https:\/\/api.w.org\/{rel}","templated":true}]}}