{"id":2463,"date":"2024-03-28T15:00:00","date_gmt":"2024-03-28T14:00:00","guid":{"rendered":"https:\/\/www.lespetitsculottes.com\/blog\/?p=2463"},"modified":"2025-10-10T11:37:27","modified_gmt":"2025-10-10T09:37:27","slug":"conservation-biberon-lait-en-poudre","status":"publish","type":"post","link":"https:\/\/www.lespetitsculottes.com\/blog\/conservation-biberon-lait-en-poudre\/","title":{"rendered":"La pr\u00e9paration et la conservation d&rsquo;un biberon de lait en poudre"},"content":{"rendered":"<div id=\"ez-toc-container\" class=\"ez-toc-v2_0_76 counter-hierarchy ez-toc-counter ez-toc-white ez-toc-container-direction\">\n<div class=\"ez-toc-title-container\"><p class=\"ez-toc-title\" style=\"cursor:inherit\">Sommaire<\/p>\n<\/div><nav><ul class='ez-toc-list ez-toc-list-level-1 ' ><li class='ez-toc-page-1 ez-toc-heading-level-2'><a class=\"ez-toc-link ez-toc-heading-1\" href=\"https:\/\/www.lespetitsculottes.com\/blog\/conservation-biberon-lait-en-poudre\/#La_preparation_dun_biberon_de_lait_en_poudre\" >La pr\u00e9paration d&rsquo;un biberon de lait en poudre<\/a><\/li><li class='ez-toc-page-1 ez-toc-heading-level-2'><a class=\"ez-toc-link ez-toc-heading-2\" href=\"https:\/\/www.lespetitsculottes.com\/blog\/conservation-biberon-lait-en-poudre\/#Pourquoi_etre_vigilant_sur_la_conservation_dun_biberon_de_lait_en_poudre_reconstitue\" >Pourquoi \u00eatre vigilant sur la conservation d&rsquo;un biberon de lait en poudre reconstitu\u00e9 ?<\/a><\/li><li class='ez-toc-page-1 ez-toc-heading-level-2'><a class=\"ez-toc-link ez-toc-heading-3\" href=\"https:\/\/www.lespetitsculottes.com\/blog\/conservation-biberon-lait-en-poudre\/#Combien_de_temps_garder_un_biberon_de_lait_artificiel\" >Combien de temps garder un biberon de lait artificiel ?<\/a><\/li><li class='ez-toc-page-1 ez-toc-heading-level-2'><a class=\"ez-toc-link ez-toc-heading-4\" href=\"https:\/\/www.lespetitsculottes.com\/blog\/conservation-biberon-lait-en-poudre\/#Quand_un_biberon_de_lait_en_poudre_nest-il_plus_bon_a_consommer\" >Quand un biberon de lait en poudre n&rsquo;est-il plus bon \u00e0 consommer ?<\/a><\/li><li class='ez-toc-page-1 ez-toc-heading-level-2'><a class=\"ez-toc-link ez-toc-heading-5\" href=\"https:\/\/www.lespetitsculottes.com\/blog\/conservation-biberon-lait-en-poudre\/#Quand_faut-il_jeter_un_biberon_de_lait_en_poudre\" >Quand faut-il jeter un biberon de lait en poudre ?<\/a><\/li><li class='ez-toc-page-1 ez-toc-heading-level-2'><a class=\"ez-toc-link ez-toc-heading-6\" href=\"https:\/\/www.lespetitsculottes.com\/blog\/conservation-biberon-lait-en-poudre\/#Comment_conserver_le_biberon_de_lait_en_poudre_en_cas_de_sorties_ou_deplacements\" >Comment conserver le biberon de lait en poudre en cas de sorties ou d\u00e9placements ?<\/a><\/li><li class='ez-toc-page-1 ez-toc-heading-level-2'><a class=\"ez-toc-link ez-toc-heading-7\" href=\"https:\/\/www.lespetitsculottes.com\/blog\/conservation-biberon-lait-en-poudre\/#Quelle_est_la_duree_de_conservation_des_boites_de_lait_infantile\" >Quelle est la dur\u00e9e de conservation des boites de lait infantile ?<\/a><\/li><\/ul><\/nav><\/div>\n\n<p><\/p>\n\n\n\n<p>La pr\u00e9paration et la conservation d&rsquo;un biberon de lait en poudre sont des \u00e9tapes essentielles pour assurer la sant\u00e9 et le bien-\u00eatre de votre b\u00e9b\u00e9. Dans cet article, nous vous donnerons des conseils pr\u00e9cieux pour vous aider \u00e0 pr\u00e9parer et \u00e0 conserver correctement le biberon de lait en poudre de votre b\u00e9b\u00e9.<\/p>\n\n\n\n<p><\/p>\n\n\n\n<h2 class=\"wp-block-heading\"><span class=\"ez-toc-section\" id=\"La_preparation_dun_biberon_de_lait_en_poudre\"><\/span><strong>La pr\u00e9paration d&rsquo;un biberon de lait en poudre<\/strong><span class=\"ez-toc-section-end\"><\/span><\/h2>\n\n\n\n<p><\/p>\n\n\n\n<p>La <strong>pr\u00e9paration d&rsquo;un biberon de lait en poudre<\/strong> n\u00e9cessite une attention particuli\u00e8re. Il est important de respecter le dosage du lait en poudre indiqu\u00e9 sur la bo\u00eete. Une mesurette est g\u00e9n\u00e9ralement fournie avec la bo\u00eete de lait en poudre pour vous aider \u00e0 doser correctement.<br><br>L&rsquo;eau utilis\u00e9e pour la pr\u00e9paration du biberon sera \u00e0 temp\u00e9rature ambiante. Il est pr\u00e9f\u00e9rable d&rsquo;utiliser de l&rsquo;eau min\u00e9rale ou de l&rsquo;eau du robinet pr\u00e9alablement bouillie et refroidie. Une fois le lait pr\u00e9par\u00e9, il est conseill\u00e9 de le donner imm\u00e9diatement \u00e0 votre b\u00e9b\u00e9.&nbsp;<\/p>\n\n\n\n<p>D\u2019apr\u00e8s les recommandations de <a href=\"https:\/\/www.ameli.fr\/assure\">l\u2019Assurance Maladie<\/a>, si vous souhaitez chauffer la pr\u00e9paration pour b\u00e9b\u00e9, le lait doit \u00eatre r\u00e9chauff\u00e9 rapidement pour ne pas d\u00e9passer 37 \u00b0C, id\u00e9alement au bain-marie ou avec un chauffe-biberon. Vous \u00e9viterez le micro-ondes, le risque de br\u00fblure \u00e9tant important pour votre b\u00e9b\u00e9.&nbsp;<\/p>\n\n\n\n<hr class=\"wp-block-separator has-alpha-channel-opacity\"\/>\n\n\n\n<p>Recommandation culott\u00e9e&nbsp;: Avant de manipuler les biberons et les accessoires, <strong>lavez-vous soigneusement les mains<\/strong> avec de l&rsquo;eau et du savon. Vous r\u00e9duirez ainsi le risque de contamination bact\u00e9rienne.<\/p>\n\n\n\n<hr class=\"wp-block-separator has-alpha-channel-opacity\"\/>\n\n\n\n<h2 class=\"wp-block-heading\"><span class=\"ez-toc-section\" id=\"Pourquoi_etre_vigilant_sur_la_conservation_dun_biberon_de_lait_en_poudre_reconstitue\"><\/span><strong>Pourquoi \u00eatre vigilant sur la conservation d&rsquo;un biberon de lait en poudre reconstitu\u00e9 ?<\/strong><span class=\"ez-toc-section-end\"><\/span><\/h2>\n\n\n\n<p><\/p>\n\n\n\n<p>La <strong>conservation d&rsquo;un biberon de lait en poudre reconstitu\u00e9<\/strong> est une \u00e9tape cruciale pour la sant\u00e9 de votre b\u00e9b\u00e9. Un biberon mal conserv\u00e9 peut favoriser la prolif\u00e9ration de bact\u00e9ries, qui peuvent entra\u00eener des infections graves, particuli\u00e8rement chez les b\u00e9b\u00e9s pr\u00e9matur\u00e9s ou de poids insuffisant.<\/p>\n\n\n\n<p>Il est donc recommand\u00e9 de <strong>conserver le biberon au r\u00e9frig\u00e9rateur \u00e0 une temp\u00e9rature inf\u00e9rieure \u00e0 4\u00b0C et de le consommer dans les 24 heures<\/strong>. Apr\u00e8s chaque repas, pensez \u00e0 nettoyer soigneusement le biberon et la t\u00e9tine pour \u00e9viter la prolif\u00e9ration de bact\u00e9ries.<\/p>\n\n\n\n<p><\/p>\n\n\n\n<h2 class=\"wp-block-heading\"><span class=\"ez-toc-section\" id=\"Combien_de_temps_garder_un_biberon_de_lait_artificiel\"><\/span><strong>Combien de temps garder un biberon de lait artificiel ?<\/strong><span class=\"ez-toc-section-end\"><\/span><\/h2>\n\n\n\n<p><\/p>\n\n\n\n<p>Une fois reconstitu\u00e9 avec de l&rsquo;eau, le lait infantile est un milieu tr\u00e8s fragile o\u00f9 les microbes se d\u00e9veloppent rapidement. Il est donc crucial de respecter des r\u00e8gles de conservation strictes pour la s\u00e9curit\u00e9 de votre b\u00e9b\u00e9 :<\/p>\n\n\n\n<ul class=\"wp-block-list\">\n<li><strong>\u00c0 temp\u00e9rature ambiante : 1 heure maximum.<\/strong> Un biberon pr\u00e9par\u00e9 (mais non chauff\u00e9) doit \u00eatre consomm\u00e9 dans l&rsquo;heure qui suit sa pr\u00e9paration. Au-del\u00e0 de ce d\u00e9lai, il faut imp\u00e9rativement le jeter.<\/li>\n\n\n\n<li><strong>S&rsquo;il a \u00e9t\u00e9 r\u00e9chauff\u00e9 : 30 minutes maximum.<\/strong> La chaleur acc\u00e9l\u00e8re la prolif\u00e9ration des bact\u00e9ries. Le biberon doit donc \u00eatre bu dans la demi-heure qui suit le r\u00e9chauffage.<\/li>\n\n\n\n<li><strong>Au r\u00e9frig\u00e9rateur (exceptionnellement) :<\/strong> Si vous devez pr\u00e9parer un biberon \u00e0 l&rsquo;avance, vous pouvez le conserver au r\u00e9frig\u00e9rateur \u00e0 une temp\u00e9rature de 4\u00b0C maximum. Placez-le dans la partie la plus froide (g\u00e9n\u00e9ralement en haut ou pr\u00e8s du fond), mais jamais dans la porte.<\/li>\n<\/ul>\n\n\n\n<p><strong>La r\u00e8gle d&rsquo;or : ne jamais conserver un biberon entam\u00e9.<\/strong> D\u00e8s que b\u00e9b\u00e9 a commenc\u00e9 sa t\u00e9t\u00e9e, des bact\u00e9ries de sa salive entrent en contact avec le lait. Le reste du biberon doit \u00eatre jet\u00e9 imm\u00e9diatement apr\u00e8s le repas, m\u00eame s&rsquo;il en reste beaucoup.<\/p>\n\n\n\n<p><\/p>\n\n\n\n<h2 class=\"wp-block-heading\"><span class=\"ez-toc-section\" id=\"Quand_un_biberon_de_lait_en_poudre_nest-il_plus_bon_a_consommer\"><\/span><strong>Quand un biberon de lait en poudre n&rsquo;est-il plus bon \u00e0 consommer ?<\/strong><span class=\"ez-toc-section-end\"><\/span><\/h2>\n\n\n\n<p><\/p>\n\n\n\n<p>Il est imp\u00e9ratif de jeter le lait et de ne pas le donner \u00e0 votre enfant dans les situations suivantes :<\/p>\n\n\n\n<ul class=\"wp-block-list\">\n<li><strong>La date de p\u00e9remption<\/strong> sur la bo\u00eete de lait en poudre est d\u00e9pass\u00e9e.<\/li>\n\n\n\n<li><strong>Le biberon pr\u00e9par\u00e9<\/strong> est rest\u00e9 plus d&rsquo;<strong>une heure \u00e0 temp\u00e9rature ambiante<\/strong>.<\/li>\n\n\n\n<li><strong>Le biberon r\u00e9chauff\u00e9<\/strong> n&rsquo;a pas \u00e9t\u00e9 consomm\u00e9 dans les <strong>30 minutes<\/strong>.<\/li>\n\n\n\n<li><strong>Le biberon a \u00e9t\u00e9 entam\u00e9 par b\u00e9b\u00e9<\/strong>, m\u00eame s&rsquo;il n&rsquo;a bu qu&rsquo;une petite quantit\u00e9.<\/li>\n<\/ul>\n\n\n\n<p><strong>Astuce pour les d\u00e9placements :<\/strong> Pour \u00e9viter tout probl\u00e8me de conservation lors de vos sorties, transportez l&rsquo;eau dans le biberon et la dose de lait en poudre dans un r\u00e9cipient s\u00e9par\u00e9 (un doseur). Vous pourrez ainsi faire le m\u00e9lange juste avant la t\u00e9t\u00e9e.<\/p>\n\n\n\n<p><\/p>\n\n\n\n<h2 class=\"wp-block-heading\"><span class=\"ez-toc-section\" id=\"Quand_faut-il_jeter_un_biberon_de_lait_en_poudre\"><\/span><strong>Quand faut-il jeter un biberon de lait en poudre ?<\/strong><span class=\"ez-toc-section-end\"><\/span><\/h2>\n\n\n\n<p><\/p>\n\n\n\n<p>Un biberon de lait chauff\u00e9 doit \u00eatre consomm\u00e9 imm\u00e9diatement. En effet, une fois r\u00e9chauff\u00e9, le lait perd rapidement ses propri\u00e9t\u00e9s nutritionnelles. Il devient \u00e9galement un environnement propice \u00e0 la prolif\u00e9ration des bact\u00e9ries.&nbsp;<\/p>\n\n\n\n<p>De plus, le lait r\u00e9chauff\u00e9 peut pr\u00e9senter des risques pour la sant\u00e9 du nourrisson s&rsquo;il est conserv\u00e9 et consomm\u00e9 apr\u00e8s une heure. Le risque d&rsquo;infections gastro-intestinales ou d&rsquo;autres complications augmente.<\/p>\n\n\n\n<p><\/p>\n\n\n\n<h2 class=\"wp-block-heading\"><span class=\"ez-toc-section\" id=\"Comment_conserver_le_biberon_de_lait_en_poudre_en_cas_de_sorties_ou_deplacements\"><\/span><strong>Comment conserver le biberon de lait en poudre en cas de sorties ou d\u00e9placements ?<\/strong><span class=\"ez-toc-section-end\"><\/span><\/h2>\n\n\n\n<p><\/p>\n\n\n\n<p>En cas de sorties ou de d\u00e9placements, <strong>vous transporterez de pr\u00e9f\u00e9rence le lait en poudre et l&rsquo;eau s\u00e9par\u00e9ment<\/strong>. Les dosettes de lait en poudre et les bouteilles d&rsquo;eau min\u00e9rale herm\u00e9tiquement ferm\u00e9es sont des options pratiques pour cela.&nbsp;<\/p>\n\n\n\n<p>Une fois sur place, vous pouvez <strong>pr\u00e9parer le biberon<\/strong> de la m\u00eame mani\u00e8re que vous le feriez \u00e0 la maison : <\/p>\n\n\n\n<ul class=\"wp-block-list\">\n<li>respecter le dosage recommand\u00e9, <\/li>\n\n\n\n<li>utiliser de l&rsquo;eau \u00e0 temp\u00e9rature appropri\u00e9e, <\/li>\n\n\n\n<li>agiter doucement pour bien m\u00e9langer le lait et l&rsquo;eau,<\/li>\n\n\n\n<li>et enfin, tester la temp\u00e9rature du lait sur votre poignet avant de le donner \u00e0 votre b\u00e9b\u00e9.<\/li>\n<\/ul>\n\n\n\n<p>Si vous n&rsquo;avez pas la possibilit\u00e9 de nettoyer correctement le biberon apr\u00e8s son utilisation, il est conseill\u00e9 d&rsquo;<strong>emporter avec vous un ou deux biberons suppl\u00e9mentaires propres<\/strong>.<\/p>\n\n\n\n<p>N&rsquo;oubliez pas, la r\u00e8gle d&rsquo;or est de donner le lait imm\u00e9diatement apr\u00e8s l&rsquo;avoir pr\u00e9par\u00e9 pour garantir une fra\u00eecheur maximale.&nbsp;<\/p>\n\n\n\n<p><\/p>\n\n\n\n<h2 class=\"wp-block-heading\"><span class=\"ez-toc-section\" id=\"Quelle_est_la_duree_de_conservation_des_boites_de_lait_infantile\"><\/span><strong>Quelle est la dur\u00e9e de conservation des boites de lait infantile ? <\/strong><span class=\"ez-toc-section-end\"><\/span><\/h2>\n\n\n\n<p><\/p>\n\n\n\n<p><strong>Les boites de lait infantile<\/strong> se conservent pendant plusieurs mois \u00e0 condition de les conserver dans un endroit sec et \u00e0 l&rsquo;abri de la lumi\u00e8re. Une fois ouvertes, elles doivent \u00eatre consomm\u00e9es dans le mois qui suit.<\/p>\n\n\n\n<hr class=\"wp-block-separator has-alpha-channel-opacity\"\/>\n\n\n\n<p>Astuce culott\u00e9e&nbsp;: <a href=\"https:\/\/www.lespetitsculottes.com\/fr\/content\/69-abonnement-lait\">L&rsquo;abonnement au lait en poudre pour b\u00e9b\u00e9<\/a> est une option pratique pour les parents. Il permet de recevoir r\u00e9guli\u00e8rement des livraisons \u00e0 domicile, \u00e9vitant ainsi le besoin de stocker de grandes quantit\u00e9s de lait infantile.&nbsp;<\/p>\n\n\n\n<hr class=\"wp-block-separator has-alpha-channel-opacity\"\/>\n\n\n\n<p>Pour r\u00e9sumer, la pr\u00e9paration et la conservation d&rsquo;un biberon de lait en poudre sont des \u00e9tapes tr\u00e8s importantes pour la sant\u00e9 de votre b\u00e9b\u00e9. En respectant ces conseils, vous pourrez assurer une alimentation saine et \u00e9quilibr\u00e9e \u00e0 votre b\u00e9b\u00e9.<\/p>\n\n\n\n<p><em>Cr\u00e9dit photo : \u00a9 <\/em>AdobeStock<\/p>\n","protected":false},"excerpt":{"rendered":"<p>La pr\u00e9paration et la conservation d&rsquo;un biberon de lait en [&hellip;]<\/p>\n","protected":false},"author":3,"featured_media":2464,"comment_status":"closed","ping_status":"closed","sticky":false,"template":"","format":"standard","meta":{"footnotes":""},"categories":[12],"class_list":["post-2463","post","type-post","status-publish","format-standard","has-post-thumbnail","hentry","category-lexpert-culotte"],"yoast_head":"<!-- This site is optimized with the Yoast SEO plugin v26.2 - https:\/\/yoast.com\/wordpress\/plugins\/seo\/ -->\n<title>Pr\u00e9parer et conserver un biberon de lait en poudre pour b\u00e9b\u00e9<\/title>\n<meta name=\"description\" content=\"D\u00e9couvrez des conseils pour la pr\u00e9paration et la conservation d\u2019un biberon de lait en poudre pour votre b\u00e9b\u00e9.\" \/>\n<meta name=\"robots\" content=\"index, follow, max-snippet:-1, max-image-preview:large, max-video-preview:-1\" \/>\n<link rel=\"canonical\" href=\"https:\/\/www.lespetitsculottes.com\/blog\/conservation-biberon-lait-en-poudre\/\" \/>\n<meta property=\"og:locale\" content=\"fr_FR\" \/>\n<meta property=\"og:type\" content=\"article\" \/>\n<meta property=\"og:title\" content=\"Pr\u00e9parer et conserver un biberon de lait en poudre pour b\u00e9b\u00e9\" \/>\n<meta property=\"og:description\" content=\"D\u00e9couvrez des conseils pour la pr\u00e9paration et la conservation d\u2019un biberon de lait en poudre pour votre b\u00e9b\u00e9.\" \/>\n<meta property=\"og:url\" content=\"https:\/\/www.lespetitsculottes.com\/blog\/conservation-biberon-lait-en-poudre\/\" \/>\n<meta property=\"og:site_name\" content=\"Les Petits Culott\u00e9s\" \/>\n<meta property=\"article:published_time\" content=\"2024-03-28T14:00:00+00:00\" \/>\n<meta property=\"article:modified_time\" content=\"2025-10-10T09:37:27+00:00\" \/>\n<meta property=\"og:image\" content=\"https:\/\/www.lespetitsculottes.com\/blog\/wp-content\/uploads\/2024\/03\/conservation-biberon-lait-en-poudre.jpg\" \/>\n\t<meta property=\"og:image:width\" content=\"830\" \/>\n\t<meta property=\"og:image:height\" content=\"553\" \/>\n\t<meta property=\"og:image:type\" content=\"image\/jpeg\" \/>\n<meta name=\"author\" content=\"Matthieu Batteur\" \/>\n<meta name=\"twitter:card\" content=\"summary_large_image\" \/>\n<meta name=\"twitter:label1\" content=\"\u00c9crit par\" \/>\n\t<meta name=\"twitter:data1\" content=\"Matthieu Batteur\" \/>\n\t<meta name=\"twitter:label2\" content=\"Dur\u00e9e de lecture estim\u00e9e\" \/>\n\t<meta name=\"twitter:data2\" content=\"6 minutes\" \/>\n<script type=\"application\/ld+json\" class=\"yoast-schema-graph\">{\"@context\":\"https:\/\/schema.org\",\"@graph\":[{\"@type\":\"WebPage\",\"@id\":\"https:\/\/www.lespetitsculottes.com\/blog\/conservation-biberon-lait-en-poudre\/\",\"url\":\"https:\/\/www.lespetitsculottes.com\/blog\/conservation-biberon-lait-en-poudre\/\",\"name\":\"Pr\u00e9parer et conserver un biberon de lait en poudre pour b\u00e9b\u00e9\",\"isPartOf\":{\"@id\":\"https:\/\/www.lespetitsculottes.com\/blog\/#website\"},\"primaryImageOfPage\":{\"@id\":\"https:\/\/www.lespetitsculottes.com\/blog\/conservation-biberon-lait-en-poudre\/#primaryimage\"},\"image\":{\"@id\":\"https:\/\/www.lespetitsculottes.com\/blog\/conservation-biberon-lait-en-poudre\/#primaryimage\"},\"thumbnailUrl\":\"https:\/\/www.lespetitsculottes.com\/blog\/wp-content\/uploads\/2024\/03\/conservation-biberon-lait-en-poudre.jpg\",\"datePublished\":\"2024-03-28T14:00:00+00:00\",\"dateModified\":\"2025-10-10T09:37:27+00:00\",\"author\":{\"@id\":\"https:\/\/www.lespetitsculottes.com\/blog\/#\/schema\/person\/497831e9d8b4c1eb018613db53ea7306\"},\"description\":\"D\u00e9couvrez des conseils pour la pr\u00e9paration et la conservation d\u2019un biberon de lait en poudre pour votre b\u00e9b\u00e9.\",\"breadcrumb\":{\"@id\":\"https:\/\/www.lespetitsculottes.com\/blog\/conservation-biberon-lait-en-poudre\/#breadcrumb\"},\"inLanguage\":\"fr-FR\",\"potentialAction\":[{\"@type\":\"ReadAction\",\"target\":[\"https:\/\/www.lespetitsculottes.com\/blog\/conservation-biberon-lait-en-poudre\/\"]}]},{\"@type\":\"ImageObject\",\"inLanguage\":\"fr-FR\",\"@id\":\"https:\/\/www.lespetitsculottes.com\/blog\/conservation-biberon-lait-en-poudre\/#primaryimage\",\"url\":\"https:\/\/www.lespetitsculottes.com\/blog\/wp-content\/uploads\/2024\/03\/conservation-biberon-lait-en-poudre.jpg\",\"contentUrl\":\"https:\/\/www.lespetitsculottes.com\/blog\/wp-content\/uploads\/2024\/03\/conservation-biberon-lait-en-poudre.jpg\",\"width\":830,\"height\":553,\"caption\":\"La pr\u00e9paration et la conservation d'un biberon de lait en poudre pour une hygi\u00e8ne parfaite\"},{\"@type\":\"BreadcrumbList\",\"@id\":\"https:\/\/www.lespetitsculottes.com\/blog\/conservation-biberon-lait-en-poudre\/#breadcrumb\",\"itemListElement\":[{\"@type\":\"ListItem\",\"position\":1,\"name\":\"Home\",\"item\":\"https:\/\/www.lespetitsculottes.com\/blog\/\"},{\"@type\":\"ListItem\",\"position\":2,\"name\":\"La pr\u00e9paration et la conservation d&rsquo;un biberon de lait en poudre\"}]},{\"@type\":\"WebSite\",\"@id\":\"https:\/\/www.lespetitsculottes.com\/blog\/#website\",\"url\":\"https:\/\/www.lespetitsculottes.com\/blog\/\",\"name\":\"Les petits culott\u00e9s\",\"description\":\"Le blog des Petits Culott\u00e9s\",\"potentialAction\":[{\"@type\":\"SearchAction\",\"target\":{\"@type\":\"EntryPoint\",\"urlTemplate\":\"https:\/\/www.lespetitsculottes.com\/blog\/?s={search_term_string}\"},\"query-input\":{\"@type\":\"PropertyValueSpecification\",\"valueRequired\":true,\"valueName\":\"search_term_string\"}}],\"inLanguage\":\"fr-FR\"},{\"@type\":\"Person\",\"@id\":\"https:\/\/www.lespetitsculottes.com\/blog\/#\/schema\/person\/497831e9d8b4c1eb018613db53ea7306\",\"name\":\"Matthieu Batteur\",\"image\":{\"@type\":\"ImageObject\",\"inLanguage\":\"fr-FR\",\"@id\":\"https:\/\/www.lespetitsculottes.com\/blog\/#\/schema\/person\/image\/\",\"url\":\"https:\/\/secure.gravatar.com\/avatar\/5efc0f66265d64efd2d82aa618c9ee35984eb2ef196befc3dd3d10c1ce3b4b94?s=96&d=wp_user_avatar&r=g\",\"contentUrl\":\"https:\/\/secure.gravatar.com\/avatar\/5efc0f66265d64efd2d82aa618c9ee35984eb2ef196befc3dd3d10c1ce3b4b94?s=96&d=wp_user_avatar&r=g\",\"caption\":\"Matthieu Batteur\"},\"sameAs\":[\"http:\/\/matthieu.batteur\"],\"url\":\"https:\/\/www.lespetitsculottes.com\/blog\/auteur\/adminlpc\/\"}]}<\/script>\n<!-- \/ Yoast SEO plugin. -->","yoast_head_json":{"title":"Pr\u00e9parer et conserver un biberon de lait en poudre pour b\u00e9b\u00e9","description":"D\u00e9couvrez des conseils pour la pr\u00e9paration et la conservation d\u2019un biberon de lait en poudre pour votre b\u00e9b\u00e9.","robots":{"index":"index","follow":"follow","max-snippet":"max-snippet:-1","max-image-preview":"max-image-preview:large","max-video-preview":"max-video-preview:-1"},"canonical":"https:\/\/www.lespetitsculottes.com\/blog\/conservation-biberon-lait-en-poudre\/","og_locale":"fr_FR","og_type":"article","og_title":"Pr\u00e9parer et conserver un biberon de lait en poudre pour b\u00e9b\u00e9","og_description":"D\u00e9couvrez des conseils pour la pr\u00e9paration et la conservation d\u2019un biberon de lait en poudre pour votre b\u00e9b\u00e9.","og_url":"https:\/\/www.lespetitsculottes.com\/blog\/conservation-biberon-lait-en-poudre\/","og_site_name":"Les Petits Culott\u00e9s","article_published_time":"2024-03-28T14:00:00+00:00","article_modified_time":"2025-10-10T09:37:27+00:00","og_image":[{"width":830,"height":553,"url":"https:\/\/www.lespetitsculottes.com\/blog\/wp-content\/uploads\/2024\/03\/conservation-biberon-lait-en-poudre.jpg","type":"image\/jpeg"}],"author":"Matthieu Batteur","twitter_card":"summary_large_image","twitter_misc":{"\u00c9crit par":"Matthieu Batteur","Dur\u00e9e de lecture estim\u00e9e":"6 minutes"},"schema":{"@context":"https:\/\/schema.org","@graph":[{"@type":"WebPage","@id":"https:\/\/www.lespetitsculottes.com\/blog\/conservation-biberon-lait-en-poudre\/","url":"https:\/\/www.lespetitsculottes.com\/blog\/conservation-biberon-lait-en-poudre\/","name":"Pr\u00e9parer et conserver un biberon de lait en poudre pour b\u00e9b\u00e9","isPartOf":{"@id":"https:\/\/www.lespetitsculottes.com\/blog\/#website"},"primaryImageOfPage":{"@id":"https:\/\/www.lespetitsculottes.com\/blog\/conservation-biberon-lait-en-poudre\/#primaryimage"},"image":{"@id":"https:\/\/www.lespetitsculottes.com\/blog\/conservation-biberon-lait-en-poudre\/#primaryimage"},"thumbnailUrl":"https:\/\/www.lespetitsculottes.com\/blog\/wp-content\/uploads\/2024\/03\/conservation-biberon-lait-en-poudre.jpg","datePublished":"2024-03-28T14:00:00+00:00","dateModified":"2025-10-10T09:37:27+00:00","author":{"@id":"https:\/\/www.lespetitsculottes.com\/blog\/#\/schema\/person\/497831e9d8b4c1eb018613db53ea7306"},"description":"D\u00e9couvrez des conseils pour la pr\u00e9paration et la conservation d\u2019un biberon de lait en poudre pour votre b\u00e9b\u00e9.","breadcrumb":{"@id":"https:\/\/www.lespetitsculottes.com\/blog\/conservation-biberon-lait-en-poudre\/#breadcrumb"},"inLanguage":"fr-FR","potentialAction":[{"@type":"ReadAction","target":["https:\/\/www.lespetitsculottes.com\/blog\/conservation-biberon-lait-en-poudre\/"]}]},{"@type":"ImageObject","inLanguage":"fr-FR","@id":"https:\/\/www.lespetitsculottes.com\/blog\/conservation-biberon-lait-en-poudre\/#primaryimage","url":"https:\/\/www.lespetitsculottes.com\/blog\/wp-content\/uploads\/2024\/03\/conservation-biberon-lait-en-poudre.jpg","contentUrl":"https:\/\/www.lespetitsculottes.com\/blog\/wp-content\/uploads\/2024\/03\/conservation-biberon-lait-en-poudre.jpg","width":830,"height":553,"caption":"La pr\u00e9paration et la conservation d'un biberon de lait en poudre pour une hygi\u00e8ne parfaite"},{"@type":"BreadcrumbList","@id":"https:\/\/www.lespetitsculottes.com\/blog\/conservation-biberon-lait-en-poudre\/#breadcrumb","itemListElement":[{"@type":"ListItem","position":1,"name":"Home","item":"https:\/\/www.lespetitsculottes.com\/blog\/"},{"@type":"ListItem","position":2,"name":"La pr\u00e9paration et la conservation d&rsquo;un biberon de lait en poudre"}]},{"@type":"WebSite","@id":"https:\/\/www.lespetitsculottes.com\/blog\/#website","url":"https:\/\/www.lespetitsculottes.com\/blog\/","name":"Les petits culott\u00e9s","description":"Le blog des Petits Culott\u00e9s","potentialAction":[{"@type":"SearchAction","target":{"@type":"EntryPoint","urlTemplate":"https:\/\/www.lespetitsculottes.com\/blog\/?s={search_term_string}"},"query-input":{"@type":"PropertyValueSpecification","valueRequired":true,"valueName":"search_term_string"}}],"inLanguage":"fr-FR"},{"@type":"Person","@id":"https:\/\/www.lespetitsculottes.com\/blog\/#\/schema\/person\/497831e9d8b4c1eb018613db53ea7306","name":"Matthieu Batteur","image":{"@type":"ImageObject","inLanguage":"fr-FR","@id":"https:\/\/www.lespetitsculottes.com\/blog\/#\/schema\/person\/image\/","url":"https:\/\/secure.gravatar.com\/avatar\/5efc0f66265d64efd2d82aa618c9ee35984eb2ef196befc3dd3d10c1ce3b4b94?s=96&d=wp_user_avatar&r=g","contentUrl":"https:\/\/secure.gravatar.com\/avatar\/5efc0f66265d64efd2d82aa618c9ee35984eb2ef196befc3dd3d10c1ce3b4b94?s=96&d=wp_user_avatar&r=g","caption":"Matthieu Batteur"},"sameAs":["http:\/\/matthieu.batteur"],"url":"https:\/\/www.lespetitsculottes.com\/blog\/auteur\/adminlpc\/"}]}},"_links":{"self":[{"href":"https:\/\/www.lespetitsculottes.com\/blog\/wp-json\/wp\/v2\/posts\/2463","targetHints":{"allow":["GET"]}}],"collection":[{"href":"https:\/\/www.lespetitsculottes.com\/blog\/wp-json\/wp\/v2\/posts"}],"about":[{"href":"https:\/\/www.lespetitsculottes.com\/blog\/wp-json\/wp\/v2\/types\/post"}],"author":[{"embeddable":true,"href":"https:\/\/www.lespetitsculottes.com\/blog\/wp-json\/wp\/v2\/users\/3"}],"replies":[{"embeddable":true,"href":"https:\/\/www.lespetitsculottes.com\/blog\/wp-json\/wp\/v2\/comments?post=2463"}],"version-history":[{"count":7,"href":"https:\/\/www.lespetitsculottes.com\/blog\/wp-json\/wp\/v2\/posts\/2463\/revisions"}],"predecessor-version":[{"id":4121,"href":"https:\/\/www.lespetitsculottes.com\/blog\/wp-json\/wp\/v2\/posts\/2463\/revisions\/4121"}],"wp:featuredmedia":[{"embeddable":true,"href":"https:\/\/www.lespetitsculottes.com\/blog\/wp-json\/wp\/v2\/media\/2464"}],"wp:attachment":[{"href":"https:\/\/www.lespetitsculottes.com\/blog\/wp-json\/wp\/v2\/media?parent=2463"}],"wp:term":[{"taxonomy":"category","embeddable":true,"href":"https:\/\/www.lespetitsculottes.com\/blog\/wp-json\/wp\/v2\/categories?post=2463"}],"curies":[{"name":"wp","href":"https:\/\/api.w.org\/{rel}","templated":true}]}}