{"id":2470,"date":"2024-04-03T21:45:41","date_gmt":"2024-04-03T19:45:41","guid":{"rendered":"https:\/\/www.lespetitsculottes.com\/blog\/?p=2470"},"modified":"2026-04-17T15:33:10","modified_gmt":"2026-04-17T13:33:10","slug":"pic-de-croissance-bebe","status":"publish","type":"post","link":"https:\/\/www.lespetitsculottes.com\/blog\/pic-de-croissance-bebe\/","title":{"rendered":"Pic de croissance chez b\u00e9b\u00e9 : tout ce qu&rsquo;il faut savoir"},"content":{"rendered":"<div id=\"ez-toc-container\" class=\"ez-toc-v2_0_76 counter-hierarchy ez-toc-counter ez-toc-white ez-toc-container-direction\">\n<div class=\"ez-toc-title-container\"><p class=\"ez-toc-title\" style=\"cursor:inherit\">Sommaire<\/p>\n<\/div><nav><ul class='ez-toc-list ez-toc-list-level-1 ' ><li class='ez-toc-page-1 ez-toc-heading-level-2'><a class=\"ez-toc-link ez-toc-heading-1\" href=\"https:\/\/www.lespetitsculottes.com\/blog\/pic-de-croissance-bebe\/#Quest-ce_quun_pic_de_croissance\" >Qu&rsquo;est-ce qu&rsquo;un pic de croissance&nbsp;?<\/a><\/li><li class='ez-toc-page-1 ez-toc-heading-level-2'><a class=\"ez-toc-link ez-toc-heading-2\" href=\"https:\/\/www.lespetitsculottes.com\/blog\/pic-de-croissance-bebe\/#A_quel_age_bebe_peut-il_avoir_un_pic_de_croissance\" >\u00c0 quel \u00e2ge b\u00e9b\u00e9 peut-il avoir un pic de croissance&nbsp;?<\/a><\/li><li class='ez-toc-page-1 ez-toc-heading-level-2'><a class=\"ez-toc-link ez-toc-heading-3\" href=\"https:\/\/www.lespetitsculottes.com\/blog\/pic-de-croissance-bebe\/#Zoom_sur_le_prix_de_croissancea_3_mois\" >Zoom sur le prix de croissance\u00e0 3 mois<\/a><\/li><li class='ez-toc-page-1 ez-toc-heading-level-2'><a class=\"ez-toc-link ez-toc-heading-4\" href=\"https:\/\/www.lespetitsculottes.com\/blog\/pic-de-croissance-bebe\/#Comment_reconnait-on_un_pic_de_croissance_chez_le_bebe\" >Comment reconna\u00eet-on un pic de croissance&nbsp;chez le b\u00e9b\u00e9 ?<\/a><\/li><li class='ez-toc-page-1 ez-toc-heading-level-2'><a class=\"ez-toc-link ez-toc-heading-5\" href=\"https:\/\/www.lespetitsculottes.com\/blog\/pic-de-croissance-bebe\/#Combien_de_temps_dure_un_pic_de_croissance\" >Combien de temps dure un pic de croissance ?<\/a><\/li><li class='ez-toc-page-1 ez-toc-heading-level-2'><a class=\"ez-toc-link ez-toc-heading-6\" href=\"https:\/\/www.lespetitsculottes.com\/blog\/pic-de-croissance-bebe\/#Quel_est_le_pic_de_croissance_difficile_pour_bebe\" >Quel est le pic de croissance difficile pour b\u00e9b\u00e9 ?<\/a><\/li><li class='ez-toc-page-1 ez-toc-heading-level-2'><a class=\"ez-toc-link ez-toc-heading-7\" href=\"https:\/\/www.lespetitsculottes.com\/blog\/pic-de-croissance-bebe\/#Comment_apaiser_bebe_pendant_un_pic_de_croissance\" >Comment apaiser b\u00e9b\u00e9 pendant un pic de croissance ?<\/a><\/li><li class='ez-toc-page-1 ez-toc-heading-level-2'><a class=\"ez-toc-link ez-toc-heading-8\" href=\"https:\/\/www.lespetitsculottes.com\/blog\/pic-de-croissance-bebe\/#Comment_faire_pour_gerer_ces_periodes_souvent_intenses\" >Comment faire pour g\u00e9rer ces p\u00e9riodes souvent intenses ?<\/a><ul class='ez-toc-list-level-3' ><li class='ez-toc-heading-level-3'><a class=\"ez-toc-link ez-toc-heading-9\" href=\"https:\/\/www.lespetitsculottes.com\/blog\/pic-de-croissance-bebe\/#Informations\" >Informations :<\/a><\/li><\/ul><\/li><\/ul><\/nav><\/div>\n\n<p>Si en ce moment,<strong> b\u00e9b\u00e9 ne fait que r\u00e9clamer le sein ou le biberon<\/strong>, il est possible qu&rsquo;il soit en plein<strong> pic de croissance<\/strong>. Alors, de quoi s&rsquo;agit-il exactement&nbsp;? Quels sont les signes \u00e0 observer&nbsp;? Comment <strong>g\u00e9rer cette sollicitation<\/strong> souvent intense&nbsp;? D\u00e9couvrez tous nos conseils dans ce nouvel article.<\/p>\n\n\n\n<p><\/p>\n\n\n\n<h2 class=\"wp-block-heading\"><span class=\"ez-toc-section\" id=\"Quest-ce_quun_pic_de_croissance\"><\/span>Qu&rsquo;est-ce qu&rsquo;un pic de croissance&nbsp;?<span class=\"ez-toc-section-end\"><\/span><\/h2>\n\n\n\n<p><\/p>\n\n\n\n<p>Concr\u00e8tement, un pic de croissance correspond \u00e0 une p\u00e9riode durant laquelle b\u00e9b\u00e9 va r\u00e9clamer davantage \u00e0 manger, qu&rsquo;il soit au biberon (<a href=\"https:\/\/www.lespetitsculottes.com\/blog\/donner-le-biberon-a-bebe\/\">comment bien donner le biberon<\/a>) ou \u00e0 <a href=\"https:\/\/www.lespetitsculottes.com\/blog\/reussir-allaitement-bebe\/\">r\u00e9ussir son allaitement<\/a>.<strong> <\/strong>Ce ph\u00e9nom\u00e8ne, fr\u00e9quent au cours de la premi\u00e8re ann\u00e9e de vie de b\u00e9b\u00e9, va entra\u00eener un besoin calorique beaucoup plus important pendant quelques jours. Ces pics de croissance sont tout \u00e0 fait normaux, bien que<strong> tr\u00e8s fatigants pour les parents<\/strong>.<\/p>\n\n\n\n<hr class=\"wp-block-separator has-alpha-channel-opacity\"\/>\n\n\n\n<p><strong><em>Info culott\u00e9e<\/em><\/strong><em> : <\/em><\/p>\n\n\n\n<p><em>Le pic de croissance est parfois confondu avec de simples pouss\u00e9es de croissance, visibles par une prise de poids et de taille rapide. Pourtant, la plupart des pics s\u2019accompagnent aussi de changements cognitifs ou moteurs, souvent moins perceptibles.<\/em><\/p>\n\n\n\n<hr class=\"wp-block-separator has-alpha-channel-opacity\"\/>\n\n\n\n<h2 class=\"wp-block-heading\"><span class=\"ez-toc-section\" id=\"A_quel_age_bebe_peut-il_avoir_un_pic_de_croissance\"><\/span>\u00c0 quel \u00e2ge b\u00e9b\u00e9 peut-il avoir un pic de croissance&nbsp;?<span class=\"ez-toc-section-end\"><\/span><\/h2>\n\n\n\n<p><\/p>\n\n\n\n<p>Les pics de croissance peuvent se manifester<strong> \u00e0 n&rsquo;importe quel moment<\/strong>. Il est important de rappeler que <strong>chaque enfant est unique<\/strong> et suit son propre chemin. Les informations donn\u00e9es ci-apr\u00e8s ne sont que des indicateurs. Cependant, m\u00eame si ces p\u00e9riodes sont tr\u00e8s variables d&rsquo;un enfant \u00e0 l&rsquo;autre, on parle souvent de<strong> la r\u00e8gle des 3,6,9<\/strong> pour les pics de croissance&nbsp;:<\/p>\n\n\n\n<ul class=\"wp-block-list\">\n<li>3 semaines<\/li>\n\n\n\n<li>6 semaines<\/li>\n\n\n\n<li>9 semaines<\/li>\n\n\n\n<li>3 mois<\/li>\n\n\n\n<li>6 mois<\/li>\n\n\n\n<li>9 mois<\/li>\n<\/ul>\n\n\n\n<p><strong>D&rsquo;autres moments cl\u00e9s sont \u00e9galement \u00e0 conna\u00eetre<\/strong> : un <strong>pic de croissance du nourrisson<\/strong> peut survenir entre <strong>7 et 10 jours apr\u00e8s la naissance<\/strong>, souvent m\u00e9connu mais tr\u00e8s r\u00e9el. Par ailleurs, <strong>certains pics sont r\u00e9put\u00e9s plus intenses<\/strong>, notamment le <strong>pic de croissance \u00e0 3 semaines <\/strong>ainsi que le<strong> pic de croissance du 3\u00e8me mois<\/strong>, qui marque une phase importante d\u2019apprentissage et d\u2019\u00e9veil.<\/p>\n\n\n\n<hr class=\"wp-block-separator has-alpha-channel-opacity\"\/>\n\n\n\n<p><em><strong>Remarque culott\u00e9e<\/strong>&nbsp;: en cas de doute, n&rsquo;h\u00e9sitez pas \u00e0 <strong>en parler \u00e0 un professionnel de sant\u00e9<\/strong>. En effet, les premi\u00e8res semaines sont souvent tr\u00e8s intenses et de nombreux changements apparaissent chez b\u00e9b\u00e9. Faites le point avec votre m\u00e9decin afin de vous assurer qu&rsquo;il s&rsquo;agit bien d&rsquo;un pic de croissance.<\/em><\/p>\n\n\n\n<hr class=\"wp-block-separator has-alpha-channel-opacity\"\/>\n\n\n\n<h2 class=\"wp-block-heading\"><span class=\"ez-toc-section\" id=\"Zoom_sur_le_prix_de_croissancea_3_mois\"><\/span><strong>Zoom sur le prix de croissance\u00e0 3 mois<\/strong><span class=\"ez-toc-section-end\"><\/span><\/h2>\n\n\n\n<p>\u00c0 3 mois, b\u00e9b\u00e9 vit une <strong>v\u00e9ritable r\u00e9volution<\/strong> : il s&rsquo;\u00e9veille au monde, capte votre regard, esquisse ses premiers sourires et tient mieux sa t\u00eate. Forc\u00e9ment, tout ce petit monde en \u00e9bullition demande beaucoup d&rsquo;\u00e9nergie\u2026 et donc, beaucoup de lait !<\/p>\n\n\n\n<p>Ce pic dure en <strong>moyenne entre 2 et 5 jours<\/strong>, parfois jusqu&rsquo;\u00e0 une semaine. Il est souvent consid\u00e9r\u00e9 comme le plus marquant de la premi\u00e8re ann\u00e9e, car il ne se limite pas \u00e0 une hausse de l&rsquo;app\u00e9tit : c&rsquo;est aussi une \u00e9tape cl\u00e9 du d\u00e9veloppement physique, cognitif et \u00e9motionnel de b\u00e9b\u00e9. Ses besoins alimentaires augmentent soudainement pour accompagner tous ces apprentissages.<\/p>\n\n\n\n<p>\u00c0 3 mois, le b\u00e9b\u00e9 a tendance \u00e0 se \u00ab\u00a0distraire\u00a0\u00bb pendant les t\u00e9t\u00e9es. Il tourne la t\u00eate au moindre bruit, l\u00e2che le sein pour observer autour de lui\u2026 C&rsquo;est normal ! Privil\u00e9giez un <strong>environnement calme pour les repas<\/strong>.<\/p>\n\n\n\n<h2 class=\"wp-block-heading\"><span class=\"ez-toc-section\" id=\"Comment_reconnait-on_un_pic_de_croissance_chez_le_bebe\"><\/span>Comment reconna\u00eet-on un pic de croissance&nbsp;<strong>chez le b\u00e9b\u00e9<\/strong> ?<span class=\"ez-toc-section-end\"><\/span><\/h2>\n\n\n\n<p>Plusieurs signes peuvent vous indiquer que votre b\u00e9b\u00e9 traverse un pic de croissance&nbsp;:<\/p>\n\n\n\n<ul class=\"wp-block-list\">\n<li>le rythme habituel des t\u00e9t\u00e9es ou des biberons n&rsquo;est plus suffisant pour lui&nbsp;: il r\u00e9clame beaucoup plus souvent \u00e0 manger, et ce, jour et nuit<\/li>\n\n\n\n<li>son comportement a chang\u00e9&nbsp;: il semble tr\u00e8s agit\u00e9 et <a href=\"https:\/\/www.lespetitsculottes.com\/blog\/pourquoi-bebe-pleure\/\">pleure beaucoup<\/a> plus souvent. B\u00e9b\u00e9 est grognon, irritable.<\/li>\n\n\n\n<li>il fait des siestes plus courtes et se r\u00e9veille plus souvent (ou \u00e0 nouveau) la nuit. Si le <a href=\"https:\/\/www.lespetitsculottes.com\/blog\/sommeil-de-bebe\/\">sommeil de mon b\u00e9b\u00e9<\/a> est perturb\u00e9, des r\u00e9gressions peuvent ainsi appara\u00eetre durant cette p\u00e9riode.<\/li>\n\n\n\n<li>rien ne semble l&rsquo;apaiser hormis le fait de manger<\/li>\n<\/ul>\n\n\n\n<p>Si vous observez ces signes chez votre enfant, il est fort probable qu&rsquo;il soit en train de traverser un pic de croissance.<\/p>\n\n\n\n<hr class=\"wp-block-separator has-alpha-channel-opacity\"\/>\n\n\n\n<p><em><strong>Conseil culott\u00e9<\/strong>&nbsp;: si b\u00e9b\u00e9 est <strong>allait\u00e9 au sein<\/strong> et que sa courbe de croissance est bonne, il n&rsquo;y a aucune raison de donner des compl\u00e9ments de lait infantile sauf si vous souhaitez mettre en place un <a href=\"https:\/\/www.lespetitsculottes.com\/blog\/allaitement-mixte\/\">allaitement mixte<\/a>. Pour faire le point sur votre allaitement et trouver du soutien, n&rsquo;h\u00e9sitez pas \u00e0 <a href=\"https:\/\/www.consultants-lactation.org\/\" target=\"_blank\" rel=\"noreferrer noopener\">contacter une consultante en lactation certifi\u00e9e IBCLC.<\/a><\/em><\/p>\n\n\n\n<hr class=\"wp-block-separator has-alpha-channel-opacity\"\/>\n\n\n\n<h2 class=\"wp-block-heading\"><span class=\"ez-toc-section\" id=\"Combien_de_temps_dure_un_pic_de_croissance\"><\/span><strong>Combien de temps dure un pic de croissance ?<\/strong><span class=\"ez-toc-section-end\"><\/span><\/h2>\n\n\n\n<p>Rassurez-vous, <strong>cette p\u00e9riode est temporaire<\/strong>. En effet, un pic de croissance dure g\u00e9n\u00e9ralement<strong> entre 24 et 72 heures<\/strong> chez la <strong>plupart des enfants. <\/strong>Il peut parfois se prolonger<strong> plusieurs jours<\/strong>. La dur\u00e9e et l\u2019intensit\u00e9 varient selon les b\u00e9b\u00e9s et leur <strong>stade de d\u00e9veloppement<\/strong>.<\/p>\n\n\n\n<p>Il s\u2019agit d\u2019une \u00e9tape normale durant laquelle des changements s\u2019op\u00e8rent chez b\u00e9b\u00e9. Il a besoin d\u2019un peu de temps pour <strong>reprendre son rythme habituel<\/strong>. Cependant, cette p\u00e9riode peut \u00eatre tr\u00e8s fatigante pour les parents, surtout chez <a href=\"https:\/\/www.lespetitsculottes.com\/blog\/temoignages-allaitement-maternel\/\">les mamans qui allaitent<\/a> leur b\u00e9b\u00e9.<\/p>\n\n\n\n<p><strong>L\u2019important est de rester \u00e0 l\u2019\u00e9coute de votre b\u00e9b\u00e9<\/strong>, de r\u00e9pondre \u00e0 ses besoins sans chercher \u00e0 tout rationaliser, et de <strong>ne pas h\u00e9siter \u00e0 solliciter l\u2019avis de votre p\u00e9diatre<\/strong> si certains signes persistent au-del\u00e0 de quelques jours ou vous semblent inhabituels. Comment faire pour g\u00e9rer cette p\u00e9riode souvent intense&nbsp;?<\/p>\n\n\n\n<h2 class=\"wp-block-heading\"><span class=\"ez-toc-section\" id=\"Quel_est_le_pic_de_croissance_difficile_pour_bebe\"><\/span>Quel est le pic de croissance difficile pour b\u00e9b\u00e9 ?<span class=\"ez-toc-section-end\"><\/span><\/h2>\n\n\n\n<p>Tous les pics de croissance bousculent le rythme de b\u00e9b\u00e9, mais certains sont souvent plus intenses que d&rsquo;autres. <strong>Celui des 3 mois<\/strong> est g\u00e9n\u00e9ralement consid\u00e9r\u00e9 comme le <strong>plus d\u00e9stabilisant<\/strong>, suivi de celui des 6 mois.<\/p>\n\n\n\n<p>Pourquoi ? Parce qu&rsquo;ils surviennent \u00e0 des moments o\u00f9 b\u00e9b\u00e9 acquiert de nombreuses comp\u00e9tences en m\u00eame temps : <strong>\u00e9veil, motricit\u00e9, interactions sociales\u2026<\/strong> Les besoins alimentaires explosent, le sommeil se d\u00e9r\u00e8gle, et les parents, qui pensaient avoir trouv\u00e9 leur rythme, se retrouvent parfois totalement d\u00e9sorient\u00e9s.<\/p>\n\n\n\n<p>Cela dit, <strong>chaque b\u00e9b\u00e9 est unique<\/strong> : certains traverseront ces pics sans que vous ne remarquiez grand-chose, tandis que d&rsquo;autres les vivront plus intens\u00e9ment. L&rsquo;essentiel est de rester \u00e0 l&rsquo;\u00e9coute de votre enfant et de vous adapter \u00e0 son rythme.<\/p>\n\n\n\n<h2 class=\"wp-block-heading\"><span class=\"ez-toc-section\" id=\"Comment_apaiser_bebe_pendant_un_pic_de_croissance\"><\/span><strong>Comment apaiser b\u00e9b\u00e9 pendant un pic de croissance ?<\/strong><span class=\"ez-toc-section-end\"><\/span><\/h2>\n\n\n\n<p><strong>Nourrir, rassurer et apaiser<\/strong> : voici les cl\u00e9s pour soutenir votre b\u00e9b\u00e9 pendant un pic de croissance. Ces p\u00e9riodes peuvent bouleverser ses rep\u00e8res et augmenter son besoin de s\u00e9curit\u00e9 affective et nutritionnelle.<\/p>\n\n\n\n<p>Avant tout, faites preuve de bienveillance. Votre b\u00e9b\u00e9 vit une phase intense, pleine de nouvelles sensations, qui demande beaucoup d\u2019\u00e9nergie. Il peut \u00eatre d\u00e9sorient\u00e9 et r\u00e9clamer vos bras plus souvent. N\u2019h\u00e9sitez pas \u00e0 le prendre contre vous, \u00e0 le bercer, \u00e0 privil\u00e9gier le <a href=\"https:\/\/www.lespetitsculottes.com\/blog\/portage-bebe-echarpe\/\"><strong>portage en \u00e9charpe<\/strong><\/a> ou le <strong>peau \u00e0 peau<\/strong> : ce contact renforc\u00e9 est souvent tr\u00e8s apaisant.<\/p>\n\n\n\n<p>C\u00f4t\u00e9 alimentation, restez \u00e0 l\u2019\u00e9coute de ses besoins. Que vous l\u2019allaitiez ou que vous lui donniez le biberon, proposez-lui le lait d\u00e8s qu\u2019il le r\u00e9clame. Ne vous inqui\u00e9tez pas si les habitudes sont bouscul\u00e9es : ce <strong>besoin de succion<\/strong> fr\u00e9quent est une r\u00e9ponse naturelle \u00e0 ses besoins accrus. Il ne s\u2019agit pas d\u2019un caprice, mais d\u2019un besoin r\u00e9el li\u00e9 \u00e0 sa croissance.<\/p>\n\n\n\n<p>S\u2019il a d\u00e9j\u00e0 commenc\u00e9 la <strong>diversification alimentaire<\/strong>, vous pouvez compl\u00e9ter ses repas par des aliments adapt\u00e9s \u00e0 son \u00e2ge, en veillant \u00e0 maintenir l\u2019apport lact\u00e9 suffisant. Cela peut l\u2019aider \u00e0 se sentir plus rassasi\u00e9.<\/p>\n\n\n\n<p>N\u2019essayez pas d\u2019anticiper ou de modifier son rythme pour pr\u00e9venir un pic. La lactation, par exemple, s\u2019ajuste d\u2019elle-m\u00eame \u00e0 la demande. Laissez b\u00e9b\u00e9 guider la cadence.<\/p>\n\n\n\n<h2 class=\"wp-block-heading\"><span class=\"ez-toc-section\" id=\"Comment_faire_pour_gerer_ces_periodes_souvent_intenses\"><\/span><strong>Comment faire pour g\u00e9rer ces p\u00e9riodes souvent intenses ?<\/strong><span class=\"ez-toc-section-end\"><\/span><\/h2>\n\n\n\n<p><strong>Adopter un rythme plus doux peut faire toute la diff\u00e9rence<\/strong>, autant pour b\u00e9b\u00e9 que pour vous. \u00c9vitez, dans la mesure du possible, les journ\u00e9es trop remplies ou les sorties fatigantes. Ralentir pendant quelques jours permet \u00e0 toute la famille de <strong>retrouver des rep\u00e8res<\/strong> et de mieux traverser cette phase.<\/p>\n\n\n\n<p>N&rsquo;h\u00e9sitez pas \u00e0<strong> demander de l&rsquo;aide \u00e0 vos proches<\/strong> durant cette p\u00e9riode. Ils peuvent par exemple <strong>prendre en charge les repas<\/strong> ou les t\u00e2ches m\u00e9nag\u00e8res afin que vous puissiez vous reposer un peu. Si vous avez d&rsquo;autres enfants, une aide suppl\u00e9mentaire sera la bienvenue&nbsp;!<strong> Relayez-vous autant que possible avec le co-parent<\/strong>, surtout si b\u00e9b\u00e9 est au biberon. Profitez-en pour vous reposer lorsque vous ne devez pas g\u00e9rer les biberons. Et si vous allaitez, <strong>le co-parent a \u00e9galement son r\u00f4le \u00e0 jouer <\/strong>durant cette p\u00e9riode intense&nbsp;: il peut <a href=\"https:\/\/www.lespetitsculottes.com\/blog\/changer-couche-bebe\/\">changer la couche de b\u00e9b\u00e9<\/a> entre deux t\u00e9t\u00e9es, g\u00e9rer <a href=\"https:\/\/www.lespetitsculottes.com\/blog\/bain-bebe\/\">le bain <\/a>ou prendre en charge vos t\u00e2ches habituelles pour vous soulager.<\/p>\n\n\n\n<p><strong>Gardez \u00e0 l\u2019esprit que cette phase ne dure pas<\/strong>, et qu\u2019elle marque une belle \u00e9tape dans l\u2019\u00e9volution de votre enfant. Chaque pic de croissance travers\u00e9 est aussi un pas de plus vers son autonomie.<\/p>\n\n\n\n<blockquote class=\"wp-block-quote is-layout-flow wp-block-quote-is-layout-flow\">\n<p><em>B\u00e9b\u00e9 est au biberon&nbsp;? <a href=\"https:\/\/www.lespetitsculottes.com\/fr\/content\/69-abonnement-lait\">L&rsquo;abonnement au lait infantile* bio Les Petits Culott\u00e9s <\/a>est id\u00e9al pour <strong>faciliter votre quotidien <\/strong>de parents d\u00e9j\u00e0 bien charg\u00e9. Livr\u00e9 directement chez vous, \u00e0 la fr\u00e9quence de votre choix, l&rsquo;abonnement permet de soulager efficacement votre charge mentale. Et c&rsquo;est d\u00e9j\u00e0 \u00e7a de gagner, non&nbsp;?<\/em><\/p>\n<\/blockquote>\n\n\n\n<p><\/p>\n\n\n\n<p><em>Cet article a \u00e9t\u00e9 r\u00e9dig\u00e9 par Marie Mourot et Les Petits Culott\u00e9s<\/em><\/p>\n\n\n\n<p><em>Cr\u00e9dit photo : \u00a9 Freepik<\/em><\/p>\n\n\n\n<h3 class=\"wp-block-heading\"><span class=\"ez-toc-section\" id=\"Informations\"><\/span> Informations :<span class=\"ez-toc-section-end\"><\/span><\/h3>\n\n\n\n<p><em>* Le lait maternel est l\u2019aliment le mieux adapt\u00e9 aux besoins sp\u00e9cifiques des b\u00e9b\u00e9s. Nous reconnaissons la sup\u00e9riorit\u00e9 de l\u2019allaitement maternel et encourageons l\u2019allaitement au sein au moins jusqu\u2019aux six mois du b\u00e9b\u00e9. Une bonne alimentation des mamans contribue \u00e0 la pr\u00e9paration et \u00e0 la poursuite de l&rsquo;allaitement au sein. Une alimentation partielle au biberon peut avoir un effet n\u00e9gatif sur l&rsquo;allaitement au sein et il est difficile de revenir sur la d\u00e9cision de ne pas nourrir son enfant au sein. Les incidences sociales et financi\u00e8res doivent \u00eatre prise en compte lors du choix du mode d\u2019allaitement. Il est recommand\u00e9 de n\u2019utiliser des pr\u00e9parations pour nourrissons et de n\u2019en changer que sur avis de personnes ind\u00e9pendantes qualifi\u00e9es dans le domaine de la m\u00e9decine, de la nutrition ou de la pharmacie, ou d\u2019autres sp\u00e9cialistes responsables des soins maternels et infantiles. <\/em><\/p>\n\n\n\n<p><em>Le lait de suite LES PETITS CULOTTES ne convient qu&rsquo;aux nourrissons de plus de six mois. Il ne peut \u00eatre qu&rsquo;un \u00e9l\u00e9ment d&rsquo;une alimentation diversifi\u00e9e. Il ne peut \u00eatre utilis\u00e9 comme substitut du lait maternel pendant les six premiers mois de la vie. La d\u00e9cision d&rsquo;introduire des aliments compl\u00e9mentaires, y compris toute exception \u00e0 l&rsquo;\u00e2ge de six mois, ne devrait \u00eatre prise que sur avis de personnes ind\u00e9pendantes qualifi\u00e9es dans le domaine de la m\u00e9decine, de la nutrition ou de la pharmacie, ou d&rsquo;autres sp\u00e9cialistes responsables des soins maternels et infantiles, en consid\u00e9ration des besoins sp\u00e9cifiques que pr\u00e9sente le nourrisson pour sa croissance et son d\u00e9veloppement. <\/em><\/p>\n\n\n\n<p><em>Les instructions sur les modes appropri\u00e9s de pr\u00e9paration, de conservation, d\u2019utilisation et d&rsquo;\u00e9limination de nos laits de suite LES PETITS CULOTTES doivent \u00eatre scrupuleusement respect\u00e9es. Une pr\u00e9paration et\/ou une conservation inappropri\u00e9es de m\u00eame que l&rsquo;utilisation d&rsquo;aliments ou de m\u00e9thodes d&rsquo;alimentation inad\u00e9quats peuvent entra\u00eener des risques pour la sant\u00e9. En plus du lait, l&rsquo;eau est la seule boisson indispensable. Bouger, jouer est indispensable au d\u00e9veloppement de votre enfant. Apprenez \u00e0 votre enfant \u00e0 ne pas grignoter entre les repas.&nbsp;<a href=\"https:\/\/www.mangerbouger.fr\/\" target=\"_blank\" rel=\"noreferrer noopener\">www.mangerbouger.fr<\/a><\/em><\/p>\n","protected":false},"excerpt":{"rendered":"<p>Si en ce moment, b\u00e9b\u00e9 ne fait que r\u00e9clamer le [&hellip;]<\/p>\n","protected":false},"author":1,"featured_media":2476,"comment_status":"closed","ping_status":"closed","sticky":false,"template":"","format":"standard","meta":{"footnotes":""},"categories":[10],"class_list":["post-2470","post","type-post","status-publish","format-standard","has-post-thumbnail","hentry","category-bebe-culotte"],"yoast_head":"<!-- This site is optimized with the Yoast SEO plugin v26.2 - https:\/\/yoast.com\/wordpress\/plugins\/seo\/ -->\n<title>Pic de croissance b\u00e9b\u00e9 3, 6, 9 semaines : le guide complet<\/title>\n<meta name=\"description\" content=\"Pic de croissance \u00e0 3, 6, 9 semaines: combien de temps \u00e7a dure, quels signes observer et comment apaiser b\u00e9b\u00e9 ? On vous dit tout pour traverser ces \u00e9tapes.\" \/>\n<meta name=\"robots\" content=\"index, follow, max-snippet:-1, max-image-preview:large, max-video-preview:-1\" \/>\n<link rel=\"canonical\" href=\"https:\/\/www.lespetitsculottes.com\/blog\/pic-de-croissance-bebe\/\" \/>\n<meta property=\"og:locale\" content=\"fr_FR\" \/>\n<meta property=\"og:type\" content=\"article\" \/>\n<meta property=\"og:title\" content=\"Pic de croissance b\u00e9b\u00e9 3, 6, 9 semaines : le guide complet\" \/>\n<meta property=\"og:description\" content=\"Pic de croissance \u00e0 3, 6, 9 semaines: combien de temps \u00e7a dure, quels signes observer et comment apaiser b\u00e9b\u00e9 ? On vous dit tout pour traverser ces \u00e9tapes.\" \/>\n<meta property=\"og:url\" content=\"https:\/\/www.lespetitsculottes.com\/blog\/pic-de-croissance-bebe\/\" \/>\n<meta property=\"og:site_name\" content=\"Les Petits Culott\u00e9s\" \/>\n<meta property=\"article:published_time\" content=\"2024-04-03T19:45:41+00:00\" \/>\n<meta property=\"article:modified_time\" content=\"2026-04-17T13:33:10+00:00\" \/>\n<meta property=\"og:image\" content=\"https:\/\/www.lespetitsculottes.com\/blog\/wp-content\/uploads\/2024\/03\/pic-de-croissance-bebe.jpg\" \/>\n\t<meta property=\"og:image:width\" content=\"830\" \/>\n\t<meta property=\"og:image:height\" content=\"553\" \/>\n\t<meta property=\"og:image:type\" content=\"image\/jpeg\" \/>\n<meta name=\"author\" content=\"Admin 23Prod\" \/>\n<meta name=\"twitter:card\" content=\"summary_large_image\" \/>\n<meta name=\"twitter:label1\" content=\"\u00c9crit par\" \/>\n\t<meta name=\"twitter:data1\" content=\"Admin 23Prod\" \/>\n\t<meta name=\"twitter:label2\" content=\"Dur\u00e9e de lecture estim\u00e9e\" \/>\n\t<meta name=\"twitter:data2\" content=\"9 minutes\" \/>\n<script type=\"application\/ld+json\" class=\"yoast-schema-graph\">{\"@context\":\"https:\/\/schema.org\",\"@graph\":[{\"@type\":\"WebPage\",\"@id\":\"https:\/\/www.lespetitsculottes.com\/blog\/pic-de-croissance-bebe\/\",\"url\":\"https:\/\/www.lespetitsculottes.com\/blog\/pic-de-croissance-bebe\/\",\"name\":\"Pic de croissance b\u00e9b\u00e9 3, 6, 9 semaines : le guide complet\",\"isPartOf\":{\"@id\":\"https:\/\/www.lespetitsculottes.com\/blog\/#website\"},\"primaryImageOfPage\":{\"@id\":\"https:\/\/www.lespetitsculottes.com\/blog\/pic-de-croissance-bebe\/#primaryimage\"},\"image\":{\"@id\":\"https:\/\/www.lespetitsculottes.com\/blog\/pic-de-croissance-bebe\/#primaryimage\"},\"thumbnailUrl\":\"https:\/\/www.lespetitsculottes.com\/blog\/wp-content\/uploads\/2024\/03\/pic-de-croissance-bebe.jpg\",\"datePublished\":\"2024-04-03T19:45:41+00:00\",\"dateModified\":\"2026-04-17T13:33:10+00:00\",\"author\":{\"@id\":\"https:\/\/www.lespetitsculottes.com\/blog\/#\/schema\/person\/d67501f1427510d030b375d864acaecb\"},\"description\":\"Pic de croissance \u00e0 3, 6, 9 semaines: combien de temps \u00e7a dure, quels signes observer et comment apaiser b\u00e9b\u00e9 ? On vous dit tout pour traverser ces \u00e9tapes.\",\"breadcrumb\":{\"@id\":\"https:\/\/www.lespetitsculottes.com\/blog\/pic-de-croissance-bebe\/#breadcrumb\"},\"inLanguage\":\"fr-FR\",\"potentialAction\":[{\"@type\":\"ReadAction\",\"target\":[\"https:\/\/www.lespetitsculottes.com\/blog\/pic-de-croissance-bebe\/\"]}]},{\"@type\":\"ImageObject\",\"inLanguage\":\"fr-FR\",\"@id\":\"https:\/\/www.lespetitsculottes.com\/blog\/pic-de-croissance-bebe\/#primaryimage\",\"url\":\"https:\/\/www.lespetitsculottes.com\/blog\/wp-content\/uploads\/2024\/03\/pic-de-croissance-bebe.jpg\",\"contentUrl\":\"https:\/\/www.lespetitsculottes.com\/blog\/wp-content\/uploads\/2024\/03\/pic-de-croissance-bebe.jpg\",\"width\":830,\"height\":553,\"caption\":\"Comment reconna\u00eetre un pic de croissance chez b\u00e9b\u00e9 ?\"},{\"@type\":\"BreadcrumbList\",\"@id\":\"https:\/\/www.lespetitsculottes.com\/blog\/pic-de-croissance-bebe\/#breadcrumb\",\"itemListElement\":[{\"@type\":\"ListItem\",\"position\":1,\"name\":\"Home\",\"item\":\"https:\/\/www.lespetitsculottes.com\/blog\/\"},{\"@type\":\"ListItem\",\"position\":2,\"name\":\"Pic de croissance chez b\u00e9b\u00e9 : tout ce qu&rsquo;il faut savoir\"}]},{\"@type\":\"WebSite\",\"@id\":\"https:\/\/www.lespetitsculottes.com\/blog\/#website\",\"url\":\"https:\/\/www.lespetitsculottes.com\/blog\/\",\"name\":\"Les petits culott\u00e9s\",\"description\":\"Le blog des Petits Culott\u00e9s\",\"potentialAction\":[{\"@type\":\"SearchAction\",\"target\":{\"@type\":\"EntryPoint\",\"urlTemplate\":\"https:\/\/www.lespetitsculottes.com\/blog\/?s={search_term_string}\"},\"query-input\":{\"@type\":\"PropertyValueSpecification\",\"valueRequired\":true,\"valueName\":\"search_term_string\"}}],\"inLanguage\":\"fr-FR\"},{\"@type\":\"Person\",\"@id\":\"https:\/\/www.lespetitsculottes.com\/blog\/#\/schema\/person\/d67501f1427510d030b375d864acaecb\",\"name\":\"Admin 23Prod\",\"image\":{\"@type\":\"ImageObject\",\"inLanguage\":\"fr-FR\",\"@id\":\"https:\/\/www.lespetitsculottes.com\/blog\/#\/schema\/person\/image\/\",\"url\":\"https:\/\/secure.gravatar.com\/avatar\/d07fc7773d840429da1fba32fa2027ef4f681ca12979b4997c63c8869d9a78ca?s=96&d=wp_user_avatar&r=g\",\"contentUrl\":\"https:\/\/secure.gravatar.com\/avatar\/d07fc7773d840429da1fba32fa2027ef4f681ca12979b4997c63c8869d9a78ca?s=96&d=wp_user_avatar&r=g\",\"caption\":\"Admin 23Prod\"},\"description\":\"D\u00e9veloppeur\",\"url\":\"https:\/\/www.lespetitsculottes.com\/blog\/auteur\/lpc\/\"}]}<\/script>\n<!-- \/ Yoast SEO plugin. -->","yoast_head_json":{"title":"Pic de croissance b\u00e9b\u00e9 3, 6, 9 semaines : le guide complet","description":"Pic de croissance \u00e0 3, 6, 9 semaines: combien de temps \u00e7a dure, quels signes observer et comment apaiser b\u00e9b\u00e9 ? On vous dit tout pour traverser ces \u00e9tapes.","robots":{"index":"index","follow":"follow","max-snippet":"max-snippet:-1","max-image-preview":"max-image-preview:large","max-video-preview":"max-video-preview:-1"},"canonical":"https:\/\/www.lespetitsculottes.com\/blog\/pic-de-croissance-bebe\/","og_locale":"fr_FR","og_type":"article","og_title":"Pic de croissance b\u00e9b\u00e9 3, 6, 9 semaines : le guide complet","og_description":"Pic de croissance \u00e0 3, 6, 9 semaines: combien de temps \u00e7a dure, quels signes observer et comment apaiser b\u00e9b\u00e9 ? On vous dit tout pour traverser ces \u00e9tapes.","og_url":"https:\/\/www.lespetitsculottes.com\/blog\/pic-de-croissance-bebe\/","og_site_name":"Les Petits Culott\u00e9s","article_published_time":"2024-04-03T19:45:41+00:00","article_modified_time":"2026-04-17T13:33:10+00:00","og_image":[{"width":830,"height":553,"url":"https:\/\/www.lespetitsculottes.com\/blog\/wp-content\/uploads\/2024\/03\/pic-de-croissance-bebe.jpg","type":"image\/jpeg"}],"author":"Admin 23Prod","twitter_card":"summary_large_image","twitter_misc":{"\u00c9crit par":"Admin 23Prod","Dur\u00e9e de lecture estim\u00e9e":"9 minutes"},"schema":{"@context":"https:\/\/schema.org","@graph":[{"@type":"WebPage","@id":"https:\/\/www.lespetitsculottes.com\/blog\/pic-de-croissance-bebe\/","url":"https:\/\/www.lespetitsculottes.com\/blog\/pic-de-croissance-bebe\/","name":"Pic de croissance b\u00e9b\u00e9 3, 6, 9 semaines : le guide complet","isPartOf":{"@id":"https:\/\/www.lespetitsculottes.com\/blog\/#website"},"primaryImageOfPage":{"@id":"https:\/\/www.lespetitsculottes.com\/blog\/pic-de-croissance-bebe\/#primaryimage"},"image":{"@id":"https:\/\/www.lespetitsculottes.com\/blog\/pic-de-croissance-bebe\/#primaryimage"},"thumbnailUrl":"https:\/\/www.lespetitsculottes.com\/blog\/wp-content\/uploads\/2024\/03\/pic-de-croissance-bebe.jpg","datePublished":"2024-04-03T19:45:41+00:00","dateModified":"2026-04-17T13:33:10+00:00","author":{"@id":"https:\/\/www.lespetitsculottes.com\/blog\/#\/schema\/person\/d67501f1427510d030b375d864acaecb"},"description":"Pic de croissance \u00e0 3, 6, 9 semaines: combien de temps \u00e7a dure, quels signes observer et comment apaiser b\u00e9b\u00e9 ? On vous dit tout pour traverser ces \u00e9tapes.","breadcrumb":{"@id":"https:\/\/www.lespetitsculottes.com\/blog\/pic-de-croissance-bebe\/#breadcrumb"},"inLanguage":"fr-FR","potentialAction":[{"@type":"ReadAction","target":["https:\/\/www.lespetitsculottes.com\/blog\/pic-de-croissance-bebe\/"]}]},{"@type":"ImageObject","inLanguage":"fr-FR","@id":"https:\/\/www.lespetitsculottes.com\/blog\/pic-de-croissance-bebe\/#primaryimage","url":"https:\/\/www.lespetitsculottes.com\/blog\/wp-content\/uploads\/2024\/03\/pic-de-croissance-bebe.jpg","contentUrl":"https:\/\/www.lespetitsculottes.com\/blog\/wp-content\/uploads\/2024\/03\/pic-de-croissance-bebe.jpg","width":830,"height":553,"caption":"Comment reconna\u00eetre un pic de croissance chez b\u00e9b\u00e9 ?"},{"@type":"BreadcrumbList","@id":"https:\/\/www.lespetitsculottes.com\/blog\/pic-de-croissance-bebe\/#breadcrumb","itemListElement":[{"@type":"ListItem","position":1,"name":"Home","item":"https:\/\/www.lespetitsculottes.com\/blog\/"},{"@type":"ListItem","position":2,"name":"Pic de croissance chez b\u00e9b\u00e9 : tout ce qu&rsquo;il faut savoir"}]},{"@type":"WebSite","@id":"https:\/\/www.lespetitsculottes.com\/blog\/#website","url":"https:\/\/www.lespetitsculottes.com\/blog\/","name":"Les petits culott\u00e9s","description":"Le blog des Petits Culott\u00e9s","potentialAction":[{"@type":"SearchAction","target":{"@type":"EntryPoint","urlTemplate":"https:\/\/www.lespetitsculottes.com\/blog\/?s={search_term_string}"},"query-input":{"@type":"PropertyValueSpecification","valueRequired":true,"valueName":"search_term_string"}}],"inLanguage":"fr-FR"},{"@type":"Person","@id":"https:\/\/www.lespetitsculottes.com\/blog\/#\/schema\/person\/d67501f1427510d030b375d864acaecb","name":"Admin 23Prod","image":{"@type":"ImageObject","inLanguage":"fr-FR","@id":"https:\/\/www.lespetitsculottes.com\/blog\/#\/schema\/person\/image\/","url":"https:\/\/secure.gravatar.com\/avatar\/d07fc7773d840429da1fba32fa2027ef4f681ca12979b4997c63c8869d9a78ca?s=96&d=wp_user_avatar&r=g","contentUrl":"https:\/\/secure.gravatar.com\/avatar\/d07fc7773d840429da1fba32fa2027ef4f681ca12979b4997c63c8869d9a78ca?s=96&d=wp_user_avatar&r=g","caption":"Admin 23Prod"},"description":"D\u00e9veloppeur","url":"https:\/\/www.lespetitsculottes.com\/blog\/auteur\/lpc\/"}]}},"_links":{"self":[{"href":"https:\/\/www.lespetitsculottes.com\/blog\/wp-json\/wp\/v2\/posts\/2470","targetHints":{"allow":["GET"]}}],"collection":[{"href":"https:\/\/www.lespetitsculottes.com\/blog\/wp-json\/wp\/v2\/posts"}],"about":[{"href":"https:\/\/www.lespetitsculottes.com\/blog\/wp-json\/wp\/v2\/types\/post"}],"author":[{"embeddable":true,"href":"https:\/\/www.lespetitsculottes.com\/blog\/wp-json\/wp\/v2\/users\/1"}],"replies":[{"embeddable":true,"href":"https:\/\/www.lespetitsculottes.com\/blog\/wp-json\/wp\/v2\/comments?post=2470"}],"version-history":[{"count":22,"href":"https:\/\/www.lespetitsculottes.com\/blog\/wp-json\/wp\/v2\/posts\/2470\/revisions"}],"predecessor-version":[{"id":4807,"href":"https:\/\/www.lespetitsculottes.com\/blog\/wp-json\/wp\/v2\/posts\/2470\/revisions\/4807"}],"wp:featuredmedia":[{"embeddable":true,"href":"https:\/\/www.lespetitsculottes.com\/blog\/wp-json\/wp\/v2\/media\/2476"}],"wp:attachment":[{"href":"https:\/\/www.lespetitsculottes.com\/blog\/wp-json\/wp\/v2\/media?parent=2470"}],"wp:term":[{"taxonomy":"category","embeddable":true,"href":"https:\/\/www.lespetitsculottes.com\/blog\/wp-json\/wp\/v2\/categories?post=2470"}],"curies":[{"name":"wp","href":"https:\/\/api.w.org\/{rel}","templated":true}]}}