{"id":2487,"date":"2024-04-03T16:00:00","date_gmt":"2024-04-03T14:00:00","guid":{"rendered":"https:\/\/www.lespetitsculottes.com\/blog\/?p=2487"},"modified":"2026-04-17T15:30:45","modified_gmt":"2026-04-17T13:30:45","slug":"lait-de-vache-bebe","status":"publish","type":"post","link":"https:\/\/www.lespetitsculottes.com\/blog\/lait-de-vache-bebe\/","title":{"rendered":"Lait de vache pour b\u00e9b\u00e9 : quand et comment l&rsquo;introduire ?"},"content":{"rendered":"<div id=\"ez-toc-container\" class=\"ez-toc-v2_0_76 counter-hierarchy ez-toc-counter ez-toc-white ez-toc-container-direction\">\n<div class=\"ez-toc-title-container\"><p class=\"ez-toc-title\" style=\"cursor:inherit\">Sommaire<\/p>\n<\/div><nav><ul class='ez-toc-list ez-toc-list-level-1 ' ><li class='ez-toc-page-1 ez-toc-heading-level-2'><a class=\"ez-toc-link ez-toc-heading-1\" href=\"https:\/\/www.lespetitsculottes.com\/blog\/lait-de-vache-bebe\/#A_partir_de_quel_age_donner_du_lait_de_vache_a_un_bebe\" >\u00c0 partir de quel \u00e2ge donner du lait de vache \u00e0 un b\u00e9b\u00e9 ?<\/a><\/li><li class='ez-toc-page-1 ez-toc-heading-level-2'><a class=\"ez-toc-link ez-toc-heading-2\" href=\"https:\/\/www.lespetitsculottes.com\/blog\/lait-de-vache-bebe\/#Quel_lait_de_vache_choisir_pour_un_bebe\" >Quel lait de vache choisir pour un b\u00e9b\u00e9 ?\u00a0<\/a><\/li><li class='ez-toc-page-1 ez-toc-heading-level-2'><a class=\"ez-toc-link ez-toc-heading-3\" href=\"https:\/\/www.lespetitsculottes.com\/blog\/lait-de-vache-bebe\/#Lait_maternel_lait_infantile_ou_lait_de_vache_que_choisir_selon_lage\" >Lait maternel, lait infantile ou lait de vache : que choisir selon l\u2019\u00e2ge ?<\/a><\/li><li class='ez-toc-page-1 ez-toc-heading-level-2'><a class=\"ez-toc-link ez-toc-heading-4\" href=\"https:\/\/www.lespetitsculottes.com\/blog\/lait-de-vache-bebe\/#Quelle_quantite_de_lait_de_vache_donner_a_son_bebe_par_jour\" >Quelle quantit\u00e9 de lait de vache donner \u00e0 son b\u00e9b\u00e9 par jour ?<\/a><\/li><li class='ez-toc-page-1 ez-toc-heading-level-2'><a class=\"ez-toc-link ez-toc-heading-5\" href=\"https:\/\/www.lespetitsculottes.com\/blog\/lait-de-vache-bebe\/#Les_benefices_du_lait_de_vache_pour_bebe_apres_3_ans\" >Les b\u00e9n\u00e9fices du lait de vache pour b\u00e9b\u00e9 apr\u00e8s 3 ans<\/a><\/li><li class='ez-toc-page-1 ez-toc-heading-level-2'><a class=\"ez-toc-link ez-toc-heading-6\" href=\"https:\/\/www.lespetitsculottes.com\/blog\/lait-de-vache-bebe\/#Les_risques_potentiels_du_lait_de_vache_pour_bebe\" >Les risques potentiels du lait de vache pour b\u00e9b\u00e9<\/a><\/li><li class='ez-toc-page-1 ez-toc-heading-level-2'><a class=\"ez-toc-link ez-toc-heading-7\" href=\"https:\/\/www.lespetitsculottes.com\/blog\/lait-de-vache-bebe\/#Quelles_sont_les_alternatives_au_lait_de_vache_pour_les_bebes_allergiques_ou_intolerants\" >Quelles sont les alternatives au lait de vache pour les b\u00e9b\u00e9s allergiques ou intol\u00e9rants ?<\/a><ul class='ez-toc-list-level-3' ><li class='ez-toc-heading-level-3'><a class=\"ez-toc-link ez-toc-heading-8\" href=\"https:\/\/www.lespetitsculottes.com\/blog\/lait-de-vache-bebe\/#Laits_infantiles_hypoallergeniques\" >Laits infantiles hypoallerg\u00e9niques<\/a><\/li><li class='ez-toc-page-1 ez-toc-heading-level-3'><a class=\"ez-toc-link ez-toc-heading-9\" href=\"https:\/\/www.lespetitsculottes.com\/blog\/lait-de-vache-bebe\/#Laits_vegetaux\" >Laits v\u00e9g\u00e9taux<\/a><\/li><li class='ez-toc-page-1 ez-toc-heading-level-3'><a class=\"ez-toc-link ez-toc-heading-10\" href=\"https:\/\/www.lespetitsculottes.com\/blog\/lait-de-vache-bebe\/#Autres_alternatives_au_lait_de_vache\" >Autres alternatives au lait de vache<\/a><\/li><\/ul><\/li><li class='ez-toc-page-1 ez-toc-heading-level-2'><a class=\"ez-toc-link ez-toc-heading-11\" href=\"https:\/\/www.lespetitsculottes.com\/blog\/lait-de-vache-bebe\/#Conseils_pratiques_pour_lintegration_du_lait_de_vache_dans_lalimentation_de_bebe\" >Conseils pratiques pour l&rsquo;int\u00e9gration du lait de vache dans l&rsquo;alimentation de b\u00e9b\u00e9<\/a><\/li><\/ul><\/nav><\/div>\n\n<p><\/p>\n\n\n\n<p>L&rsquo;introduction du lait de vache dans l&rsquo;alimentation de b\u00e9b\u00e9 est une \u00e9tape importante dans la <strong>diversification alimentaire<\/strong> de votre enfant. Cependant, elle doit \u00eatre r\u00e9alis\u00e9e avec pr\u00e9caution pour \u00e9viter tout risque d&rsquo;allergie ou d&rsquo;intol\u00e9rance. Dans cet article, nous aborderons les diff\u00e9rentes facettes de cette \u00e9tape cruciale.&nbsp;<\/p>\n\n\n\n<p><strong>\u00c0 retenir :<\/strong><\/p>\n\n\n\n<ul class=\"wp-block-list\">\n<li>Avant 12 mois : lait maternel ou lait infantile uniquement<\/li>\n\n\n\n<li>\u00c0 partir de 12 mois : lait de croissance recommand\u00e9<\/li>\n\n\n\n<li>Lait de vache possible apr\u00e8s 12 mois (entier, max 500 ml\/jour)<\/li>\n\n\n\n<li>\u00c9viter le lait \u00e9cr\u00e9m\u00e9 et demi-\u00e9cr\u00e9m\u00e9 avant 2 ans<\/li>\n<\/ul>\n\n\n\n<h2 class=\"wp-block-heading\"><span class=\"ez-toc-section\" id=\"A_partir_de_quel_age_donner_du_lait_de_vache_a_un_bebe\"><\/span><strong><strong>\u00c0 partir de quel \u00e2ge donner du lait de vache \u00e0 un b\u00e9b\u00e9 ?<\/strong><\/strong><span class=\"ez-toc-section-end\"><\/span><\/h2>\n\n\n\n<p><\/p>\n\n\n\n<p>Le lait de vache peut \u00eatre introduit progressivement dans l\u2019alimentation de l\u2019enfant <strong>\u00e0 partir de 12 mois<\/strong>, en compl\u00e9ment d\u2019une alimentation diversifi\u00e9e et adapt\u00e9e.<\/p>\n\n\n\n<p>Avant cet \u00e2ge, le lait maternel ou les pr\u00e9parations infantiles restent indispensables pour couvrir les besoins nutritionnels du nourrisson.<\/p>\n\n\n\n<p>En effet, <strong>avant 12 mois<\/strong>, le syst\u00e8me digestif du b\u00e9b\u00e9 n\u2019est pas encore suffisamment mature pour dig\u00e9rer les prot\u00e9ines de lait de vache. De plus, le lait de vache ne contient pas toutes les <strong>vitamines et min\u00e9raux<\/strong> n\u00e9cessaires \u00e0 la croissance du b\u00e9b\u00e9. Il est donc pr\u00e9f\u00e9rable de privil\u00e9gier l\u2019allaitement ou le lait infantile jusqu\u2019\u00e0 cet \u00e2ge.<\/p>\n\n\n\n<p>Entre <strong>12 et 24 mois<\/strong>, le lait de croissance est g\u00e9n\u00e9ralement recommand\u00e9 car il est mieux adapt\u00e9 aux besoins sp\u00e9cifiques de cette p\u00e9riode de d\u00e9veloppement.<\/p>\n\n\n\n<hr class=\"wp-block-separator has-alpha-channel-opacity\"\/>\n\n\n\n<p><em><strong>Conseil culott\u00e9&nbsp;: <\/strong><\/em><\/p>\n\n\n\n<p><em>Il est recommand\u00e9 de privil\u00e9gier <\/em>le<em><strong> <\/strong><a href=\"https:\/\/www.lespetitsculottes.com\/fr\/content\/67-lait-3eme-age\"><strong>lait de croissance<\/strong><\/a> pour votre enfant m\u00eame apr\u00e8s l&rsquo;\u00e2ge de 12 mois. En effet, le lait de croissance offre une <strong>composition nutritionnelle enrichie<\/strong> en vitamines, min\u00e9raux et acides gras essentiels.<\/em><\/p>\n\n\n\n<hr class=\"wp-block-separator has-alpha-channel-opacity\"\/>\n\n\n\n<h2 class=\"wp-block-heading\"><span class=\"ez-toc-section\" id=\"Quel_lait_de_vache_choisir_pour_un_bebe\"><\/span><strong><strong>Quel lait de vache choisir pour un b\u00e9b\u00e9 ?\u00a0<\/strong><\/strong><span class=\"ez-toc-section-end\"><\/span><\/h2>\n\n\n\n<p><\/p>\n\n\n\n<p>Lors de l\u2019introduction du lait de vache dans l\u2019alimentation d\u2019un enfant <strong>\u00e0 partir de 12 mois<\/strong>, celui-ci est g\u00e9n\u00e9ralement propos\u00e9 sous forme de lait entier.<\/p>\n\n\n\n<p>Les laits demi-\u00e9cr\u00e9m\u00e9 et \u00e9cr\u00e9m\u00e9 peuvent \u00eatre introduits plus tard, en <strong>fonction de l\u2019\u00e2ge et des habitudes alimentaires<\/strong> de l\u2019enfant.<\/p>\n\n\n\n<p>Les<strong> Petits Culott\u00e9s<\/strong> proposent \u00e9galement des laits infantiles de diff\u00e9rentes cat\u00e9gories, disponibles sur le march\u00e9 au m\u00eame titre que d\u2019autres r\u00e9f\u00e9rences, conform\u00e9ment \u00e0 la r\u00e9glementation en vigueur.<\/p>\n\n\n\n<p><\/p>\n\n\n\n<h2 class=\"wp-block-heading\"><span class=\"ez-toc-section\" id=\"Lait_maternel_lait_infantile_ou_lait_de_vache_que_choisir_selon_lage\"><\/span><strong><strong>Lait maternel, lait infantile ou lait de vache : que choisir selon l\u2019\u00e2ge ?<\/strong><\/strong><span class=\"ez-toc-section-end\"><\/span><\/h2>\n\n\n\n<p><\/p>\n\n\n\n<p>Le lait maternel reste ind\u00e9niablement l&rsquo;aliment de choix pour le b\u00e9b\u00e9. <strong>Le lait maternel contient tous les nutriments dont le b\u00e9b\u00e9 a besoin<\/strong>. Il est aussi plus facile \u00e0 dig\u00e9rer que le lait de vache. Par ailleurs, <a href=\"https:\/\/www.who.int\/fr\">l\u2019OMS<\/a> pr\u00e9conise <a href=\"https:\/\/www.lespetitsculottes.com\/blog\/reussir-allaitement-bebe\/\">l&rsquo;allaitement<\/a> exclusif jusqu&rsquo;au 6 mois de b\u00e9b\u00e9. Le lait maternel ou le lait infantile doit rester l&rsquo;aliment principal du b\u00e9b\u00e9 jusqu&rsquo;\u00e0 l&rsquo;\u00e2ge de 12 mois au minimum.<\/p>\n\n\n\n<p><\/p>\n\n\n\n<h2 class=\"wp-block-heading\"><span class=\"ez-toc-section\" id=\"Quelle_quantite_de_lait_de_vache_donner_a_son_bebe_par_jour\"><\/span><strong><strong>Quelle quantit\u00e9 de lait de vache donner \u00e0 son b\u00e9b\u00e9 par jour ?<\/strong><\/strong><span class=\"ez-toc-section-end\"><\/span><\/h2>\n\n\n\n<p><\/p>\n\n\n\n<p>\u00c0 partir de 1<strong>2 mois<\/strong>, le lait de vache peut \u00eatre int\u00e9gr\u00e9 progressivement dans l\u2019alimentation de l\u2019enfant, dans le cadre d\u2019une alimentation vari\u00e9e.<\/p>\n\n\n\n<p>La quantit\u00e9 recommand\u00e9e est en g\u00e9n\u00e9ral d\u2019environ <strong>500 ml de lait par jour<\/strong>, \u00e0 adapter selon l\u2019alimentation globale de l\u2019enfant.<\/p>\n\n\n\n<p>Cette quantit\u00e9 permet de couvrir une partie des besoins en calcium, sans d\u00e9s\u00e9quilibrer les autres apports nutritionnels.<\/p>\n\n\n\n<p><strong>\u00c0 titre indicatif :<\/strong><\/p>\n\n\n\n<ul class=\"wp-block-list\">\n<li>250 ml de lait \u00e9quivalent \u00e0 environ 2 yaourts nature<\/li>\n\n\n\n<li>ou 4 petits suisses<\/li>\n\n\n\n<li>ou 2 portions de fromage<\/li>\n<\/ul>\n\n\n\n<p>Voici un <strong>r\u00e9capitulatif simple<\/strong> des rep\u00e8res selon l\u2019\u00e2ge de l\u2019enfant :<\/p>\n\n\n\n<figure class=\"wp-block-table\"><table class=\"has-fixed-layout\"><tbody><tr><td><strong>\u00c2ge de l\u2019enfant<\/strong><\/td><td><strong>Type de lait recommand\u00e9<\/strong><\/td><td><strong>Quantit\u00e9 conseill\u00e9e<\/strong><\/td><\/tr><tr><td>0 \u2013 6 mois<\/td><td>Lait maternel \/ 1er \u00e2ge<\/td><td>Allaitement exclusif<\/td><\/tr><tr><td>6 \u2013 12 mois<\/td><td>Lait 2e \u00e2ge<\/td><td>Selon diversification<\/td><\/tr><tr><td>12 \u2013 24 mois<\/td><td>Lait de croissance<\/td><td>~500 ml \/ jour<\/td><\/tr><tr><td>+ 12 mois<\/td><td>Lait de vache entier<\/td><td>max 500 ml \/ jour<\/td><\/tr><\/tbody><\/table><\/figure>\n\n\n\n<h2 class=\"wp-block-heading\"><span class=\"ez-toc-section\" id=\"Les_benefices_du_lait_de_vache_pour_bebe_apres_3_ans\"><\/span><strong>Les b\u00e9n\u00e9fices du lait de vache pour b\u00e9b\u00e9 apr\u00e8s 3 ans<\/strong><span class=\"ez-toc-section-end\"><\/span><\/h2>\n\n\n\n<p><\/p>\n\n\n\n<p>Le lait de vache est une <strong>source importante de calcium<\/strong>, n\u00e9cessaire \u00e0 la croissance et au d\u00e9veloppement des os du b\u00e9b\u00e9. Il contient \u00e9galement des prot\u00e9ines, qui contribuent au d\u00e9veloppement musculaire. De plus, c&rsquo;est une <strong>source de vitamines A et D<\/strong>, qui sont essentielles \u00e0 la sant\u00e9 de la peau et \u00e0 l&rsquo;absorption du calcium.<\/p>\n\n\n\n<p><\/p>\n\n\n\n<h2 class=\"wp-block-heading\"><span class=\"ez-toc-section\" id=\"Les_risques_potentiels_du_lait_de_vache_pour_bebe\"><\/span><strong>Les risques potentiels du lait de vache pour b\u00e9b\u00e9<\/strong><span class=\"ez-toc-section-end\"><\/span><\/h2>\n\n\n\n<p><\/p>\n\n\n\n<p>Le lait de vache peut cependant pr\u00e9senter des risques pour le b\u00e9b\u00e9. En effet, certains b\u00e9b\u00e9s peuvent <strong>d\u00e9velopper une allergie ou une intol\u00e9rance au lait de vache<\/strong>, ce qui peut entra\u00eener des sympt\u00f4mes tels que des diarrh\u00e9es, des vomissements, des \u00e9ruptions cutan\u00e9es ou des difficult\u00e9s respiratoires. En outre, ce lait contient plus de prot\u00e9ines et de sodium que le lait maternel ou le lait maternis\u00e9, ce qui peut surcharger les reins du b\u00e9b\u00e9.<\/p>\n\n\n\n<p><\/p>\n\n\n\n<h2 class=\"wp-block-heading\"><span class=\"ez-toc-section\" id=\"Quelles_sont_les_alternatives_au_lait_de_vache_pour_les_bebes_allergiques_ou_intolerants\"><\/span><strong>Quelles sont les alternatives au lait de vache pour les b\u00e9b\u00e9s allergiques ou intol\u00e9rants ?<\/strong><span class=\"ez-toc-section-end\"><\/span><\/h2>\n\n\n\n<p><\/p>\n\n\n\n<p>L&rsquo;allergie au lait de vache (APLV) et l&rsquo;intol\u00e9rance au lactose sont des affections courantes chez les b\u00e9b\u00e9s. Heureusement, il existe de <strong>nombreuses alternatives au lait de vache<\/strong> pour r\u00e9pondre aux besoins nutritionnels de ces enfants. Voici quelques exemples d&rsquo;alternatives de laits sans lactose :<\/p>\n\n\n\n<h3 class=\"wp-block-heading\"><span class=\"ez-toc-section\" id=\"Laits_infantiles_hypoallergeniques\"><\/span><strong>Laits infantiles hypoallerg\u00e9niques<\/strong><span class=\"ez-toc-section-end\"><\/span><\/h3>\n\n\n\n<ul class=\"wp-block-list\">\n<li>Laits infantiles \u00e0 base de prot\u00e9ines hydrolys\u00e9es : les prot\u00e9ines du lait de vache sont d\u00e9compos\u00e9es en petits fragments, ce qui les rend moins allergisantes.<\/li>\n\n\n\n<li>Laits infantiles \u00e0 base d&rsquo;acides amin\u00e9s : les prot\u00e9ines sont remplac\u00e9es par des acides amin\u00e9s, les \u00e9l\u00e9ments constitutifs des prot\u00e9ines.<\/li>\n<\/ul>\n\n\n\n<h3 class=\"wp-block-heading\"><span class=\"ez-toc-section\" id=\"Laits_vegetaux\"><\/span><strong>Laits v\u00e9g\u00e9taux<\/strong><span class=\"ez-toc-section-end\"><\/span><\/h3>\n\n\n\n<ul class=\"wp-block-list\">\n<li>Lait de soja : riche en prot\u00e9ines et en calcium, mais il peut contenir des isoflavones et \u00eatre d\u00e9conseill\u00e9 aux b\u00e9b\u00e9s de moins de 6 mois.<\/li>\n\n\n\n<li>Lait d&rsquo;amande : pauvre en calories et en prot\u00e9ines, mais riche en vitamines E et D.<\/li>\n\n\n\n<li>Lait de riz : hypoallerg\u00e9nique et facile \u00e0 dig\u00e9rer, mais pauvre en prot\u00e9ines et en calcium.<\/li>\n\n\n\n<li>Lait de coco : riche en vitamines et en min\u00e9raux, mais pauvre en prot\u00e9ines et en calcium.<\/li>\n<\/ul>\n\n\n\n<h3 class=\"wp-block-heading\"><span class=\"ez-toc-section\" id=\"Autres_alternatives_au_lait_de_vache\"><\/span><strong>Autres alternatives au lait de vache<\/strong><span class=\"ez-toc-section-end\"><\/span><\/h3>\n\n\n\n<ul class=\"wp-block-list\">\n<li>Lait maternel bien s\u00fbr et \u00e9videmment : l&rsquo;aliment id\u00e9al pour les b\u00e9b\u00e9s, m\u00eame s&rsquo;ils sont allergiques ou intol\u00e9rants au lait de vache.<\/li>\n\n\n\n<li>Hydrolysat de cas\u00e9ine : une solution \u00e0 base de prot\u00e9ines de lait de vache hydrolys\u00e9es, \u00e0 utiliser sous prescription m\u00e9dicale.<\/li>\n<\/ul>\n\n\n\n<p><\/p>\n\n\n\n<h2 class=\"wp-block-heading\"><span class=\"ez-toc-section\" id=\"Conseils_pratiques_pour_lintegration_du_lait_de_vache_dans_lalimentation_de_bebe\"><\/span><strong>Conseils pratiques pour l&rsquo;int\u00e9gration du lait de vache dans l&rsquo;alimentation de b\u00e9b\u00e9<\/strong><span class=\"ez-toc-section-end\"><\/span><\/h2>\n\n\n\n<p><\/p>\n\n\n\n<p>Lorsque vous d\u00e9cidez d&rsquo;introduire le lait de vache dans l&rsquo;alimentation de votre b\u00e9b\u00e9, il est important de le faire progressivement. Il est aussi important de surveiller la r\u00e9action de votre b\u00e9b\u00e9. Consultez un p\u00e9diatre en cas de sympt\u00f4mes d&rsquo;allergie ou d&rsquo;intol\u00e9rance.<br><br>En r\u00e9sum\u00e9, l&rsquo;introduction du lait de vache dans l&rsquo;alimentation du b\u00e9b\u00e9 est une \u00e9tape importante \u00e0 r\u00e9aliser avec pr\u00e9caution. Il est important de choisir le bon lait, de l&rsquo;introduire progressivement et de surveiller la r\u00e9action du b\u00e9b\u00e9.<\/p>\n\n\n\n<p><em>Le lait maternel est l\u2019aliment le mieux adapt\u00e9 aux besoins sp\u00e9cifiques des b\u00e9b\u00e9s.<\/em><\/p>\n\n\n\n<p><em>Cr\u00e9dit photo : \u00a9 iStock<\/em><\/p>\n","protected":false},"excerpt":{"rendered":"<p>L&rsquo;introduction du lait de vache dans l&rsquo;alimentation de b\u00e9b\u00e9 est [&hellip;]<\/p>\n","protected":false},"author":3,"featured_media":2488,"comment_status":"closed","ping_status":"closed","sticky":false,"template":"","format":"standard","meta":{"footnotes":""},"categories":[12],"class_list":["post-2487","post","type-post","status-publish","format-standard","has-post-thumbnail","hentry","category-lexpert-culotte"],"yoast_head":"<!-- This site is optimized with the Yoast SEO plugin v26.2 - https:\/\/yoast.com\/wordpress\/plugins\/seo\/ -->\n<title>Lait de vache pour b\u00e9b\u00e9 : quand et comment l&#039;introduire ?<\/title>\n<meta name=\"description\" content=\"D\u00e9couvrez quand et comment introduire le lait de vache dans l&#039;alimentation de votre b\u00e9b\u00e9. Cet article vous donne toutes les informations.\" \/>\n<meta name=\"robots\" content=\"index, follow, max-snippet:-1, max-image-preview:large, max-video-preview:-1\" \/>\n<link rel=\"canonical\" href=\"https:\/\/www.lespetitsculottes.com\/blog\/lait-de-vache-bebe\/\" \/>\n<meta property=\"og:locale\" content=\"fr_FR\" \/>\n<meta property=\"og:type\" content=\"article\" \/>\n<meta property=\"og:title\" content=\"Lait de vache pour b\u00e9b\u00e9 : quand et comment l&#039;introduire ?\" \/>\n<meta property=\"og:description\" content=\"D\u00e9couvrez quand et comment introduire le lait de vache dans l&#039;alimentation de votre b\u00e9b\u00e9. Cet article vous donne toutes les informations.\" \/>\n<meta property=\"og:url\" content=\"https:\/\/www.lespetitsculottes.com\/blog\/lait-de-vache-bebe\/\" \/>\n<meta property=\"og:site_name\" content=\"Les Petits Culott\u00e9s\" \/>\n<meta property=\"article:published_time\" content=\"2024-04-03T14:00:00+00:00\" \/>\n<meta property=\"article:modified_time\" content=\"2026-04-17T13:30:45+00:00\" \/>\n<meta property=\"og:image\" content=\"https:\/\/www.lespetitsculottes.com\/blog\/wp-content\/uploads\/2024\/04\/lait-de-vache.jpg\" \/>\n\t<meta property=\"og:image:width\" content=\"830\" \/>\n\t<meta property=\"og:image:height\" content=\"553\" \/>\n\t<meta property=\"og:image:type\" content=\"image\/jpeg\" \/>\n<meta name=\"author\" content=\"Matthieu Batteur\" \/>\n<meta name=\"twitter:card\" content=\"summary_large_image\" \/>\n<meta name=\"twitter:label1\" content=\"\u00c9crit par\" \/>\n\t<meta name=\"twitter:data1\" content=\"Matthieu Batteur\" \/>\n\t<meta name=\"twitter:label2\" content=\"Dur\u00e9e de lecture estim\u00e9e\" \/>\n\t<meta name=\"twitter:data2\" content=\"6 minutes\" \/>\n<script type=\"application\/ld+json\" class=\"yoast-schema-graph\">{\"@context\":\"https:\/\/schema.org\",\"@graph\":[{\"@type\":\"WebPage\",\"@id\":\"https:\/\/www.lespetitsculottes.com\/blog\/lait-de-vache-bebe\/\",\"url\":\"https:\/\/www.lespetitsculottes.com\/blog\/lait-de-vache-bebe\/\",\"name\":\"Lait de vache pour b\u00e9b\u00e9 : quand et comment l'introduire ?\",\"isPartOf\":{\"@id\":\"https:\/\/www.lespetitsculottes.com\/blog\/#website\"},\"primaryImageOfPage\":{\"@id\":\"https:\/\/www.lespetitsculottes.com\/blog\/lait-de-vache-bebe\/#primaryimage\"},\"image\":{\"@id\":\"https:\/\/www.lespetitsculottes.com\/blog\/lait-de-vache-bebe\/#primaryimage\"},\"thumbnailUrl\":\"https:\/\/www.lespetitsculottes.com\/blog\/wp-content\/uploads\/2024\/04\/lait-de-vache.jpg\",\"datePublished\":\"2024-04-03T14:00:00+00:00\",\"dateModified\":\"2026-04-17T13:30:45+00:00\",\"author\":{\"@id\":\"https:\/\/www.lespetitsculottes.com\/blog\/#\/schema\/person\/497831e9d8b4c1eb018613db53ea7306\"},\"description\":\"D\u00e9couvrez quand et comment introduire le lait de vache dans l'alimentation de votre b\u00e9b\u00e9. Cet article vous donne toutes les informations.\",\"breadcrumb\":{\"@id\":\"https:\/\/www.lespetitsculottes.com\/blog\/lait-de-vache-bebe\/#breadcrumb\"},\"inLanguage\":\"fr-FR\",\"potentialAction\":[{\"@type\":\"ReadAction\",\"target\":[\"https:\/\/www.lespetitsculottes.com\/blog\/lait-de-vache-bebe\/\"]}]},{\"@type\":\"ImageObject\",\"inLanguage\":\"fr-FR\",\"@id\":\"https:\/\/www.lespetitsculottes.com\/blog\/lait-de-vache-bebe\/#primaryimage\",\"url\":\"https:\/\/www.lespetitsculottes.com\/blog\/wp-content\/uploads\/2024\/04\/lait-de-vache.jpg\",\"contentUrl\":\"https:\/\/www.lespetitsculottes.com\/blog\/wp-content\/uploads\/2024\/04\/lait-de-vache.jpg\",\"width\":830,\"height\":553,\"caption\":\"Le lait de vache pour b\u00e9b\u00e9 : quand et comment l'introduire ?\"},{\"@type\":\"BreadcrumbList\",\"@id\":\"https:\/\/www.lespetitsculottes.com\/blog\/lait-de-vache-bebe\/#breadcrumb\",\"itemListElement\":[{\"@type\":\"ListItem\",\"position\":1,\"name\":\"Home\",\"item\":\"https:\/\/www.lespetitsculottes.com\/blog\/\"},{\"@type\":\"ListItem\",\"position\":2,\"name\":\"Lait de vache pour b\u00e9b\u00e9 : quand et comment l&rsquo;introduire ?\"}]},{\"@type\":\"WebSite\",\"@id\":\"https:\/\/www.lespetitsculottes.com\/blog\/#website\",\"url\":\"https:\/\/www.lespetitsculottes.com\/blog\/\",\"name\":\"Les petits culott\u00e9s\",\"description\":\"Le blog des Petits Culott\u00e9s\",\"potentialAction\":[{\"@type\":\"SearchAction\",\"target\":{\"@type\":\"EntryPoint\",\"urlTemplate\":\"https:\/\/www.lespetitsculottes.com\/blog\/?s={search_term_string}\"},\"query-input\":{\"@type\":\"PropertyValueSpecification\",\"valueRequired\":true,\"valueName\":\"search_term_string\"}}],\"inLanguage\":\"fr-FR\"},{\"@type\":\"Person\",\"@id\":\"https:\/\/www.lespetitsculottes.com\/blog\/#\/schema\/person\/497831e9d8b4c1eb018613db53ea7306\",\"name\":\"Matthieu Batteur\",\"image\":{\"@type\":\"ImageObject\",\"inLanguage\":\"fr-FR\",\"@id\":\"https:\/\/www.lespetitsculottes.com\/blog\/#\/schema\/person\/image\/\",\"url\":\"https:\/\/secure.gravatar.com\/avatar\/5efc0f66265d64efd2d82aa618c9ee35984eb2ef196befc3dd3d10c1ce3b4b94?s=96&d=wp_user_avatar&r=g\",\"contentUrl\":\"https:\/\/secure.gravatar.com\/avatar\/5efc0f66265d64efd2d82aa618c9ee35984eb2ef196befc3dd3d10c1ce3b4b94?s=96&d=wp_user_avatar&r=g\",\"caption\":\"Matthieu Batteur\"},\"sameAs\":[\"http:\/\/matthieu.batteur\"],\"url\":\"https:\/\/www.lespetitsculottes.com\/blog\/auteur\/adminlpc\/\"}]}<\/script>\n<!-- \/ Yoast SEO plugin. -->","yoast_head_json":{"title":"Lait de vache pour b\u00e9b\u00e9 : quand et comment l'introduire ?","description":"D\u00e9couvrez quand et comment introduire le lait de vache dans l'alimentation de votre b\u00e9b\u00e9. Cet article vous donne toutes les informations.","robots":{"index":"index","follow":"follow","max-snippet":"max-snippet:-1","max-image-preview":"max-image-preview:large","max-video-preview":"max-video-preview:-1"},"canonical":"https:\/\/www.lespetitsculottes.com\/blog\/lait-de-vache-bebe\/","og_locale":"fr_FR","og_type":"article","og_title":"Lait de vache pour b\u00e9b\u00e9 : quand et comment l'introduire ?","og_description":"D\u00e9couvrez quand et comment introduire le lait de vache dans l'alimentation de votre b\u00e9b\u00e9. Cet article vous donne toutes les informations.","og_url":"https:\/\/www.lespetitsculottes.com\/blog\/lait-de-vache-bebe\/","og_site_name":"Les Petits Culott\u00e9s","article_published_time":"2024-04-03T14:00:00+00:00","article_modified_time":"2026-04-17T13:30:45+00:00","og_image":[{"width":830,"height":553,"url":"https:\/\/www.lespetitsculottes.com\/blog\/wp-content\/uploads\/2024\/04\/lait-de-vache.jpg","type":"image\/jpeg"}],"author":"Matthieu Batteur","twitter_card":"summary_large_image","twitter_misc":{"\u00c9crit par":"Matthieu Batteur","Dur\u00e9e de lecture estim\u00e9e":"6 minutes"},"schema":{"@context":"https:\/\/schema.org","@graph":[{"@type":"WebPage","@id":"https:\/\/www.lespetitsculottes.com\/blog\/lait-de-vache-bebe\/","url":"https:\/\/www.lespetitsculottes.com\/blog\/lait-de-vache-bebe\/","name":"Lait de vache pour b\u00e9b\u00e9 : quand et comment l'introduire ?","isPartOf":{"@id":"https:\/\/www.lespetitsculottes.com\/blog\/#website"},"primaryImageOfPage":{"@id":"https:\/\/www.lespetitsculottes.com\/blog\/lait-de-vache-bebe\/#primaryimage"},"image":{"@id":"https:\/\/www.lespetitsculottes.com\/blog\/lait-de-vache-bebe\/#primaryimage"},"thumbnailUrl":"https:\/\/www.lespetitsculottes.com\/blog\/wp-content\/uploads\/2024\/04\/lait-de-vache.jpg","datePublished":"2024-04-03T14:00:00+00:00","dateModified":"2026-04-17T13:30:45+00:00","author":{"@id":"https:\/\/www.lespetitsculottes.com\/blog\/#\/schema\/person\/497831e9d8b4c1eb018613db53ea7306"},"description":"D\u00e9couvrez quand et comment introduire le lait de vache dans l'alimentation de votre b\u00e9b\u00e9. Cet article vous donne toutes les informations.","breadcrumb":{"@id":"https:\/\/www.lespetitsculottes.com\/blog\/lait-de-vache-bebe\/#breadcrumb"},"inLanguage":"fr-FR","potentialAction":[{"@type":"ReadAction","target":["https:\/\/www.lespetitsculottes.com\/blog\/lait-de-vache-bebe\/"]}]},{"@type":"ImageObject","inLanguage":"fr-FR","@id":"https:\/\/www.lespetitsculottes.com\/blog\/lait-de-vache-bebe\/#primaryimage","url":"https:\/\/www.lespetitsculottes.com\/blog\/wp-content\/uploads\/2024\/04\/lait-de-vache.jpg","contentUrl":"https:\/\/www.lespetitsculottes.com\/blog\/wp-content\/uploads\/2024\/04\/lait-de-vache.jpg","width":830,"height":553,"caption":"Le lait de vache pour b\u00e9b\u00e9 : quand et comment l'introduire ?"},{"@type":"BreadcrumbList","@id":"https:\/\/www.lespetitsculottes.com\/blog\/lait-de-vache-bebe\/#breadcrumb","itemListElement":[{"@type":"ListItem","position":1,"name":"Home","item":"https:\/\/www.lespetitsculottes.com\/blog\/"},{"@type":"ListItem","position":2,"name":"Lait de vache pour b\u00e9b\u00e9 : quand et comment l&rsquo;introduire ?"}]},{"@type":"WebSite","@id":"https:\/\/www.lespetitsculottes.com\/blog\/#website","url":"https:\/\/www.lespetitsculottes.com\/blog\/","name":"Les petits culott\u00e9s","description":"Le blog des Petits Culott\u00e9s","potentialAction":[{"@type":"SearchAction","target":{"@type":"EntryPoint","urlTemplate":"https:\/\/www.lespetitsculottes.com\/blog\/?s={search_term_string}"},"query-input":{"@type":"PropertyValueSpecification","valueRequired":true,"valueName":"search_term_string"}}],"inLanguage":"fr-FR"},{"@type":"Person","@id":"https:\/\/www.lespetitsculottes.com\/blog\/#\/schema\/person\/497831e9d8b4c1eb018613db53ea7306","name":"Matthieu Batteur","image":{"@type":"ImageObject","inLanguage":"fr-FR","@id":"https:\/\/www.lespetitsculottes.com\/blog\/#\/schema\/person\/image\/","url":"https:\/\/secure.gravatar.com\/avatar\/5efc0f66265d64efd2d82aa618c9ee35984eb2ef196befc3dd3d10c1ce3b4b94?s=96&d=wp_user_avatar&r=g","contentUrl":"https:\/\/secure.gravatar.com\/avatar\/5efc0f66265d64efd2d82aa618c9ee35984eb2ef196befc3dd3d10c1ce3b4b94?s=96&d=wp_user_avatar&r=g","caption":"Matthieu Batteur"},"sameAs":["http:\/\/matthieu.batteur"],"url":"https:\/\/www.lespetitsculottes.com\/blog\/auteur\/adminlpc\/"}]}},"_links":{"self":[{"href":"https:\/\/www.lespetitsculottes.com\/blog\/wp-json\/wp\/v2\/posts\/2487","targetHints":{"allow":["GET"]}}],"collection":[{"href":"https:\/\/www.lespetitsculottes.com\/blog\/wp-json\/wp\/v2\/posts"}],"about":[{"href":"https:\/\/www.lespetitsculottes.com\/blog\/wp-json\/wp\/v2\/types\/post"}],"author":[{"embeddable":true,"href":"https:\/\/www.lespetitsculottes.com\/blog\/wp-json\/wp\/v2\/users\/3"}],"replies":[{"embeddable":true,"href":"https:\/\/www.lespetitsculottes.com\/blog\/wp-json\/wp\/v2\/comments?post=2487"}],"version-history":[{"count":13,"href":"https:\/\/www.lespetitsculottes.com\/blog\/wp-json\/wp\/v2\/posts\/2487\/revisions"}],"predecessor-version":[{"id":4805,"href":"https:\/\/www.lespetitsculottes.com\/blog\/wp-json\/wp\/v2\/posts\/2487\/revisions\/4805"}],"wp:featuredmedia":[{"embeddable":true,"href":"https:\/\/www.lespetitsculottes.com\/blog\/wp-json\/wp\/v2\/media\/2488"}],"wp:attachment":[{"href":"https:\/\/www.lespetitsculottes.com\/blog\/wp-json\/wp\/v2\/media?parent=2487"}],"wp:term":[{"taxonomy":"category","embeddable":true,"href":"https:\/\/www.lespetitsculottes.com\/blog\/wp-json\/wp\/v2\/categories?post=2487"}],"curies":[{"name":"wp","href":"https:\/\/api.w.org\/{rel}","templated":true}]}}