{"id":2807,"date":"2024-06-12T15:00:00","date_gmt":"2024-06-12T13:00:00","guid":{"rendered":"https:\/\/www.lespetitsculottes.com\/blog\/?p=2807"},"modified":"2026-04-09T14:04:37","modified_gmt":"2026-04-09T12:04:37","slug":"lait-de-croissance-jusqua-quel-age-en-donner-a-votre-enfant","status":"publish","type":"post","link":"https:\/\/www.lespetitsculottes.com\/blog\/lait-de-croissance-jusqua-quel-age-en-donner-a-votre-enfant\/","title":{"rendered":"Lait de croissance\u00a0: Jusqu&rsquo;\u00e0 quel \u00e2ge en donner \u00e0 votre enfant ?"},"content":{"rendered":"<div id=\"ez-toc-container\" class=\"ez-toc-v2_0_76 counter-hierarchy ez-toc-counter ez-toc-white ez-toc-container-direction\">\n<div class=\"ez-toc-title-container\"><p class=\"ez-toc-title\" style=\"cursor:inherit\">Sommaire<\/p>\n<\/div><nav><ul class='ez-toc-list ez-toc-list-level-1 ' ><li class='ez-toc-page-1 ez-toc-heading-level-2'><a class=\"ez-toc-link ez-toc-heading-1\" href=\"https:\/\/www.lespetitsculottes.com\/blog\/lait-de-croissance-jusqua-quel-age-en-donner-a-votre-enfant\/#Quest-ce_que_le_lait_de_croissance\" >Qu&rsquo;est-ce que le lait de croissance ?<\/a><\/li><li class='ez-toc-page-1 ez-toc-heading-level-2'><a class=\"ez-toc-link ez-toc-heading-2\" href=\"https:\/\/www.lespetitsculottes.com\/blog\/lait-de-croissance-jusqua-quel-age-en-donner-a-votre-enfant\/#Impact_du_lait_3eme_age_sur_la_croissance_de_votre_enfant\" >Impact du lait 3\u00e8me \u00e2ge sur la croissance de votre enfant<\/a><\/li><li class='ez-toc-page-1 ez-toc-heading-level-2'><a class=\"ez-toc-link ez-toc-heading-3\" href=\"https:\/\/www.lespetitsculottes.com\/blog\/lait-de-croissance-jusqua-quel-age-en-donner-a-votre-enfant\/#Lait_de_croissance_jusqua_quel_age_Les_recommandations\" >Lait de croissance&nbsp;: jusqu\u2019\u00e0 quel \u00e2ge&nbsp;? Les recommandations<\/a><\/li><li class='ez-toc-page-1 ez-toc-heading-level-2'><a class=\"ez-toc-link ez-toc-heading-4\" href=\"https:\/\/www.lespetitsculottes.com\/blog\/lait-de-croissance-jusqua-quel-age-en-donner-a-votre-enfant\/#Points_cles_a_considerer_pour_larret_du_lait_de_croissance\" >Points cl\u00e9s \u00e0 consid\u00e9rer pour l&rsquo;arr\u00eat du lait de croissance<\/a><\/li><li class='ez-toc-page-1 ez-toc-heading-level-2'><a class=\"ez-toc-link ez-toc-heading-5\" href=\"https:\/\/www.lespetitsculottes.com\/blog\/lait-de-croissance-jusqua-quel-age-en-donner-a-votre-enfant\/#Les_facteurs_a_ne_pas_negliger_pour_une_transition_reussie\" >Les facteurs \u00e0 ne pas n\u00e9gliger pour une transition r\u00e9ussie<\/a><\/li><li class='ez-toc-page-1 ez-toc-heading-level-2'><a class=\"ez-toc-link ez-toc-heading-6\" href=\"https:\/\/www.lespetitsculottes.com\/blog\/lait-de-croissance-jusqua-quel-age-en-donner-a-votre-enfant\/#Les_alternatives_au_lait_de_croissance_a_partir_de_3_ans\" >Les alternatives au lait de croissance \u00e0 partir de 3 ans<\/a><\/li><\/ul><\/nav><\/div>\n\n<p><\/p>\n\n\n\n<p>Le lait de croissance joue un r\u00f4le essentiel dans l&rsquo;alimentation des tout-petits, fournissant les nutriments n\u00e9cessaires \u00e0 leur d\u00e9veloppement. Mais jusqu&rsquo;\u00e0 quel \u00e2ge est-il recommand\u00e9 de donner du lait de croissance \u00e0 son enfant ? C&rsquo;est la question \u00e0 laquelle nous allons r\u00e9pondre dans cet article, en nous basant sur les recommandations officielles. D\u00e9couvrez \u00e9galement les crit\u00e8res \u00e0 prendre en compte pour une transition alimentaire en douceur.<\/p>\n\n\n\n<p><\/p>\n\n\n\n<h2 class=\"wp-block-heading\"><span class=\"ez-toc-section\" id=\"Quest-ce_que_le_lait_de_croissance\"><\/span><strong>Qu&rsquo;est-ce que le lait de croissance ?<\/strong><span class=\"ez-toc-section-end\"><\/span><\/h2>\n\n\n\n<p><\/p>\n\n\n\n<p>Le <strong>lait de croissance<\/strong>, aussi appell\u00e9 \u00ab\u00a0<strong><a href=\"https:\/\/www.lespetitsculottes.com\/fr\/content\/67-lait-3eme-age\">lait 3<sup>\u00e8me<\/sup> \u00e2ge<\/a>\u00a0<\/strong>\u00bb, est un lait sp\u00e9cifique pour les b\u00e9b\u00e9s \u00e0 partir de 10 mois. Il est enrichi en nutriments essentiels tels que le calcium, les prot\u00e9ines et les vitamines. Le lait de croissance pr\u00e9sente une teneur en fer nettement plus \u00e9lev\u00e9e que le <strong>lait de vache<\/strong> (entre 20 et 30 fois plus importante).<\/p>\n\n\n\n<p>Il a donc \u00e9t\u00e9 sp\u00e9cialement formul\u00e9 pour r\u00e9pondre aux besoins nutritionnels des enfants en bas \u00e2ge et favoriser leur croissance et leur d\u00e9veloppement, tout en respectant les <strong>normes strictes r\u00e9gissant les laits infantiles<\/strong>.<\/p>\n\n\n\n<p>Ce lait contribue \u00e0 assurer un <strong>\u00e9quilibre nutritionnel<\/strong> optimal et \u00e0 soutenir la sant\u00e9 globale de l&rsquo;enfant pendant cette p\u00e9riode de sa vie. Le lait de croissance est un aliment essentiel pour les tout-petits. Il fournit les <strong>nutriments<\/strong> n\u00e9cessaires \u00e0 leur croissance et \u00e0 leur d\u00e9veloppement.&nbsp;<\/p>\n\n\n\n<p>Il contient des <strong>acides gras essentiels<\/strong> (notamment om\u00e9ga-3) et de la <strong>vitamine D<\/strong> pour soutenir leur sant\u00e9 et leur bien-\u00eatre. En introduisant progressivement d&rsquo;autres aliments dans l&rsquo;alimentation de l&rsquo;enfant, vous garantissez un apport \u00e9quilibr\u00e9 en nutriments et favorisez une croissance optimale.<\/p>\n\n\n\n<hr class=\"wp-block-separator has-alpha-channel-opacity\"\/>\n\n\n\n<p><strong><em>Conseil culott\u00e9<\/em><\/strong><em>&nbsp;: <\/em><\/p>\n\n\n\n<p><em>Optez pour le lait de croissance, m\u00eame s&rsquo;il est un peu plus cher que le lait de vache. Sa composition est bien plus adapt\u00e9e aux besoins de votre enfant. Vous pouvez toujours \u00e9conomiser autrement&#8230;&nbsp;En pr\u00e9parant des compotes ou des pur\u00e9es maison par exemple, ou en optant pour un <\/em><a href=\"https:\/\/www.lespetitsculottes.com\/fr\/content\/69-abonnement-lait\"><em>abonnement lait<\/em><\/a><em> bio en <\/em><a href=\"https:\/\/www.lespetitsculottes.com\/fr\/content\/77-circuit-court\"><em>circuit court<\/em><\/a><em>&nbsp;!<\/em><\/p>\n\n\n\n<hr class=\"wp-block-separator has-alpha-channel-opacity\"\/>\n\n\n\n<h2 class=\"wp-block-heading\"><span class=\"ez-toc-section\" id=\"Impact_du_lait_3eme_age_sur_la_croissance_de_votre_enfant\"><\/span><strong>Impact du lait 3<sup>\u00e8me<\/sup> \u00e2ge sur la croissance de votre enfant<\/strong><span class=\"ez-toc-section-end\"><\/span><\/h2>\n\n\n\n<p><\/p>\n\n\n\n<p>Le lait de croissance joue un r\u00f4le crucial dans la croissance et le d\u00e9veloppement des enfants en bas \u00e2ge. Il contribue \u00e0 renforcer les os, les muscles, le syst\u00e8me immunitaire et le cerveau, favorisant ainsi une croissance harmonieuse. En veillant \u00e0 ce que l&rsquo;enfant re\u00e7oive un apport suffisant en nutriments, il est possible de soutenir sa croissance et son d\u00e9veloppement de mani\u00e8re r\u00e9ussie.<\/p>\n\n\n\n<p>Consultez notre article <a href=\"https:\/\/www.lespetitsculottes.com\/blog\/lait-de-croissance-3\/\">Le <\/a>r<a href=\"https:\/\/www.lespetitsculottes.com\/blog\/lait-de-croissance-apres-3-ans\/\">\u00f4le du lait de croissance 3\u00e8me \u00e2ge dans le d\u00e9veloppement des enfants<\/a> pour en apprendre davantage.<\/p>\n\n\n\n<p><\/p>\n\n\n\n<h2 class=\"wp-block-heading\"><span class=\"ez-toc-section\" id=\"Lait_de_croissance_jusqua_quel_age_Les_recommandations\"><\/span><strong>Lait de croissance&nbsp;: jusqu\u2019\u00e0 quel \u00e2ge&nbsp;? Les recommandations<\/strong><span class=\"ez-toc-section-end\"><\/span><\/h2>\n\n\n\n<p><\/p>\n\n\n\n<p>Les recommandations officielles, comme celles du <a href=\"https:\/\/sante.gouv.fr\/\">Minist\u00e8re de la Sant\u00e9 et de la Pr\u00e9vention<\/a>, indiquent que <strong>le lait de croissance est adapt\u00e9 aux enfants jusqu&rsquo;\u00e0 l&rsquo;\u00e2ge de 3 ans<\/strong>.&nbsp;<\/p>\n\n\n\n<p>En effet, pendant cette p\u00e9riode de croissance et de d\u00e9veloppement, le lait de croissance fournit des nutriments essentiels n\u00e9cessaires \u00e0 la bonne sant\u00e9 de l&rsquo;enfant. Il favorise \u00e9galement une croissance optimale.&nbsp;Il est important de prendre en compte les besoins sp\u00e9cifiques de chaque enfant. Consultez un <strong>p\u00e9diatre<\/strong> ou un professionnel de sant\u00e9 pour obtenir des conseils personnalis\u00e9s. En fonction du d\u00e9veloppement et des habitudes alimentaires de l&rsquo;enfant, il est possible de d\u00e9terminer le bon moment pour arr\u00eater le lait 3\u00e8me \u00e2ge.<\/p>\n\n\n\n<p><\/p>\n\n\n\n<h2 class=\"wp-block-heading\"><span class=\"ez-toc-section\" id=\"Points_cles_a_considerer_pour_larret_du_lait_de_croissance\"><\/span><strong>Points cl\u00e9s \u00e0 consid\u00e9rer pour l&rsquo;arr\u00eat du lait de croissance<\/strong><span class=\"ez-toc-section-end\"><\/span><\/h2>\n\n\n\n<p><\/p>\n\n\n\n<p>Pour d\u00e9terminer le moment opportun d&rsquo;arr\u00eater le lait de croissance, prenez en compte les crit\u00e8res physiologiques et nutritionnels. Il est recommand\u00e9 d\u2019\u00e9valuer si l&rsquo;enfant est pr\u00eat \u00e0 passer \u00e0 une alimentation diff\u00e9rente. Certains signes, tels que la <strong>diversification alimentaire<\/strong>, la capacit\u00e9 \u00e0 manger des aliments solides et l&rsquo;absence de carences nutritionnelles, indiquent que l&rsquo;enfant est pr\u00eat pour cette <strong>transition<\/strong>.<\/p>\n\n\n\n<p><\/p>\n\n\n\n<h2 class=\"wp-block-heading\"><span class=\"ez-toc-section\" id=\"Les_facteurs_a_ne_pas_negliger_pour_une_transition_reussie\"><\/span><strong>Les facteurs \u00e0 ne pas n\u00e9gliger pour une transition r\u00e9ussie<\/strong><span class=\"ez-toc-section-end\"><\/span><\/h2>\n\n\n\n<p><\/p>\n\n\n\n<p>Demandez l&rsquo;avis de votre <strong>p\u00e9diatre<\/strong> ou d&rsquo;un <strong>professionnel de sant\u00e9<\/strong> avant d&rsquo;interrompre le lait de croissance. Ces experts pourront \u00e9valuer les besoins sp\u00e9cifiques de votre enfant et recommander les meilleures alternatives en fonction de son \u00e9tat de sant\u00e9 et de ses habitudes alimentaires.&nbsp;<\/p>\n\n\n\n<p>Surveiller la <strong>croissance<\/strong> et le <strong>d\u00e9veloppement<\/strong> de l&rsquo;enfant est n\u00e9cessaire apr\u00e8s le <strong>sevrage du lait de croissance<\/strong>. Ainsi, vous vous assurez que votre enfant re\u00e7oit tous les nutriments dont il a besoin pour grandir et se d\u00e9velopper correctement.<\/p>\n\n\n\n<p>Voici quelques autres facteurs \u00e0 prendre en compte pour une transition r\u00e9ussie :<\/p>\n\n\n\n<ul class=\"wp-block-list\">\n<li><strong>L&rsquo;app\u00e9tit de l&rsquo;enfant<\/strong> : Si votre enfant a un bon app\u00e9tit et mange une alimentation vari\u00e9e, il est pr\u00eat \u00e0 se passer de lait de croissance.<\/li>\n<\/ul>\n\n\n\n<ul class=\"wp-block-list\">\n<li><strong>La qualit\u00e9 de son sommeil<\/strong> : Un sommeil perturb\u00e9 peut \u00eatre un signe que l&rsquo;enfant ne re\u00e7oit pas assez de nutriments.<\/li>\n<\/ul>\n\n\n\n<ul class=\"wp-block-list\">\n<li><strong>Son humeur et son comportement<\/strong> : Un enfant irritable ou fatigu\u00e9 peut \u00e9galement manquer de nutriments.<\/li>\n<\/ul>\n\n\n\n<ul class=\"wp-block-list\">\n<li><strong>La pr\u00e9sence d&rsquo;\u00e9ventuelles allergies ou intol\u00e9rances alimentaires<\/strong> : Pour choisir des alternatives au lait de croissance qui conviennent aux besoins sp\u00e9cifiques de votre enfant.<\/li>\n<\/ul>\n\n\n\n<p><\/p>\n\n\n\n<h2 class=\"wp-block-heading\"><span class=\"ez-toc-section\" id=\"Les_alternatives_au_lait_de_croissance_a_partir_de_3_ans\"><\/span><strong>Les alternatives au lait de croissance \u00e0 partir de 3 ans<\/strong><span class=\"ez-toc-section-end\"><\/span><\/h2>\n\n\n\n<p><\/p>\n\n\n\n<p>\u00c0 partir de 3 ans, le lait de croissance n&rsquo;est plus indispensable pour votre enfant. En effet, \u00e0 cet \u00e2ge, il devrait avoir une alimentation diversifi\u00e9e qui lui apporte tous les nutriments dont il a besoin.<\/p>\n\n\n\n<p>Le <strong>lait de vache<\/strong> peut alors parfaitement convenir aux besoins nutritionnels des enfants de plus de 3 ans. Vous choisirez de pr\u00e9f\u00e9rence du lait de vache pasteuris\u00e9 ou UHT demi-\u00e9cr\u00e9m\u00e9 ou entier.<\/p>\n\n\n\n<p>Proposez-lui des <strong>yaourts<\/strong> et des <strong>petits suisses<\/strong>, des sources pr\u00e9cieuses de <strong>calcium<\/strong> et de prot\u00e9ines. Les fromages sont \u00e9galement riches en calcium et en prot\u00e9ines. Ils peuvent \u00eatre consomm\u00e9s en petite quantit\u00e9 comme encas ou int\u00e9gr\u00e9s aux repas.<\/p>\n\n\n\n<p><\/p>\n\n\n\n<p>En r\u00e9sum\u00e9, le lait de croissance est un choix judicieux pour soutenir la croissance et le d\u00e9veloppement de votre petit tr\u00e9sor jusqu\u2019\u00e0 ses 3 ans. En suivant les recommandations officielles et en restant \u00e0 l&rsquo;\u00e9coute des professionnels de sant\u00e9, vous garantissez une transition en douceur vers une alimentation diversifi\u00e9e. Et souvenez-vous, chaque \u00e9tape de la croissance de votre b\u00e9b\u00e9 est une aventure pleine de surprises et de moments inoubliables !<\/p>\n\n\n\n<p><em>Le lait maternel est l\u2019aliment le mieux adapt\u00e9 aux besoins sp\u00e9cifiques des b\u00e9b\u00e9s.<\/em><\/p>\n\n\n\n<p><em>Cr\u00e9dit photo&nbsp;: \u00a9Adobe Stock<\/em><\/p>\n","protected":false},"excerpt":{"rendered":"<p>Le lait de croissance joue un r\u00f4le essentiel dans l&rsquo;alimentation [&hellip;]<\/p>\n","protected":false},"author":3,"featured_media":2813,"comment_status":"closed","ping_status":"closed","sticky":false,"template":"","format":"standard","meta":{"footnotes":""},"categories":[12],"class_list":["post-2807","post","type-post","status-publish","format-standard","has-post-thumbnail","hentry","category-lexpert-culotte"],"yoast_head":"<!-- This site is optimized with the Yoast SEO plugin v26.2 - https:\/\/yoast.com\/wordpress\/plugins\/seo\/ -->\n<title>Lait de croissance : Jusqu&#039;\u00e0 quel \u00e2ge en donner \u00e0 son enfant ?<\/title>\n<meta name=\"description\" content=\"D\u00e9couvrez les recommandations sur l&#039;\u00e2ge d&#039;utilisation du lait de croissance pour les enfants et les conseils pour une transition en douceur.\" \/>\n<meta name=\"robots\" content=\"index, follow, max-snippet:-1, max-image-preview:large, max-video-preview:-1\" \/>\n<link rel=\"canonical\" href=\"https:\/\/www.lespetitsculottes.com\/blog\/lait-de-croissance-jusqua-quel-age-en-donner-a-votre-enfant\/\" \/>\n<meta property=\"og:locale\" content=\"fr_FR\" \/>\n<meta property=\"og:type\" content=\"article\" \/>\n<meta property=\"og:title\" content=\"Lait de croissance : Jusqu&#039;\u00e0 quel \u00e2ge en donner \u00e0 son enfant ?\" \/>\n<meta property=\"og:description\" content=\"D\u00e9couvrez les recommandations sur l&#039;\u00e2ge d&#039;utilisation du lait de croissance pour les enfants et les conseils pour une transition en douceur.\" \/>\n<meta property=\"og:url\" content=\"https:\/\/www.lespetitsculottes.com\/blog\/lait-de-croissance-jusqua-quel-age-en-donner-a-votre-enfant\/\" \/>\n<meta property=\"og:site_name\" content=\"Les Petits Culott\u00e9s\" \/>\n<meta property=\"article:published_time\" content=\"2024-06-12T13:00:00+00:00\" \/>\n<meta property=\"article:modified_time\" content=\"2026-04-09T12:04:37+00:00\" \/>\n<meta property=\"og:image\" content=\"https:\/\/www.lespetitsculottes.com\/blog\/wp-content\/uploads\/2024\/06\/lait-de-croissance-jusqu-a-quel-age.jpg\" \/>\n\t<meta property=\"og:image:width\" content=\"830\" \/>\n\t<meta property=\"og:image:height\" content=\"553\" \/>\n\t<meta property=\"og:image:type\" content=\"image\/jpeg\" \/>\n<meta name=\"author\" content=\"Matthieu Batteur\" \/>\n<meta name=\"twitter:card\" content=\"summary_large_image\" \/>\n<meta name=\"twitter:label1\" content=\"\u00c9crit par\" \/>\n\t<meta name=\"twitter:data1\" content=\"Matthieu Batteur\" \/>\n\t<meta name=\"twitter:label2\" content=\"Dur\u00e9e de lecture estim\u00e9e\" \/>\n\t<meta name=\"twitter:data2\" content=\"6 minutes\" \/>\n<script type=\"application\/ld+json\" class=\"yoast-schema-graph\">{\"@context\":\"https:\/\/schema.org\",\"@graph\":[{\"@type\":\"WebPage\",\"@id\":\"https:\/\/www.lespetitsculottes.com\/blog\/lait-de-croissance-jusqua-quel-age-en-donner-a-votre-enfant\/\",\"url\":\"https:\/\/www.lespetitsculottes.com\/blog\/lait-de-croissance-jusqua-quel-age-en-donner-a-votre-enfant\/\",\"name\":\"Lait de croissance : Jusqu'\u00e0 quel \u00e2ge en donner \u00e0 son enfant ?\",\"isPartOf\":{\"@id\":\"https:\/\/www.lespetitsculottes.com\/blog\/#website\"},\"primaryImageOfPage\":{\"@id\":\"https:\/\/www.lespetitsculottes.com\/blog\/lait-de-croissance-jusqua-quel-age-en-donner-a-votre-enfant\/#primaryimage\"},\"image\":{\"@id\":\"https:\/\/www.lespetitsculottes.com\/blog\/lait-de-croissance-jusqua-quel-age-en-donner-a-votre-enfant\/#primaryimage\"},\"thumbnailUrl\":\"https:\/\/www.lespetitsculottes.com\/blog\/wp-content\/uploads\/2024\/06\/lait-de-croissance-jusqu-a-quel-age.jpg\",\"datePublished\":\"2024-06-12T13:00:00+00:00\",\"dateModified\":\"2026-04-09T12:04:37+00:00\",\"author\":{\"@id\":\"https:\/\/www.lespetitsculottes.com\/blog\/#\/schema\/person\/497831e9d8b4c1eb018613db53ea7306\"},\"description\":\"D\u00e9couvrez les recommandations sur l'\u00e2ge d'utilisation du lait de croissance pour les enfants et les conseils pour une transition en douceur.\",\"breadcrumb\":{\"@id\":\"https:\/\/www.lespetitsculottes.com\/blog\/lait-de-croissance-jusqua-quel-age-en-donner-a-votre-enfant\/#breadcrumb\"},\"inLanguage\":\"fr-FR\",\"potentialAction\":[{\"@type\":\"ReadAction\",\"target\":[\"https:\/\/www.lespetitsculottes.com\/blog\/lait-de-croissance-jusqua-quel-age-en-donner-a-votre-enfant\/\"]}]},{\"@type\":\"ImageObject\",\"inLanguage\":\"fr-FR\",\"@id\":\"https:\/\/www.lespetitsculottes.com\/blog\/lait-de-croissance-jusqua-quel-age-en-donner-a-votre-enfant\/#primaryimage\",\"url\":\"https:\/\/www.lespetitsculottes.com\/blog\/wp-content\/uploads\/2024\/06\/lait-de-croissance-jusqu-a-quel-age.jpg\",\"contentUrl\":\"https:\/\/www.lespetitsculottes.com\/blog\/wp-content\/uploads\/2024\/06\/lait-de-croissance-jusqu-a-quel-age.jpg\",\"width\":830,\"height\":553,\"caption\":\"Lait de croissance : Jusqu'\u00e0 quel \u00e2ge en donner \u00e0 son enfant ?\"},{\"@type\":\"BreadcrumbList\",\"@id\":\"https:\/\/www.lespetitsculottes.com\/blog\/lait-de-croissance-jusqua-quel-age-en-donner-a-votre-enfant\/#breadcrumb\",\"itemListElement\":[{\"@type\":\"ListItem\",\"position\":1,\"name\":\"Home\",\"item\":\"https:\/\/www.lespetitsculottes.com\/blog\/\"},{\"@type\":\"ListItem\",\"position\":2,\"name\":\"Lait de croissance\u00a0: Jusqu&rsquo;\u00e0 quel \u00e2ge en donner \u00e0 votre enfant ?\"}]},{\"@type\":\"WebSite\",\"@id\":\"https:\/\/www.lespetitsculottes.com\/blog\/#website\",\"url\":\"https:\/\/www.lespetitsculottes.com\/blog\/\",\"name\":\"Les petits culott\u00e9s\",\"description\":\"Le blog des Petits Culott\u00e9s\",\"potentialAction\":[{\"@type\":\"SearchAction\",\"target\":{\"@type\":\"EntryPoint\",\"urlTemplate\":\"https:\/\/www.lespetitsculottes.com\/blog\/?s={search_term_string}\"},\"query-input\":{\"@type\":\"PropertyValueSpecification\",\"valueRequired\":true,\"valueName\":\"search_term_string\"}}],\"inLanguage\":\"fr-FR\"},{\"@type\":\"Person\",\"@id\":\"https:\/\/www.lespetitsculottes.com\/blog\/#\/schema\/person\/497831e9d8b4c1eb018613db53ea7306\",\"name\":\"Matthieu Batteur\",\"image\":{\"@type\":\"ImageObject\",\"inLanguage\":\"fr-FR\",\"@id\":\"https:\/\/www.lespetitsculottes.com\/blog\/#\/schema\/person\/image\/\",\"url\":\"https:\/\/secure.gravatar.com\/avatar\/5efc0f66265d64efd2d82aa618c9ee35984eb2ef196befc3dd3d10c1ce3b4b94?s=96&d=wp_user_avatar&r=g\",\"contentUrl\":\"https:\/\/secure.gravatar.com\/avatar\/5efc0f66265d64efd2d82aa618c9ee35984eb2ef196befc3dd3d10c1ce3b4b94?s=96&d=wp_user_avatar&r=g\",\"caption\":\"Matthieu Batteur\"},\"sameAs\":[\"http:\/\/matthieu.batteur\"],\"url\":\"https:\/\/www.lespetitsculottes.com\/blog\/auteur\/adminlpc\/\"}]}<\/script>\n<!-- \/ Yoast SEO plugin. -->","yoast_head_json":{"title":"Lait de croissance : Jusqu'\u00e0 quel \u00e2ge en donner \u00e0 son enfant ?","description":"D\u00e9couvrez les recommandations sur l'\u00e2ge d'utilisation du lait de croissance pour les enfants et les conseils pour une transition en douceur.","robots":{"index":"index","follow":"follow","max-snippet":"max-snippet:-1","max-image-preview":"max-image-preview:large","max-video-preview":"max-video-preview:-1"},"canonical":"https:\/\/www.lespetitsculottes.com\/blog\/lait-de-croissance-jusqua-quel-age-en-donner-a-votre-enfant\/","og_locale":"fr_FR","og_type":"article","og_title":"Lait de croissance : Jusqu'\u00e0 quel \u00e2ge en donner \u00e0 son enfant ?","og_description":"D\u00e9couvrez les recommandations sur l'\u00e2ge d'utilisation du lait de croissance pour les enfants et les conseils pour une transition en douceur.","og_url":"https:\/\/www.lespetitsculottes.com\/blog\/lait-de-croissance-jusqua-quel-age-en-donner-a-votre-enfant\/","og_site_name":"Les Petits Culott\u00e9s","article_published_time":"2024-06-12T13:00:00+00:00","article_modified_time":"2026-04-09T12:04:37+00:00","og_image":[{"width":830,"height":553,"url":"https:\/\/www.lespetitsculottes.com\/blog\/wp-content\/uploads\/2024\/06\/lait-de-croissance-jusqu-a-quel-age.jpg","type":"image\/jpeg"}],"author":"Matthieu Batteur","twitter_card":"summary_large_image","twitter_misc":{"\u00c9crit par":"Matthieu Batteur","Dur\u00e9e de lecture estim\u00e9e":"6 minutes"},"schema":{"@context":"https:\/\/schema.org","@graph":[{"@type":"WebPage","@id":"https:\/\/www.lespetitsculottes.com\/blog\/lait-de-croissance-jusqua-quel-age-en-donner-a-votre-enfant\/","url":"https:\/\/www.lespetitsculottes.com\/blog\/lait-de-croissance-jusqua-quel-age-en-donner-a-votre-enfant\/","name":"Lait de croissance : Jusqu'\u00e0 quel \u00e2ge en donner \u00e0 son enfant ?","isPartOf":{"@id":"https:\/\/www.lespetitsculottes.com\/blog\/#website"},"primaryImageOfPage":{"@id":"https:\/\/www.lespetitsculottes.com\/blog\/lait-de-croissance-jusqua-quel-age-en-donner-a-votre-enfant\/#primaryimage"},"image":{"@id":"https:\/\/www.lespetitsculottes.com\/blog\/lait-de-croissance-jusqua-quel-age-en-donner-a-votre-enfant\/#primaryimage"},"thumbnailUrl":"https:\/\/www.lespetitsculottes.com\/blog\/wp-content\/uploads\/2024\/06\/lait-de-croissance-jusqu-a-quel-age.jpg","datePublished":"2024-06-12T13:00:00+00:00","dateModified":"2026-04-09T12:04:37+00:00","author":{"@id":"https:\/\/www.lespetitsculottes.com\/blog\/#\/schema\/person\/497831e9d8b4c1eb018613db53ea7306"},"description":"D\u00e9couvrez les recommandations sur l'\u00e2ge d'utilisation du lait de croissance pour les enfants et les conseils pour une transition en douceur.","breadcrumb":{"@id":"https:\/\/www.lespetitsculottes.com\/blog\/lait-de-croissance-jusqua-quel-age-en-donner-a-votre-enfant\/#breadcrumb"},"inLanguage":"fr-FR","potentialAction":[{"@type":"ReadAction","target":["https:\/\/www.lespetitsculottes.com\/blog\/lait-de-croissance-jusqua-quel-age-en-donner-a-votre-enfant\/"]}]},{"@type":"ImageObject","inLanguage":"fr-FR","@id":"https:\/\/www.lespetitsculottes.com\/blog\/lait-de-croissance-jusqua-quel-age-en-donner-a-votre-enfant\/#primaryimage","url":"https:\/\/www.lespetitsculottes.com\/blog\/wp-content\/uploads\/2024\/06\/lait-de-croissance-jusqu-a-quel-age.jpg","contentUrl":"https:\/\/www.lespetitsculottes.com\/blog\/wp-content\/uploads\/2024\/06\/lait-de-croissance-jusqu-a-quel-age.jpg","width":830,"height":553,"caption":"Lait de croissance : Jusqu'\u00e0 quel \u00e2ge en donner \u00e0 son enfant ?"},{"@type":"BreadcrumbList","@id":"https:\/\/www.lespetitsculottes.com\/blog\/lait-de-croissance-jusqua-quel-age-en-donner-a-votre-enfant\/#breadcrumb","itemListElement":[{"@type":"ListItem","position":1,"name":"Home","item":"https:\/\/www.lespetitsculottes.com\/blog\/"},{"@type":"ListItem","position":2,"name":"Lait de croissance\u00a0: Jusqu&rsquo;\u00e0 quel \u00e2ge en donner \u00e0 votre enfant ?"}]},{"@type":"WebSite","@id":"https:\/\/www.lespetitsculottes.com\/blog\/#website","url":"https:\/\/www.lespetitsculottes.com\/blog\/","name":"Les petits culott\u00e9s","description":"Le blog des Petits Culott\u00e9s","potentialAction":[{"@type":"SearchAction","target":{"@type":"EntryPoint","urlTemplate":"https:\/\/www.lespetitsculottes.com\/blog\/?s={search_term_string}"},"query-input":{"@type":"PropertyValueSpecification","valueRequired":true,"valueName":"search_term_string"}}],"inLanguage":"fr-FR"},{"@type":"Person","@id":"https:\/\/www.lespetitsculottes.com\/blog\/#\/schema\/person\/497831e9d8b4c1eb018613db53ea7306","name":"Matthieu Batteur","image":{"@type":"ImageObject","inLanguage":"fr-FR","@id":"https:\/\/www.lespetitsculottes.com\/blog\/#\/schema\/person\/image\/","url":"https:\/\/secure.gravatar.com\/avatar\/5efc0f66265d64efd2d82aa618c9ee35984eb2ef196befc3dd3d10c1ce3b4b94?s=96&d=wp_user_avatar&r=g","contentUrl":"https:\/\/secure.gravatar.com\/avatar\/5efc0f66265d64efd2d82aa618c9ee35984eb2ef196befc3dd3d10c1ce3b4b94?s=96&d=wp_user_avatar&r=g","caption":"Matthieu Batteur"},"sameAs":["http:\/\/matthieu.batteur"],"url":"https:\/\/www.lespetitsculottes.com\/blog\/auteur\/adminlpc\/"}]}},"_links":{"self":[{"href":"https:\/\/www.lespetitsculottes.com\/blog\/wp-json\/wp\/v2\/posts\/2807","targetHints":{"allow":["GET"]}}],"collection":[{"href":"https:\/\/www.lespetitsculottes.com\/blog\/wp-json\/wp\/v2\/posts"}],"about":[{"href":"https:\/\/www.lespetitsculottes.com\/blog\/wp-json\/wp\/v2\/types\/post"}],"author":[{"embeddable":true,"href":"https:\/\/www.lespetitsculottes.com\/blog\/wp-json\/wp\/v2\/users\/3"}],"replies":[{"embeddable":true,"href":"https:\/\/www.lespetitsculottes.com\/blog\/wp-json\/wp\/v2\/comments?post=2807"}],"version-history":[{"count":15,"href":"https:\/\/www.lespetitsculottes.com\/blog\/wp-json\/wp\/v2\/posts\/2807\/revisions"}],"predecessor-version":[{"id":4750,"href":"https:\/\/www.lespetitsculottes.com\/blog\/wp-json\/wp\/v2\/posts\/2807\/revisions\/4750"}],"wp:featuredmedia":[{"embeddable":true,"href":"https:\/\/www.lespetitsculottes.com\/blog\/wp-json\/wp\/v2\/media\/2813"}],"wp:attachment":[{"href":"https:\/\/www.lespetitsculottes.com\/blog\/wp-json\/wp\/v2\/media?parent=2807"}],"wp:term":[{"taxonomy":"category","embeddable":true,"href":"https:\/\/www.lespetitsculottes.com\/blog\/wp-json\/wp\/v2\/categories?post=2807"}],"curies":[{"name":"wp","href":"https:\/\/api.w.org\/{rel}","templated":true}]}}