{"id":2878,"date":"2024-07-03T15:00:00","date_gmt":"2024-07-03T13:00:00","guid":{"rendered":"https:\/\/www.lespetitsculottes.com\/blog\/?p=2878"},"modified":"2025-10-28T10:34:08","modified_gmt":"2025-10-28T09:34:08","slug":"lait-de-croissance-apres-3-ans","status":"publish","type":"post","link":"https:\/\/www.lespetitsculottes.com\/blog\/lait-de-croissance-apres-3-ans\/","title":{"rendered":"Peut-on continuer le lait de croissance apr\u00e8s 3 ans ?"},"content":{"rendered":"<div id=\"ez-toc-container\" class=\"ez-toc-v2_0_76 counter-hierarchy ez-toc-counter ez-toc-white ez-toc-container-direction\">\n<div class=\"ez-toc-title-container\"><p class=\"ez-toc-title\" style=\"cursor:inherit\">Sommaire<\/p>\n<\/div><nav><ul class='ez-toc-list ez-toc-list-level-1 ' ><li class='ez-toc-page-1 ez-toc-heading-level-2'><a class=\"ez-toc-link ez-toc-heading-1\" href=\"https:\/\/www.lespetitsculottes.com\/blog\/lait-de-croissance-apres-3-ans\/#Le_lait_de_croissance_une_boisson_adaptee_aux_besoins_des_enfants\" >Le lait de croissance : une boisson adapt\u00e9e aux besoins des enfants<\/a><ul class='ez-toc-list-level-3' ><li class='ez-toc-heading-level-3'><a class=\"ez-toc-link ez-toc-heading-2\" href=\"https:\/\/www.lespetitsculottes.com\/blog\/lait-de-croissance-apres-3-ans\/#Composition_du_lait_de_croissance\" >Composition du lait de croissance<\/a><\/li><li class='ez-toc-page-1 ez-toc-heading-level-3'><a class=\"ez-toc-link ez-toc-heading-3\" href=\"https:\/\/www.lespetitsculottes.com\/blog\/lait-de-croissance-apres-3-ans\/#Comparaison_avec_le_lait_de_vache\" >Comparaison avec le lait de vache<\/a><\/li><\/ul><\/li><li class='ez-toc-page-1 ez-toc-heading-level-2'><a class=\"ez-toc-link ez-toc-heading-4\" href=\"https:\/\/www.lespetitsculottes.com\/blog\/lait-de-croissance-apres-3-ans\/#Interet_du_lait_de_croissance_apres_3_ans\" >Int\u00e9r\u00eat du lait de croissance apr\u00e8s 3 ans<\/a><ul class='ez-toc-list-level-3' ><li class='ez-toc-heading-level-3'><a class=\"ez-toc-link ez-toc-heading-5\" href=\"https:\/\/www.lespetitsculottes.com\/blog\/lait-de-croissance-apres-3-ans\/#Couverture_des_besoins_nutritionnels\" >Couverture des besoins nutritionnels<\/a><\/li><li class='ez-toc-page-1 ez-toc-heading-level-3'><a class=\"ez-toc-link ez-toc-heading-6\" href=\"https:\/\/www.lespetitsculottes.com\/blog\/lait-de-croissance-apres-3-ans\/#Apports_en_fer_et_en_zinc\" >Apports en fer et en zinc<\/a><\/li><\/ul><\/li><li class='ez-toc-page-1 ez-toc-heading-level-2'><a class=\"ez-toc-link ez-toc-heading-7\" href=\"https:\/\/www.lespetitsculottes.com\/blog\/lait-de-croissance-apres-3-ans\/#Lait_de_croissance_apres_3_ans_une_solution_pour_les_%C2%AB_petits_mangeurs_%C2%BB\" >Lait de croissance apr\u00e8s 3 ans : une solution pour les \u00ab\u00a0petits mangeurs\u00a0\u00bb<\/a><\/li><\/ul><\/nav><\/div>\n\n<p><\/p>\n\n\n\n<p><strong>En tant que parent, vous vous souciez naturellement de l&rsquo;alimentation et du bien-\u00eatre de votre enfant.<\/strong> Apr\u00e8s 3 ans, vous vous demandez peut-\u00eatre si le lait de croissance est toujours indispensable pour sa croissance et son d\u00e9veloppement.<\/p>\n\n\n\n<p>Le <strong><a href=\"https:\/\/www.lespetitsculottes.com\/fr\/content\/67-lait-3eme-age\" target=\"_blank\" rel=\"noreferrer noopener\">lait 3\u00e8me \u00e2ge de croissance<\/a><\/strong> peut \u00eatre propos\u00e9 jusqu&rsquo;\u00e0 6 ans. Cette boisson est particuli\u00e8rement recommand\u00e9e jusqu&rsquo;\u00e0 ce que l&rsquo;enfant consomme suffisamment de viande pour couvrir ses <strong>besoins<\/strong> en <strong>fer<\/strong>.<\/p>\n\n\n\n<p>Continuer \u00e0 donner du <strong>lait de croissance au-del\u00e0 de 3 ans<\/strong> est surtout recommand\u00e9 si votre enfant est un petit mangeur ou si son alimentation n&rsquo;est pas suffisamment \u00e9quilibr\u00e9e. Dans ces cas, le lait de croissance peut aider \u00e0 <strong>combler les carences nutritionnelles<\/strong> en fournissant du fer, des vitamines et des min\u00e9raux essentiels.&nbsp;<\/p>\n\n\n\n<p><\/p>\n\n\n\n<h2 class=\"wp-block-heading\"><span class=\"ez-toc-section\" id=\"Le_lait_de_croissance_une_boisson_adaptee_aux_besoins_des_enfants\"><\/span><strong>Le lait de croissance : une boisson adapt\u00e9e aux besoins des enfants<\/strong><span class=\"ez-toc-section-end\"><\/span><\/h2>\n\n\n\n<p><\/p>\n\n\n\n<p>Le <a href=\"https:\/\/www.lespetitsculottes.com\/fr\/content\/67-lait-3eme-age\"><strong>lait de croissance<\/strong><\/a> est con\u00e7u pour r\u00e9pondre aux <strong>besoins nutritionnels<\/strong> des enfants en pleine croissance, \u00e2g\u00e9s de 10-12 mois \u00e0 3 ans. C&rsquo;est donc une excellente source d&rsquo;apports nutritionnels essentiels. Il contribue \u00e0 une <strong>alimentation \u00e9quilibr\u00e9e<\/strong> chez les tout-petits.<\/p>\n\n\n\n<p><\/p>\n\n\n\n<h3 class=\"wp-block-heading\"><span class=\"ez-toc-section\" id=\"Composition_du_lait_de_croissance\"><\/span><strong>Composition du lait de croissance<\/strong><span class=\"ez-toc-section-end\"><\/span><\/h3>\n\n\n\n<p><\/p>\n\n\n\n<p>Le lait de croissance contient une <strong>combinaison \u00e9quilibr\u00e9e<\/strong> de prot\u00e9ines de haute qualit\u00e9, de glucides sous forme de lactose, de lipides repr\u00e9sentant 35 \u00e0 40 % des apports \u00e9nerg\u00e9tiques, de min\u00e9raux comme le fer et le zinc, et de vitamines importantes pour la sant\u00e9. Cette composition sp\u00e9cifique fait du lait de croissance une <strong>boisson id\u00e9ale<\/strong> pour combler les besoins nutritionnels des enfants pendant leur d\u00e9veloppement.<\/p>\n\n\n\n<p><\/p>\n\n\n\n<h3 class=\"wp-block-heading\"><span class=\"ez-toc-section\" id=\"Comparaison_avec_le_lait_de_vache\"><\/span><strong>Comparaison avec le lait de vache<\/strong><span class=\"ez-toc-section-end\"><\/span><\/h3>\n\n\n\n<p><\/p>\n\n\n\n<p>Bien que nutritif, le lait de vache pr\u00e9sente des lacunes par rapport au lait de croissance en termes de teneur en nutriments essentiels pour les jeunes enfants.<\/p>\n\n\n\n<figure class=\"wp-block-table\"><table><tbody><tr><td><strong>Nutriment<\/strong><\/td><td><strong>Lait de croissance<\/strong><\/td><td><strong>Lait de vache<\/strong><\/td><\/tr><tr><td>Fer<\/td><td>Teneur \u00e9lev\u00e9e<\/td><td>20 \u00e0 30 fois moins<\/td><\/tr><tr><td>Zinc<\/td><td>Teneur optimale<\/td><td>1,8 fois moins<\/td><\/tr><tr><td>Acides gras essentiels<\/td><td>Source importante<\/td><td>Teneur limit\u00e9e<\/td><\/tr><\/tbody><\/table><\/figure>\n\n\n\n<p>Le fer et le <strong>zinc<\/strong> sont indispensables \u00e0 la croissance et au <strong>d\u00e9veloppement<\/strong> des enfants. Le lait de croissance offre des quantit\u00e9s optimales de ces nutriments, contrairement au lait de vache. De plus, il constitue une excellente <strong>source d&rsquo;acides gras essentiels<\/strong>, particuli\u00e8rement b\u00e9n\u00e9fiques pour les enfants consommant peu de poisson.<\/p>\n\n\n\n<p>D\u00e9couvrez notre <a href=\"https:\/\/www.lespetitsculottes.com\/blog\/quel-lait-de-croissance-choisir\/\">Guide pratique pour les parents : quel lait de croissance choisir ?<\/a><\/p>\n\n\n\n<p><\/p>\n\n\n\n<h2 class=\"wp-block-heading\"><span class=\"ez-toc-section\" id=\"Interet_du_lait_de_croissance_apres_3_ans\"><\/span><strong>Int\u00e9r\u00eat du lait de croissance apr\u00e8s 3 ans<\/strong><span class=\"ez-toc-section-end\"><\/span><\/h2>\n\n\n\n<p><\/p>\n\n\n\n<p>Le lait de croissance joue un r\u00f4le crucial dans le d\u00e9veloppement et la <strong>sant\u00e9<\/strong> des enfants, m\u00eame apr\u00e8s 3 ans. Pour les <strong>petits mangeurs<\/strong> et ceux ayant une alimentation d\u00e9s\u00e9quilibr\u00e9e, il couvre leurs <strong>besoins<\/strong> nutritionnels sp\u00e9cifiques.<\/p>\n\n\n\n<p><\/p>\n\n\n\n<h3 class=\"wp-block-heading\"><span class=\"ez-toc-section\" id=\"Couverture_des_besoins_nutritionnels\"><\/span><strong>Couverture des besoins nutritionnels<\/strong><span class=\"ez-toc-section-end\"><\/span><\/h3>\n\n\n\n<p><\/p>\n\n\n\n<p>Les enfants qui consomment peu de viande, de poisson et de l\u00e9gumes risquent des <strong>carences<\/strong> en nutriments essentiels comme le fer et le zinc. Ces d\u00e9ficits peuvent affecter n\u00e9gativement leur croissance et IMC*. Le lait de croissance vient alors combler ces lacunes.<\/p>\n\n\n\n<p><\/p>\n\n\n\n<h3 class=\"wp-block-heading\"><span class=\"ez-toc-section\" id=\"Apports_en_fer_et_en_zinc\"><\/span><strong>Apports en fer et en zinc<\/strong><span class=\"ez-toc-section-end\"><\/span><\/h3>\n\n\n\n<p><\/p>\n\n\n\n<p>Le fer et le zinc sont primordiaux pour la <strong>sant\u00e9<\/strong> et la croissance des enfants. Le fer contribue \u00e0 la formation d&rsquo;h\u00e9moglobine et au transport d&rsquo;oxyg\u00e8ne, pr\u00e9venant l&rsquo;an\u00e9mie ferriprive. De son c\u00f4t\u00e9, le zinc est impliqu\u00e9 dans les fonctions enzymatiques, la synth\u00e8se prot\u00e9ique, la division cellulaire et le renforcement immunitaire.<\/p>\n\n\n\n<p>Le lait de croissance apporte des quantit\u00e9s ad\u00e9quates de fer et zinc, adapt\u00e9es aux <strong>besoins<\/strong> des enfants en pleine croissance.<\/p>\n\n\n\n<figure class=\"wp-block-table\"><table><tbody><tr><td><strong>Nutriment<\/strong><\/td><td><strong>Lait de croissance<\/strong><\/td><td><strong>Lait de vache<\/strong><\/td><\/tr><tr><td>Fer<\/td><td>1,2 mg\/100 ml<\/td><td>0,05 mg\/100 ml<\/td><\/tr><tr><td>Zinc<\/td><td>0,5 mg\/100 ml<\/td><td>0,3 mg\/100 ml<\/td><\/tr><\/tbody><\/table><\/figure>\n\n\n\n<p>Le lait de croissance est b\u00e9n\u00e9fique pour les enfants souffrant de <strong>Troubles du Comportement Alimentaire<\/strong> du <strong>Petit<\/strong> Enfant (<strong>TCAPE<\/strong>). Ces troubles, caract\u00e9ris\u00e9s par une faible app\u00e9tence et s\u00e9lectivit\u00e9 alimentaire, peuvent entra\u00eener des <strong>carences<\/strong>. Ainsi, une consommation r\u00e9guli\u00e8re permet de pallier ces d\u00e9ficits et soutient une croissance harmonieuse, jusqu&rsquo;\u00e0 6 ans si n\u00e9cessaire.<\/p>\n\n\n\n<hr class=\"wp-block-separator has-alpha-channel-opacity\"\/>\n\n\n\n<p><strong><em>Astuce culott\u00e9e&nbsp;:<\/em><\/strong><\/p>\n\n\n\n<p><em>Pour encourager votre enfant \u00e0 manger de fa\u00e7on plus \u00e9quilibr\u00e9e, pr\u00e9sentez les aliments de mani\u00e8re ludique. Par exemple, vous pouvez couper les fruits et l\u00e9gumes en formes amusantes ou les disposer pour cr\u00e9er des visages souriants dans l&rsquo;assiette.<\/em><\/p>\n\n\n\n<hr class=\"wp-block-separator has-alpha-channel-opacity\"\/>\n\n\n\n<h2 class=\"wp-block-heading\"><span class=\"ez-toc-section\" id=\"Lait_de_croissance_apres_3_ans_une_solution_pour_les_%C2%AB_petits_mangeurs_%C2%BB\"><\/span><strong>Lait de croissance apr\u00e8s 3 ans : une solution pour les \u00ab\u00a0petits mangeurs\u00a0\u00bb<\/strong><span class=\"ez-toc-section-end\"><\/span><\/h2>\n\n\n\n<p><\/p>\n\n\n\n<p>Les enfants qualifi\u00e9s de \u00ab\u00a0petits mangeurs\u00a0\u00bb ont g\u00e9n\u00e9ralement un poids et un indice de masse corporelle inf\u00e9rieurs \u00e0 la moyenne. Ils souffrent \u00e9galement de <strong>carences<\/strong> en fer plus fr\u00e9quentes.&nbsp;<\/p>\n\n\n\n<p>Ces <strong>troubles du comportement alimentaire <\/strong>sont associ\u00e9s \u00e0 une croissance plus faible et \u00e0 des apports insuffisants en prot\u00e9ines, fibres, fer et zinc. Pour ces enfants, le <strong>lait de croissance apr\u00e8s 3 ans<\/strong> s&rsquo;av\u00e8re b\u00e9n\u00e9fique car il compense les d\u00e9s\u00e9quilibres alimentaires.&nbsp;<\/p>\n\n\n\n<p>Il est recommand\u00e9 de consommer le lait de croissance jusqu&rsquo;\u00e0 6 ans si n\u00e9cessaire. Cela garantit une couverture optimale des besoins nutritionnels de l&rsquo;enfant. Cette approche pallie les d\u00e9s\u00e9quilibres alimentaires fr\u00e9quents chez les <strong>petits mangeurs<\/strong>.&nbsp;<\/p>\n\n\n\n<p>En conclusion, le <strong>lait de croissance<\/strong> repr\u00e9sente une excellente option pour les enfants de plus de 3 ans, surtout pour les petits mangeurs et ceux ayant une alimentation d\u00e9s\u00e9quilibr\u00e9e. Sa <strong>composition unique<\/strong>, riche en fer, zinc et acides gras essentiels, contribue \u00e0 un d\u00e9veloppement optimal. En prolongeant sa consommation apr\u00e8s 3 ans, les parents assurent \u00e0 leur enfant un <strong>apport en nutriments essentiels<\/strong>, compensant les carences et maintenant un \u00e9quilibre nutritionnel crucial durant cette p\u00e9riode de croissance rapide.<\/p>\n\n\n\n<p><em>* Indice de Masse Corporelle<\/em><\/p>\n\n\n\n<p><em>Cr\u00e9dit photo : \u00a9Adobe Stock<\/em><\/p>\n","protected":false},"excerpt":{"rendered":"<p>En tant que parent, vous vous souciez naturellement de l&rsquo;alimentation [&hellip;]<\/p>\n","protected":false},"author":3,"featured_media":2880,"comment_status":"closed","ping_status":"closed","sticky":false,"template":"","format":"standard","meta":{"footnotes":""},"categories":[12],"class_list":["post-2878","post","type-post","status-publish","format-standard","has-post-thumbnail","hentry","category-lexpert-culotte"],"yoast_head":"<!-- This site is optimized with the Yoast SEO plugin v26.2 - https:\/\/yoast.com\/wordpress\/plugins\/seo\/ -->\n<title>Peut-on continuer le lait de croissance apr\u00e8s 3 ans ?<\/title>\n<meta name=\"description\" content=\"Le lait de croissance apr\u00e8s 3 ans est b\u00e9n\u00e9fique pour les petits mangeurs et les enfants dont l&#039;alimentation est d\u00e9s\u00e9quilibr\u00e9e.\" \/>\n<meta name=\"robots\" content=\"index, follow, max-snippet:-1, max-image-preview:large, max-video-preview:-1\" \/>\n<link rel=\"canonical\" href=\"https:\/\/www.lespetitsculottes.com\/blog\/lait-de-croissance-apres-3-ans\/\" \/>\n<meta property=\"og:locale\" content=\"fr_FR\" \/>\n<meta property=\"og:type\" content=\"article\" \/>\n<meta property=\"og:title\" content=\"Peut-on continuer le lait de croissance apr\u00e8s 3 ans ?\" \/>\n<meta property=\"og:description\" content=\"Le lait de croissance apr\u00e8s 3 ans est b\u00e9n\u00e9fique pour les petits mangeurs et les enfants dont l&#039;alimentation est d\u00e9s\u00e9quilibr\u00e9e.\" \/>\n<meta property=\"og:url\" content=\"https:\/\/www.lespetitsculottes.com\/blog\/lait-de-croissance-apres-3-ans\/\" \/>\n<meta property=\"og:site_name\" content=\"Les Petits Culott\u00e9s\" \/>\n<meta property=\"article:published_time\" content=\"2024-07-03T13:00:00+00:00\" \/>\n<meta property=\"article:modified_time\" content=\"2025-10-28T09:34:08+00:00\" \/>\n<meta property=\"og:image\" content=\"https:\/\/www.lespetitsculottes.com\/blog\/wp-content\/uploads\/2024\/07\/lait-de-croissance-apres-3-ans.jpg\" \/>\n\t<meta property=\"og:image:width\" content=\"830\" \/>\n\t<meta property=\"og:image:height\" content=\"553\" \/>\n\t<meta property=\"og:image:type\" content=\"image\/jpeg\" \/>\n<meta name=\"author\" content=\"Matthieu Batteur\" \/>\n<meta name=\"twitter:card\" content=\"summary_large_image\" \/>\n<meta name=\"twitter:label1\" content=\"\u00c9crit par\" \/>\n\t<meta name=\"twitter:data1\" content=\"Matthieu Batteur\" \/>\n\t<meta name=\"twitter:label2\" content=\"Dur\u00e9e de lecture estim\u00e9e\" \/>\n\t<meta name=\"twitter:data2\" content=\"5 minutes\" \/>\n<script type=\"application\/ld+json\" class=\"yoast-schema-graph\">{\"@context\":\"https:\/\/schema.org\",\"@graph\":[{\"@type\":\"WebPage\",\"@id\":\"https:\/\/www.lespetitsculottes.com\/blog\/lait-de-croissance-apres-3-ans\/\",\"url\":\"https:\/\/www.lespetitsculottes.com\/blog\/lait-de-croissance-apres-3-ans\/\",\"name\":\"Peut-on continuer le lait de croissance apr\u00e8s 3 ans ?\",\"isPartOf\":{\"@id\":\"https:\/\/www.lespetitsculottes.com\/blog\/#website\"},\"primaryImageOfPage\":{\"@id\":\"https:\/\/www.lespetitsculottes.com\/blog\/lait-de-croissance-apres-3-ans\/#primaryimage\"},\"image\":{\"@id\":\"https:\/\/www.lespetitsculottes.com\/blog\/lait-de-croissance-apres-3-ans\/#primaryimage\"},\"thumbnailUrl\":\"https:\/\/www.lespetitsculottes.com\/blog\/wp-content\/uploads\/2024\/07\/lait-de-croissance-apres-3-ans.jpg\",\"datePublished\":\"2024-07-03T13:00:00+00:00\",\"dateModified\":\"2025-10-28T09:34:08+00:00\",\"author\":{\"@id\":\"https:\/\/www.lespetitsculottes.com\/blog\/#\/schema\/person\/497831e9d8b4c1eb018613db53ea7306\"},\"description\":\"Le lait de croissance apr\u00e8s 3 ans est b\u00e9n\u00e9fique pour les petits mangeurs et les enfants dont l'alimentation est d\u00e9s\u00e9quilibr\u00e9e.\",\"breadcrumb\":{\"@id\":\"https:\/\/www.lespetitsculottes.com\/blog\/lait-de-croissance-apres-3-ans\/#breadcrumb\"},\"inLanguage\":\"fr-FR\",\"potentialAction\":[{\"@type\":\"ReadAction\",\"target\":[\"https:\/\/www.lespetitsculottes.com\/blog\/lait-de-croissance-apres-3-ans\/\"]}]},{\"@type\":\"ImageObject\",\"inLanguage\":\"fr-FR\",\"@id\":\"https:\/\/www.lespetitsculottes.com\/blog\/lait-de-croissance-apres-3-ans\/#primaryimage\",\"url\":\"https:\/\/www.lespetitsculottes.com\/blog\/wp-content\/uploads\/2024\/07\/lait-de-croissance-apres-3-ans.jpg\",\"contentUrl\":\"https:\/\/www.lespetitsculottes.com\/blog\/wp-content\/uploads\/2024\/07\/lait-de-croissance-apres-3-ans.jpg\",\"width\":830,\"height\":553,\"caption\":\"Peut-on continuer le lait de croissance apr\u00e8s 3 ans ?\"},{\"@type\":\"BreadcrumbList\",\"@id\":\"https:\/\/www.lespetitsculottes.com\/blog\/lait-de-croissance-apres-3-ans\/#breadcrumb\",\"itemListElement\":[{\"@type\":\"ListItem\",\"position\":1,\"name\":\"Home\",\"item\":\"https:\/\/www.lespetitsculottes.com\/blog\/\"},{\"@type\":\"ListItem\",\"position\":2,\"name\":\"Peut-on continuer le lait de croissance apr\u00e8s 3 ans ?\"}]},{\"@type\":\"WebSite\",\"@id\":\"https:\/\/www.lespetitsculottes.com\/blog\/#website\",\"url\":\"https:\/\/www.lespetitsculottes.com\/blog\/\",\"name\":\"Les petits culott\u00e9s\",\"description\":\"Le blog des Petits Culott\u00e9s\",\"potentialAction\":[{\"@type\":\"SearchAction\",\"target\":{\"@type\":\"EntryPoint\",\"urlTemplate\":\"https:\/\/www.lespetitsculottes.com\/blog\/?s={search_term_string}\"},\"query-input\":{\"@type\":\"PropertyValueSpecification\",\"valueRequired\":true,\"valueName\":\"search_term_string\"}}],\"inLanguage\":\"fr-FR\"},{\"@type\":\"Person\",\"@id\":\"https:\/\/www.lespetitsculottes.com\/blog\/#\/schema\/person\/497831e9d8b4c1eb018613db53ea7306\",\"name\":\"Matthieu Batteur\",\"image\":{\"@type\":\"ImageObject\",\"inLanguage\":\"fr-FR\",\"@id\":\"https:\/\/www.lespetitsculottes.com\/blog\/#\/schema\/person\/image\/\",\"url\":\"https:\/\/secure.gravatar.com\/avatar\/5efc0f66265d64efd2d82aa618c9ee35984eb2ef196befc3dd3d10c1ce3b4b94?s=96&d=wp_user_avatar&r=g\",\"contentUrl\":\"https:\/\/secure.gravatar.com\/avatar\/5efc0f66265d64efd2d82aa618c9ee35984eb2ef196befc3dd3d10c1ce3b4b94?s=96&d=wp_user_avatar&r=g\",\"caption\":\"Matthieu Batteur\"},\"sameAs\":[\"http:\/\/matthieu.batteur\"],\"url\":\"https:\/\/www.lespetitsculottes.com\/blog\/auteur\/adminlpc\/\"}]}<\/script>\n<!-- \/ Yoast SEO plugin. -->","yoast_head_json":{"title":"Peut-on continuer le lait de croissance apr\u00e8s 3 ans ?","description":"Le lait de croissance apr\u00e8s 3 ans est b\u00e9n\u00e9fique pour les petits mangeurs et les enfants dont l'alimentation est d\u00e9s\u00e9quilibr\u00e9e.","robots":{"index":"index","follow":"follow","max-snippet":"max-snippet:-1","max-image-preview":"max-image-preview:large","max-video-preview":"max-video-preview:-1"},"canonical":"https:\/\/www.lespetitsculottes.com\/blog\/lait-de-croissance-apres-3-ans\/","og_locale":"fr_FR","og_type":"article","og_title":"Peut-on continuer le lait de croissance apr\u00e8s 3 ans ?","og_description":"Le lait de croissance apr\u00e8s 3 ans est b\u00e9n\u00e9fique pour les petits mangeurs et les enfants dont l'alimentation est d\u00e9s\u00e9quilibr\u00e9e.","og_url":"https:\/\/www.lespetitsculottes.com\/blog\/lait-de-croissance-apres-3-ans\/","og_site_name":"Les Petits Culott\u00e9s","article_published_time":"2024-07-03T13:00:00+00:00","article_modified_time":"2025-10-28T09:34:08+00:00","og_image":[{"width":830,"height":553,"url":"https:\/\/www.lespetitsculottes.com\/blog\/wp-content\/uploads\/2024\/07\/lait-de-croissance-apres-3-ans.jpg","type":"image\/jpeg"}],"author":"Matthieu Batteur","twitter_card":"summary_large_image","twitter_misc":{"\u00c9crit par":"Matthieu Batteur","Dur\u00e9e de lecture estim\u00e9e":"5 minutes"},"schema":{"@context":"https:\/\/schema.org","@graph":[{"@type":"WebPage","@id":"https:\/\/www.lespetitsculottes.com\/blog\/lait-de-croissance-apres-3-ans\/","url":"https:\/\/www.lespetitsculottes.com\/blog\/lait-de-croissance-apres-3-ans\/","name":"Peut-on continuer le lait de croissance apr\u00e8s 3 ans ?","isPartOf":{"@id":"https:\/\/www.lespetitsculottes.com\/blog\/#website"},"primaryImageOfPage":{"@id":"https:\/\/www.lespetitsculottes.com\/blog\/lait-de-croissance-apres-3-ans\/#primaryimage"},"image":{"@id":"https:\/\/www.lespetitsculottes.com\/blog\/lait-de-croissance-apres-3-ans\/#primaryimage"},"thumbnailUrl":"https:\/\/www.lespetitsculottes.com\/blog\/wp-content\/uploads\/2024\/07\/lait-de-croissance-apres-3-ans.jpg","datePublished":"2024-07-03T13:00:00+00:00","dateModified":"2025-10-28T09:34:08+00:00","author":{"@id":"https:\/\/www.lespetitsculottes.com\/blog\/#\/schema\/person\/497831e9d8b4c1eb018613db53ea7306"},"description":"Le lait de croissance apr\u00e8s 3 ans est b\u00e9n\u00e9fique pour les petits mangeurs et les enfants dont l'alimentation est d\u00e9s\u00e9quilibr\u00e9e.","breadcrumb":{"@id":"https:\/\/www.lespetitsculottes.com\/blog\/lait-de-croissance-apres-3-ans\/#breadcrumb"},"inLanguage":"fr-FR","potentialAction":[{"@type":"ReadAction","target":["https:\/\/www.lespetitsculottes.com\/blog\/lait-de-croissance-apres-3-ans\/"]}]},{"@type":"ImageObject","inLanguage":"fr-FR","@id":"https:\/\/www.lespetitsculottes.com\/blog\/lait-de-croissance-apres-3-ans\/#primaryimage","url":"https:\/\/www.lespetitsculottes.com\/blog\/wp-content\/uploads\/2024\/07\/lait-de-croissance-apres-3-ans.jpg","contentUrl":"https:\/\/www.lespetitsculottes.com\/blog\/wp-content\/uploads\/2024\/07\/lait-de-croissance-apres-3-ans.jpg","width":830,"height":553,"caption":"Peut-on continuer le lait de croissance apr\u00e8s 3 ans ?"},{"@type":"BreadcrumbList","@id":"https:\/\/www.lespetitsculottes.com\/blog\/lait-de-croissance-apres-3-ans\/#breadcrumb","itemListElement":[{"@type":"ListItem","position":1,"name":"Home","item":"https:\/\/www.lespetitsculottes.com\/blog\/"},{"@type":"ListItem","position":2,"name":"Peut-on continuer le lait de croissance apr\u00e8s 3 ans ?"}]},{"@type":"WebSite","@id":"https:\/\/www.lespetitsculottes.com\/blog\/#website","url":"https:\/\/www.lespetitsculottes.com\/blog\/","name":"Les petits culott\u00e9s","description":"Le blog des Petits Culott\u00e9s","potentialAction":[{"@type":"SearchAction","target":{"@type":"EntryPoint","urlTemplate":"https:\/\/www.lespetitsculottes.com\/blog\/?s={search_term_string}"},"query-input":{"@type":"PropertyValueSpecification","valueRequired":true,"valueName":"search_term_string"}}],"inLanguage":"fr-FR"},{"@type":"Person","@id":"https:\/\/www.lespetitsculottes.com\/blog\/#\/schema\/person\/497831e9d8b4c1eb018613db53ea7306","name":"Matthieu Batteur","image":{"@type":"ImageObject","inLanguage":"fr-FR","@id":"https:\/\/www.lespetitsculottes.com\/blog\/#\/schema\/person\/image\/","url":"https:\/\/secure.gravatar.com\/avatar\/5efc0f66265d64efd2d82aa618c9ee35984eb2ef196befc3dd3d10c1ce3b4b94?s=96&d=wp_user_avatar&r=g","contentUrl":"https:\/\/secure.gravatar.com\/avatar\/5efc0f66265d64efd2d82aa618c9ee35984eb2ef196befc3dd3d10c1ce3b4b94?s=96&d=wp_user_avatar&r=g","caption":"Matthieu Batteur"},"sameAs":["http:\/\/matthieu.batteur"],"url":"https:\/\/www.lespetitsculottes.com\/blog\/auteur\/adminlpc\/"}]}},"_links":{"self":[{"href":"https:\/\/www.lespetitsculottes.com\/blog\/wp-json\/wp\/v2\/posts\/2878","targetHints":{"allow":["GET"]}}],"collection":[{"href":"https:\/\/www.lespetitsculottes.com\/blog\/wp-json\/wp\/v2\/posts"}],"about":[{"href":"https:\/\/www.lespetitsculottes.com\/blog\/wp-json\/wp\/v2\/types\/post"}],"author":[{"embeddable":true,"href":"https:\/\/www.lespetitsculottes.com\/blog\/wp-json\/wp\/v2\/users\/3"}],"replies":[{"embeddable":true,"href":"https:\/\/www.lespetitsculottes.com\/blog\/wp-json\/wp\/v2\/comments?post=2878"}],"version-history":[{"count":6,"href":"https:\/\/www.lespetitsculottes.com\/blog\/wp-json\/wp\/v2\/posts\/2878\/revisions"}],"predecessor-version":[{"id":4158,"href":"https:\/\/www.lespetitsculottes.com\/blog\/wp-json\/wp\/v2\/posts\/2878\/revisions\/4158"}],"wp:featuredmedia":[{"embeddable":true,"href":"https:\/\/www.lespetitsculottes.com\/blog\/wp-json\/wp\/v2\/media\/2880"}],"wp:attachment":[{"href":"https:\/\/www.lespetitsculottes.com\/blog\/wp-json\/wp\/v2\/media?parent=2878"}],"wp:term":[{"taxonomy":"category","embeddable":true,"href":"https:\/\/www.lespetitsculottes.com\/blog\/wp-json\/wp\/v2\/categories?post=2878"}],"curies":[{"name":"wp","href":"https:\/\/api.w.org\/{rel}","templated":true}]}}