{"id":2889,"date":"2024-07-08T15:00:00","date_gmt":"2024-07-08T13:00:00","guid":{"rendered":"https:\/\/www.lespetitsculottes.com\/blog\/?p=2889"},"modified":"2026-04-09T14:11:46","modified_gmt":"2026-04-09T12:11:46","slug":"lait-4eme-age","status":"publish","type":"post","link":"https:\/\/www.lespetitsculottes.com\/blog\/lait-4eme-age\/","title":{"rendered":"Le lait 4\u00e8me \u00e2ge dans l&rsquo;alimentation de votre enfant\u00a0"},"content":{"rendered":"<div id=\"ez-toc-container\" class=\"ez-toc-v2_0_76 counter-hierarchy ez-toc-counter ez-toc-white ez-toc-container-direction\">\n<div class=\"ez-toc-title-container\"><p class=\"ez-toc-title\" style=\"cursor:inherit\">Sommaire<\/p>\n<\/div><nav><ul class='ez-toc-list ez-toc-list-level-1 ' ><li class='ez-toc-page-1 ez-toc-heading-level-2'><a class=\"ez-toc-link ez-toc-heading-1\" href=\"https:\/\/www.lespetitsculottes.com\/blog\/lait-4eme-age\/#Les_besoins_nutritionnels_specifiques_des_enfants_a_partir_de_24_mois\" >Les besoins nutritionnels sp\u00e9cifiques des enfants \u00e0 partir de 24 mois<\/a><ul class='ez-toc-list-level-3' ><li class='ez-toc-heading-level-3'><a class=\"ez-toc-link ez-toc-heading-2\" href=\"https:\/\/www.lespetitsculottes.com\/blog\/lait-4eme-age\/#Limportance_du_fer_dans_lalimentation_des_tout-petits\" >L&rsquo;importance du fer dans l&rsquo;alimentation des tout-petits<\/a><\/li><li class='ez-toc-page-1 ez-toc-heading-level-3'><a class=\"ez-toc-link ez-toc-heading-3\" href=\"https:\/\/www.lespetitsculottes.com\/blog\/lait-4eme-age\/#Le_role_des_acides_gras_essentiels_pour_la_croissance_et_le_developpement\" >Le r\u00f4le des acides gras essentiels pour la croissance et le d\u00e9veloppement<\/a><\/li><li class='ez-toc-page-1 ez-toc-heading-level-3'><a class=\"ez-toc-link ez-toc-heading-4\" href=\"https:\/\/www.lespetitsculottes.com\/blog\/lait-4eme-age\/#Les_apports_recommandes_en_vitamines_et_mineraux\" >Les apports recommand\u00e9s en vitamines et min\u00e9raux<\/a><\/li><\/ul><\/li><li class='ez-toc-page-1 ez-toc-heading-level-2'><a class=\"ez-toc-link ez-toc-heading-5\" href=\"https:\/\/www.lespetitsculottes.com\/blog\/lait-4eme-age\/#Le_lait_4eme_age_une_solution_adaptee_aux_besoins_de_bebe\" >Le lait 4eme \u00e2ge : une solution adapt\u00e9e aux besoins de b\u00e9b\u00e9<\/a><\/li><li class='ez-toc-page-1 ez-toc-heading-level-2'><a class=\"ez-toc-link ez-toc-heading-6\" href=\"https:\/\/www.lespetitsculottes.com\/blog\/lait-4eme-age\/#Les_criteres_pour_bien_choisir_le_lait_4eme_age\" >Les crit\u00e8res pour bien choisir le lait 4\u00e8me \u00e2ge<\/a><\/li><li class='ez-toc-page-1 ez-toc-heading-level-2'><a class=\"ez-toc-link ez-toc-heading-7\" href=\"https:\/\/www.lespetitsculottes.com\/blog\/lait-4eme-age\/#Quelle_quantite_de_lait_4eme_age_donner_a_bebe\" >Quelle quantit\u00e9 de lait 4\u00e8me \u00e2ge donner \u00e0 b\u00e9b\u00e9 ?<\/a><\/li><\/ul><\/nav><\/div>\n\n<p><\/p>\n\n\n\n<p>Le <strong>lait 4\u00e8me \u00e2ge<\/strong> est un pilier d\u2019une alimentation \u00e9quilibr\u00e9e chez les <strong>enfants \u00e0 partir de 24 mois<\/strong>. Durant cette p\u00e9riode de croissance rapide, il est essentiel de leur fournir une nutrition adapt\u00e9e \u00e0 leurs besoins sp\u00e9cifiques. En tant que parents, vous vous pr\u00e9occupez naturellement de garantir la sant\u00e9 et le bien-\u00eatre de votre tout-petit, et, parfois, <strong>choisir le bon lait<\/strong> peut sembler complexe.&nbsp;<\/p>\n\n\n\n<p>Cet article vous guide \u00e0 travers les aspects essentiels du lait 4\u00e8me \u00e2ge, en soulignant ses b\u00e9n\u00e9fices et ses diff\u00e9rences par rapport au lait de vache. Notre objectif est de vous offrir des informations claires sur ce <strong>lait<\/strong> pour favoriser un d\u00e9veloppement harmonieux chez votre tout-petit.<\/p>\n\n\n\n<p><\/p>\n\n\n\n<h2 class=\"wp-block-heading\"><span class=\"ez-toc-section\" id=\"Les_besoins_nutritionnels_specifiques_des_enfants_a_partir_de_24_mois\"><\/span><strong>Les besoins nutritionnels sp\u00e9cifiques des enfants \u00e0 partir de 24 mois<\/strong><span class=\"ez-toc-section-end\"><\/span><\/h2>\n\n\n\n<p><\/p>\n\n\n\n<p>Les enfants de 1 \u00e0 3 ans ont des besoins nutritionnels particuliers. Une <strong>alimentation<\/strong> \u00e9quilibr\u00e9e renforce leur <strong>sant\u00e9<\/strong> et leur <strong>vitalit\u00e9<\/strong>. Les nutriments essentiels sont le <strong>fer<\/strong>, les acides gras, les <strong>vitamines<\/strong> et les <strong>min\u00e9raux<\/strong>.<\/p>\n\n\n\n<p><\/p>\n\n\n\n<h3 class=\"wp-block-heading\"><span class=\"ez-toc-section\" id=\"Limportance_du_fer_dans_lalimentation_des_tout-petits\"><\/span><strong>L&rsquo;importance du fer dans l&rsquo;alimentation des tout-petits<\/strong><span class=\"ez-toc-section-end\"><\/span><\/h3>\n\n\n\n<p><\/p>\n\n\n\n<p>Le <strong>fer<\/strong> pr\u00e9vient l&rsquo;an\u00e9mie et les troubles neurologiques chez les enfants. Un manque de <strong>fer<\/strong> augmente les risques d&rsquo;infections. Incluez de la viande, du poisson, des l\u00e9gumineuses et des c\u00e9r\u00e9ales enrichies dans leur <strong>alimentation<\/strong>.<\/p>\n\n\n\n<p><\/p>\n\n\n\n<h3 class=\"wp-block-heading\"><span class=\"ez-toc-section\" id=\"Le_role_des_acides_gras_essentiels_pour_la_croissance_et_le_developpement\"><\/span><strong>Le r\u00f4le des acides gras essentiels pour la croissance et le d\u00e9veloppement<\/strong><span class=\"ez-toc-section-end\"><\/span><\/h3>\n\n\n\n<p><\/p>\n\n\n\n<p>Les <strong>om\u00e9ga 3<\/strong> et 6 sont cruciaux pour le cerveau et le <strong>d\u00e9veloppement<\/strong> cognitif et visuel. Ils contribuent \u00e0 la <strong>sant\u00e9<\/strong> cardiovasculaire et au syst\u00e8me immunitaire. Privil\u00e9giez le poisson gras, les noix, les graines et les huiles v\u00e9g\u00e9tales.<\/p>\n\n\n\n<p><\/p>\n\n\n\n<h3 class=\"wp-block-heading\"><span class=\"ez-toc-section\" id=\"Les_apports_recommandes_en_vitamines_et_mineraux\"><\/span><strong>Les apports recommand\u00e9s en vitamines et min\u00e9raux<\/strong><span class=\"ez-toc-section-end\"><\/span><\/h3>\n\n\n\n<p><\/p>\n\n\n\n<p>Les <strong>vitamines<\/strong> et <strong>min\u00e9raux<\/strong> soutiennent la <strong>croissance<\/strong>, l&rsquo;immunit\u00e9, les os et les dents. Voici <a href=\"https:\/\/www.anses.fr\/fr\/content\/les-r%C3%A9f%C3%A9rences-nutritionnelles-en-vitamines-et-min%C3%A9raux\">les apports journaliers recommand\u00e9s par l\u2019ANSES pour les enfants de 1 \u00e0 3 ans<\/a> :<\/p>\n\n\n\n<figure class=\"wp-block-table\"><table><tbody><tr><td><strong>Nutriment<\/strong><\/td><td><strong>Apport recommand\u00e9 par jour<\/strong><\/td><\/tr><tr><td><strong>Zinc<\/strong><\/td><td>3,6 mg<\/td><\/tr><tr><td><strong>Vitamine A<\/strong><\/td><td>205 \u00b5g<\/td><\/tr><tr><td><strong>Vitamine D<\/strong><\/td><td>15 \u00b5g<\/td><\/tr><tr><td><strong>Vitamine E<\/strong><\/td><td>7 mg<\/td><\/tr><tr><td><strong>Vitamine C<\/strong><\/td><td>15 mg<\/td><\/tr><tr><td><strong>Calcium<\/strong><\/td><td>390 mg<\/td><\/tr><tr><td><strong>Phosphore<\/strong><\/td><td>250 mg<\/td><\/tr><\/tbody><\/table><\/figure>\n\n\n\n<p>Les laits 4\u00e8me \u00e2ge contiennent des quantit\u00e9s adapt\u00e9es de <strong>vitamines<\/strong> et <strong>min\u00e9raux<\/strong>. Ils offrent une solution \u00e9quilibr\u00e9e pour les parents soucieux du <strong>bien-\u00eatre<\/strong> de leurs enfants.<\/p>\n\n\n\n<p><\/p>\n\n\n\n<h2 class=\"wp-block-heading\"><span class=\"ez-toc-section\" id=\"Le_lait_4eme_age_une_solution_adaptee_aux_besoins_de_bebe\"><\/span><strong>Le lait 4eme \u00e2ge : une solution adapt\u00e9e aux besoins de b\u00e9b\u00e9<\/strong><span class=\"ez-toc-section-end\"><\/span><\/h2>\n\n\n\n<p><\/p>\n\n\n\n<p>En offrant une <strong>alimentation<\/strong> \u00e9quilibr\u00e9e \u00e0 votre enfant, vous l&rsquo;aidez \u00e0 construire l\u2019\u00e9quilibre alimentaire n\u00e9cessaire \u00e0 sa croissance et \u00e0 son d\u00e9veloppement. Le c r\u00e9pond parfaitement aux besoins nutritionnels des tout-petits de 24 mois et plus.<\/p>\n\n\n\n<p>Le lait 4\u00e8me \u00e2ge diff\u00e8re du lait de vache traditionnel. Il contient moins de <strong>prot\u00e9ines<\/strong> et plus de fer. \u00c0 cet \u00e2ge, les reins des jeunes enfants ne sont pas encore assez matures pour filtrer un exc\u00e8s de prot\u00e9ines. De plus, son apport en <strong>sodium<\/strong> est r\u00e9duit. Cela limite les risques associ\u00e9s \u00e0 une consommation excessive de sel.<\/p>\n\n\n\n<p>Le lait 4\u00e8me \u00e2ge est suppl\u00e9ment\u00e9 en acides gras <strong>om\u00e9ga 6<\/strong> et <strong>om\u00e9ga 3<\/strong>, essentiels pour<strong> <\/strong>favoriser le d\u00e9veloppement cognitif et la sant\u00e9 cardiovasculaire des petits. Sa teneur en <strong>zinc<\/strong> est deux fois sup\u00e9rieure \u00e0 celle du <strong>lait de vache<\/strong>, contribuant ainsi \u00e0 soutenir le syst\u00e8me immunitaire et la croissance cellulaire des enfants en pleine croissance.<\/p>\n\n\n\n<p>Ces ajustements nutritionnels sont sp\u00e9cifiquement con\u00e7us pour r\u00e9pondre aux besoins des enfants jusqu\u2019\u00e0 3 ans.<\/p>\n\n\n\n<p><\/p>\n\n\n\n<h2 class=\"wp-block-heading\"><span class=\"ez-toc-section\" id=\"Les_criteres_pour_bien_choisir_le_lait_4eme_age\"><\/span><strong>Les crit\u00e8res pour bien choisir le lait 4\u00e8me \u00e2ge<\/strong><span class=\"ez-toc-section-end\"><\/span><\/h2>\n\n\n\n<p><\/p>\n\n\n\n<p>Rassurez-vous, la fabrication des laits infantiles est soumise \u00e0 des <strong>r\u00e9glementations rigoureuses<\/strong> et des <strong>normes strictes<\/strong> en France et en Europe.<\/p>\n\n\n\n<p>Toutefois, voici 3 crit\u00e8res qui peuvent vous permettre de s\u00e9lectionner le lait de croissance id\u00e9al pour votre petit :<\/p>\n\n\n\n<ul class=\"wp-block-list\">\n<li>Recherchez un lait 4\u00e8me \u00e2ge avec un <strong>ratio cas\u00e9ine-prot\u00e9ine similaire \u00e0 celui du lait maternel<\/strong>, favorisant une meilleure digestion et une meilleure absorption des nutriments.&nbsp;<\/li>\n<\/ul>\n\n\n\n<ul class=\"wp-block-list\">\n<li>Optez pour un lait 4\u00e8me \u00e2ge<strong> bio<\/strong> certifi\u00e9, <strong>r\u00e9guli\u00e8rement contr\u00f4l\u00e9<\/strong> pour garantir la qualit\u00e9 et la s\u00e9curit\u00e9, minimisant ainsi les risques de substances nocives ou de contaminants.&nbsp;<\/li>\n<\/ul>\n\n\n\n<ul class=\"wp-block-list\">\n<li>Choisissez une marque r\u00e9put\u00e9e pour ses <strong>valeurs \u00e9thiques<\/strong> et son <strong>engagement<\/strong> envers la sant\u00e9 des enfants. Chez Les Petits Culott\u00e9s, nous nous effor\u00e7ons de fournir des produits de qualit\u00e9, mais aussi respectueux de l&rsquo;environnement et des animaux.&nbsp;<\/li>\n<\/ul>\n\n\n\n<p>Le <a href=\"https:\/\/www.lespetitsculottes.com\/fr\/content\/67-lait-3eme-age\">lait de croissance<\/a> coche toutes les cases&nbsp;! Vous voulez <a href=\"https:\/\/www.lespetitsculottes.com\/fr\/content\/68-tester-notre-lait\">tester notre lait&nbsp;<\/a>?<\/p>\n\n\n\n<hr class=\"wp-block-separator has-alpha-channel-opacity\"\/>\n\n\n\n<p><strong><em>Info culott\u00e9e&nbsp;:&nbsp;<\/em><\/strong><\/p>\n\n\n\n<p><em>D\u2019un point de vue nutritionnel, le lait 3\u1d49 \u00e2ge Les Petits Culott\u00e9s r\u00e9pond pleinement aux besoins des jeunes enfants, y compris apr\u00e8s 3 ans.<\/em> <em>Pour vous proposer un <\/em><a href=\"https:\/\/www.lespetitsculottes.com\/fr\/content\/69-abonnement-lait\"><em>abonnement lait<\/em><\/a><em> de qualit\u00e9 sup\u00e9rieure tout en respectant des valeurs essentielles, Les Petits Culott\u00e9s sont engag\u00e9s dans un partenariat durable avec la <\/em><strong><em>fili\u00e8re Biolait<\/em><\/strong><em>. Ainsi, nos vaches laiti\u00e8res b\u00e9n\u00e9ficient d&rsquo;une alimentation saine et d&rsquo;un \u00e9levage dans le respect du bien-\u00eatre animal.<\/em> <\/p>\n\n\n\n<hr class=\"wp-block-separator has-alpha-channel-opacity\"\/>\n\n\n\n<h2 class=\"wp-block-heading\"><span class=\"ez-toc-section\" id=\"Quelle_quantite_de_lait_4eme_age_donner_a_bebe\"><\/span><strong>Quelle quantit\u00e9 de lait 4\u00e8me \u00e2ge donner \u00e0 b\u00e9b\u00e9 ?<\/strong><span class=\"ez-toc-section-end\"><\/span><\/h2>\n\n\n\n<p><\/p>\n\n\n\n<p>Lorsque la <a href=\"https:\/\/www.lespetitsculottes.com\/blog\/diversification-alimentaire-bebe\/\"><strong>diversification alimentaire b\u00e9b\u00e9<\/strong><\/a> est bien install\u00e9e, g\u00e9n\u00e9ralement aux alentours de 10\/12 mois, il est possible de r\u00e9duire la quantit\u00e9 de lait consomm\u00e9e quotidiennement par <strong>b\u00e9b\u00e9<\/strong> \u00e0 environ 500 ml. Cette quantit\u00e9 compl\u00e8te l&rsquo;apport nutritionnel des <strong>repas<\/strong>.\u00a0<\/p>\n\n\n\n<p>N&rsquo;h\u00e9sitez pas \u00e0 demander conseil \u00e0 votre p\u00e9diatre pour adapter les quantit\u00e9s en fonction de la croissance et du <strong>d\u00e9veloppement<\/strong> de votre tout-<strong>petit<\/strong>.<\/p>\n\n\n\n<p>En fin de compte, le <strong>lait 4\u00e8me \u00e2ge<\/strong> r\u00e9pond id\u00e9alement aux <strong>besoins nutritionnels<\/strong> des enfants \u00e0 partir de 2 ans. Sa composition unique favorise une croissance et un d\u00e9veloppement optimaux. Il contient du <strong>fer<\/strong>, des <strong>acides gras essentiels<\/strong>, des <strong>vitamines<\/strong> et des <strong>min\u00e9raux<\/strong>.<\/p>\n\n\n\n<p>Compar\u00e9 au lait de vache, le lait 4\u00e8me \u00e2ge contient moins de <strong>prot\u00e9ines<\/strong> et de <strong>sel<\/strong>. Cela le rend plus adapt\u00e9 pour l&rsquo;<strong>alimentation de b\u00e9b\u00e9<\/strong>. En cas d&rsquo;<strong>allergies<\/strong> ou d&rsquo;<strong>intol\u00e9rances<\/strong>, des alternatives existent.<\/p>\n\n\n\n<p>Une fois la <strong>diversification<\/strong> install\u00e9e, environ 500 ml de <strong>lait <\/strong>par jour couvrent les besoins nutritionnels de <strong>b\u00e9b\u00e9<\/strong>. Le <strong>lait 4\u00e8me \u00e2ge<\/strong> offre une <strong>alimentation<\/strong> \u00e9quilibr\u00e9e pour une croissance harmonieuse.<\/p>\n\n\n\n<p><em>Le lait maternel est l\u2019aliment le mieux adapt\u00e9 aux besoins sp\u00e9cifiques des b\u00e9b\u00e9s.<\/em><\/p>\n\n\n\n<p><em>Cr\u00e9dit photo : \u00a9Adobe Stock<\/em><\/p>\n","protected":false},"excerpt":{"rendered":"<p>Le lait 4\u00e8me \u00e2ge est un pilier d\u2019une alimentation \u00e9quilibr\u00e9e [&hellip;]<\/p>\n","protected":false},"author":3,"featured_media":2892,"comment_status":"closed","ping_status":"closed","sticky":false,"template":"","format":"standard","meta":{"footnotes":""},"categories":[12],"class_list":["post-2889","post","type-post","status-publish","format-standard","has-post-thumbnail","hentry","category-lexpert-culotte"],"yoast_head":"<!-- This site is optimized with the Yoast SEO plugin v26.2 - https:\/\/yoast.com\/wordpress\/plugins\/seo\/ -->\n<title>Le lait 4\u00e8me \u00e2ge dans l&#039;alimentation de votre enfant<\/title>\n<meta name=\"description\" content=\"D\u00e9couvrez le r\u00f4le du lait 4\u00e8me \u00e2ge dans l&#039;alimentation des enfants \u00e0 partir de 24 mois : ses bienfaits nutritionnels et comment le choisir.\" \/>\n<meta name=\"robots\" content=\"index, follow, max-snippet:-1, max-image-preview:large, max-video-preview:-1\" \/>\n<link rel=\"canonical\" href=\"https:\/\/www.lespetitsculottes.com\/blog\/lait-4eme-age\/\" \/>\n<meta property=\"og:locale\" content=\"fr_FR\" \/>\n<meta property=\"og:type\" content=\"article\" \/>\n<meta property=\"og:title\" content=\"Le lait 4\u00e8me \u00e2ge dans l&#039;alimentation de votre enfant\" \/>\n<meta property=\"og:description\" content=\"D\u00e9couvrez le r\u00f4le du lait 4\u00e8me \u00e2ge dans l&#039;alimentation des enfants \u00e0 partir de 24 mois : ses bienfaits nutritionnels et comment le choisir.\" \/>\n<meta property=\"og:url\" content=\"https:\/\/www.lespetitsculottes.com\/blog\/lait-4eme-age\/\" \/>\n<meta property=\"og:site_name\" content=\"Les Petits Culott\u00e9s\" \/>\n<meta property=\"article:published_time\" content=\"2024-07-08T13:00:00+00:00\" \/>\n<meta property=\"article:modified_time\" content=\"2026-04-09T12:11:46+00:00\" \/>\n<meta property=\"og:image\" content=\"https:\/\/www.lespetitsculottes.com\/blog\/wp-content\/uploads\/2024\/07\/lait-4eme-age.jpg\" \/>\n\t<meta property=\"og:image:width\" content=\"830\" \/>\n\t<meta property=\"og:image:height\" content=\"557\" \/>\n\t<meta property=\"og:image:type\" content=\"image\/jpeg\" \/>\n<meta name=\"author\" content=\"Matthieu Batteur\" \/>\n<meta name=\"twitter:card\" content=\"summary_large_image\" \/>\n<meta name=\"twitter:label1\" content=\"\u00c9crit par\" \/>\n\t<meta name=\"twitter:data1\" content=\"Matthieu Batteur\" \/>\n\t<meta name=\"twitter:label2\" content=\"Dur\u00e9e de lecture estim\u00e9e\" \/>\n\t<meta name=\"twitter:data2\" content=\"5 minutes\" \/>\n<script type=\"application\/ld+json\" class=\"yoast-schema-graph\">{\"@context\":\"https:\/\/schema.org\",\"@graph\":[{\"@type\":\"WebPage\",\"@id\":\"https:\/\/www.lespetitsculottes.com\/blog\/lait-4eme-age\/\",\"url\":\"https:\/\/www.lespetitsculottes.com\/blog\/lait-4eme-age\/\",\"name\":\"Le lait 4\u00e8me \u00e2ge dans l'alimentation de votre enfant\",\"isPartOf\":{\"@id\":\"https:\/\/www.lespetitsculottes.com\/blog\/#website\"},\"primaryImageOfPage\":{\"@id\":\"https:\/\/www.lespetitsculottes.com\/blog\/lait-4eme-age\/#primaryimage\"},\"image\":{\"@id\":\"https:\/\/www.lespetitsculottes.com\/blog\/lait-4eme-age\/#primaryimage\"},\"thumbnailUrl\":\"https:\/\/www.lespetitsculottes.com\/blog\/wp-content\/uploads\/2024\/07\/lait-4eme-age.jpg\",\"datePublished\":\"2024-07-08T13:00:00+00:00\",\"dateModified\":\"2026-04-09T12:11:46+00:00\",\"author\":{\"@id\":\"https:\/\/www.lespetitsculottes.com\/blog\/#\/schema\/person\/497831e9d8b4c1eb018613db53ea7306\"},\"description\":\"D\u00e9couvrez le r\u00f4le du lait 4\u00e8me \u00e2ge dans l'alimentation des enfants \u00e0 partir de 24 mois : ses bienfaits nutritionnels et comment le choisir.\",\"breadcrumb\":{\"@id\":\"https:\/\/www.lespetitsculottes.com\/blog\/lait-4eme-age\/#breadcrumb\"},\"inLanguage\":\"fr-FR\",\"potentialAction\":[{\"@type\":\"ReadAction\",\"target\":[\"https:\/\/www.lespetitsculottes.com\/blog\/lait-4eme-age\/\"]}]},{\"@type\":\"ImageObject\",\"inLanguage\":\"fr-FR\",\"@id\":\"https:\/\/www.lespetitsculottes.com\/blog\/lait-4eme-age\/#primaryimage\",\"url\":\"https:\/\/www.lespetitsculottes.com\/blog\/wp-content\/uploads\/2024\/07\/lait-4eme-age.jpg\",\"contentUrl\":\"https:\/\/www.lespetitsculottes.com\/blog\/wp-content\/uploads\/2024\/07\/lait-4eme-age.jpg\",\"width\":830,\"height\":557,\"caption\":\"Le lait 4\u00e8me \u00e2ge dans l\u2019alimentation de votre enfant\"},{\"@type\":\"BreadcrumbList\",\"@id\":\"https:\/\/www.lespetitsculottes.com\/blog\/lait-4eme-age\/#breadcrumb\",\"itemListElement\":[{\"@type\":\"ListItem\",\"position\":1,\"name\":\"Home\",\"item\":\"https:\/\/www.lespetitsculottes.com\/blog\/\"},{\"@type\":\"ListItem\",\"position\":2,\"name\":\"Le lait 4\u00e8me \u00e2ge dans l&rsquo;alimentation de votre enfant\u00a0\"}]},{\"@type\":\"WebSite\",\"@id\":\"https:\/\/www.lespetitsculottes.com\/blog\/#website\",\"url\":\"https:\/\/www.lespetitsculottes.com\/blog\/\",\"name\":\"Les petits culott\u00e9s\",\"description\":\"Le blog des Petits Culott\u00e9s\",\"potentialAction\":[{\"@type\":\"SearchAction\",\"target\":{\"@type\":\"EntryPoint\",\"urlTemplate\":\"https:\/\/www.lespetitsculottes.com\/blog\/?s={search_term_string}\"},\"query-input\":{\"@type\":\"PropertyValueSpecification\",\"valueRequired\":true,\"valueName\":\"search_term_string\"}}],\"inLanguage\":\"fr-FR\"},{\"@type\":\"Person\",\"@id\":\"https:\/\/www.lespetitsculottes.com\/blog\/#\/schema\/person\/497831e9d8b4c1eb018613db53ea7306\",\"name\":\"Matthieu Batteur\",\"image\":{\"@type\":\"ImageObject\",\"inLanguage\":\"fr-FR\",\"@id\":\"https:\/\/www.lespetitsculottes.com\/blog\/#\/schema\/person\/image\/\",\"url\":\"https:\/\/secure.gravatar.com\/avatar\/5efc0f66265d64efd2d82aa618c9ee35984eb2ef196befc3dd3d10c1ce3b4b94?s=96&d=wp_user_avatar&r=g\",\"contentUrl\":\"https:\/\/secure.gravatar.com\/avatar\/5efc0f66265d64efd2d82aa618c9ee35984eb2ef196befc3dd3d10c1ce3b4b94?s=96&d=wp_user_avatar&r=g\",\"caption\":\"Matthieu Batteur\"},\"sameAs\":[\"http:\/\/matthieu.batteur\"],\"url\":\"https:\/\/www.lespetitsculottes.com\/blog\/auteur\/adminlpc\/\"}]}<\/script>\n<!-- \/ Yoast SEO plugin. -->","yoast_head_json":{"title":"Le lait 4\u00e8me \u00e2ge dans l'alimentation de votre enfant","description":"D\u00e9couvrez le r\u00f4le du lait 4\u00e8me \u00e2ge dans l'alimentation des enfants \u00e0 partir de 24 mois : ses bienfaits nutritionnels et comment le choisir.","robots":{"index":"index","follow":"follow","max-snippet":"max-snippet:-1","max-image-preview":"max-image-preview:large","max-video-preview":"max-video-preview:-1"},"canonical":"https:\/\/www.lespetitsculottes.com\/blog\/lait-4eme-age\/","og_locale":"fr_FR","og_type":"article","og_title":"Le lait 4\u00e8me \u00e2ge dans l'alimentation de votre enfant","og_description":"D\u00e9couvrez le r\u00f4le du lait 4\u00e8me \u00e2ge dans l'alimentation des enfants \u00e0 partir de 24 mois : ses bienfaits nutritionnels et comment le choisir.","og_url":"https:\/\/www.lespetitsculottes.com\/blog\/lait-4eme-age\/","og_site_name":"Les Petits Culott\u00e9s","article_published_time":"2024-07-08T13:00:00+00:00","article_modified_time":"2026-04-09T12:11:46+00:00","og_image":[{"width":830,"height":557,"url":"https:\/\/www.lespetitsculottes.com\/blog\/wp-content\/uploads\/2024\/07\/lait-4eme-age.jpg","type":"image\/jpeg"}],"author":"Matthieu Batteur","twitter_card":"summary_large_image","twitter_misc":{"\u00c9crit par":"Matthieu Batteur","Dur\u00e9e de lecture estim\u00e9e":"5 minutes"},"schema":{"@context":"https:\/\/schema.org","@graph":[{"@type":"WebPage","@id":"https:\/\/www.lespetitsculottes.com\/blog\/lait-4eme-age\/","url":"https:\/\/www.lespetitsculottes.com\/blog\/lait-4eme-age\/","name":"Le lait 4\u00e8me \u00e2ge dans l'alimentation de votre enfant","isPartOf":{"@id":"https:\/\/www.lespetitsculottes.com\/blog\/#website"},"primaryImageOfPage":{"@id":"https:\/\/www.lespetitsculottes.com\/blog\/lait-4eme-age\/#primaryimage"},"image":{"@id":"https:\/\/www.lespetitsculottes.com\/blog\/lait-4eme-age\/#primaryimage"},"thumbnailUrl":"https:\/\/www.lespetitsculottes.com\/blog\/wp-content\/uploads\/2024\/07\/lait-4eme-age.jpg","datePublished":"2024-07-08T13:00:00+00:00","dateModified":"2026-04-09T12:11:46+00:00","author":{"@id":"https:\/\/www.lespetitsculottes.com\/blog\/#\/schema\/person\/497831e9d8b4c1eb018613db53ea7306"},"description":"D\u00e9couvrez le r\u00f4le du lait 4\u00e8me \u00e2ge dans l'alimentation des enfants \u00e0 partir de 24 mois : ses bienfaits nutritionnels et comment le choisir.","breadcrumb":{"@id":"https:\/\/www.lespetitsculottes.com\/blog\/lait-4eme-age\/#breadcrumb"},"inLanguage":"fr-FR","potentialAction":[{"@type":"ReadAction","target":["https:\/\/www.lespetitsculottes.com\/blog\/lait-4eme-age\/"]}]},{"@type":"ImageObject","inLanguage":"fr-FR","@id":"https:\/\/www.lespetitsculottes.com\/blog\/lait-4eme-age\/#primaryimage","url":"https:\/\/www.lespetitsculottes.com\/blog\/wp-content\/uploads\/2024\/07\/lait-4eme-age.jpg","contentUrl":"https:\/\/www.lespetitsculottes.com\/blog\/wp-content\/uploads\/2024\/07\/lait-4eme-age.jpg","width":830,"height":557,"caption":"Le lait 4\u00e8me \u00e2ge dans l\u2019alimentation de votre enfant"},{"@type":"BreadcrumbList","@id":"https:\/\/www.lespetitsculottes.com\/blog\/lait-4eme-age\/#breadcrumb","itemListElement":[{"@type":"ListItem","position":1,"name":"Home","item":"https:\/\/www.lespetitsculottes.com\/blog\/"},{"@type":"ListItem","position":2,"name":"Le lait 4\u00e8me \u00e2ge dans l&rsquo;alimentation de votre enfant\u00a0"}]},{"@type":"WebSite","@id":"https:\/\/www.lespetitsculottes.com\/blog\/#website","url":"https:\/\/www.lespetitsculottes.com\/blog\/","name":"Les petits culott\u00e9s","description":"Le blog des Petits Culott\u00e9s","potentialAction":[{"@type":"SearchAction","target":{"@type":"EntryPoint","urlTemplate":"https:\/\/www.lespetitsculottes.com\/blog\/?s={search_term_string}"},"query-input":{"@type":"PropertyValueSpecification","valueRequired":true,"valueName":"search_term_string"}}],"inLanguage":"fr-FR"},{"@type":"Person","@id":"https:\/\/www.lespetitsculottes.com\/blog\/#\/schema\/person\/497831e9d8b4c1eb018613db53ea7306","name":"Matthieu Batteur","image":{"@type":"ImageObject","inLanguage":"fr-FR","@id":"https:\/\/www.lespetitsculottes.com\/blog\/#\/schema\/person\/image\/","url":"https:\/\/secure.gravatar.com\/avatar\/5efc0f66265d64efd2d82aa618c9ee35984eb2ef196befc3dd3d10c1ce3b4b94?s=96&d=wp_user_avatar&r=g","contentUrl":"https:\/\/secure.gravatar.com\/avatar\/5efc0f66265d64efd2d82aa618c9ee35984eb2ef196befc3dd3d10c1ce3b4b94?s=96&d=wp_user_avatar&r=g","caption":"Matthieu Batteur"},"sameAs":["http:\/\/matthieu.batteur"],"url":"https:\/\/www.lespetitsculottes.com\/blog\/auteur\/adminlpc\/"}]}},"_links":{"self":[{"href":"https:\/\/www.lespetitsculottes.com\/blog\/wp-json\/wp\/v2\/posts\/2889","targetHints":{"allow":["GET"]}}],"collection":[{"href":"https:\/\/www.lespetitsculottes.com\/blog\/wp-json\/wp\/v2\/posts"}],"about":[{"href":"https:\/\/www.lespetitsculottes.com\/blog\/wp-json\/wp\/v2\/types\/post"}],"author":[{"embeddable":true,"href":"https:\/\/www.lespetitsculottes.com\/blog\/wp-json\/wp\/v2\/users\/3"}],"replies":[{"embeddable":true,"href":"https:\/\/www.lespetitsculottes.com\/blog\/wp-json\/wp\/v2\/comments?post=2889"}],"version-history":[{"count":6,"href":"https:\/\/www.lespetitsculottes.com\/blog\/wp-json\/wp\/v2\/posts\/2889\/revisions"}],"predecessor-version":[{"id":4754,"href":"https:\/\/www.lespetitsculottes.com\/blog\/wp-json\/wp\/v2\/posts\/2889\/revisions\/4754"}],"wp:featuredmedia":[{"embeddable":true,"href":"https:\/\/www.lespetitsculottes.com\/blog\/wp-json\/wp\/v2\/media\/2892"}],"wp:attachment":[{"href":"https:\/\/www.lespetitsculottes.com\/blog\/wp-json\/wp\/v2\/media?parent=2889"}],"wp:term":[{"taxonomy":"category","embeddable":true,"href":"https:\/\/www.lespetitsculottes.com\/blog\/wp-json\/wp\/v2\/categories?post=2889"}],"curies":[{"name":"wp","href":"https:\/\/api.w.org\/{rel}","templated":true}]}}