{"id":3379,"date":"2024-10-28T15:00:00","date_gmt":"2024-10-28T14:00:00","guid":{"rendered":"https:\/\/www.lespetitsculottes.com\/blog\/?p=3379"},"modified":"2024-10-21T12:13:44","modified_gmt":"2024-10-21T10:13:44","slug":"les-1000-premiers-jours-de-lenfant-une-periode-cle","status":"publish","type":"post","link":"https:\/\/www.lespetitsculottes.com\/blog\/les-1000-premiers-jours-de-lenfant-une-periode-cle\/","title":{"rendered":"Les 1000 premiers jours de l&rsquo;enfant : une p\u00e9riode cl\u00e9"},"content":{"rendered":"<div id=\"ez-toc-container\" class=\"ez-toc-v2_0_76 counter-hierarchy ez-toc-counter ez-toc-white ez-toc-container-direction\">\n<div class=\"ez-toc-title-container\"><p class=\"ez-toc-title\" style=\"cursor:inherit\">Sommaire<\/p>\n<\/div><nav><ul class='ez-toc-list ez-toc-list-level-1 ' ><li class='ez-toc-page-1 ez-toc-heading-level-2'><a class=\"ez-toc-link ez-toc-heading-1\" href=\"https:\/\/www.lespetitsculottes.com\/blog\/les-1000-premiers-jours-de-lenfant-une-periode-cle\/#Les_1000_premiers_jours_cest_quoi\" >Les 1000 premiers jours, c\u2019est quoi ?<\/a><\/li><li class='ez-toc-page-1 ez-toc-heading-level-2'><a class=\"ez-toc-link ez-toc-heading-2\" href=\"https:\/\/www.lespetitsculottes.com\/blog\/les-1000-premiers-jours-de-lenfant-une-periode-cle\/#Pourquoi_les_1000_premiers_jours_sont-ils_si_importants\" >Pourquoi les 1000 premiers jours sont-ils si importants ?<\/a><\/li><li class='ez-toc-page-1 ez-toc-heading-level-2'><a class=\"ez-toc-link ez-toc-heading-3\" href=\"https:\/\/www.lespetitsculottes.com\/blog\/les-1000-premiers-jours-de-lenfant-une-periode-cle\/#Les_etapes_cles_des_1000_premiers_jours\" >Les \u00e9tapes cl\u00e9s des 1000 premiers jours<\/a><ul class='ez-toc-list-level-3' ><li class='ez-toc-heading-level-3'><a class=\"ez-toc-link ez-toc-heading-4\" href=\"https:\/\/www.lespetitsculottes.com\/blog\/les-1000-premiers-jours-de-lenfant-une-periode-cle\/#La_periode_prenatale_de_la_conception_a_la_naissance\" >La p\u00e9riode pr\u00e9natale (de la conception \u00e0 la naissance)<\/a><\/li><li class='ez-toc-page-1 ez-toc-heading-level-3'><a class=\"ez-toc-link ez-toc-heading-5\" href=\"https:\/\/www.lespetitsculottes.com\/blog\/les-1000-premiers-jours-de-lenfant-une-periode-cle\/#La_premiere_annee_de_vie_0_a_12_mois\" >La premi\u00e8re ann\u00e9e de vie (0 \u00e0 12 mois)<\/a><\/li><li class='ez-toc-page-1 ez-toc-heading-level-3'><a class=\"ez-toc-link ez-toc-heading-6\" href=\"https:\/\/www.lespetitsculottes.com\/blog\/les-1000-premiers-jours-de-lenfant-une-periode-cle\/#La_deuxieme_annee_12_a_24_mois\" >La deuxi\u00e8me ann\u00e9e (12 \u00e0 24 mois)<\/a><\/li><\/ul><\/li><li class='ez-toc-page-1 ez-toc-heading-level-2'><a class=\"ez-toc-link ez-toc-heading-7\" href=\"https:\/\/www.lespetitsculottes.com\/blog\/les-1000-premiers-jours-de-lenfant-une-periode-cle\/#Les_consequences_dune_nutrition_insuffisante_durant_les_1000_premiers_jours\" >Les cons\u00e9quences d&rsquo;une nutrition insuffisante durant les 1000 premiers jours<\/a><\/li><li class='ez-toc-page-1 ez-toc-heading-level-2'><a class=\"ez-toc-link ez-toc-heading-8\" href=\"https:\/\/www.lespetitsculottes.com\/blog\/les-1000-premiers-jours-de-lenfant-une-periode-cle\/#Conseils_pratiques_pour_optimiser_les_1000_premiers_jours\" >Conseils pratiques pour optimiser les 1000 premiers jours<\/a><ul class='ez-toc-list-level-3' ><li class='ez-toc-heading-level-3'><a class=\"ez-toc-link ez-toc-heading-9\" href=\"https:\/\/www.lespetitsculottes.com\/blog\/les-1000-premiers-jours-de-lenfant-une-periode-cle\/#Pendant_la_grossesse\" >Pendant la grossesse<\/a><\/li><li class='ez-toc-page-1 ez-toc-heading-level-3'><a class=\"ez-toc-link ez-toc-heading-10\" href=\"https:\/\/www.lespetitsculottes.com\/blog\/les-1000-premiers-jours-de-lenfant-une-periode-cle\/#Apres_la_naissance\" >Apr\u00e8s la naissance<\/a><\/li><li class='ez-toc-page-1 ez-toc-heading-level-3'><a class=\"ez-toc-link ez-toc-heading-11\" href=\"https:\/\/www.lespetitsculottes.com\/blog\/les-1000-premiers-jours-de-lenfant-une-periode-cle\/#Developpement_cognitif_et_emotionnel\" >D\u00e9veloppement cognitif et \u00e9motionnel<\/a><\/li><li class='ez-toc-page-1 ez-toc-heading-level-3'><a class=\"ez-toc-link ez-toc-heading-12\" href=\"https:\/\/www.lespetitsculottes.com\/blog\/les-1000-premiers-jours-de-lenfant-une-periode-cle\/#Environnement_securise_et_stimulant\" >Environnement s\u00e9curis\u00e9 et stimulant<\/a><\/li><li class='ez-toc-page-1 ez-toc-heading-level-3'><a class=\"ez-toc-link ez-toc-heading-13\" href=\"https:\/\/www.lespetitsculottes.com\/blog\/les-1000-premiers-jours-de-lenfant-une-periode-cle\/#Bien-etre_emotionnel\" >Bien-\u00eatre \u00e9motionnel<\/a><\/li><\/ul><\/li><\/ul><\/nav><\/div>\n\n<p>Les <strong>1000 premiers jours de l&rsquo;enfant<\/strong>, de la <strong>conception<\/strong> \u00e0 ses 2 ans, repr\u00e9sentent une p\u00e9riode d\u00e9terminante pour sa sant\u00e9 et son bien-\u00eatre futurs. C\u2019est une phase pendant laquelle l&rsquo;enfant construit les bases de son <strong>d\u00e9veloppement<\/strong> cognitif, social, et physique. En comprenant l&rsquo;importance des 1000 premiers jours, vous donnez \u00e0 votre enfant les meilleures chances de grandir heureux et en bonne sant\u00e9. Aujourd&rsquo;hui, les <strong>politiques publiques<\/strong>, notamment en <strong>France<\/strong>, accordent une attention particuli\u00e8re \u00e0 cette p\u00e9riode pour r\u00e9duire les <strong>in\u00e9galit\u00e9s<\/strong> et soutenir la <strong>parentalit\u00e9<\/strong>.<\/p>\n\n\n\n<h2 class=\"wp-block-heading\"><span class=\"ez-toc-section\" id=\"Les_1000_premiers_jours_cest_quoi\"><\/span><strong>Les 1000 premiers jours, c\u2019est quoi ?<\/strong><span class=\"ez-toc-section-end\"><\/span><\/h2>\n\n\n\n<p>Les 1000 premiers jours englobent la p\u00e9riode allant de la <strong>conception<\/strong> \u00e0 l\u2019anniversaire des 2 ans de l\u2019enfant. Ces premi\u00e8res ann\u00e9es sont le fondement de l\u2019<strong>adulte qu&rsquo;il deviendra<\/strong>. Des \u00e9tudes montrent que, durant cette p\u00e9riode, se joue une grande partie du <strong>d\u00e9veloppement de l\u2019enfant<\/strong>.&nbsp;<\/p>\n\n\n\n<p>En <strong>France<\/strong>, la prise de conscience de l\u2019importance des 1000 premiers jours a conduit \u00e0 la mise en place de diverses <strong>actions<\/strong> par le <strong>minist\u00e8re de la Sant\u00e9<\/strong>. Sous l&rsquo;impulsion du <strong>pr\u00e9sident de la R\u00e9publique<\/strong>, Emmanuel Macron, des mesures sont d\u00e9sormais prises pour am\u00e9liorer l&rsquo;<strong>accompagnement<\/strong> des <strong>familles<\/strong> et garantir une <strong>continuit\u00e9<\/strong> dans la <strong>prise en charge<\/strong> des jeunes enfants. Cela se traduit par l\u2019implication de l\u2019<a href=\"https:\/\/www.ars.sante.fr\/\" target=\"_blank\" rel=\"noreferrer noopener\"><strong>Agence R\u00e9gionale de Sant\u00e9<\/strong><\/a> et des <strong>professionnels<\/strong> pour offrir aux parents les <strong>conseils<\/strong> n\u00e9cessaires pendant cette phase.<\/p>\n\n\n\n<h2 class=\"wp-block-heading\"><span class=\"ez-toc-section\" id=\"Pourquoi_les_1000_premiers_jours_sont-ils_si_importants\"><\/span><strong>Pourquoi les 1000 premiers jours sont-ils si importants ?<\/strong><span class=\"ez-toc-section-end\"><\/span><\/h2>\n\n\n\n<p>Durant les 1000 premiers jours, le <strong>cerveau<\/strong> d\u2019un enfant conna\u00eet une croissance sans pr\u00e9c\u00e9dent, avec plus de <strong>1 million de connexions neuronales<\/strong> cr\u00e9\u00e9es chaque seconde. Ce d\u00e9veloppement rapide signifie que le cerveau est tr\u00e8s r\u00e9ceptif aux <strong>influences<\/strong> ext\u00e9rieures, positives comme n\u00e9gatives. Ainsi, les exp\u00e9riences, l\u2019<strong>alimentation<\/strong>, et l\u2019<strong>environnement<\/strong> au cours de cette p\u00e9riode auront un impact sur la sant\u00e9 physique, mentale et \u00e9motionnelle de l\u2019enfant.<\/p>\n\n\n\n<p>En collaboration avec les <strong>professionnels de sant\u00e9<\/strong> et les <strong>politiques publiques<\/strong>, les parents sont encourag\u00e9s \u00e0 se concentrer sur trois \u00e9l\u00e9ments essentiels pour maximiser le potentiel de leur enfant :&nbsp;<\/p>\n\n\n\n<ul class=\"wp-block-list\">\n<li>une alimentation \u00e9quilibr\u00e9e,&nbsp;<\/li>\n\n\n\n<li>des relations affectives stables,<\/li>\n\n\n\n<li>un environnement s\u00e9curis\u00e9.&nbsp;<\/li>\n<\/ul>\n\n\n\n<p>Un <strong>manque de nutrition<\/strong> ou une exposition \u00e0 des <strong>substances chimiques<\/strong> peut affecter la formation des synapses et la my\u00e9linisation des neurones. Cela entra\u00eene des cons\u00e9quences \u00e0 long terme sur le d\u00e9veloppement cognitif et socio-\u00e9motionnel de l\u2019enfant.<\/p>\n\n\n\n<h2 class=\"wp-block-heading\"><span class=\"ez-toc-section\" id=\"Les_etapes_cles_des_1000_premiers_jours\"><\/span><strong>Les \u00e9tapes cl\u00e9s des 1000 premiers jours<\/strong><span class=\"ez-toc-section-end\"><\/span><\/h2>\n\n\n\n<h3 class=\"wp-block-heading\"><span class=\"ez-toc-section\" id=\"La_periode_prenatale_de_la_conception_a_la_naissance\"><\/span><strong>La p\u00e9riode pr\u00e9natale (de la conception \u00e0 la naissance)<\/strong><span class=\"ez-toc-section-end\"><\/span><\/h3>\n\n\n\n<p>Pendant la grossesse, le cerveau du b\u00e9b\u00e9 se d\u00e9veloppe \u00e0 une vitesse extraordinaire. D\u00e8s la 4\u1d49 semaine de grossesse, le cerveau de l\u2019embryon compte environ <strong>10 000 cellules<\/strong>. \u00c0 24 semaines, ce nombre atteint <strong>10 milliards<\/strong>. Cette croissance rapide rend le cerveau vuln\u00e9rable \u00e0 tout d\u00e9s\u00e9quilibre nutritionnel ou stress v\u00e9cu par la m\u00e8re.<\/p>\n\n\n\n<p>L\u2019<strong>alimentation de la m\u00e8re<\/strong> pendant la grossesse joue un r\u00f4le important. Les nutriments tels que le fer, le folate, le zinc, et les acides gras om\u00e9ga-3 sont essentiels au d\u00e9veloppement du cerveau et du syst\u00e8me nerveux. Un d\u00e9ficit en acide folique, par exemple, peut entra\u00eener des malformations comme le spina-bifida. C\u2019est pourquoi les <strong>agences r\u00e9gionales de sant\u00e9<\/strong> et le <strong>minist\u00e8re<\/strong> promeuvent une <strong>pr\u00e9vention<\/strong> ax\u00e9e sur la nutrition et les soins pr\u00e9nataux.<\/p>\n\n\n\n<h3 class=\"wp-block-heading\"><span class=\"ez-toc-section\" id=\"La_premiere_annee_de_vie_0_a_12_mois\"><\/span><strong>La premi\u00e8re ann\u00e9e de vie (0 \u00e0 12 mois)<\/strong><span class=\"ez-toc-section-end\"><\/span><\/h3>\n\n\n\n<p>\u00c0 la naissance, le cerveau du b\u00e9b\u00e9 continue sa croissance, avec le d\u00e9veloppement des fonctions motrices, de la coordination et de la m\u00e9moire. <a href=\"https:\/\/www.lespetitsculottes.com\/blog\/reussir-allaitement-bebe\/\" target=\"_blank\" rel=\"noreferrer noopener\"><strong>L&rsquo;allaitement maternel<\/strong><\/a> est donc vivement recommand\u00e9 par les <strong>professionnels de sant\u00e9<\/strong> et les <strong>politiques publiques<\/strong>. Le lait maternel est riche en nutriments, hormones et acides gras essentiels tels que le <a href=\"https:\/\/www.lespetitsculottes.com\/blog\/dha-dans-le-lait-infantile-un-allie-pour-le-developpement-cerebral-des-nourrissons\/\" target=\"_blank\" rel=\"noreferrer noopener\"><strong>DHA<\/strong><\/a> et l\u2019<strong>ARA<\/strong>, qui soutiennent la croissance c\u00e9r\u00e9brale.\u00a0<\/p>\n\n\n\n<p>Les <strong>liens affectifs<\/strong> constituent un \u00e9l\u00e9ment cl\u00e9 dans le d\u00e9veloppement de l\u2019enfant. La proximit\u00e9 et les interactions avec les parents renforcent les circuits \u00e9motionnels et sociaux du cerveau de l\u2019enfant. Chaque sourire, caresse, et mot doux contribue au bien-\u00eatre et \u00e0 l\u2019\u00e9panouissement du b\u00e9b\u00e9.<\/p>\n\n\n\n<p>D\u2019ailleurs, dans son ouvrage <em>Quarante voleurs en carence affective&nbsp;: bagarres animales et guerres humaines, <\/em>le neuropsychiatre <strong>Boris Cyrulnik<\/strong> met en lumi\u00e8re l&rsquo;impact de la <strong>carence affective chez l\u2019enfant<\/strong>.&nbsp;<\/p>\n\n\n\n<p>En effet, selon lui, le manque de liens affectifs stables et s\u00e9curisants emp\u00eache un d\u00e9veloppement psychologique et \u00e9motionnel sain. La carence affective, qu&rsquo;il d\u00e9finit comme un manque d\u2019affection et de structure \u00e9ducative protectrice, peut avoir de graves r\u00e9percussions sur l\u2019enfant.&nbsp;<\/p>\n\n\n\n<p><strong>Ainsi, l&rsquo;entourage affectif et les soins apport\u00e9s \u00e0 l&rsquo;enfant sont tout aussi d\u00e9terminants que l&rsquo;alimentation ou l\u2019environnement dans lesquels il grandit.<\/strong><\/p>\n\n\n\n<h3 class=\"wp-block-heading\"><span class=\"ez-toc-section\" id=\"La_deuxieme_annee_12_a_24_mois\"><\/span><strong>La deuxi\u00e8me ann\u00e9e (12 \u00e0 24 mois)<\/strong><span class=\"ez-toc-section-end\"><\/span><\/h3>\n\n\n\n<p>Dans la deuxi\u00e8me ann\u00e9e de vie, le cerveau est en pleine \u00e9bullition. Les <strong>synapses<\/strong> se multiplient \u00e0 une vitesse incroyable, permettant \u00e0 l\u2019enfant d\u2019apprendre \u00e0 parler, marcher et interagir. L\u2019<strong>alimentation<\/strong> reste au centre de ce d\u00e9veloppement. Le fer, les prot\u00e9ines, et le zinc sont essentiels pour soutenir le d\u00e9veloppement cognitif et le langage.<\/p>\n\n\n\n<p>\u00c0 ce stade, le r\u00f4le des <strong>parents<\/strong> est de cr\u00e9er un environnement stimulant et s\u00e9curisant. Des jeux interactifs, des lectures et des sorties en famille sont des moments cl\u00e9s pour enrichir les exp\u00e9riences de l\u2019enfant et soutenir son d\u00e9veloppement global.<\/p>\n\n\n\n<h2 class=\"wp-block-heading\"><span class=\"ez-toc-section\" id=\"Les_consequences_dune_nutrition_insuffisante_durant_les_1000_premiers_jours\"><\/span><strong>Les cons\u00e9quences d&rsquo;une nutrition insuffisante durant les 1000 premiers jours<\/strong><span class=\"ez-toc-section-end\"><\/span><\/h2>\n\n\n\n<p>Un apport nutritionnel insuffisant pendant les 1000 premiers jours peut entra\u00eener des retards de d\u00e9veloppement et des troubles cognitifs, affectant l\u2019<strong>adulte<\/strong> que l\u2019enfant deviendra. Des carences en fer, par exemple, peuvent alt\u00e9rer le d\u00e9veloppement cognitif, entra\u00eener des probl\u00e8mes de concentration et de comportement, et accro\u00eetre le risque de troubles \u00e9motionnels \u00e0 l&rsquo;\u00e2ge adulte.<\/p>\n\n\n\n<hr class=\"wp-block-separator has-alpha-channel-opacity\"\/>\n\n\n\n<p><strong><em>Info culott\u00e9e&nbsp;:&nbsp;<\/em><\/strong><\/p>\n\n\n\n<p><em>Pour accompagner les <\/em><strong><em>parents<\/em><\/strong><em> dans cette aventure unique, le <\/em><strong><em>minist\u00e8re de la Sant\u00e9 et de la Pr\u00e9vention<\/em><\/strong><em> et le <\/em><strong><em>minist\u00e8re des Solidarit\u00e9s et des Familles<\/em><\/strong><em> ont cr\u00e9\u00e9 l\u2019application \u00ab\u00a0Les 1000 premiers jours.\u00a0\u00bb Cette application propose un <\/em><strong><em>outil de pr\u00e9vention<\/em><\/strong><em> pour aider \u00e0 d\u00e9tecter la d\u00e9pression post-partum et propose des articles r\u00e9dig\u00e9s par des <\/em><strong><em>professionnels de sant\u00e9<\/em><\/strong><em>, adapt\u00e9s \u00e0 chaque \u00e9tape de la vie de b\u00e9b\u00e9. Disponible sur <\/em><a href=\"https:\/\/apps.apple.com\/us\/app\/1000-premiers-jours\/id1573729958\" target=\"_blank\" rel=\"noreferrer noopener nofollow\"><em>App Store<\/em><\/a><em> et <\/em><a href=\"https:\/\/play.google.com\/store\/apps\/details?id=com.fabrique.millejours&amp;hl=fr\" target=\"_blank\" rel=\"noreferrer noopener nofollow\"><em>Google Play<\/em><\/a><em>.<\/em><\/p>\n\n\n\n<hr class=\"wp-block-separator has-alpha-channel-opacity\"\/>\n\n\n\n<h2 class=\"wp-block-heading\"><span class=\"ez-toc-section\" id=\"Conseils_pratiques_pour_optimiser_les_1000_premiers_jours\"><\/span><strong>Conseils pratiques pour optimiser les 1000 premiers jours<\/strong><span class=\"ez-toc-section-end\"><\/span><\/h2>\n\n\n\n<h3 class=\"wp-block-heading\"><span class=\"ez-toc-section\" id=\"Pendant_la_grossesse\"><\/span><strong>Pendant la grossesse<\/strong><span class=\"ez-toc-section-end\"><\/span><\/h3>\n\n\n\n<ul class=\"wp-block-list\">\n<li><strong>Alimentation \u00e9quilibr\u00e9e<\/strong> : Adoptez une alimentation riche en nutriments essentiels tels que le fer, le folate, le calcium, les om\u00e9ga-3 et les prot\u00e9ines pour soutenir le d\u00e9veloppement optimal du f\u0153tus. Une bonne nutrition favorise le bon d\u00e9roulement de la grossesse et pr\u00e9pare le corps pour l\u2019allaitement. D\u00e9couvrez <a href=\"https:\/\/www.lespetitsculottes.com\/blog\/alimentation-et-grossesse-reflexes\/\" target=\"_blank\" rel=\"noreferrer noopener\"><strong>6 bons r\u00e9flexes alimentaires \u00e0 avoir pendant la grossesse<\/strong><\/a>.<\/li>\n<\/ul>\n\n\n\n<ul class=\"wp-block-list\">\n<li><strong>Suivi pr\u00e9natal<\/strong> : Respectez les rendez-vous pr\u00e9nataux pour surveiller la sant\u00e9 de la future maman et du b\u00e9b\u00e9. Les visites r\u00e9guli\u00e8res chez un professionnel de sant\u00e9 permettent de d\u00e9tecter d\u2019\u00e9ventuelles complications et de suivre le d\u00e9veloppement du f\u0153tus.<\/li>\n<\/ul>\n\n\n\n<ul class=\"wp-block-list\">\n<li><strong>\u00c9viter les substances nocives<\/strong> : Abstenez-vous de consommer de l&rsquo;alcool, du tabac et des drogues. Ces substances peuvent nuire au d\u00e9veloppement du cerveau et du corps de l\u2019enfant, et augmentent les risques de malformations et de troubles cognitifs.<\/li>\n<\/ul>\n\n\n\n<p>D\u00e9couvrez <a href=\"https:\/\/www.lespetitsculottes.com\/blog\/prendre-soin-soi-grossesse\/\" target=\"_blank\" rel=\"noreferrer noopener\"><strong>comment prendre soin de soi pendant la grossesse<\/strong><\/a>.<\/p>\n\n\n\n<h3 class=\"wp-block-heading\"><span class=\"ez-toc-section\" id=\"Apres_la_naissance\"><\/span><strong>Apr\u00e8s la naissance<\/strong><span class=\"ez-toc-section-end\"><\/span><\/h3>\n\n\n\n<ul class=\"wp-block-list\">\n<li><strong>Allaitement maternel<\/strong> : Si possible, allaitez votre b\u00e9b\u00e9. Le lait maternel est une source compl\u00e8te de nutriments, d&rsquo;anticorps et d&rsquo;acides gras essentiels (comme le DHA et l&rsquo;ARA) qui favorisent le d\u00e9veloppement cognitif et renforcent le syst\u00e8me immunitaire. Si l\u2019allaitement n&rsquo;est pas envisageable, choisissez un <strong>lait infantile <\/strong>de qualit\u00e9, riche en nutriments essentiels.<\/li>\n<\/ul>\n\n\n\n<ul class=\"wp-block-list\">\n<li><strong>Alimentation adapt\u00e9e<\/strong> : Introduisez progressivement des aliments solides \u00e0 partir de 6 mois, en suivant les recommandations des p\u00e9diatres. Optez pour une vari\u00e9t\u00e9 d&rsquo;aliments riches en vitamines et min\u00e9raux pour r\u00e9pondre aux besoins grandissants du b\u00e9b\u00e9.&nbsp;<\/li>\n<\/ul>\n\n\n\n<hr class=\"wp-block-separator has-alpha-channel-opacity\"\/>\n\n\n\n<p><strong><em>Recommandation culott\u00e9e&nbsp;:<\/em><\/strong><\/p>\n\n\n\n<p><em>Lorsque l\u2019allaitement n&rsquo;est pas possible, les parents sont invit\u00e9s \u00e0 choisir un <\/em><strong><em>lait infantile<\/em><\/strong><em> de qualit\u00e9, qui offre un apport nutritionnel similaire. Chez Les Petits Culott\u00e9s, nous savons \u00e0 quel point ces 1000 premiers jours sont pr\u00e9cieux. C&rsquo;est pourquoi nous proposons un <\/em><a href=\"https:\/\/www.lespetitsculottes.com\/fr\/content\/69-abonnement-lait\" target=\"_blank\" rel=\"noreferrer noopener\"><strong><em>abonnement lait b\u00e9b\u00e9 bio<\/em><\/strong><\/a><em> avec un ratio cas\u00e9ine prot\u00e9ine au plus proche du lait maternel.<\/em><\/p>\n\n\n\n<hr class=\"wp-block-separator has-alpha-channel-opacity\"\/>\n\n\n\n<ul class=\"wp-block-list\">\n<li><strong>Vaccinations<\/strong> : Respectez le calendrier vaccinal pour prot\u00e9ger votre enfant contre les maladies infectieuses. Les vaccinations sont essentielles pour la sant\u00e9 publique et la pr\u00e9vention des \u00e9pid\u00e9mies.<\/li>\n<\/ul>\n\n\n\n<ul class=\"wp-block-list\">\n<li><strong>Suivi m\u00e9dical<\/strong> : Respectez les rendez-vous de suivi p\u00e9diatrique pour surveiller la croissance, le d\u00e9veloppement de l&rsquo;enfant, et d\u00e9tecter les \u00e9ventuels retards ou probl\u00e8mes de sant\u00e9.<\/li>\n<\/ul>\n\n\n\n<h3 class=\"wp-block-heading\"><span class=\"ez-toc-section\" id=\"Developpement_cognitif_et_emotionnel\"><\/span><strong>D\u00e9veloppement cognitif et \u00e9motionnel<\/strong><span class=\"ez-toc-section-end\"><\/span><\/h3>\n\n\n\n<ul class=\"wp-block-list\">\n<li><strong>Interaction et communication<\/strong> : Parlez, chantez et jouez avec votre b\u00e9b\u00e9 pour stimuler ses capacit\u00e9s cognitives et \u00e9motionnelles. L&rsquo;attention et la communication verbale renforcent le lien d&rsquo;attachement et encouragent le d\u00e9veloppement du langage.<\/li>\n<\/ul>\n\n\n\n<ul class=\"wp-block-list\">\n<li><strong>Lecture<\/strong> : Introduisez la lecture d\u00e8s le plus jeune \u00e2ge. Les livres sont un excellent moyen de d\u00e9velopper l&rsquo;imagination, le langage et l&rsquo;amour de la lecture chez l\u2019enfant.<\/li>\n<\/ul>\n\n\n\n<ul class=\"wp-block-list\">\n<li><strong>Jeux \u00e9ducatifs<\/strong> : Utilisez des jeux et des jouets adapt\u00e9s \u00e0 chaque \u00e9tape du d\u00e9veloppement pour stimuler la curiosit\u00e9 et l\u2019apprentissage. Les jouets aux couleurs vives, de diff\u00e9rentes textures et aux sons doux favorisent la stimulation sensorielle.<\/li>\n<\/ul>\n\n\n\n<h3 class=\"wp-block-heading\"><span class=\"ez-toc-section\" id=\"Environnement_securise_et_stimulant\"><\/span><strong>Environnement s\u00e9curis\u00e9 et stimulant<\/strong><span class=\"ez-toc-section-end\"><\/span><\/h3>\n\n\n\n<ul class=\"wp-block-list\">\n<li><strong>S\u00e9curit\u00e9<\/strong> : Assurez-vous que l&rsquo;environnement de l&rsquo;enfant est s\u00e9curis\u00e9 pour pr\u00e9venir les accidents domestiques (barri\u00e8res de s\u00e9curit\u00e9, cache-prises, etc.). \u00c9vitez les jouets et produits contenant des substances chimiques nocives.<\/li>\n<\/ul>\n\n\n\n<ul class=\"wp-block-list\">\n<li><strong>Routine<\/strong> : \u00c9tablissez une routine quotidienne pour aider l\u2019enfant \u00e0 se sentir en s\u00e9curit\u00e9 et \u00e0 d\u00e9velopper un rythme de vie r\u00e9gulier. Les routines de sommeil, de repas et de jeux rassurent l\u2019enfant et l\u2019aident \u00e0 comprendre le d\u00e9roulement de sa journ\u00e9e.<\/li>\n<\/ul>\n\n\n\n<h3 class=\"wp-block-heading\"><span class=\"ez-toc-section\" id=\"Bien-etre_emotionnel\"><\/span><strong>Bien-\u00eatre \u00e9motionnel<\/strong><span class=\"ez-toc-section-end\"><\/span><\/h3>\n\n\n\n<ul class=\"wp-block-list\">\n<li><strong>Attachement<\/strong> : Favorisez un lien d&rsquo;attachement s\u00e9curisant avec votre enfant \u00e0 travers des c\u00e2lins, des baisers et des moments de tendresse. L&rsquo;attachement s\u00e9curisant est essentiel pour la confiance en soi et la sant\u00e9 \u00e9motionnelle future de l&rsquo;enfant.<\/li>\n<\/ul>\n\n\n\n<ul class=\"wp-block-list\">\n<li><strong>\u00c9coute et r\u00e9activit\u00e9<\/strong> : Soyez attentif aux besoins et aux signaux de votre b\u00e9b\u00e9. R\u00e9pondez de mani\u00e8re appropri\u00e9e pour lui montrer qu&rsquo;il est en s\u00e9curit\u00e9 et aim\u00e9.<\/li>\n<\/ul>\n\n\n\n<p>Les 1000 premiers jours ne sont pas seulement un enjeu pour l\u2019enfant, mais un d\u00e9fi pour la soci\u00e9t\u00e9 tout enti\u00e8re. Chaque geste, chaque attention port\u00e9e \u00e0 cette p\u00e9riode contribue \u00e0 b\u00e2tir le monde de demain. En soutenant les parents et en misant sur la <strong>pr\u00e9vention<\/strong> et l&rsquo;<strong>accompagnement<\/strong>, nous donnons \u00e0 chaque enfant une chance d&rsquo;\u00e9crire sa propre histoire, et \u00e0 l\u2019adulte qu\u2019il deviendra, de s\u2019\u00e9panouir pleinement.<\/p>\n\n\n\n<p><em>Cr\u00e9dit photo : \u00a9 Adobe Stock<\/em><\/p>\n","protected":false},"excerpt":{"rendered":"<p>Les 1000 premiers jours de l&rsquo;enfant, de la conception \u00e0 [&hellip;]<\/p>\n","protected":false},"author":3,"featured_media":3383,"comment_status":"closed","ping_status":"closed","sticky":false,"template":"","format":"standard","meta":{"footnotes":""},"categories":[11],"class_list":["post-3379","post","type-post","status-publish","format-standard","has-post-thumbnail","hentry","category-grossesse-et-parentalite"],"yoast_head":"<!-- This site is optimized with the Yoast SEO plugin v26.2 - https:\/\/yoast.com\/wordpress\/plugins\/seo\/ -->\n<title>Les 1000 premiers jours de l&#039;enfant : une \u00e9tape essentielle<\/title>\n<meta name=\"description\" content=\"Les 1000 premiers jours de l&#039;enfant, de la conception \u00e0 ses 2 ans, sont d\u00e9terminants pour sa sant\u00e9 et son avenir. D\u00e9couvrez pourquoi.\" \/>\n<meta name=\"robots\" content=\"index, follow, max-snippet:-1, max-image-preview:large, max-video-preview:-1\" \/>\n<link rel=\"canonical\" href=\"https:\/\/www.lespetitsculottes.com\/blog\/les-1000-premiers-jours-de-lenfant-une-periode-cle\/\" \/>\n<meta property=\"og:locale\" content=\"fr_FR\" \/>\n<meta property=\"og:type\" content=\"article\" \/>\n<meta property=\"og:title\" content=\"Les 1000 premiers jours de l&#039;enfant : une \u00e9tape essentielle\" \/>\n<meta property=\"og:description\" content=\"Les 1000 premiers jours de l&#039;enfant, de la conception \u00e0 ses 2 ans, sont d\u00e9terminants pour sa sant\u00e9 et son avenir. D\u00e9couvrez pourquoi.\" \/>\n<meta property=\"og:url\" content=\"https:\/\/www.lespetitsculottes.com\/blog\/les-1000-premiers-jours-de-lenfant-une-periode-cle\/\" \/>\n<meta property=\"og:site_name\" content=\"Les Petits Culott\u00e9s\" \/>\n<meta property=\"article:published_time\" content=\"2024-10-28T14:00:00+00:00\" \/>\n<meta property=\"og:image\" content=\"https:\/\/www.lespetitsculottes.com\/blog\/wp-content\/uploads\/2024\/10\/Les-1000-premiers-jours-de-lenfant.jpg\" \/>\n\t<meta property=\"og:image:width\" content=\"830\" \/>\n\t<meta property=\"og:image:height\" content=\"553\" \/>\n\t<meta property=\"og:image:type\" content=\"image\/jpeg\" \/>\n<meta name=\"author\" content=\"Matthieu Batteur\" \/>\n<meta name=\"twitter:card\" content=\"summary_large_image\" \/>\n<meta name=\"twitter:label1\" content=\"\u00c9crit par\" \/>\n\t<meta name=\"twitter:data1\" content=\"Matthieu Batteur\" \/>\n\t<meta name=\"twitter:label2\" content=\"Dur\u00e9e de lecture estim\u00e9e\" \/>\n\t<meta name=\"twitter:data2\" content=\"9 minutes\" \/>\n<script type=\"application\/ld+json\" class=\"yoast-schema-graph\">{\"@context\":\"https:\/\/schema.org\",\"@graph\":[{\"@type\":\"WebPage\",\"@id\":\"https:\/\/www.lespetitsculottes.com\/blog\/les-1000-premiers-jours-de-lenfant-une-periode-cle\/\",\"url\":\"https:\/\/www.lespetitsculottes.com\/blog\/les-1000-premiers-jours-de-lenfant-une-periode-cle\/\",\"name\":\"Les 1000 premiers jours de l'enfant : une \u00e9tape essentielle\",\"isPartOf\":{\"@id\":\"https:\/\/www.lespetitsculottes.com\/blog\/#website\"},\"primaryImageOfPage\":{\"@id\":\"https:\/\/www.lespetitsculottes.com\/blog\/les-1000-premiers-jours-de-lenfant-une-periode-cle\/#primaryimage\"},\"image\":{\"@id\":\"https:\/\/www.lespetitsculottes.com\/blog\/les-1000-premiers-jours-de-lenfant-une-periode-cle\/#primaryimage\"},\"thumbnailUrl\":\"https:\/\/www.lespetitsculottes.com\/blog\/wp-content\/uploads\/2024\/10\/Les-1000-premiers-jours-de-lenfant.jpg\",\"datePublished\":\"2024-10-28T14:00:00+00:00\",\"author\":{\"@id\":\"https:\/\/www.lespetitsculottes.com\/blog\/#\/schema\/person\/497831e9d8b4c1eb018613db53ea7306\"},\"description\":\"Les 1000 premiers jours de l'enfant, de la conception \u00e0 ses 2 ans, sont d\u00e9terminants pour sa sant\u00e9 et son avenir. D\u00e9couvrez pourquoi.\",\"breadcrumb\":{\"@id\":\"https:\/\/www.lespetitsculottes.com\/blog\/les-1000-premiers-jours-de-lenfant-une-periode-cle\/#breadcrumb\"},\"inLanguage\":\"fr-FR\",\"potentialAction\":[{\"@type\":\"ReadAction\",\"target\":[\"https:\/\/www.lespetitsculottes.com\/blog\/les-1000-premiers-jours-de-lenfant-une-periode-cle\/\"]}]},{\"@type\":\"ImageObject\",\"inLanguage\":\"fr-FR\",\"@id\":\"https:\/\/www.lespetitsculottes.com\/blog\/les-1000-premiers-jours-de-lenfant-une-periode-cle\/#primaryimage\",\"url\":\"https:\/\/www.lespetitsculottes.com\/blog\/wp-content\/uploads\/2024\/10\/Les-1000-premiers-jours-de-lenfant.jpg\",\"contentUrl\":\"https:\/\/www.lespetitsculottes.com\/blog\/wp-content\/uploads\/2024\/10\/Les-1000-premiers-jours-de-lenfant.jpg\",\"width\":830,\"height\":553,\"caption\":\"Les 1000 premiers jours de l'enfant : une p\u00e9riode cl\u00e9\"},{\"@type\":\"BreadcrumbList\",\"@id\":\"https:\/\/www.lespetitsculottes.com\/blog\/les-1000-premiers-jours-de-lenfant-une-periode-cle\/#breadcrumb\",\"itemListElement\":[{\"@type\":\"ListItem\",\"position\":1,\"name\":\"Home\",\"item\":\"https:\/\/www.lespetitsculottes.com\/blog\/\"},{\"@type\":\"ListItem\",\"position\":2,\"name\":\"Les 1000 premiers jours de l&rsquo;enfant : une p\u00e9riode cl\u00e9\"}]},{\"@type\":\"WebSite\",\"@id\":\"https:\/\/www.lespetitsculottes.com\/blog\/#website\",\"url\":\"https:\/\/www.lespetitsculottes.com\/blog\/\",\"name\":\"Les petits culott\u00e9s\",\"description\":\"Le blog des Petits Culott\u00e9s\",\"potentialAction\":[{\"@type\":\"SearchAction\",\"target\":{\"@type\":\"EntryPoint\",\"urlTemplate\":\"https:\/\/www.lespetitsculottes.com\/blog\/?s={search_term_string}\"},\"query-input\":{\"@type\":\"PropertyValueSpecification\",\"valueRequired\":true,\"valueName\":\"search_term_string\"}}],\"inLanguage\":\"fr-FR\"},{\"@type\":\"Person\",\"@id\":\"https:\/\/www.lespetitsculottes.com\/blog\/#\/schema\/person\/497831e9d8b4c1eb018613db53ea7306\",\"name\":\"Matthieu Batteur\",\"image\":{\"@type\":\"ImageObject\",\"inLanguage\":\"fr-FR\",\"@id\":\"https:\/\/www.lespetitsculottes.com\/blog\/#\/schema\/person\/image\/\",\"url\":\"https:\/\/secure.gravatar.com\/avatar\/5efc0f66265d64efd2d82aa618c9ee35984eb2ef196befc3dd3d10c1ce3b4b94?s=96&d=wp_user_avatar&r=g\",\"contentUrl\":\"https:\/\/secure.gravatar.com\/avatar\/5efc0f66265d64efd2d82aa618c9ee35984eb2ef196befc3dd3d10c1ce3b4b94?s=96&d=wp_user_avatar&r=g\",\"caption\":\"Matthieu Batteur\"},\"sameAs\":[\"http:\/\/matthieu.batteur\"],\"url\":\"https:\/\/www.lespetitsculottes.com\/blog\/auteur\/adminlpc\/\"}]}<\/script>\n<!-- \/ Yoast SEO plugin. -->","yoast_head_json":{"title":"Les 1000 premiers jours de l'enfant : une \u00e9tape essentielle","description":"Les 1000 premiers jours de l'enfant, de la conception \u00e0 ses 2 ans, sont d\u00e9terminants pour sa sant\u00e9 et son avenir. D\u00e9couvrez pourquoi.","robots":{"index":"index","follow":"follow","max-snippet":"max-snippet:-1","max-image-preview":"max-image-preview:large","max-video-preview":"max-video-preview:-1"},"canonical":"https:\/\/www.lespetitsculottes.com\/blog\/les-1000-premiers-jours-de-lenfant-une-periode-cle\/","og_locale":"fr_FR","og_type":"article","og_title":"Les 1000 premiers jours de l'enfant : une \u00e9tape essentielle","og_description":"Les 1000 premiers jours de l'enfant, de la conception \u00e0 ses 2 ans, sont d\u00e9terminants pour sa sant\u00e9 et son avenir. D\u00e9couvrez pourquoi.","og_url":"https:\/\/www.lespetitsculottes.com\/blog\/les-1000-premiers-jours-de-lenfant-une-periode-cle\/","og_site_name":"Les Petits Culott\u00e9s","article_published_time":"2024-10-28T14:00:00+00:00","og_image":[{"width":830,"height":553,"url":"https:\/\/www.lespetitsculottes.com\/blog\/wp-content\/uploads\/2024\/10\/Les-1000-premiers-jours-de-lenfant.jpg","type":"image\/jpeg"}],"author":"Matthieu Batteur","twitter_card":"summary_large_image","twitter_misc":{"\u00c9crit par":"Matthieu Batteur","Dur\u00e9e de lecture estim\u00e9e":"9 minutes"},"schema":{"@context":"https:\/\/schema.org","@graph":[{"@type":"WebPage","@id":"https:\/\/www.lespetitsculottes.com\/blog\/les-1000-premiers-jours-de-lenfant-une-periode-cle\/","url":"https:\/\/www.lespetitsculottes.com\/blog\/les-1000-premiers-jours-de-lenfant-une-periode-cle\/","name":"Les 1000 premiers jours de l'enfant : une \u00e9tape essentielle","isPartOf":{"@id":"https:\/\/www.lespetitsculottes.com\/blog\/#website"},"primaryImageOfPage":{"@id":"https:\/\/www.lespetitsculottes.com\/blog\/les-1000-premiers-jours-de-lenfant-une-periode-cle\/#primaryimage"},"image":{"@id":"https:\/\/www.lespetitsculottes.com\/blog\/les-1000-premiers-jours-de-lenfant-une-periode-cle\/#primaryimage"},"thumbnailUrl":"https:\/\/www.lespetitsculottes.com\/blog\/wp-content\/uploads\/2024\/10\/Les-1000-premiers-jours-de-lenfant.jpg","datePublished":"2024-10-28T14:00:00+00:00","author":{"@id":"https:\/\/www.lespetitsculottes.com\/blog\/#\/schema\/person\/497831e9d8b4c1eb018613db53ea7306"},"description":"Les 1000 premiers jours de l'enfant, de la conception \u00e0 ses 2 ans, sont d\u00e9terminants pour sa sant\u00e9 et son avenir. D\u00e9couvrez pourquoi.","breadcrumb":{"@id":"https:\/\/www.lespetitsculottes.com\/blog\/les-1000-premiers-jours-de-lenfant-une-periode-cle\/#breadcrumb"},"inLanguage":"fr-FR","potentialAction":[{"@type":"ReadAction","target":["https:\/\/www.lespetitsculottes.com\/blog\/les-1000-premiers-jours-de-lenfant-une-periode-cle\/"]}]},{"@type":"ImageObject","inLanguage":"fr-FR","@id":"https:\/\/www.lespetitsculottes.com\/blog\/les-1000-premiers-jours-de-lenfant-une-periode-cle\/#primaryimage","url":"https:\/\/www.lespetitsculottes.com\/blog\/wp-content\/uploads\/2024\/10\/Les-1000-premiers-jours-de-lenfant.jpg","contentUrl":"https:\/\/www.lespetitsculottes.com\/blog\/wp-content\/uploads\/2024\/10\/Les-1000-premiers-jours-de-lenfant.jpg","width":830,"height":553,"caption":"Les 1000 premiers jours de l'enfant : une p\u00e9riode cl\u00e9"},{"@type":"BreadcrumbList","@id":"https:\/\/www.lespetitsculottes.com\/blog\/les-1000-premiers-jours-de-lenfant-une-periode-cle\/#breadcrumb","itemListElement":[{"@type":"ListItem","position":1,"name":"Home","item":"https:\/\/www.lespetitsculottes.com\/blog\/"},{"@type":"ListItem","position":2,"name":"Les 1000 premiers jours de l&rsquo;enfant : une p\u00e9riode cl\u00e9"}]},{"@type":"WebSite","@id":"https:\/\/www.lespetitsculottes.com\/blog\/#website","url":"https:\/\/www.lespetitsculottes.com\/blog\/","name":"Les petits culott\u00e9s","description":"Le blog des Petits Culott\u00e9s","potentialAction":[{"@type":"SearchAction","target":{"@type":"EntryPoint","urlTemplate":"https:\/\/www.lespetitsculottes.com\/blog\/?s={search_term_string}"},"query-input":{"@type":"PropertyValueSpecification","valueRequired":true,"valueName":"search_term_string"}}],"inLanguage":"fr-FR"},{"@type":"Person","@id":"https:\/\/www.lespetitsculottes.com\/blog\/#\/schema\/person\/497831e9d8b4c1eb018613db53ea7306","name":"Matthieu Batteur","image":{"@type":"ImageObject","inLanguage":"fr-FR","@id":"https:\/\/www.lespetitsculottes.com\/blog\/#\/schema\/person\/image\/","url":"https:\/\/secure.gravatar.com\/avatar\/5efc0f66265d64efd2d82aa618c9ee35984eb2ef196befc3dd3d10c1ce3b4b94?s=96&d=wp_user_avatar&r=g","contentUrl":"https:\/\/secure.gravatar.com\/avatar\/5efc0f66265d64efd2d82aa618c9ee35984eb2ef196befc3dd3d10c1ce3b4b94?s=96&d=wp_user_avatar&r=g","caption":"Matthieu Batteur"},"sameAs":["http:\/\/matthieu.batteur"],"url":"https:\/\/www.lespetitsculottes.com\/blog\/auteur\/adminlpc\/"}]}},"_links":{"self":[{"href":"https:\/\/www.lespetitsculottes.com\/blog\/wp-json\/wp\/v2\/posts\/3379","targetHints":{"allow":["GET"]}}],"collection":[{"href":"https:\/\/www.lespetitsculottes.com\/blog\/wp-json\/wp\/v2\/posts"}],"about":[{"href":"https:\/\/www.lespetitsculottes.com\/blog\/wp-json\/wp\/v2\/types\/post"}],"author":[{"embeddable":true,"href":"https:\/\/www.lespetitsculottes.com\/blog\/wp-json\/wp\/v2\/users\/3"}],"replies":[{"embeddable":true,"href":"https:\/\/www.lespetitsculottes.com\/blog\/wp-json\/wp\/v2\/comments?post=3379"}],"version-history":[{"count":4,"href":"https:\/\/www.lespetitsculottes.com\/blog\/wp-json\/wp\/v2\/posts\/3379\/revisions"}],"predecessor-version":[{"id":3384,"href":"https:\/\/www.lespetitsculottes.com\/blog\/wp-json\/wp\/v2\/posts\/3379\/revisions\/3384"}],"wp:featuredmedia":[{"embeddable":true,"href":"https:\/\/www.lespetitsculottes.com\/blog\/wp-json\/wp\/v2\/media\/3383"}],"wp:attachment":[{"href":"https:\/\/www.lespetitsculottes.com\/blog\/wp-json\/wp\/v2\/media?parent=3379"}],"wp:term":[{"taxonomy":"category","embeddable":true,"href":"https:\/\/www.lespetitsculottes.com\/blog\/wp-json\/wp\/v2\/categories?post=3379"}],"curies":[{"name":"wp","href":"https:\/\/api.w.org\/{rel}","templated":true}]}}