{"id":3529,"date":"2024-12-26T16:00:00","date_gmt":"2024-12-26T15:00:00","guid":{"rendered":"https:\/\/www.lespetitsculottes.com\/blog\/?p=3529"},"modified":"2026-04-09T14:27:35","modified_gmt":"2026-04-09T12:27:35","slug":"ecole-maternelle-a-2-ans-bonne-ou-mauvaise-idee","status":"publish","type":"post","link":"https:\/\/www.lespetitsculottes.com\/blog\/ecole-maternelle-a-2-ans-bonne-ou-mauvaise-idee\/","title":{"rendered":"Faut-il inscrire son tout-petit \u00e0 la maternelle d\u00e8s 2 ans ?"},"content":{"rendered":"<div id=\"ez-toc-container\" class=\"ez-toc-v2_0_76 counter-hierarchy ez-toc-counter ez-toc-white ez-toc-container-direction\">\n<div class=\"ez-toc-title-container\"><p class=\"ez-toc-title\" style=\"cursor:inherit\">Sommaire<\/p>\n<\/div><nav><ul class='ez-toc-list ez-toc-list-level-1 ' ><li class='ez-toc-page-1 ez-toc-heading-level-2'><a class=\"ez-toc-link ez-toc-heading-1\" href=\"https:\/\/www.lespetitsculottes.com\/blog\/ecole-maternelle-a-2-ans-bonne-ou-mauvaise-idee\/#Lecole_maternelle_a_2_ans_pourquoi_ce_choix\" >L\u2019\u00e9cole maternelle \u00e0 2 ans, pourquoi ce choix ?<\/a><ul class='ez-toc-list-level-3' ><li class='ez-toc-heading-level-3'><a class=\"ez-toc-link ez-toc-heading-2\" href=\"https:\/\/www.lespetitsculottes.com\/blog\/ecole-maternelle-a-2-ans-bonne-ou-mauvaise-idee\/#Une_alternative_a_la_creche\" >Une alternative \u00e0 la cr\u00e8che<\/a><\/li><li class='ez-toc-page-1 ez-toc-heading-level-3'><a class=\"ez-toc-link ez-toc-heading-3\" href=\"https:\/\/www.lespetitsculottes.com\/blog\/ecole-maternelle-a-2-ans-bonne-ou-mauvaise-idee\/#Une_socialisation_precoce\" >Une socialisation pr\u00e9coce<\/a><\/li><li class='ez-toc-page-1 ez-toc-heading-level-3'><a class=\"ez-toc-link ez-toc-heading-4\" href=\"https:\/\/www.lespetitsculottes.com\/blog\/ecole-maternelle-a-2-ans-bonne-ou-mauvaise-idee\/#Une_organisation_adaptee_aux_parents\" >Une organisation adapt\u00e9e aux parents<\/a><\/li><\/ul><\/li><li class='ez-toc-page-1 ez-toc-heading-level-2'><a class=\"ez-toc-link ez-toc-heading-5\" href=\"https:\/\/www.lespetitsculottes.com\/blog\/ecole-maternelle-a-2-ans-bonne-ou-mauvaise-idee\/#Ecole_maternelle_a_2_ans_les_avantages_pour_lenfant\" >\u00c9cole maternelle \u00e0 2 ans : les avantages pour l\u2019enfant<\/a><ul class='ez-toc-list-level-3' ><li class='ez-toc-heading-level-3'><a class=\"ez-toc-link ez-toc-heading-6\" href=\"https:\/\/www.lespetitsculottes.com\/blog\/ecole-maternelle-a-2-ans-bonne-ou-mauvaise-idee\/#Une_structure_bienveillante_pour_leveil\" >Une structure bienveillante pour l\u2019\u00e9veil<\/a><\/li><li class='ez-toc-page-1 ez-toc-heading-level-3'><a class=\"ez-toc-link ez-toc-heading-7\" href=\"https:\/\/www.lespetitsculottes.com\/blog\/ecole-maternelle-a-2-ans-bonne-ou-mauvaise-idee\/#Une_preparation_en_douceur_a_lecole_%C2%AB_des_grands_%C2%BB\" >Une pr\u00e9paration en douceur \u00e0 l\u2019\u00e9cole \u00ab\u00a0des grands\u00a0\u00bb<\/a><\/li><li class='ez-toc-page-1 ez-toc-heading-level-3'><a class=\"ez-toc-link ez-toc-heading-8\" href=\"https:\/\/www.lespetitsculottes.com\/blog\/ecole-maternelle-a-2-ans-bonne-ou-mauvaise-idee\/#Un_cadre_pour_canaliser_son_energie\" >Un cadre pour canaliser son \u00e9nergie<\/a><\/li><\/ul><\/li><li class='ez-toc-page-1 ez-toc-heading-level-2'><a class=\"ez-toc-link ez-toc-heading-9\" href=\"https:\/\/www.lespetitsculottes.com\/blog\/ecole-maternelle-a-2-ans-bonne-ou-mauvaise-idee\/#Les_defis_et_points_de_vigilance\" >Les d\u00e9fis et points de vigilance<\/a><ul class='ez-toc-list-level-3' ><li class='ez-toc-heading-level-3'><a class=\"ez-toc-link ez-toc-heading-10\" href=\"https:\/\/www.lespetitsculottes.com\/blog\/ecole-maternelle-a-2-ans-bonne-ou-mauvaise-idee\/#Le_rythme_de_lenfant_un_critere_essentiel\" >Le rythme de l\u2019enfant, un crit\u00e8re essentiel<\/a><\/li><li class='ez-toc-page-1 ez-toc-heading-level-3'><a class=\"ez-toc-link ez-toc-heading-11\" href=\"https:\/\/www.lespetitsculottes.com\/blog\/ecole-maternelle-a-2-ans-bonne-ou-mauvaise-idee\/#La_proprete_une_etape_parfois_pas_encore_franchie\" >La propret\u00e9, une \u00e9tape parfois pas encore franchie<\/a><\/li><li class='ez-toc-page-1 ez-toc-heading-level-3'><a class=\"ez-toc-link ez-toc-heading-12\" href=\"https:\/\/www.lespetitsculottes.com\/blog\/ecole-maternelle-a-2-ans-bonne-ou-mauvaise-idee\/#La_separation_un_cap_parfois_delicat\" >La s\u00e9paration, un cap parfois d\u00e9licat<\/a><\/li><li class='ez-toc-page-1 ez-toc-heading-level-3'><a class=\"ez-toc-link ez-toc-heading-13\" href=\"https:\/\/www.lespetitsculottes.com\/blog\/ecole-maternelle-a-2-ans-bonne-ou-mauvaise-idee\/#Des_ecoles_pas_toujours_equipees\" >Des \u00e9coles pas toujours \u00e9quip\u00e9es<\/a><\/li><\/ul><\/li><li class='ez-toc-page-1 ez-toc-heading-level-2'><a class=\"ez-toc-link ez-toc-heading-14\" href=\"https:\/\/www.lespetitsculottes.com\/blog\/ecole-maternelle-a-2-ans-bonne-ou-mauvaise-idee\/#Comment_bien_preparer_lentree_a_lecole_des_2_ans\" >Comment bien pr\u00e9parer l\u2019entr\u00e9e \u00e0 l\u2019\u00e9cole d\u00e8s 2 ans ?<\/a><ul class='ez-toc-list-level-3' ><li class='ez-toc-heading-level-3'><a class=\"ez-toc-link ez-toc-heading-15\" href=\"https:\/\/www.lespetitsculottes.com\/blog\/ecole-maternelle-a-2-ans-bonne-ou-mauvaise-idee\/#Preparer_son_enfant_emotionnellement\" >Pr\u00e9parer son enfant \u00e9motionnellement<\/a><\/li><li class='ez-toc-page-1 ez-toc-heading-level-3'><a class=\"ez-toc-link ez-toc-heading-16\" href=\"https:\/\/www.lespetitsculottes.com\/blog\/ecole-maternelle-a-2-ans-bonne-ou-mauvaise-idee\/#Maintenir_une_routine_rassurante\" >Maintenir une routine rassurante<\/a><\/li><li class='ez-toc-page-1 ez-toc-heading-level-3'><a class=\"ez-toc-link ez-toc-heading-17\" href=\"https:\/\/www.lespetitsculottes.com\/blog\/ecole-maternelle-a-2-ans-bonne-ou-mauvaise-idee\/#Anticiper_les_besoins_materiels\" >Anticiper les besoins mat\u00e9riels<\/a><\/li><li class='ez-toc-page-1 ez-toc-heading-level-3'><a class=\"ez-toc-link ez-toc-heading-18\" href=\"https:\/\/www.lespetitsculottes.com\/blog\/ecole-maternelle-a-2-ans-bonne-ou-mauvaise-idee\/#Creer_un_lien_avec_lenseignant\" >Cr\u00e9er un lien avec l\u2019enseignant<\/a><\/li><\/ul><\/li><li class='ez-toc-page-1 ez-toc-heading-level-2'><a class=\"ez-toc-link ez-toc-heading-19\" href=\"https:\/\/www.lespetitsculottes.com\/blog\/ecole-maternelle-a-2-ans-bonne-ou-mauvaise-idee\/#Lecole_maternelle_a_2_ans_pour_qui\" >L\u2019\u00e9cole maternelle \u00e0 2 ans : pour qui ?<\/a><\/li><\/ul><\/nav><\/div>\n\n<p>Votre petit bout a \u00e0 peine souffl\u00e9 ses deux bougies que d\u00e9j\u00e0, une grande question se pose : faut-il l\u2019inscrire \u00e0 l\u2019\u00e9cole ? Entre curiosit\u00e9, enthousiasme et une pointe d\u2019appr\u00e9hension, ce choix n\u2019est pas toujours uniquement motiv\u00e9 par l\u2019envie ou l\u2019\u00e2ge de l\u2019enfant. Avec la difficult\u00e9 croissante d\u2019obtenir une place en cr\u00e8che, l\u2019\u00e9cole appara\u00eet souvent comme une solution pour de nombreux parents.<\/p>\n\n\n\n<p>Retrouvez dans cet article les cl\u00e9s pour mieux comprendre la <strong>scolarisation pr\u00e9coce<\/strong>, ses avantages, ses d\u00e9fis, et comment pr\u00e9parer cette grande \u00e9tape. Suivez le guide !&nbsp;<\/p>\n\n\n\n<h2 class=\"wp-block-heading\"><span class=\"ez-toc-section\" id=\"Lecole_maternelle_a_2_ans_pourquoi_ce_choix\"><\/span><strong>L\u2019\u00e9cole maternelle \u00e0 2 ans, pourquoi ce choix ?<\/strong><span class=\"ez-toc-section-end\"><\/span><\/h2>\n\n\n\n<h3 class=\"wp-block-heading\"><span class=\"ez-toc-section\" id=\"Une_alternative_a_la_creche\"><\/span><strong>Une alternative \u00e0 la cr\u00e8che<\/strong><span class=\"ez-toc-section-end\"><\/span><\/h3>\n\n\n\n<p><a href=\"https:\/\/www.lespetitsculottes.com\/blog\/trouver-place-creche-bebe\/\">Trouver une place en cr\u00e8che<\/a> est devenu un v\u00e9ritable parcours du combattant dans certaines r\u00e9gions. Entre les listes d\u2019attente interminables et des crit\u00e8res d\u2019attribution stricts, les familles se retrouvent souvent sans solution pour la garde de leur enfant. Dans ce contexte, la scolarisation pr\u00e9coce devient une option r\u00e9aliste et pratique, car elle offre une solution encadr\u00e9e et structur\u00e9e pour les tout-petits.<\/p>\n\n\n\n<h3 class=\"wp-block-heading\"><span class=\"ez-toc-section\" id=\"Une_socialisation_precoce\"><\/span><strong>Une socialisation pr\u00e9coce<\/strong><span class=\"ez-toc-section-end\"><\/span><\/h3>\n\n\n\n<p>\u00c0 2 ans, l\u2019enfant est dans une phase o\u00f9 il explore son environnement social. L\u2019\u00e9cole maternelle lui offre la possibilit\u00e9 d\u2019interagir avec d\u2019autres enfants et de d\u00e9velopper des comp\u00e9tences comme le partage, la patience et le respect des r\u00e8gles.<\/p>\n\n\n\n<h3 class=\"wp-block-heading\"><span class=\"ez-toc-section\" id=\"Une_organisation_adaptee_aux_parents\"><\/span><strong>Une organisation adapt\u00e9e aux parents<\/strong><span class=\"ez-toc-section-end\"><\/span><\/h3>\n\n\n\n<p>L\u2019\u00e9cole, avec ses horaires r\u00e9guliers, peut s\u2019int\u00e9grer plus facilement dans le quotidien des familles. C\u2019est une aide pr\u00e9cieuse, notamment pour les parents qui travaillent ou qui recherchent une alternative aux solutions de garde priv\u00e9es, souvent co\u00fbteuses.<\/p>\n\n\n\n<hr class=\"wp-block-separator has-alpha-channel-opacity\"\/>\n\n\n\n<p><strong><em>Info culott\u00e9e&nbsp;:&nbsp;<\/em><\/strong><\/p>\n\n\n\n<p><em>La scolarisation pr\u00e9coce a \u00e9t\u00e9 encourag\u00e9e par la loi d\u2019orientation de juillet 1989, connue sous le nom de loi Jospin, mise en place pour pallier le d\u00e9ficit de places en cr\u00e8che.<\/em><\/p>\n\n\n\n<hr class=\"wp-block-separator has-alpha-channel-opacity\"\/>\n\n\n\n<h2 class=\"wp-block-heading\"><span class=\"ez-toc-section\" id=\"Ecole_maternelle_a_2_ans_les_avantages_pour_lenfant\"><\/span>\u00c9cole maternelle \u00e0 2 ans : <strong>les avantages pour l\u2019enfant<\/strong><span class=\"ez-toc-section-end\"><\/span><\/h2>\n\n\n\n<h3 class=\"wp-block-heading\"><span class=\"ez-toc-section\" id=\"Une_structure_bienveillante_pour_leveil\"><\/span><strong>Une structure bienveillante pour l\u2019\u00e9veil<\/strong><span class=\"ez-toc-section-end\"><\/span><\/h3>\n\n\n\n<p>Les \u00e9coles accueillant des enfants de 2 ans proposent souvent des activit\u00e9s adapt\u00e9es : ateliers de motricit\u00e9, comptines, peinture, et bien plus. Ces stimulations favorisent le d\u00e9veloppement cognitif, langagier et \u00e9motionnel de l\u2019enfant.<\/p>\n\n\n\n<h3 class=\"wp-block-heading\"><span class=\"ez-toc-section\" id=\"Une_preparation_en_douceur_a_lecole_%C2%AB_des_grands_%C2%BB\"><\/span><strong>Une pr\u00e9paration en douceur \u00e0 l\u2019\u00e9cole \u00ab\u00a0des grands\u00a0\u00bb<\/strong><span class=\"ez-toc-section-end\"><\/span><\/h3>\n\n\n\n<p>L\u2019entr\u00e9e en petite section \u00e0 3 ans peut \u00eatre v\u00e9cue comme une transition plus naturelle si l\u2019enfant a d\u00e9j\u00e0 exp\u00e9riment\u00e9 la vie scolaire \u00e0 2 ans. Il apprend progressivement \u00e0 se s\u00e9parer de ses parents et \u00e0 s\u2019adapter \u00e0 un nouvel environnement.<\/p>\n\n\n\n<h3 class=\"wp-block-heading\"><span class=\"ez-toc-section\" id=\"Un_cadre_pour_canaliser_son_energie\"><\/span><strong>Un cadre pour canaliser son \u00e9nergie<\/strong><span class=\"ez-toc-section-end\"><\/span><\/h3>\n\n\n\n<p>Certains enfants tr\u00e8s curieux ou d\u00e9bordants d\u2019\u00e9nergie trouvent \u00e0 l\u2019\u00e9cole un cadre rassurant o\u00f9 ils peuvent s\u2019\u00e9panouir tout en apprenant \u00e0 respecter un rythme collectif.<\/p>\n\n\n\n<p><\/p>\n\n\n\n<h2 class=\"wp-block-heading\"><span class=\"ez-toc-section\" id=\"Les_defis_et_points_de_vigilance\"><\/span><strong>Les d\u00e9fis et points de vigilance<\/strong><span class=\"ez-toc-section-end\"><\/span><\/h2>\n\n\n\n<p><\/p>\n\n\n\n<h3 class=\"wp-block-heading\"><span class=\"ez-toc-section\" id=\"Le_rythme_de_lenfant_un_critere_essentiel\"><\/span>L<strong>e rythme de l\u2019enfant, un crit\u00e8re essentiel<\/strong><span class=\"ez-toc-section-end\"><\/span><\/h3>\n\n\n\n<p>\u00c0 2 ans, les enfants sont encore tr\u00e8s attach\u00e9s \u00e0 leurs besoins primaires comme la sieste, les c\u00e2lins et le jeu libre. Une journ\u00e9e d\u2019\u00e9cole peut \u00eatre fatigante, m\u00eame si elle est am\u00e9nag\u00e9e. Prenez en compte le rythme biologique de votre enfant avant de prendre une d\u00e9cision.<\/p>\n\n\n\n<h3 class=\"wp-block-heading\"><span class=\"ez-toc-section\" id=\"La_proprete_une_etape_parfois_pas_encore_franchie\"><\/span><strong>La propret\u00e9, une \u00e9tape parfois pas encore franchie<\/strong><span class=\"ez-toc-section-end\"><\/span><\/h3>\n\n\n\n<p>L\u2019un des d\u00e9fis majeurs pour les parents est la question de la propret\u00e9. De nombreuses \u00e9coles soient flexibles sur ce point pour les enfants de 2 ans portant une <a href=\"https:\/\/www.lespetitsculottes.com\/fr\/accueil\/9-abonnement-couche-bio.html\">couche-culotte<\/a>. Toutefois, certaines peuvent exiger que l\u2019enfant soit propre pour int\u00e9grer une classe. Cela peut poser un dilemme si votre petit bout n\u2019est pas encore tout \u00e0 fait pr\u00eat. Si c\u2019est le cas, n\u2019h\u00e9sitez pas \u00e0 discuter avec l\u2019\u00e9tablissement pour conna\u00eetre leurs attentes et envisager un accompagnement progressif.&nbsp;<\/p>\n\n\n\n<ul class=\"wp-block-list\">\n<li>D\u00e9couvrez comment accompagner votre enfant dans l\u2019apprentissage de la <a href=\"https:\/\/www.lespetitsculottes.com\/blog\/apprentissage-proprete\/\">propret\u00e9 diurne<\/a>.<\/li>\n<\/ul>\n\n\n\n<h3 class=\"wp-block-heading\"><span class=\"ez-toc-section\" id=\"La_separation_un_cap_parfois_delicat\"><\/span><strong>La s\u00e9paration, un cap parfois d\u00e9licat<\/strong><span class=\"ez-toc-section-end\"><\/span><\/h3>\n\n\n\n<p>La s\u00e9paration d\u2019avec les parents peut g\u00e9n\u00e9rer des pleurs et de l\u2019angoisse. Si votre enfant manifeste un fort attachement ou montre des signes de stress, il faudra peut-\u00eatre envisager une transition plus progressive, avec un accompagnement renforc\u00e9.<\/p>\n\n\n\n<h3 class=\"wp-block-heading\"><span class=\"ez-toc-section\" id=\"Des_ecoles_pas_toujours_equipees\"><\/span><strong>Des \u00e9coles pas toujours \u00e9quip\u00e9es<\/strong><span class=\"ez-toc-section-end\"><\/span><\/h3>\n\n\n\n<p>Si certaines \u00e9coles disposent de classes passerelles con\u00e7ues pour les enfants de 2 ans, ce n\u2019est pas le cas partout. Les infrastructures et les effectifs peuvent varier d\u2019une commune \u00e0 l\u2019autre. Avant d\u2019inscrire votre enfant, renseignez-vous sur les conditions d\u2019accueil.<\/p>\n\n\n\n<h2 class=\"wp-block-heading\"><span class=\"ez-toc-section\" id=\"Comment_bien_preparer_lentree_a_lecole_des_2_ans\"><\/span><strong>Comment bien pr\u00e9parer l\u2019entr\u00e9e \u00e0 l\u2019\u00e9cole d\u00e8s 2 ans ?<\/strong><span class=\"ez-toc-section-end\"><\/span><\/h2>\n\n\n\n<h3 class=\"wp-block-heading\"><span class=\"ez-toc-section\" id=\"Preparer_son_enfant_emotionnellement\"><\/span><strong>Pr\u00e9parer son enfant \u00e9motionnellement<\/strong><span class=\"ez-toc-section-end\"><\/span><\/h3>\n\n\n\n<p>Parlez-lui de l\u2019\u00e9cole avec enthousiasme. Expliquez-lui comment se d\u00e9rouleront ses journ\u00e9es et montrez-lui les locaux si possible. Des livres pour enfants sur le sujet peuvent aussi l\u2019aider \u00e0 visualiser et \u00e0 se projeter.<\/p>\n\n\n\n<h3 class=\"wp-block-heading\"><span class=\"ez-toc-section\" id=\"Maintenir_une_routine_rassurante\"><\/span><strong>Maintenir une routine rassurante<\/strong><span class=\"ez-toc-section-end\"><\/span><\/h3>\n\n\n\n<p>Pour que l\u2019\u00e9cole ne bouleverse pas totalement son quotidien, conservez des rituels matinaux et du soir. Ces moments de douceur l\u2019aideront \u00e0 se sentir en s\u00e9curit\u00e9.<\/p>\n\n\n\n<h3 class=\"wp-block-heading\"><span class=\"ez-toc-section\" id=\"Anticiper_les_besoins_materiels\"><\/span><strong>Anticiper les besoins mat\u00e9riels<\/strong><span class=\"ez-toc-section-end\"><\/span><\/h3>\n\n\n\n<p>Pour faciliter cette transition, assurez-vous que votre enfant dispose d\u2019affaires qui lui rappellent la maison : un <a href=\"https:\/\/www.lespetitsculottes.com\/blog\/doudou-bebe\/\">doudou<\/a>, une gourde ou une couverture pour la sieste.<\/p>\n\n\n\n<h3 class=\"wp-block-heading\"><span class=\"ez-toc-section\" id=\"Creer_un_lien_avec_lenseignant\"><\/span><strong>Cr\u00e9er un lien avec l\u2019enseignant<\/strong><span class=\"ez-toc-section-end\"><\/span><\/h3>\n\n\n\n<p>N\u2019h\u00e9sitez pas \u00e0 \u00e9changer r\u00e9guli\u00e8rement avec l\u2019enseignant et le personnel encadrant. Ils sauront vous rassurer et vous informer sur l\u2019adaptation de votre enfant.<\/p>\n\n\n\n<h2 class=\"wp-block-heading\"><span class=\"ez-toc-section\" id=\"Lecole_maternelle_a_2_ans_pour_qui\"><\/span><strong>L\u2019\u00e9cole maternelle \u00e0 2 ans : pour qui ?<\/strong><span class=\"ez-toc-section-end\"><\/span><\/h2>\n\n\n\n<p>Cette option est id\u00e9ale pour les enfants qui :<\/p>\n\n\n\n<ul class=\"wp-block-list\">\n<li>montrent un int\u00e9r\u00eat pour les autres enfants et les activit\u00e9s collectives,<\/li>\n\n\n\n<li>s\u2019adaptent facilement \u00e0 de nouveaux environnements,<\/li>\n\n\n\n<li>sont pr\u00eats \u00e0 se d\u00e9tacher progressivement du cocon familial.<\/li>\n<\/ul>\n\n\n\n<p>Cependant, elle peut \u00eatre plus difficile pour les petits ayant encore besoin de beaucoup de proximit\u00e9 avec leurs parents ou d\u2019un rythme plus souple. <\/p>\n\n\n\n<p>L\u2019\u00e9cole maternelle \u00e0 2 ans peut \u00eatre une formidable opportunit\u00e9 pour les enfants et une solution pr\u00e9cieuse pour les parents confront\u00e9s \u00e0 un manque de places en cr\u00e8che. Cependant, elle doit \u00eatre r\u00e9fl\u00e9chie en fonction des besoins de votre enfant et des alternatives disponibles. Certains enfants, notamment ceux ayant besoin d\u2019un cadre plus intimiste ou d\u2019une attention plus individualis\u00e9e, pourront s\u2019\u00e9panouir davantage chez une assistante maternelle. L\u2019essentiel est de prendre le temps d\u2019observer, de discuter avec les professionnels et de suivre votre instinct. Vous seul(e)s savez ce qui est le mieux pour votre petit bout.&nbsp;<\/p>\n\n\n\n<p><em>Cr\u00e9dit photo : \u00a9 AdobeStock<\/em><a href=\"https:\/\/www.lespetitsculottes.com\/#facebook\" target=\"_blank\" rel=\"noreferrer noopener\"><\/a><\/p>\n","protected":false},"excerpt":{"rendered":"<p>Votre petit bout a \u00e0 peine souffl\u00e9 ses deux bougies [&hellip;]<\/p>\n","protected":false},"author":3,"featured_media":3532,"comment_status":"closed","ping_status":"closed","sticky":false,"template":"","format":"standard","meta":{"footnotes":""},"categories":[11],"class_list":["post-3529","post","type-post","status-publish","format-standard","has-post-thumbnail","hentry","category-grossesse-et-parentalite"],"yoast_head":"<!-- This site is optimized with the Yoast SEO plugin v26.2 - https:\/\/yoast.com\/wordpress\/plugins\/seo\/ -->\n<title>Maternelle \u00e0 2 ans : TPS bonne ou mauvaise id\u00e9e ?<\/title>\n<meta name=\"description\" content=\"Faut-il inscrire un enfant \u00e0 l\u2019\u00e9cole maternelle \u00e0 2 ans ? D\u00e9couvrez les avantages, d\u00e9fis et conseils pour r\u00e9ussir une scolarisation pr\u00e9coce.\" \/>\n<meta name=\"robots\" content=\"index, follow, max-snippet:-1, max-image-preview:large, max-video-preview:-1\" \/>\n<link rel=\"canonical\" href=\"https:\/\/www.lespetitsculottes.com\/blog\/ecole-maternelle-a-2-ans-bonne-ou-mauvaise-idee\/\" \/>\n<meta property=\"og:locale\" content=\"fr_FR\" \/>\n<meta property=\"og:type\" content=\"article\" \/>\n<meta property=\"og:title\" content=\"Maternelle \u00e0 2 ans : TPS bonne ou mauvaise id\u00e9e ?\" \/>\n<meta property=\"og:description\" content=\"Faut-il inscrire un enfant \u00e0 l\u2019\u00e9cole maternelle \u00e0 2 ans ? D\u00e9couvrez les avantages, d\u00e9fis et conseils pour r\u00e9ussir une scolarisation pr\u00e9coce.\" \/>\n<meta property=\"og:url\" content=\"https:\/\/www.lespetitsculottes.com\/blog\/ecole-maternelle-a-2-ans-bonne-ou-mauvaise-idee\/\" \/>\n<meta property=\"og:site_name\" content=\"Les Petits Culott\u00e9s\" \/>\n<meta property=\"article:published_time\" content=\"2024-12-26T15:00:00+00:00\" \/>\n<meta property=\"article:modified_time\" content=\"2026-04-09T12:27:35+00:00\" \/>\n<meta property=\"og:image\" content=\"https:\/\/www.lespetitsculottes.com\/blog\/wp-content\/uploads\/2024\/12\/ecole-maternelle-2ans.jpg\" \/>\n\t<meta property=\"og:image:width\" content=\"830\" \/>\n\t<meta property=\"og:image:height\" content=\"550\" \/>\n\t<meta property=\"og:image:type\" content=\"image\/jpeg\" \/>\n<meta name=\"author\" content=\"Matthieu Batteur\" \/>\n<meta name=\"twitter:card\" content=\"summary_large_image\" \/>\n<meta name=\"twitter:label1\" content=\"\u00c9crit par\" \/>\n\t<meta name=\"twitter:data1\" content=\"Matthieu Batteur\" \/>\n\t<meta name=\"twitter:label2\" content=\"Dur\u00e9e de lecture estim\u00e9e\" \/>\n\t<meta name=\"twitter:data2\" content=\"6 minutes\" \/>\n<script type=\"application\/ld+json\" class=\"yoast-schema-graph\">{\"@context\":\"https:\/\/schema.org\",\"@graph\":[{\"@type\":\"WebPage\",\"@id\":\"https:\/\/www.lespetitsculottes.com\/blog\/ecole-maternelle-a-2-ans-bonne-ou-mauvaise-idee\/\",\"url\":\"https:\/\/www.lespetitsculottes.com\/blog\/ecole-maternelle-a-2-ans-bonne-ou-mauvaise-idee\/\",\"name\":\"Maternelle \u00e0 2 ans : TPS bonne ou mauvaise id\u00e9e ?\",\"isPartOf\":{\"@id\":\"https:\/\/www.lespetitsculottes.com\/blog\/#website\"},\"primaryImageOfPage\":{\"@id\":\"https:\/\/www.lespetitsculottes.com\/blog\/ecole-maternelle-a-2-ans-bonne-ou-mauvaise-idee\/#primaryimage\"},\"image\":{\"@id\":\"https:\/\/www.lespetitsculottes.com\/blog\/ecole-maternelle-a-2-ans-bonne-ou-mauvaise-idee\/#primaryimage\"},\"thumbnailUrl\":\"https:\/\/www.lespetitsculottes.com\/blog\/wp-content\/uploads\/2024\/12\/ecole-maternelle-2ans.jpg\",\"datePublished\":\"2024-12-26T15:00:00+00:00\",\"dateModified\":\"2026-04-09T12:27:35+00:00\",\"author\":{\"@id\":\"https:\/\/www.lespetitsculottes.com\/blog\/#\/schema\/person\/497831e9d8b4c1eb018613db53ea7306\"},\"description\":\"Faut-il inscrire un enfant \u00e0 l\u2019\u00e9cole maternelle \u00e0 2 ans ? D\u00e9couvrez les avantages, d\u00e9fis et conseils pour r\u00e9ussir une scolarisation pr\u00e9coce.\",\"breadcrumb\":{\"@id\":\"https:\/\/www.lespetitsculottes.com\/blog\/ecole-maternelle-a-2-ans-bonne-ou-mauvaise-idee\/#breadcrumb\"},\"inLanguage\":\"fr-FR\",\"potentialAction\":[{\"@type\":\"ReadAction\",\"target\":[\"https:\/\/www.lespetitsculottes.com\/blog\/ecole-maternelle-a-2-ans-bonne-ou-mauvaise-idee\/\"]}]},{\"@type\":\"ImageObject\",\"inLanguage\":\"fr-FR\",\"@id\":\"https:\/\/www.lespetitsculottes.com\/blog\/ecole-maternelle-a-2-ans-bonne-ou-mauvaise-idee\/#primaryimage\",\"url\":\"https:\/\/www.lespetitsculottes.com\/blog\/wp-content\/uploads\/2024\/12\/ecole-maternelle-2ans.jpg\",\"contentUrl\":\"https:\/\/www.lespetitsculottes.com\/blog\/wp-content\/uploads\/2024\/12\/ecole-maternelle-2ans.jpg\",\"width\":830,\"height\":550,\"caption\":\"\u00c9cole maternelle \u00e0 2 ans : bonne ou mauvaise id\u00e9e ?\"},{\"@type\":\"BreadcrumbList\",\"@id\":\"https:\/\/www.lespetitsculottes.com\/blog\/ecole-maternelle-a-2-ans-bonne-ou-mauvaise-idee\/#breadcrumb\",\"itemListElement\":[{\"@type\":\"ListItem\",\"position\":1,\"name\":\"Home\",\"item\":\"https:\/\/www.lespetitsculottes.com\/blog\/\"},{\"@type\":\"ListItem\",\"position\":2,\"name\":\"Faut-il inscrire son tout-petit \u00e0 la maternelle d\u00e8s 2 ans ?\"}]},{\"@type\":\"WebSite\",\"@id\":\"https:\/\/www.lespetitsculottes.com\/blog\/#website\",\"url\":\"https:\/\/www.lespetitsculottes.com\/blog\/\",\"name\":\"Les petits culott\u00e9s\",\"description\":\"Le blog des Petits Culott\u00e9s\",\"potentialAction\":[{\"@type\":\"SearchAction\",\"target\":{\"@type\":\"EntryPoint\",\"urlTemplate\":\"https:\/\/www.lespetitsculottes.com\/blog\/?s={search_term_string}\"},\"query-input\":{\"@type\":\"PropertyValueSpecification\",\"valueRequired\":true,\"valueName\":\"search_term_string\"}}],\"inLanguage\":\"fr-FR\"},{\"@type\":\"Person\",\"@id\":\"https:\/\/www.lespetitsculottes.com\/blog\/#\/schema\/person\/497831e9d8b4c1eb018613db53ea7306\",\"name\":\"Matthieu Batteur\",\"image\":{\"@type\":\"ImageObject\",\"inLanguage\":\"fr-FR\",\"@id\":\"https:\/\/www.lespetitsculottes.com\/blog\/#\/schema\/person\/image\/\",\"url\":\"https:\/\/secure.gravatar.com\/avatar\/5efc0f66265d64efd2d82aa618c9ee35984eb2ef196befc3dd3d10c1ce3b4b94?s=96&d=wp_user_avatar&r=g\",\"contentUrl\":\"https:\/\/secure.gravatar.com\/avatar\/5efc0f66265d64efd2d82aa618c9ee35984eb2ef196befc3dd3d10c1ce3b4b94?s=96&d=wp_user_avatar&r=g\",\"caption\":\"Matthieu Batteur\"},\"sameAs\":[\"http:\/\/matthieu.batteur\"],\"url\":\"https:\/\/www.lespetitsculottes.com\/blog\/auteur\/adminlpc\/\"}]}<\/script>\n<!-- \/ Yoast SEO plugin. -->","yoast_head_json":{"title":"Maternelle \u00e0 2 ans : TPS bonne ou mauvaise id\u00e9e ?","description":"Faut-il inscrire un enfant \u00e0 l\u2019\u00e9cole maternelle \u00e0 2 ans ? D\u00e9couvrez les avantages, d\u00e9fis et conseils pour r\u00e9ussir une scolarisation pr\u00e9coce.","robots":{"index":"index","follow":"follow","max-snippet":"max-snippet:-1","max-image-preview":"max-image-preview:large","max-video-preview":"max-video-preview:-1"},"canonical":"https:\/\/www.lespetitsculottes.com\/blog\/ecole-maternelle-a-2-ans-bonne-ou-mauvaise-idee\/","og_locale":"fr_FR","og_type":"article","og_title":"Maternelle \u00e0 2 ans : TPS bonne ou mauvaise id\u00e9e ?","og_description":"Faut-il inscrire un enfant \u00e0 l\u2019\u00e9cole maternelle \u00e0 2 ans ? D\u00e9couvrez les avantages, d\u00e9fis et conseils pour r\u00e9ussir une scolarisation pr\u00e9coce.","og_url":"https:\/\/www.lespetitsculottes.com\/blog\/ecole-maternelle-a-2-ans-bonne-ou-mauvaise-idee\/","og_site_name":"Les Petits Culott\u00e9s","article_published_time":"2024-12-26T15:00:00+00:00","article_modified_time":"2026-04-09T12:27:35+00:00","og_image":[{"width":830,"height":550,"url":"https:\/\/www.lespetitsculottes.com\/blog\/wp-content\/uploads\/2024\/12\/ecole-maternelle-2ans.jpg","type":"image\/jpeg"}],"author":"Matthieu Batteur","twitter_card":"summary_large_image","twitter_misc":{"\u00c9crit par":"Matthieu Batteur","Dur\u00e9e de lecture estim\u00e9e":"6 minutes"},"schema":{"@context":"https:\/\/schema.org","@graph":[{"@type":"WebPage","@id":"https:\/\/www.lespetitsculottes.com\/blog\/ecole-maternelle-a-2-ans-bonne-ou-mauvaise-idee\/","url":"https:\/\/www.lespetitsculottes.com\/blog\/ecole-maternelle-a-2-ans-bonne-ou-mauvaise-idee\/","name":"Maternelle \u00e0 2 ans : TPS bonne ou mauvaise id\u00e9e ?","isPartOf":{"@id":"https:\/\/www.lespetitsculottes.com\/blog\/#website"},"primaryImageOfPage":{"@id":"https:\/\/www.lespetitsculottes.com\/blog\/ecole-maternelle-a-2-ans-bonne-ou-mauvaise-idee\/#primaryimage"},"image":{"@id":"https:\/\/www.lespetitsculottes.com\/blog\/ecole-maternelle-a-2-ans-bonne-ou-mauvaise-idee\/#primaryimage"},"thumbnailUrl":"https:\/\/www.lespetitsculottes.com\/blog\/wp-content\/uploads\/2024\/12\/ecole-maternelle-2ans.jpg","datePublished":"2024-12-26T15:00:00+00:00","dateModified":"2026-04-09T12:27:35+00:00","author":{"@id":"https:\/\/www.lespetitsculottes.com\/blog\/#\/schema\/person\/497831e9d8b4c1eb018613db53ea7306"},"description":"Faut-il inscrire un enfant \u00e0 l\u2019\u00e9cole maternelle \u00e0 2 ans ? D\u00e9couvrez les avantages, d\u00e9fis et conseils pour r\u00e9ussir une scolarisation pr\u00e9coce.","breadcrumb":{"@id":"https:\/\/www.lespetitsculottes.com\/blog\/ecole-maternelle-a-2-ans-bonne-ou-mauvaise-idee\/#breadcrumb"},"inLanguage":"fr-FR","potentialAction":[{"@type":"ReadAction","target":["https:\/\/www.lespetitsculottes.com\/blog\/ecole-maternelle-a-2-ans-bonne-ou-mauvaise-idee\/"]}]},{"@type":"ImageObject","inLanguage":"fr-FR","@id":"https:\/\/www.lespetitsculottes.com\/blog\/ecole-maternelle-a-2-ans-bonne-ou-mauvaise-idee\/#primaryimage","url":"https:\/\/www.lespetitsculottes.com\/blog\/wp-content\/uploads\/2024\/12\/ecole-maternelle-2ans.jpg","contentUrl":"https:\/\/www.lespetitsculottes.com\/blog\/wp-content\/uploads\/2024\/12\/ecole-maternelle-2ans.jpg","width":830,"height":550,"caption":"\u00c9cole maternelle \u00e0 2 ans : bonne ou mauvaise id\u00e9e ?"},{"@type":"BreadcrumbList","@id":"https:\/\/www.lespetitsculottes.com\/blog\/ecole-maternelle-a-2-ans-bonne-ou-mauvaise-idee\/#breadcrumb","itemListElement":[{"@type":"ListItem","position":1,"name":"Home","item":"https:\/\/www.lespetitsculottes.com\/blog\/"},{"@type":"ListItem","position":2,"name":"Faut-il inscrire son tout-petit \u00e0 la maternelle d\u00e8s 2 ans ?"}]},{"@type":"WebSite","@id":"https:\/\/www.lespetitsculottes.com\/blog\/#website","url":"https:\/\/www.lespetitsculottes.com\/blog\/","name":"Les petits culott\u00e9s","description":"Le blog des Petits Culott\u00e9s","potentialAction":[{"@type":"SearchAction","target":{"@type":"EntryPoint","urlTemplate":"https:\/\/www.lespetitsculottes.com\/blog\/?s={search_term_string}"},"query-input":{"@type":"PropertyValueSpecification","valueRequired":true,"valueName":"search_term_string"}}],"inLanguage":"fr-FR"},{"@type":"Person","@id":"https:\/\/www.lespetitsculottes.com\/blog\/#\/schema\/person\/497831e9d8b4c1eb018613db53ea7306","name":"Matthieu Batteur","image":{"@type":"ImageObject","inLanguage":"fr-FR","@id":"https:\/\/www.lespetitsculottes.com\/blog\/#\/schema\/person\/image\/","url":"https:\/\/secure.gravatar.com\/avatar\/5efc0f66265d64efd2d82aa618c9ee35984eb2ef196befc3dd3d10c1ce3b4b94?s=96&d=wp_user_avatar&r=g","contentUrl":"https:\/\/secure.gravatar.com\/avatar\/5efc0f66265d64efd2d82aa618c9ee35984eb2ef196befc3dd3d10c1ce3b4b94?s=96&d=wp_user_avatar&r=g","caption":"Matthieu Batteur"},"sameAs":["http:\/\/matthieu.batteur"],"url":"https:\/\/www.lespetitsculottes.com\/blog\/auteur\/adminlpc\/"}]}},"_links":{"self":[{"href":"https:\/\/www.lespetitsculottes.com\/blog\/wp-json\/wp\/v2\/posts\/3529","targetHints":{"allow":["GET"]}}],"collection":[{"href":"https:\/\/www.lespetitsculottes.com\/blog\/wp-json\/wp\/v2\/posts"}],"about":[{"href":"https:\/\/www.lespetitsculottes.com\/blog\/wp-json\/wp\/v2\/types\/post"}],"author":[{"embeddable":true,"href":"https:\/\/www.lespetitsculottes.com\/blog\/wp-json\/wp\/v2\/users\/3"}],"replies":[{"embeddable":true,"href":"https:\/\/www.lespetitsculottes.com\/blog\/wp-json\/wp\/v2\/comments?post=3529"}],"version-history":[{"count":6,"href":"https:\/\/www.lespetitsculottes.com\/blog\/wp-json\/wp\/v2\/posts\/3529\/revisions"}],"predecessor-version":[{"id":4769,"href":"https:\/\/www.lespetitsculottes.com\/blog\/wp-json\/wp\/v2\/posts\/3529\/revisions\/4769"}],"wp:featuredmedia":[{"embeddable":true,"href":"https:\/\/www.lespetitsculottes.com\/blog\/wp-json\/wp\/v2\/media\/3532"}],"wp:attachment":[{"href":"https:\/\/www.lespetitsculottes.com\/blog\/wp-json\/wp\/v2\/media?parent=3529"}],"wp:term":[{"taxonomy":"category","embeddable":true,"href":"https:\/\/www.lespetitsculottes.com\/blog\/wp-json\/wp\/v2\/categories?post=3529"}],"curies":[{"name":"wp","href":"https:\/\/api.w.org\/{rel}","templated":true}]}}