{"id":3668,"date":"2025-02-24T15:00:00","date_gmt":"2025-02-24T14:00:00","guid":{"rendered":"https:\/\/www.lespetitsculottes.com\/blog\/?p=3668"},"modified":"2025-09-10T17:19:34","modified_gmt":"2025-09-10T15:19:34","slug":"idees-de-recettes-pour-un-bebe-de-12-a-18-mois","status":"publish","type":"post","link":"https:\/\/www.lespetitsculottes.com\/blog\/idees-de-recettes-pour-un-bebe-de-12-a-18-mois\/","title":{"rendered":"Id\u00e9es de recettes pour un b\u00e9b\u00e9 de 12 \u00e0 18 mois"},"content":{"rendered":"<div id=\"ez-toc-container\" class=\"ez-toc-v2_0_76 counter-hierarchy ez-toc-counter ez-toc-white ez-toc-container-direction\">\n<div class=\"ez-toc-title-container\"><p class=\"ez-toc-title\" style=\"cursor:inherit\">Sommaire<\/p>\n<\/div><nav><ul class='ez-toc-list ez-toc-list-level-1 ' ><li class='ez-toc-page-1 ez-toc-heading-level-2'><a class=\"ez-toc-link ez-toc-heading-1\" href=\"https:\/\/www.lespetitsculottes.com\/blog\/idees-de-recettes-pour-un-bebe-de-12-a-18-mois\/#Les_bases_dune_alimentation_equilibree_pour_un_bebe_de_12_a_18_mois\" >Les bases d\u2019une alimentation \u00e9quilibr\u00e9e pour un b\u00e9b\u00e9 de 12 \u00e0 18 mois<\/a><\/li><li class='ez-toc-page-1 ez-toc-heading-level-2'><a class=\"ez-toc-link ez-toc-heading-2\" href=\"https:\/\/www.lespetitsculottes.com\/blog\/idees-de-recettes-pour-un-bebe-de-12-a-18-mois\/#Repas_types_pour_un_bebe_de_12_a_18_mois\" >Repas types pour un b\u00e9b\u00e9 de 12 \u00e0 18 mois<\/a><\/li><li class='ez-toc-page-1 ez-toc-heading-level-2'><a class=\"ez-toc-link ez-toc-heading-3\" href=\"https:\/\/www.lespetitsculottes.com\/blog\/idees-de-recettes-pour-un-bebe-de-12-a-18-mois\/#Recettes_salees_pour_les_petits_gourmands_de_12_a_18_mois\" >Recettes sal\u00e9es pour les petits gourmands de 12 \u00e0 18 mois<\/a><ul class='ez-toc-list-level-3' ><li class='ez-toc-heading-level-3'><a class=\"ez-toc-link ez-toc-heading-4\" href=\"https:\/\/www.lespetitsculottes.com\/blog\/idees-de-recettes-pour-un-bebe-de-12-a-18-mois\/#Mini_galettes_de_legumes_et_fromage\" >Mini galettes de l\u00e9gumes et fromage<\/a><\/li><li class='ez-toc-page-1 ez-toc-heading-level-3'><a class=\"ez-toc-link ez-toc-heading-5\" href=\"https:\/\/www.lespetitsculottes.com\/blog\/idees-de-recettes-pour-un-bebe-de-12-a-18-mois\/#Risotto_fondant_aux_legumes_et_poulet\" >Risotto fondant aux l\u00e9gumes et poulet<\/a><\/li><li class='ez-toc-page-1 ez-toc-heading-level-3'><a class=\"ez-toc-link ez-toc-heading-6\" href=\"https:\/\/www.lespetitsculottes.com\/blog\/idees-de-recettes-pour-un-bebe-de-12-a-18-mois\/#Pates_aux_petits_pois_et_ricotta\" >P\u00e2tes aux petits pois et ricotta<\/a><\/li><\/ul><\/li><li class='ez-toc-page-1 ez-toc-heading-level-2'><a class=\"ez-toc-link ez-toc-heading-7\" href=\"https:\/\/www.lespetitsculottes.com\/blog\/idees-de-recettes-pour-un-bebe-de-12-a-18-mois\/#Recettes_sucrees_pour_eveiller_bebe_aux_saveurs_naturelles\" >Recettes sucr\u00e9es pour \u00e9veiller b\u00e9b\u00e9 aux saveurs naturelles<\/a><ul class='ez-toc-list-level-3' ><li class='ez-toc-heading-level-3'><a class=\"ez-toc-link ez-toc-heading-8\" href=\"https:\/\/www.lespetitsculottes.com\/blog\/idees-de-recettes-pour-un-bebe-de-12-a-18-mois\/#Porridge_au_lait_de_croissance_et_fruits_rouges\" >Porridge au lait de croissance et fruits rouges<\/a><\/li><li class='ez-toc-page-1 ez-toc-heading-level-3'><a class=\"ez-toc-link ez-toc-heading-9\" href=\"https:\/\/www.lespetitsculottes.com\/blog\/idees-de-recettes-pour-un-bebe-de-12-a-18-mois\/#Crepes_moelleuses_a_la_banane\" >Cr\u00eapes moelleuses \u00e0 la banane<\/a><\/li><li class='ez-toc-page-1 ez-toc-heading-level-3'><a class=\"ez-toc-link ez-toc-heading-10\" href=\"https:\/\/www.lespetitsculottes.com\/blog\/idees-de-recettes-pour-un-bebe-de-12-a-18-mois\/#Muffins_aux_pommes_et_a_la_cannelle\" >Muffins aux pommes et \u00e0 la cannelle<\/a><\/li><\/ul><\/li><li class='ez-toc-page-1 ez-toc-heading-level-2'><a class=\"ez-toc-link ez-toc-heading-11\" href=\"https:\/\/www.lespetitsculottes.com\/blog\/idees-de-recettes-pour-un-bebe-de-12-a-18-mois\/#Le_lait_de_croissance_Les_Petits_Culottes_lallie_de_bebe\" >Le lait de croissance Les Petits Culott\u00e9s, l\u2019alli\u00e9 de b\u00e9b\u00e9<\/a><\/li><\/ul><\/nav><\/div>\n\n<p><strong>\u00c0 12 mois, votre petit culott\u00e9 prend son ind\u00e9pendance\u2026 jusque dans l\u2019assiette !<\/strong> Exit les pur\u00e9es ultra-lisses, place aux morceaux fondants et aux premi\u00e8res tentatives de repas en solo. Son palais s\u2019affine, sa curiosit\u00e9 grandit et son app\u00e9tit aussi ! Alors, que lui pr\u00e9parer pour des repas \u00e9quilibr\u00e9s et gourmands ? D\u00e9couvrez des <strong>recettes adapt\u00e9es \u00e0 son \u00e2ge<\/strong>, pour \u00e9veiller son go\u00fbt tout en respectant son rythme.&nbsp;<\/p>\n\n\n\n<h2 class=\"wp-block-heading\"><span class=\"ez-toc-section\" id=\"Les_bases_dune_alimentation_equilibree_pour_un_bebe_de_12_a_18_mois\"><\/span><strong>Les bases d\u2019une alimentation \u00e9quilibr\u00e9e pour un b\u00e9b\u00e9 de 12 \u00e0 18 mois<\/strong><span class=\"ez-toc-section-end\"><\/span><\/h2>\n\n\n\n<p>\u00c0 cet \u00e2ge, <strong>b\u00e9b\u00e9 diversifie de plus en plus son alimentation<\/strong>, mais certains \u00e9l\u00e9ments restent essentiels pour bien grandir. Voici les piliers d\u2019un repas \u00e9quilibr\u00e9 :<\/p>\n\n\n\n<ul class=\"wp-block-list\">\n<li><strong>Le lait de croissance, toujours indispensable<\/strong> : b\u00e9b\u00e9 a encore besoin <strong>d\u2019environ 500 ml par jour<\/strong> pour couvrir ses besoins en <strong>fer, om\u00e9ga-3 et vitamines essentielles<\/strong>.<\/li>\n\n\n\n<li><strong>Des l\u00e9gumes et des fruits \u00e0 volont\u00e9<\/strong> : crus, cuits, en morceaux ou en pur\u00e9e, ils apportent fibres et vitamines.<\/li>\n\n\n\n<li><strong>Des f\u00e9culents \u00e0 chaque repas<\/strong> : p\u00e2tes, riz, semoule, pommes de terre ou l\u00e9gumineuses pour lui fournir l\u2019\u00e9nergie dont il a besoin.<\/li>\n\n\n\n<li><strong>Des prot\u00e9ines en quantit\u00e9 mod\u00e9r\u00e9e<\/strong> : <strong>20 g par jour suffisent<\/strong> (\u2248 4 c. \u00e0 caf\u00e9 de viande ou poisson, ou \u00bd \u0153uf).<\/li>\n\n\n\n<li><strong>De l\u2019eau pour s\u2019hydrater<\/strong> : en compl\u00e9ment du lait, b\u00e9b\u00e9 doit boire r\u00e9guli\u00e8rement de l\u2019eau.<\/li>\n\n\n\n<li><strong>Des textures adapt\u00e9es \u00e0 son \u00e9volution<\/strong> : il apprend \u00e0 <strong>m\u00e2cher<\/strong> et gagne en autonomie, on privil\u00e9gie donc des morceaux fondants et faciles \u00e0 attraper.<\/li>\n<\/ul>\n\n\n\n<hr class=\"wp-block-separator has-alpha-channel-opacity\"\/>\n\n\n\n<p><strong><em>Info culott\u00e9e :&nbsp;<\/em><\/strong><\/p>\n\n\n\n<p><em>D\u00e9couvrez tous nos articles sur le lait de croissance : <\/em><a href=\"https:\/\/www.lespetitsculottes.com\/blog\/quel-lait-de-croissance-choisir\/\" target=\"_blank\" rel=\"noreferrer noopener\"><em>quel lait de croissance choisir<\/em><\/a><em>, pourquoi le <\/em><a href=\"https:\/\/www.lespetitsculottes.com\/blog\/lait-de-croissance-bio\/\" target=\"_blank\" rel=\"noreferrer noopener\"><em>lait de croissance bio<\/em><\/a><em> est-il le meilleur choix pour b\u00e9b\u00e9 et <\/em><a href=\"https:\/\/www.lespetitsculottes.com\/blog\/lait-de-croissance-jusqua-quel-age-en-donner-a-votre-enfant\/\" target=\"_blank\" rel=\"noreferrer noopener\"><em>jusqu\u2019\u00e0 quel \u00e2ge donner du lait de croissance \u00e0 votre enfant<\/em><\/a><em>.<\/em><\/p>\n\n\n\n<hr class=\"wp-block-separator has-alpha-channel-opacity\"\/>\n\n\n\n<h2 class=\"wp-block-heading\"><span class=\"ez-toc-section\" id=\"Repas_types_pour_un_bebe_de_12_a_18_mois\"><\/span><strong>Repas types pour un b\u00e9b\u00e9 de 12 \u00e0 18 mois<\/strong><span class=\"ez-toc-section-end\"><\/span><\/h2>\n\n\n\n<figure class=\"wp-block-table\"><table><tbody><tr><td><strong>Moment de la journ\u00e9e<\/strong><\/td><td><strong>Exemple de repas&nbsp;<\/strong><\/td><\/tr><tr><td><strong>Petit-d\u00e9jeuner<\/strong><\/td><td>&#8211; Lait de croissance (210-250 ml)<br>&#8211; Pain avec un peu de beurre ou de pur\u00e9e d\u2019amande<\/td><\/tr><tr><td><strong>D\u00e9jeuner<\/strong><\/td><td>&#8211; L\u00e9gumes + f\u00e9culents + prot\u00e9ines (150-180 g)<br>&#8211; Un filet d\u2019huile v\u00e9g\u00e9tale<br>&#8211; Un morceau de fromage<br>&#8211; Un fruit frais coup\u00e9<\/td><\/tr><tr><td><strong>Go\u00fbter<\/strong><\/td><td>&#8211; Lait de croissance (120-150 ml)<br>&#8211; Une tartine de pain avec un peu de compote<br>&#8211; Quelques morceaux de fruits&nbsp;<\/td><\/tr><tr><td><strong>D\u00eener<\/strong><\/td><td>&#8211; Pur\u00e9e ou morceaux de l\u00e9gumes<br>&#8211; Semoule ou riz bien cuit<br>&#8211; Lait de croissance (150-210 ml)&nbsp;<\/td><\/tr><\/tbody><\/table><\/figure>\n\n\n\n<hr class=\"wp-block-separator has-alpha-channel-opacity\"\/>\n\n\n\n<p><strong><em>Astuce culott\u00e9e :<\/em><\/strong><em>&nbsp;<\/em><\/p>\n\n\n\n<p><em>\u00c0 cet \u00e2ge, b\u00e9b\u00e9 adore <\/em><strong><em>grignoter seul<\/em><\/strong><em>. Proposez-lui des petits morceaux de fruits, de fromage ou de pain au go\u00fbter pour l\u2019encourager \u00e0 gagner en autonomie !<\/em><\/p>\n\n\n\n<hr class=\"wp-block-separator has-alpha-channel-opacity\"\/>\n\n\n\n<h2 class=\"wp-block-heading\"><span class=\"ez-toc-section\" id=\"Recettes_salees_pour_les_petits_gourmands_de_12_a_18_mois\"><\/span><strong>Recettes sal\u00e9es pour les petits gourmands de 12 \u00e0 18 mois<\/strong><span class=\"ez-toc-section-end\"><\/span><\/h2>\n\n\n\n<h3 class=\"wp-block-heading\"><span class=\"ez-toc-section\" id=\"Mini_galettes_de_legumes_et_fromage\"><\/span><strong>Mini galettes de l\u00e9gumes et fromage<\/strong><span class=\"ez-toc-section-end\"><\/span><\/h3>\n\n\n\n<p><em>D\u00e8s 12 mois \u2013 Parfaites pour manger avec les doigts<\/em><\/p>\n\n\n\n<p><strong>Ingr\u00e9dients<\/strong> :<\/p>\n\n\n\n<ul class=\"wp-block-list\">\n<li>1 carotte r\u00e2p\u00e9e<\/li>\n\n\n\n<li>1 petite courgette r\u00e2p\u00e9e<\/li>\n\n\n\n<li>30 g de fromage r\u00e2p\u00e9 (emmental, comt\u00e9)<\/li>\n\n\n\n<li>1 \u0153uf<\/li>\n\n\n\n<li>2 c. \u00e0 soupe de farine<\/li>\n<\/ul>\n\n\n\n<p><strong>Pr\u00e9paration :<\/strong><\/p>\n\n\n\n<ol class=\"wp-block-list\">\n<li>M\u00e9langer tous les ingr\u00e9dients.<\/li>\n\n\n\n<li>Former des petites galettes et les cuire \u00e0 la po\u00eale avec un peu d\u2019huile d\u2019olive.<\/li>\n<\/ol>\n\n\n\n<h3 class=\"wp-block-heading\"><span class=\"ez-toc-section\" id=\"Risotto_fondant_aux_legumes_et_poulet\"><\/span><strong>Risotto fondant aux l\u00e9gumes et poulet<\/strong><span class=\"ez-toc-section-end\"><\/span><\/h3>\n\n\n\n<p><em>D\u00e8s 12 mois \u2013 Texture cr\u00e9meuse et r\u00e9confortante<\/em><\/p>\n\n\n\n<p><strong>Ingr\u00e9dients<\/strong> :<\/p>\n\n\n\n<ul class=\"wp-block-list\">\n<li>30 g de riz rond<\/li>\n\n\n\n<li>1 petite carotte coup\u00e9e en petits morceaux<\/li>\n\n\n\n<li>20 g de blanc de poulet hach\u00e9<\/li>\n\n\n\n<li>1 c. \u00e0 caf\u00e9 d\u2019huile d\u2019olive<\/li>\n<\/ul>\n\n\n\n<p><strong>Pr\u00e9paration :<\/strong><\/p>\n\n\n\n<ol class=\"wp-block-list\">\n<li>Faire revenir le poulet avec un peu d\u2019huile.<\/li>\n\n\n\n<li>Ajouter le riz et la carotte, puis couvrir d\u2019eau et laisser cuire doucement.<\/li>\n<\/ol>\n\n\n\n<h3 class=\"wp-block-heading\"><span class=\"ez-toc-section\" id=\"Pates_aux_petits_pois_et_ricotta\"><\/span><strong>P\u00e2tes aux petits pois et ricotta<\/strong><span class=\"ez-toc-section-end\"><\/span><\/h3>\n\n\n\n<p><em>D\u00e8s 12 mois \u2013 Un plat doux et gourmand<\/em><\/p>\n\n\n\n<p><strong>Ingr\u00e9dients<\/strong> :<\/p>\n\n\n\n<ul class=\"wp-block-list\">\n<li>30 g de p\u00e2tes<\/li>\n\n\n\n<li>30 g de petits pois cuits<\/li>\n\n\n\n<li>1 c. \u00e0 soupe de ricotta<\/li>\n<\/ul>\n\n\n\n<p><strong>Pr\u00e9paration :<\/strong><\/p>\n\n\n\n<ol class=\"wp-block-list\">\n<li>Cuire les p\u00e2tes et les \u00e9goutter.<\/li>\n\n\n\n<li>Ajouter les petits pois \u00e9cras\u00e9s et la ricotta.<\/li>\n<\/ol>\n\n\n\n<h2 class=\"wp-block-heading\"><span class=\"ez-toc-section\" id=\"Recettes_sucrees_pour_eveiller_bebe_aux_saveurs_naturelles\"><\/span><strong>Recettes sucr\u00e9es pour \u00e9veiller b\u00e9b\u00e9 aux saveurs naturelles<\/strong><span class=\"ez-toc-section-end\"><\/span><\/h2>\n\n\n\n<h3 class=\"wp-block-heading\"><span class=\"ez-toc-section\" id=\"Porridge_au_lait_de_croissance_et_fruits_rouges\"><\/span><strong>Porridge au lait de croissance et fruits rouges<\/strong><span class=\"ez-toc-section-end\"><\/span><\/h3>\n\n\n\n<p><em>D\u00e8s 12 mois \u2013 Un petit-d\u00e9jeuner complet et \u00e9quilibr\u00e9<\/em><\/p>\n\n\n\n<p><strong>Ingr\u00e9dients<\/strong> :<\/p>\n\n\n\n<ul class=\"wp-block-list\">\n<li>20 g de flocons d\u2019avoine<\/li>\n\n\n\n<li>150 ml de lait de croissance Les Petits Culott\u00e9s<\/li>\n\n\n\n<li>Quelques fruits rouges \u00e9cras\u00e9s<\/li>\n<\/ul>\n\n\n\n<p><strong>Pr\u00e9paration :<\/strong><\/p>\n\n\n\n<ol class=\"wp-block-list\">\n<li>Cuire les flocons d\u2019avoine avec le lait.<\/li>\n\n\n\n<li>Ajouter les fruits rouges et servir ti\u00e8de.<\/li>\n<\/ol>\n\n\n\n<h3 class=\"wp-block-heading\"><span class=\"ez-toc-section\" id=\"Crepes_moelleuses_a_la_banane\"><\/span><strong>Cr\u00eapes moelleuses \u00e0 la banane<\/strong><span class=\"ez-toc-section-end\"><\/span><\/h3>\n\n\n\n<p><em>D\u00e8s 12 mois \u2013 Sans sucre ajout\u00e9 et faciles \u00e0 tenir en main<\/em><\/p>\n\n\n\n<p><strong>Ingr\u00e9dients<\/strong> :<\/p>\n\n\n\n<ul class=\"wp-block-list\">\n<li>1 banane bien m\u00fbre<\/li>\n\n\n\n<li>1 \u0153uf<\/li>\n\n\n\n<li>30 g de farine<\/li>\n<\/ul>\n\n\n\n<p><strong>Pr\u00e9paration :<\/strong><\/p>\n\n\n\n<ol class=\"wp-block-list\">\n<li>\u00c9craser la banane et m\u00e9langer avec l\u2019\u0153uf et la farine.<\/li>\n\n\n\n<li>Cuire dans une po\u00eale l\u00e9g\u00e8rement huil\u00e9e.<\/li>\n<\/ol>\n\n\n\n<h3 class=\"wp-block-heading\"><span class=\"ez-toc-section\" id=\"Muffins_aux_pommes_et_a_la_cannelle\"><\/span><strong>Muffins aux pommes et \u00e0 la cannelle<\/strong><span class=\"ez-toc-section-end\"><\/span><\/h3>\n\n\n\n<p><em>D\u00e8s 15 mois \u2013 Une collation saine et gourmande<\/em><\/p>\n\n\n\n<p><strong>Ingr\u00e9dients<\/strong> :<\/p>\n\n\n\n<ul class=\"wp-block-list\">\n<li>1 pomme r\u00e2p\u00e9e<\/li>\n\n\n\n<li>1 \u0153uf<\/li>\n\n\n\n<li>40 g de farine<\/li>\n\n\n\n<li>1 pinc\u00e9e de cannelle<\/li>\n<\/ul>\n\n\n\n<p><strong>Pr\u00e9paration :<\/strong><\/p>\n\n\n\n<ol class=\"wp-block-list\">\n<li>M\u00e9langer tous les ingr\u00e9dients.<\/li>\n\n\n\n<li>Cuire 15 min \u00e0 180\u00b0C.<\/li>\n<\/ol>\n\n\n\n<h2 class=\"wp-block-heading\"><span class=\"ez-toc-section\" id=\"Le_lait_de_croissance_Les_Petits_Culottes_lallie_de_bebe\"><\/span><strong>Le lait de croissance Les Petits Culott\u00e9s, l\u2019alli\u00e9 de b\u00e9b\u00e9<\/strong><span class=\"ez-toc-section-end\"><\/span><\/h2>\n\n\n\n<p>\u00c0 partir d\u2019un an, b\u00e9b\u00e9 a encore <strong>besoin d\u2019un lait <\/strong>pour grandir en pleine forme !<\/p>\n\n\n\n<p>Le <a href=\"https:\/\/www.lespetitsculottes.com\/fr\/content\/79-lait-de-croissance-pour-bebe-les-petits-culottes\" target=\"_blank\" rel=\"noreferrer noopener\"><strong>lait de croissance bio Les Petits Culott\u00e9s<\/strong><\/a> est :<\/p>\n\n\n\n<ul class=\"wp-block-list\">\n<li><strong>Enrichi en fer, <\/strong>ce qui contribue au d\u00e9veloppement cognitif normal des enfants. <\/li>\n\n\n\n<li><strong>Source d\u2019om\u00e9ga-3 (DHA et ARA)<\/strong>, contribue au d\u00e9veloppement normal de la vue des nourrissons jusqu&rsquo;\u00e0 12 mois<sup>1<\/sup>.<\/li>\n\n\n\n<li><strong>100 % fran\u00e7ais, bio et en circuit court<\/strong>.<\/li>\n\n\n\n<li><strong>Contr\u00f4l\u00e9 \u00e0 chat lot<\/strong> pour assurer la s\u00e9curit\u00e9 de vos Petits Culott\u00e9s.<\/li>\n\n\n\n<li><strong>Un lait de croissance en abonnement<\/strong> pour simplifier le quotidien des parents.<\/li>\n<\/ul>\n\n\n\n<p>Avec ces id\u00e9es de recettes et conseils, votre b\u00e9b\u00e9 pourra <strong>d\u00e9couvrir de nouvelles saveurs tout en respectant ses besoins nutritionnels<\/strong>.&nbsp;<\/p>\n\n\n\n<p><em>Le lait maternel est l\u2019aliment le mieux adapt\u00e9 aux besoins sp\u00e9cifiques des b\u00e9b\u00e9s.<\/em><\/p>\n\n\n\n<p><em>Les informations pr\u00e9sent\u00e9es dans cet article vous sont communiqu\u00e9es \u00e0 titre informatif et ne remplacent pas l&rsquo;avis de votre m\u00e9decin ou de votre p\u00e9diatre.<\/em><\/p>\n\n\n\n<p><sup>1<\/sup>&nbsp;Sources<\/p>\n\n\n\n<ul class=\"wp-block-list\">\n<li><a href=\"https:\/\/academic.oup.com\/nutritionreviews\/article\/74\/5\/329\/1752539\" target=\"_blank\" rel=\"noreferrer noopener nofollow\"><em>https:\/\/academic.oup.com\/nutritionreviews\/article\/74\/5\/329\/1752539<\/em><\/a><\/li>\n\n\n\n<li><a href=\"https:\/\/ajcn.nutrition.org\/article\/S0002-9165(22)00967-4\/fulltext\" target=\"_blank\" rel=\"noreferrer noopener nofollow\"><em>https:\/\/ajcn.nutrition.org\/article\/S0002-9165(22)00967-4\/fulltext<\/em><\/a><\/li>\n\n\n\n<li><a href=\"https:\/\/www.mdpi.com\/2072-6643\/12\/3\/626\" target=\"_blank\" rel=\"noreferrer noopener nofollow\"><em>https:\/\/www.mdpi.com\/2072-6643\/12\/3\/626<\/em><\/a><\/li>\n\n\n\n<li><a href=\"https:\/\/www.sciencedirect.com\/science\/article\/pii\/S0929693X20302207\" target=\"_blank\" rel=\"noreferrer noopener nofollow\"><em>https:\/\/www.sciencedirect.com\/science\/article\/pii\/S0929693X20302207<\/em><\/a><\/li>\n<\/ul>\n\n\n\n<p><em>Cr\u00e9dit photo : \u00a9Freepik<\/em><\/p>\n","protected":false},"excerpt":{"rendered":"<p>\u00c0 12 mois, votre petit culott\u00e9 prend son ind\u00e9pendance\u2026 jusque [&hellip;]<\/p>\n","protected":false},"author":3,"featured_media":3672,"comment_status":"closed","ping_status":"closed","sticky":false,"template":"","format":"standard","meta":{"footnotes":""},"categories":[11],"class_list":["post-3668","post","type-post","status-publish","format-standard","has-post-thumbnail","hentry","category-grossesse-et-parentalite"],"yoast_head":"<!-- This site is optimized with the Yoast SEO plugin v26.2 - https:\/\/yoast.com\/wordpress\/plugins\/seo\/ -->\n<title>Recettes pour b\u00e9b\u00e9 de 12 \u00e0 18 mois : \u00e9quilibr\u00e9es et savoureuses<\/title>\n<meta name=\"description\" content=\"D\u00e9couvrez des recettes \u00e9quilibr\u00e9es et adapt\u00e9es pour un b\u00e9b\u00e9 de 12 \u00e0 18 mois, et des conseils pour l\u2019accompagner dans cette \u00e9tape !\" \/>\n<meta name=\"robots\" content=\"index, follow, max-snippet:-1, max-image-preview:large, max-video-preview:-1\" \/>\n<link rel=\"canonical\" href=\"https:\/\/www.lespetitsculottes.com\/blog\/idees-de-recettes-pour-un-bebe-de-12-a-18-mois\/\" \/>\n<meta property=\"og:locale\" content=\"fr_FR\" \/>\n<meta property=\"og:type\" content=\"article\" \/>\n<meta property=\"og:title\" content=\"Recettes pour b\u00e9b\u00e9 de 12 \u00e0 18 mois : \u00e9quilibr\u00e9es et savoureuses\" \/>\n<meta property=\"og:description\" content=\"D\u00e9couvrez des recettes \u00e9quilibr\u00e9es et adapt\u00e9es pour un b\u00e9b\u00e9 de 12 \u00e0 18 mois, et des conseils pour l\u2019accompagner dans cette \u00e9tape !\" \/>\n<meta property=\"og:url\" content=\"https:\/\/www.lespetitsculottes.com\/blog\/idees-de-recettes-pour-un-bebe-de-12-a-18-mois\/\" \/>\n<meta property=\"og:site_name\" content=\"Les Petits Culott\u00e9s\" \/>\n<meta property=\"article:published_time\" content=\"2025-02-24T14:00:00+00:00\" \/>\n<meta property=\"article:modified_time\" content=\"2025-09-10T15:19:34+00:00\" \/>\n<meta property=\"og:image\" content=\"https:\/\/www.lespetitsculottes.com\/blog\/wp-content\/uploads\/2025\/02\/idees-de-recettes-pour-bebe-de-12-a-18-mois.jpg\" \/>\n\t<meta property=\"og:image:width\" content=\"830\" \/>\n\t<meta property=\"og:image:height\" content=\"553\" \/>\n\t<meta property=\"og:image:type\" content=\"image\/jpeg\" \/>\n<meta name=\"author\" content=\"Matthieu Batteur\" \/>\n<meta name=\"twitter:card\" content=\"summary_large_image\" \/>\n<meta name=\"twitter:label1\" content=\"\u00c9crit par\" \/>\n\t<meta name=\"twitter:data1\" content=\"Matthieu Batteur\" \/>\n\t<meta name=\"twitter:label2\" content=\"Dur\u00e9e de lecture estim\u00e9e\" \/>\n\t<meta name=\"twitter:data2\" content=\"5 minutes\" \/>\n<script type=\"application\/ld+json\" class=\"yoast-schema-graph\">{\"@context\":\"https:\/\/schema.org\",\"@graph\":[{\"@type\":\"WebPage\",\"@id\":\"https:\/\/www.lespetitsculottes.com\/blog\/idees-de-recettes-pour-un-bebe-de-12-a-18-mois\/\",\"url\":\"https:\/\/www.lespetitsculottes.com\/blog\/idees-de-recettes-pour-un-bebe-de-12-a-18-mois\/\",\"name\":\"Recettes pour b\u00e9b\u00e9 de 12 \u00e0 18 mois : \u00e9quilibr\u00e9es et savoureuses\",\"isPartOf\":{\"@id\":\"https:\/\/www.lespetitsculottes.com\/blog\/#website\"},\"primaryImageOfPage\":{\"@id\":\"https:\/\/www.lespetitsculottes.com\/blog\/idees-de-recettes-pour-un-bebe-de-12-a-18-mois\/#primaryimage\"},\"image\":{\"@id\":\"https:\/\/www.lespetitsculottes.com\/blog\/idees-de-recettes-pour-un-bebe-de-12-a-18-mois\/#primaryimage\"},\"thumbnailUrl\":\"https:\/\/www.lespetitsculottes.com\/blog\/wp-content\/uploads\/2025\/02\/idees-de-recettes-pour-bebe-de-12-a-18-mois.jpg\",\"datePublished\":\"2025-02-24T14:00:00+00:00\",\"dateModified\":\"2025-09-10T15:19:34+00:00\",\"author\":{\"@id\":\"https:\/\/www.lespetitsculottes.com\/blog\/#\/schema\/person\/497831e9d8b4c1eb018613db53ea7306\"},\"description\":\"D\u00e9couvrez des recettes \u00e9quilibr\u00e9es et adapt\u00e9es pour un b\u00e9b\u00e9 de 12 \u00e0 18 mois, et des conseils pour l\u2019accompagner dans cette \u00e9tape !\",\"breadcrumb\":{\"@id\":\"https:\/\/www.lespetitsculottes.com\/blog\/idees-de-recettes-pour-un-bebe-de-12-a-18-mois\/#breadcrumb\"},\"inLanguage\":\"fr-FR\",\"potentialAction\":[{\"@type\":\"ReadAction\",\"target\":[\"https:\/\/www.lespetitsculottes.com\/blog\/idees-de-recettes-pour-un-bebe-de-12-a-18-mois\/\"]}]},{\"@type\":\"ImageObject\",\"inLanguage\":\"fr-FR\",\"@id\":\"https:\/\/www.lespetitsculottes.com\/blog\/idees-de-recettes-pour-un-bebe-de-12-a-18-mois\/#primaryimage\",\"url\":\"https:\/\/www.lespetitsculottes.com\/blog\/wp-content\/uploads\/2025\/02\/idees-de-recettes-pour-bebe-de-12-a-18-mois.jpg\",\"contentUrl\":\"https:\/\/www.lespetitsculottes.com\/blog\/wp-content\/uploads\/2025\/02\/idees-de-recettes-pour-bebe-de-12-a-18-mois.jpg\",\"width\":830,\"height\":553,\"caption\":\"Id\u00e9es de recettes pour un b\u00e9b\u00e9 de 12 \u00e0 18 mois\"},{\"@type\":\"BreadcrumbList\",\"@id\":\"https:\/\/www.lespetitsculottes.com\/blog\/idees-de-recettes-pour-un-bebe-de-12-a-18-mois\/#breadcrumb\",\"itemListElement\":[{\"@type\":\"ListItem\",\"position\":1,\"name\":\"Home\",\"item\":\"https:\/\/www.lespetitsculottes.com\/blog\/\"},{\"@type\":\"ListItem\",\"position\":2,\"name\":\"Id\u00e9es de recettes pour un b\u00e9b\u00e9 de 12 \u00e0 18 mois\"}]},{\"@type\":\"WebSite\",\"@id\":\"https:\/\/www.lespetitsculottes.com\/blog\/#website\",\"url\":\"https:\/\/www.lespetitsculottes.com\/blog\/\",\"name\":\"Les petits culott\u00e9s\",\"description\":\"Le blog des Petits Culott\u00e9s\",\"potentialAction\":[{\"@type\":\"SearchAction\",\"target\":{\"@type\":\"EntryPoint\",\"urlTemplate\":\"https:\/\/www.lespetitsculottes.com\/blog\/?s={search_term_string}\"},\"query-input\":{\"@type\":\"PropertyValueSpecification\",\"valueRequired\":true,\"valueName\":\"search_term_string\"}}],\"inLanguage\":\"fr-FR\"},{\"@type\":\"Person\",\"@id\":\"https:\/\/www.lespetitsculottes.com\/blog\/#\/schema\/person\/497831e9d8b4c1eb018613db53ea7306\",\"name\":\"Matthieu Batteur\",\"image\":{\"@type\":\"ImageObject\",\"inLanguage\":\"fr-FR\",\"@id\":\"https:\/\/www.lespetitsculottes.com\/blog\/#\/schema\/person\/image\/\",\"url\":\"https:\/\/secure.gravatar.com\/avatar\/5efc0f66265d64efd2d82aa618c9ee35984eb2ef196befc3dd3d10c1ce3b4b94?s=96&d=wp_user_avatar&r=g\",\"contentUrl\":\"https:\/\/secure.gravatar.com\/avatar\/5efc0f66265d64efd2d82aa618c9ee35984eb2ef196befc3dd3d10c1ce3b4b94?s=96&d=wp_user_avatar&r=g\",\"caption\":\"Matthieu Batteur\"},\"sameAs\":[\"http:\/\/matthieu.batteur\"],\"url\":\"https:\/\/www.lespetitsculottes.com\/blog\/auteur\/adminlpc\/\"}]}<\/script>\n<!-- \/ Yoast SEO plugin. -->","yoast_head_json":{"title":"Recettes pour b\u00e9b\u00e9 de 12 \u00e0 18 mois : \u00e9quilibr\u00e9es et savoureuses","description":"D\u00e9couvrez des recettes \u00e9quilibr\u00e9es et adapt\u00e9es pour un b\u00e9b\u00e9 de 12 \u00e0 18 mois, et des conseils pour l\u2019accompagner dans cette \u00e9tape !","robots":{"index":"index","follow":"follow","max-snippet":"max-snippet:-1","max-image-preview":"max-image-preview:large","max-video-preview":"max-video-preview:-1"},"canonical":"https:\/\/www.lespetitsculottes.com\/blog\/idees-de-recettes-pour-un-bebe-de-12-a-18-mois\/","og_locale":"fr_FR","og_type":"article","og_title":"Recettes pour b\u00e9b\u00e9 de 12 \u00e0 18 mois : \u00e9quilibr\u00e9es et savoureuses","og_description":"D\u00e9couvrez des recettes \u00e9quilibr\u00e9es et adapt\u00e9es pour un b\u00e9b\u00e9 de 12 \u00e0 18 mois, et des conseils pour l\u2019accompagner dans cette \u00e9tape !","og_url":"https:\/\/www.lespetitsculottes.com\/blog\/idees-de-recettes-pour-un-bebe-de-12-a-18-mois\/","og_site_name":"Les Petits Culott\u00e9s","article_published_time":"2025-02-24T14:00:00+00:00","article_modified_time":"2025-09-10T15:19:34+00:00","og_image":[{"width":830,"height":553,"url":"https:\/\/www.lespetitsculottes.com\/blog\/wp-content\/uploads\/2025\/02\/idees-de-recettes-pour-bebe-de-12-a-18-mois.jpg","type":"image\/jpeg"}],"author":"Matthieu Batteur","twitter_card":"summary_large_image","twitter_misc":{"\u00c9crit par":"Matthieu Batteur","Dur\u00e9e de lecture estim\u00e9e":"5 minutes"},"schema":{"@context":"https:\/\/schema.org","@graph":[{"@type":"WebPage","@id":"https:\/\/www.lespetitsculottes.com\/blog\/idees-de-recettes-pour-un-bebe-de-12-a-18-mois\/","url":"https:\/\/www.lespetitsculottes.com\/blog\/idees-de-recettes-pour-un-bebe-de-12-a-18-mois\/","name":"Recettes pour b\u00e9b\u00e9 de 12 \u00e0 18 mois : \u00e9quilibr\u00e9es et savoureuses","isPartOf":{"@id":"https:\/\/www.lespetitsculottes.com\/blog\/#website"},"primaryImageOfPage":{"@id":"https:\/\/www.lespetitsculottes.com\/blog\/idees-de-recettes-pour-un-bebe-de-12-a-18-mois\/#primaryimage"},"image":{"@id":"https:\/\/www.lespetitsculottes.com\/blog\/idees-de-recettes-pour-un-bebe-de-12-a-18-mois\/#primaryimage"},"thumbnailUrl":"https:\/\/www.lespetitsculottes.com\/blog\/wp-content\/uploads\/2025\/02\/idees-de-recettes-pour-bebe-de-12-a-18-mois.jpg","datePublished":"2025-02-24T14:00:00+00:00","dateModified":"2025-09-10T15:19:34+00:00","author":{"@id":"https:\/\/www.lespetitsculottes.com\/blog\/#\/schema\/person\/497831e9d8b4c1eb018613db53ea7306"},"description":"D\u00e9couvrez des recettes \u00e9quilibr\u00e9es et adapt\u00e9es pour un b\u00e9b\u00e9 de 12 \u00e0 18 mois, et des conseils pour l\u2019accompagner dans cette \u00e9tape !","breadcrumb":{"@id":"https:\/\/www.lespetitsculottes.com\/blog\/idees-de-recettes-pour-un-bebe-de-12-a-18-mois\/#breadcrumb"},"inLanguage":"fr-FR","potentialAction":[{"@type":"ReadAction","target":["https:\/\/www.lespetitsculottes.com\/blog\/idees-de-recettes-pour-un-bebe-de-12-a-18-mois\/"]}]},{"@type":"ImageObject","inLanguage":"fr-FR","@id":"https:\/\/www.lespetitsculottes.com\/blog\/idees-de-recettes-pour-un-bebe-de-12-a-18-mois\/#primaryimage","url":"https:\/\/www.lespetitsculottes.com\/blog\/wp-content\/uploads\/2025\/02\/idees-de-recettes-pour-bebe-de-12-a-18-mois.jpg","contentUrl":"https:\/\/www.lespetitsculottes.com\/blog\/wp-content\/uploads\/2025\/02\/idees-de-recettes-pour-bebe-de-12-a-18-mois.jpg","width":830,"height":553,"caption":"Id\u00e9es de recettes pour un b\u00e9b\u00e9 de 12 \u00e0 18 mois"},{"@type":"BreadcrumbList","@id":"https:\/\/www.lespetitsculottes.com\/blog\/idees-de-recettes-pour-un-bebe-de-12-a-18-mois\/#breadcrumb","itemListElement":[{"@type":"ListItem","position":1,"name":"Home","item":"https:\/\/www.lespetitsculottes.com\/blog\/"},{"@type":"ListItem","position":2,"name":"Id\u00e9es de recettes pour un b\u00e9b\u00e9 de 12 \u00e0 18 mois"}]},{"@type":"WebSite","@id":"https:\/\/www.lespetitsculottes.com\/blog\/#website","url":"https:\/\/www.lespetitsculottes.com\/blog\/","name":"Les petits culott\u00e9s","description":"Le blog des Petits Culott\u00e9s","potentialAction":[{"@type":"SearchAction","target":{"@type":"EntryPoint","urlTemplate":"https:\/\/www.lespetitsculottes.com\/blog\/?s={search_term_string}"},"query-input":{"@type":"PropertyValueSpecification","valueRequired":true,"valueName":"search_term_string"}}],"inLanguage":"fr-FR"},{"@type":"Person","@id":"https:\/\/www.lespetitsculottes.com\/blog\/#\/schema\/person\/497831e9d8b4c1eb018613db53ea7306","name":"Matthieu Batteur","image":{"@type":"ImageObject","inLanguage":"fr-FR","@id":"https:\/\/www.lespetitsculottes.com\/blog\/#\/schema\/person\/image\/","url":"https:\/\/secure.gravatar.com\/avatar\/5efc0f66265d64efd2d82aa618c9ee35984eb2ef196befc3dd3d10c1ce3b4b94?s=96&d=wp_user_avatar&r=g","contentUrl":"https:\/\/secure.gravatar.com\/avatar\/5efc0f66265d64efd2d82aa618c9ee35984eb2ef196befc3dd3d10c1ce3b4b94?s=96&d=wp_user_avatar&r=g","caption":"Matthieu Batteur"},"sameAs":["http:\/\/matthieu.batteur"],"url":"https:\/\/www.lespetitsculottes.com\/blog\/auteur\/adminlpc\/"}]}},"_links":{"self":[{"href":"https:\/\/www.lespetitsculottes.com\/blog\/wp-json\/wp\/v2\/posts\/3668","targetHints":{"allow":["GET"]}}],"collection":[{"href":"https:\/\/www.lespetitsculottes.com\/blog\/wp-json\/wp\/v2\/posts"}],"about":[{"href":"https:\/\/www.lespetitsculottes.com\/blog\/wp-json\/wp\/v2\/types\/post"}],"author":[{"embeddable":true,"href":"https:\/\/www.lespetitsculottes.com\/blog\/wp-json\/wp\/v2\/users\/3"}],"replies":[{"embeddable":true,"href":"https:\/\/www.lespetitsculottes.com\/blog\/wp-json\/wp\/v2\/comments?post=3668"}],"version-history":[{"count":7,"href":"https:\/\/www.lespetitsculottes.com\/blog\/wp-json\/wp\/v2\/posts\/3668\/revisions"}],"predecessor-version":[{"id":4052,"href":"https:\/\/www.lespetitsculottes.com\/blog\/wp-json\/wp\/v2\/posts\/3668\/revisions\/4052"}],"wp:featuredmedia":[{"embeddable":true,"href":"https:\/\/www.lespetitsculottes.com\/blog\/wp-json\/wp\/v2\/media\/3672"}],"wp:attachment":[{"href":"https:\/\/www.lespetitsculottes.com\/blog\/wp-json\/wp\/v2\/media?parent=3668"}],"wp:term":[{"taxonomy":"category","embeddable":true,"href":"https:\/\/www.lespetitsculottes.com\/blog\/wp-json\/wp\/v2\/categories?post=3668"}],"curies":[{"name":"wp","href":"https:\/\/api.w.org\/{rel}","templated":true}]}}