{"id":371,"date":"2020-11-16T17:00:14","date_gmt":"2020-11-16T16:00:14","guid":{"rendered":"http:\/\/www.lespetitsculottes.com\/blog\/?p=371"},"modified":"2026-04-28T16:41:41","modified_gmt":"2026-04-28T14:41:41","slug":"pourquoi-bebe-pleure","status":"publish","type":"post","link":"https:\/\/www.lespetitsculottes.com\/blog\/pourquoi-bebe-pleure\/","title":{"rendered":"Pourquoi b\u00e9b\u00e9 pleure : explications et solutions"},"content":{"rendered":"<div id=\"ez-toc-container\" class=\"ez-toc-v2_0_76 counter-hierarchy ez-toc-counter ez-toc-white ez-toc-container-direction\">\n<div class=\"ez-toc-title-container\"><p class=\"ez-toc-title\" style=\"cursor:inherit\">Sommaire<\/p>\n<\/div><nav><ul class='ez-toc-list ez-toc-list-level-1 ' ><li class='ez-toc-page-1 ez-toc-heading-level-2'><a class=\"ez-toc-link ez-toc-heading-1\" href=\"https:\/\/www.lespetitsculottes.com\/blog\/pourquoi-bebe-pleure\/#Bebe_pleure_un_reflexe_vital\" >B\u00e9b\u00e9 pleure&nbsp;: un r\u00e9flexe vital<\/a><\/li><li class='ez-toc-page-1 ez-toc-heading-level-2'><a class=\"ez-toc-link ez-toc-heading-2\" href=\"https:\/\/www.lespetitsculottes.com\/blog\/pourquoi-bebe-pleure\/#Les_differents_pleurs_de_bebe\" >Les diff\u00e9rents pleurs de b\u00e9b\u00e9<\/a><\/li><li class='ez-toc-page-1 ez-toc-heading-level-2'><a class=\"ez-toc-link ez-toc-heading-3\" href=\"https:\/\/www.lespetitsculottes.com\/blog\/pourquoi-bebe-pleure\/#Aie_bebe_a_mal%E2%80%A6_et_pleure%E2%80%89\" >A\u00efe, b\u00e9b\u00e9 a mal\u2026 et pleure\u2009!<\/a><\/li><li class='ez-toc-page-1 ez-toc-heading-level-2'><a class=\"ez-toc-link ez-toc-heading-4\" href=\"https:\/\/www.lespetitsculottes.com\/blog\/pourquoi-bebe-pleure\/#Les_pleurs_chez_le_nourrisson\" >Les pleurs chez le nourrisson<\/a><ul class='ez-toc-list-level-3' ><li class='ez-toc-heading-level-3'><a class=\"ez-toc-link ez-toc-heading-5\" href=\"https:\/\/www.lespetitsculottes.com\/blog\/pourquoi-bebe-pleure\/#Les_pleurs_inexpliques\" >Les pleurs inexpliqu\u00e9s<\/a><\/li><li class='ez-toc-page-1 ez-toc-heading-level-3'><a class=\"ez-toc-link ez-toc-heading-6\" href=\"https:\/\/www.lespetitsculottes.com\/blog\/pourquoi-bebe-pleure\/#Les_coliques_du_nourrisson\" >Les coliques du nourrisson<\/a><\/li><\/ul><\/li><li class='ez-toc-page-1 ez-toc-heading-level-2'><a class=\"ez-toc-link ez-toc-heading-7\" href=\"https:\/\/www.lespetitsculottes.com\/blog\/pourquoi-bebe-pleure\/#3_astuces_pour_reconforter_bebe\" >3&nbsp;astuces pour r\u00e9conforter b\u00e9b\u00e9<\/a><ul class='ez-toc-list-level-3' ><li class='ez-toc-heading-level-3'><a class=\"ez-toc-link ez-toc-heading-8\" href=\"https:\/\/www.lespetitsculottes.com\/blog\/pourquoi-bebe-pleure\/#1_Rester_calme_et_serein%C2%B7e\" >1. Rester calme et serein\u00b7e<\/a><\/li><li class='ez-toc-page-1 ez-toc-heading-level-3'><a class=\"ez-toc-link ez-toc-heading-9\" href=\"https:\/\/www.lespetitsculottes.com\/blog\/pourquoi-bebe-pleure\/#2_Accompagner_sans_crier\" >2. Accompagner sans crier<\/a><\/li><li class='ez-toc-page-1 ez-toc-heading-level-3'><a class=\"ez-toc-link ez-toc-heading-10\" href=\"https:\/\/www.lespetitsculottes.com\/blog\/pourquoi-bebe-pleure\/#3_Apaiser_grace_aux_bruits_blancs\" >3. Apaiser gr\u00e2ce aux bruits blancs<\/a><\/li><\/ul><\/li><li class='ez-toc-page-1 ez-toc-heading-level-2'><a class=\"ez-toc-link ez-toc-heading-11\" href=\"https:\/\/www.lespetitsculottes.com\/blog\/pourquoi-bebe-pleure\/#Bebe_qui_pleure_il_y_a_toujours_une_raison%E2%80%89\" >B\u00e9b\u00e9 qui pleure&nbsp;: il y a toujours une raison\u2009!<\/a><\/li><\/ul><\/nav><\/div>\n\n<p>\u00d4 heureux nouveaux parents\u2009! Vous voici devenus gagas de votre petite prog\u00e9niture. Ses moindres \u00ab\u2009<em>Arheu\u2009\u00bb<\/em> vous font fondre, sa bouille \u00e0 croquer vous comble de joie. Par contre, <strong>les pleurs de b\u00e9b\u00e9<\/strong>, \u00e7a, vous n\u2019y \u00e9tiez pas forc\u00e9ment pr\u00e9par\u00e9s\u2009! Car oui, <strong>un b\u00e9b\u00e9 pleure<\/strong>, parfois m\u00eame beaucoup, surtout quand il est encore tout petit (deux heures par jour en moyenne pour les <strong>nouveau-n\u00e9s<\/strong>).&nbsp;<br><br><strong>Pourquoi b\u00e9b\u00e9 pleure-t-il\u2009<\/strong>? Comment d\u00e9crypter son langage si sp\u00e9cifique et lui apporter le r\u00e9confort dont il a besoin\u2009? Et quand on n\u2019en peut plus, comment faire\u2009? Autant de questions pour lesquelles nous allons vous donner quelques pistes, pour vous sentir moins perdu\u00b7e et r\u00e9ussir \u00e0 calmer votre bout de chou.<\/p>\n\n\n\n<h2 class=\"wp-block-heading\"><span class=\"ez-toc-section\" id=\"Bebe_pleure_un_reflexe_vital\"><\/span>B\u00e9b\u00e9 pleure&nbsp;: un r\u00e9flexe vital<span class=\"ez-toc-section-end\"><\/span><\/h2>\n\n\n\n<p>Tout d\u2019abord, <strong>pleurer est un acte naturel et normal<\/strong>. D\u00e8s son arriv\u00e9e au monde, un nouveau-n\u00e9 s\u2019exprime dans un premier cri. Sa vie hors du ventre de sa maman commence par un pleur lib\u00e9rateur&nbsp;: il respire pour la premi\u00e8re fois\u2009\u00e0 l\u2019air libre\u2009! Un sacr\u00e9 challenge, n\u2019est-ce pas\u2009?<\/p>\n\n\n\n<p><strong>Le seul moyen de communiquer pour le nourrisson, c\u2019est par les pleurs<\/strong>. C\u2019est un r\u00e9flexe vital pour lui. N\u2019oubliez pas qu\u2019il vit dans l\u2019instant pr\u00e9sent&nbsp;: il ressent un besoin, l\u00e0 tout de suite, maintenant qui doit \u00eatre satisfait l\u00e0, tout de suite, maintenant. Ses pleurs sont la <strong>r\u00e9action naturelle d\u2019un besoin non encore assouvi<\/strong>. Il n\u2019a pas ce qu\u2019il demande&nbsp;: il pleure. C\u2019est aussi simple que \u00e7a et c\u2019est tout \u00e0 fait normal\u2009! Votre b\u00e9b\u00e9 ne pleure jamais sans raison&nbsp;:&nbsp;<\/p>\n\n\n\n<ul class=\"wp-block-list\">\n<li>il se sent inconfortable : il a besoin d\u2019\u00eatre chang\u00e9, il a trop chaud ou trop froid\u2026 Consultez la <a href=\"https:\/\/www.lespetitsculottes.com\/blog\/liste-produit-bebe-indispensable\/\">liste produits toilettes b\u00e9b\u00e9 naissance<\/a>\u2009;<\/li>\n\n\n\n<li>il veut sentir l\u2019odeur de sa maman \u2014 si importante pour lui\u2009! \u2014&nbsp;;<\/li>\n\n\n\n<li>il a sommeil\u2009;<\/li>\n\n\n\n<li>il a envie de t\u00e9ter\u2009;<\/li>\n\n\n\n<li>il aimerait des c\u00e2lins\u2009;<\/li>\n\n\n\n<li>il a faim ou soif\u2026&nbsp;<\/li>\n<\/ul>\n\n\n\n<p>Pour \u00e9viter qu\u2019un change urgent ne devienne une source de stress suppl\u00e9mentaire, un <a href=\"https:\/\/www.lespetitsculottes.com\/fr\/accueil\/9-abonnement-couche-bio.html\">abonnement de couches<\/a> permet de garder la bonne taille sous la main au quotidien.<\/p>\n\n\n\n<p><strong>L\u2019enfant exprime ses \u00e9motions<\/strong>, ses besoins de mani\u00e8re spontan\u00e9e, sans filtre ni arrangement. Il ne cherche pas \u00e0 vous \u00ab\u2009emb\u00eater\u2009\u00bb ou vous \u00ab\u2009faire tourner en bourrique\u2009\u00bb. Il veut, c\u2019est tout. C\u2019est pourquoi laisser pleurer un tout-petit n\u2019apporte pas de solution positive. Au contraire, cela peut g\u00e9n\u00e9rer en lui davantage de stress et d\u2019inqui\u00e9tude.<\/p>\n\n\n\n<hr class=\"wp-block-separator has-alpha-channel-opacity\"\/>\n\n\n\n<p><em>L\u2019info culott\u00e9e <\/em><\/p>\n\n\n\n<p><em>Les <\/em><a href=\"https:\/\/www.lespetitsculottes.com\/blog\/pic-de-croissance-bebe\/\"><strong><em>pics de croissance chez b\u00e9b\u00e9<\/em><\/strong><\/a><em>, \u00e7a vous parle ? Pendant ces p\u00e9riodes, b\u00e9b\u00e9 traverse des changements rapides qui peuvent le rendre plus sensible et irritable. Chaque enfant suit son propre chemin, mais on retrouve souvent la \u00ab\u00a0r\u00e8gle des 3,6,9\u00a0\u00bb : 3 semaines, 6 semaines, 9 semaines, puis 3, 6, et 9 mois. Ces moments peuvent s\u2019accompagner de pleurs fr\u00e9quents, car votre petit a besoin de plus d\u2019attention, de c\u00e2lins, et de nourriture pour accompagner sa croissance. Patience, c\u2019est une phase normale et elle ne dure pas !<\/em><\/p>\n\n\n\n<hr class=\"wp-block-separator has-alpha-channel-opacity\"\/>\n\n\n\n<h2 class=\"wp-block-heading\"><span class=\"ez-toc-section\" id=\"Les_differents_pleurs_de_bebe\"><\/span>Les diff\u00e9rents pleurs de b\u00e9b\u00e9<span class=\"ez-toc-section-end\"><\/span><\/h2>\n\n\n\n<p>Les pleurs font ainsi partie du <strong>quotidien des jeunes parents, surtout durant les premi\u00e8res semaines voire les premiers mois<\/strong>. Entre nous, aviez-vous remarqu\u00e9 que les sons \u00e9mis \u00e9taient diff\u00e9rents\u2009? Savez-vous les reconna\u00eetre\u2009?&nbsp;<\/p>\n\n\n\n<p>Dans son livre <em>Il pleure que dit-il ? D\u00e9coder enfin le langage cach\u00e9 des b\u00e9b\u00e9s<\/em>, l\u2019Australienne Priscilla Dunstan a r\u00e9ussi \u00e0 d\u00e9finir plusieurs types de pleurs. Incroyable, non\u2009? Sur le papier, on a du mal \u00e0 y croire et pourtant\u2009! Apr\u00e8s plus de 10&nbsp;ans de recherche, elle a r\u00e9ussi \u00e0 identifier plusieurs phon\u00e8mes principaux que l\u2019on retrouve chez tous les b\u00e9b\u00e9s tels que&nbsp;:<\/p>\n\n\n\n<ul class=\"wp-block-list\">\n<li><em>J\u2019ai faim&nbsp;: [N\u00e8h]&nbsp;<\/em><\/li>\n\n\n\n<li><em>Je veux faire un rot&nbsp;: [\u00c8h]&nbsp;<\/em><\/li>\n\n\n\n<li><em>J\u2019ai sommeil&nbsp;: [Aoh]<\/em><\/li>\n\n\n\n<li><em>J&rsquo;ai soif&nbsp;: [Nah]<\/em><\/li>\n\n\n\n<li><em>J\u2019en ai marre, je suis fatigu\u00e9&nbsp;: [Ouin]<\/em><\/li>\n<\/ul>\n\n\n\n<hr class=\"wp-block-separator has-css-opacity is-style-wide\"\/>\n\n\n\n<p><em>La Remarque culott\u00e9e&nbsp;<\/em><\/p>\n\n\n\n<p><em>\u00c0 vos \u00e9coutilles\u2009! R\u00e9ussir \u00e0 diff\u00e9rencier les pleurs n\u00e9cessite de l&rsquo;attention et de l&rsquo;observation. Mais c&rsquo;est une grande aide au quotidien pour r\u00e9pondre au mieux aux besoins de votre petit culott\u00e9 !<\/em><\/p>\n\n\n\n<hr class=\"wp-block-separator has-css-opacity is-style-wide\"\/>\n\n\n\n<h2 class=\"wp-block-heading\"><span class=\"ez-toc-section\" id=\"Aie_bebe_a_mal%E2%80%A6_et_pleure%E2%80%89\"><\/span>A\u00efe, b\u00e9b\u00e9 a mal\u2026 et pleure\u2009!<span class=\"ez-toc-section-end\"><\/span><\/h2>\n\n\n\n<p><strong>Quand les pleurs sont excessifs et r\u00e9currents<\/strong> durant la journ\u00e9e ou arrivent avant, pendant ou apr\u00e8s le repas, nous vous invitons \u00e0 consulter votre p\u00e9diatre. En effet, il souffre peut-\u00eatre d\u2019une pathologie particuli\u00e8re, d\u2019une allergie ou d\u2019un<strong> reflux gastro-\u0153sophagien<\/strong>. Ce dernier peut \u00eatre tr\u00e8s douloureux pour l\u2019enfant, qui va alors \u00e9norm\u00e9ment pleurer \u00e0 toute heure de la journ\u00e9e.&nbsp;<\/p>\n\n\n\n<p>Un peu plus grands (vers 3&nbsp;mois), les enfants peuvent commencer \u00e0 avoir des <a href=\"https:\/\/www.lespetitsculottes.com\/blog\/age-poussee-dentaire\/\">pouss\u00e9es dentaires<\/a>&nbsp;: la gencive se pr\u00e9pare pour accueillir de jolies quenottes\u2009! Certains en souffrent beaucoup, d\u2019autres non. Le baume gingival, le gel calmant ou encore les m\u00e9decines douces peuvent aider et apaiser.&nbsp;<\/p>\n\n\n\n<p>Dans tous les cas, si les pleurs de votre b\u00e9b\u00e9 semblent traduire une souffrance, c\u2019est que quelque chose ne va pas. Discutez-en avec votre p\u00e9diatre pour d\u00e9finir ensemble un protocole \u00e0 mettre en place. La consultation avec un ost\u00e9opathe pourra aussi \u00eatre envisag\u00e9e. <\/p>\n\n\n\n<p>D\u00e9couvrez dans quels cas consulter un <a href=\"https:\/\/www.lespetitsculottes.com\/blog\/osteopathie-nourrissons\/\">ost\u00e9opathe pour un nourrisson<\/a>.<\/p>\n\n\n\n<h2 class=\"wp-block-heading\"><span class=\"ez-toc-section\" id=\"Les_pleurs_chez_le_nourrisson\"><\/span>Les pleurs chez le nourrisson<span class=\"ez-toc-section-end\"><\/span><\/h2>\n\n\n\n<h3 class=\"wp-block-heading\"><span class=\"ez-toc-section\" id=\"Les_pleurs_inexpliques\"><\/span><strong>Les pleurs inexpliqu\u00e9s<\/strong><span class=\"ez-toc-section-end\"><\/span><\/h3>\n\n\n\n<p>Vous trouvez que votre b\u00e9b\u00e9 pleure beaucoup ? Rassurez-vous, c\u2019est tout \u00e0 fait normal ! En moyenne, un nourrisson pleure environ deux heures par jour. M\u00eame si cela peut sembler long, c&rsquo;est simplement une mani\u00e8re pour votre tout-petit de communiquer.&nbsp;<\/p>\n\n\n\n<p>Les experts s\u2019accordent \u00e0 dire que c\u2019est surtout durant les trois premiers mois que les pleurs sont les plus intenses. En fait, il existe un mod\u00e8le appel\u00e9 la \u00ab\u00a0courbe des pleurs\u00a0\u00bb : autour de 2 \u00e0 3 semaines, les pleurs augmentent ; entre 6 et 8 semaines, ils atteignent leur sommet, avant de progressivement diminuer \u00e0 partir des 12 semaines.&nbsp;<\/p>\n\n\n\n<p>Ces crises peuvent durer 45 minutes, voire deux heures, mais elles sont temporaires.&nbsp;<\/p>\n\n\n\n<p>Inexpliqu\u00e9s\u2009? Pas forc\u00e9ment. Votre b\u00e9b\u00e9 aura d\u00e9couvert un nombre infini de choses tout au long de sa journ\u00e9e&nbsp;:&nbsp;<\/p>\n\n\n\n<ul class=\"wp-block-list\">\n<li>de nouveaux visages ;&nbsp;<\/li>\n\n\n\n<li>des lieux ;<\/li>\n\n\n\n<li>des sons ;<\/li>\n\n\n\n<li>des musiques ;<\/li>\n\n\n\n<li>des bruits ;<\/li>\n\n\n\n<li>des lumi\u00e8res ;<\/li>\n\n\n\n<li>des odeurs, etc.&nbsp;<\/li>\n<\/ul>\n\n\n\n<p>Autant de micro-\u00e9v\u00e9nements et de stimuli qui troublent son cerveau et sa sph\u00e8re \u00e9motionnelle encore immatures. Ces <strong>pleurs de d\u00e9charge <\/strong>peuvent \u00eatre stressants<strong> <\/strong>pour le parent, car rien ne semble pouvoir <strong>calmer les pleurs de b\u00e9b\u00e9<\/strong>.<\/p>\n\n\n\n<p>Pour apaiser un b\u00e9b\u00e9, voici quelques conseils :<\/p>\n\n\n\n<ul class=\"wp-block-list\">\n<li>prenez votre b\u00e9b\u00e9 dans vos bras pour l\u2019aider \u00e0 \u00e9vacuer ce trop-plein d\u2019informations et de sensations qu\u2019il ne peut pas g\u00e9rer\u2009;<\/li>\n\n\n\n<li>bercez-le tendrement et doucement\u2009;<\/li>\n\n\n\n<li>prenez du recul et focalisez votre attention sur votre respiration. Elle doit \u00eatre lente et apais\u00e9e. Si vous \u00eates d\u00e9tendu\u00b7e, votre b\u00e9b\u00e9 le sentira et pourra retrouver son calme plus facilement et plus rapidement.<\/li>\n<\/ul>\n\n\n\n<p>Tr\u00e8s souvent, <strong>ces pleurs ne durent pas plus d\u2019un trimestre<\/strong>. Ils disparaissent comme ils sont venus. N\u00e9anmoins, cela peut \u00eatre \u00e9reintant. Surtout, ne restez pas seul\u00b7e et parlez-en \u00e0 votre p\u00e9diatre ou aupr\u00e8s de votre PMI pour avoir des conseils avis\u00e9s. <\/p>\n\n\n\n<h3 class=\"wp-block-heading\"><span class=\"ez-toc-section\" id=\"Les_coliques_du_nourrisson\"><\/span><strong>Les coliques du nourrisson<\/strong><span class=\"ez-toc-section-end\"><\/span><\/h3>\n\n\n\n<p>Les pleurs du b\u00e9b\u00e9 sont souvent associ\u00e9s aux coliques, un ph\u00e9nom\u00e8ne assez courant chez les nourrissons. Les coliques sont des maux de ventre li\u00e9s \u00e0 son syst\u00e8me digestif encore immature.&nbsp;<\/p>\n\n\n\n<p>Vous remarquerez alors que votre b\u00e9b\u00e9 se tortille, devient tout rouge, serre les poings et pleure de fa\u00e7on intense et prolong\u00e9e, souvent \u00e0 la m\u00eame heure chaque jour. Ces coliques peuvent \u00eatre dues \u00e0 des petits gaz qui s\u2019accumulent dans son ventre, le rendant inconfortable et agit\u00e9.<\/p>\n\n\n\n<ul class=\"wp-block-list\">\n<li>Si vous pensez que votre b\u00e9b\u00e9 souffre de coliques ou d&rsquo;un inconfort digestif, essayez de le placer \u00e0 plat ventre sur votre avant bras pour le soulager.<\/li>\n<\/ul>\n\n\n\n<p>Pour plus de conseils, consultez notre article <a href=\"https:\/\/www.lespetitsculottes.com\/blog\/soulager-coliques-du-nourrisson\/\">Comment soulager les coliques du nourrisson ?<\/a><\/p>\n\n\n\n<h2 class=\"wp-block-heading\"><span class=\"ez-toc-section\" id=\"3_astuces_pour_reconforter_bebe\"><\/span>3&nbsp;astuces pour r\u00e9conforter b\u00e9b\u00e9<span class=\"ez-toc-section-end\"><\/span><\/h2>\n\n\n\n<p>Vous aimeriez tant avoir une baguette magique pour effacer ses sanglots\u2009! Nous n\u2019avons pas la baguette, mais trois astuces pour r\u00e9pondre au mieux aux pleurs de votre tout-petit.<\/p>\n\n\n\n<p>Apr\u00e8s vous \u00eates assur\u00e9\u00b7e qu\u2019il est bien au sec, qu\u2019il n\u2019a ni faim ni soif, ni trop chaud ni trop froid, il s\u2019agit de&nbsp;: <\/p>\n\n\n\n<h3 class=\"wp-block-heading\"><span class=\"ez-toc-section\" id=\"1_Rester_calme_et_serein%C2%B7e\"><\/span>1. Rester calme et serein\u00b7e<span class=\"ez-toc-section-end\"><\/span><\/h3>\n\n\n\n<p>La bienveillance envers les autres commence avec soi. Pour prot\u00e9ger votre b\u00e9b\u00e9 et lui apporter toute l\u2019attention dont il a besoin, vous devez prendre soin de vous avant tout. En tant que parent ou professionnel\u00b7le de la petite enfance, on peut vite <strong>se sentir ext\u00e9nu\u00e9\u00b7e par les pleurs d\u2019un nourrisson<\/strong>.&nbsp;<\/p>\n\n\n\n<p>Si vous voyez que le stress ou la fatigue vous submerge, posez l\u2019enfant dans son lit en s\u00e9curit\u00e9 et isolez-vous quelques minutes pour vous recentrer, respirer et <strong>apaiser vos propres \u00e9motions<\/strong>. Si cela est possible, passez le relais \u00e0 votre conjoint.e ou \u00e0 un proche.&nbsp;<\/p>\n\n\n\n<p><b>Attention, un b\u00e9b\u00e9 ne doit jamais \u00eatre secou\u00e9\u2009! C\u2019est un geste extr\u00eamement violent qui peut lui \u00eatre fatal.<\/b><\/p>\n\n\n\n<h3 class=\"wp-block-heading\"><span class=\"ez-toc-section\" id=\"2_Accompagner_sans_crier\"><\/span>2. Accompagner sans crier<span class=\"ez-toc-section-end\"><\/span><\/h3>\n\n\n\n<p>La seule cons\u00e9quence que vous pourrez observer si vous criez, est la mont\u00e9e en puissance des pleurs. La raison\u2009? <strong>Votre nourrisson est une v\u00e9ritable \u00ab\u2009\u00e9ponge\u2009\u00bb \u00e9motionnelle et affective<\/strong>. Il va ressentir votre stress, votre \u00e9nervement, etc. Submerg\u00e9 par ce raz de mar\u00e9e \u00e9motionnel, il n\u2019en pleurera que davantage.&nbsp;<\/p>\n\n\n\n<p>Accompagner son enfant, c\u2019est lui montrer qu\u2019on est pr\u00e9sent, c\u2019est <strong>le prendre dans les bras et le bercer<\/strong>, paisiblement. N\u2019h\u00e9sitez pas \u00e0 lui murmurer une m\u00e9lodie que vous aviez l\u2019habitude de fredonner pendant la grossesse. Entendre votre voix, douce et remplie d\u2019amour ne pourra \u00eatre que b\u00e9n\u00e9fique pour lui.&nbsp;<\/p>\n\n\n\n<h3 class=\"wp-block-heading\"><span class=\"ez-toc-section\" id=\"3_Apaiser_grace_aux_bruits_blancs\"><\/span>3. Apaiser gr\u00e2ce aux bruits blancs<span class=\"ez-toc-section-end\"><\/span><\/h3>\n\n\n\n<p>Il est possible que vous n\u2019ayez jamais entendu parler des bruits blancs avant de devenir parents. Ce sont tous ces bruits de fond qui font partie de notre vie de tous les jours. Ils ont un pouvoir extraordinaire sur les enfants (voire m\u00eame sur les adultes)\u2009! Ils facilitent l\u2019endormissement et offrent <strong>une sensation de bien-\u00eatre<\/strong>. <br>Voici quelques exemples&nbsp;:<\/p>\n\n\n\n<ul class=\"wp-block-list\">\n<li>la hotte de la cuisine\u2009;<\/li>\n\n\n\n<li>la machine \u00e0 laver\u2009;<\/li>\n\n\n\n<li>l\u2019aspirateur\u2009;<\/li>\n\n\n\n<li>le s\u00e8che-cheveux\u2009;<\/li>\n\n\n\n<li>l\u2019eau qui coule doucement\u2009;<\/li>\n\n\n\n<li>la pluie qui tape contre les carreaux\u2009;<\/li>\n\n\n\n<li>une peluche qui diffuse diff\u00e9rents bruits blancs\u2026.<\/li>\n<\/ul>\n\n\n\n<h2 class=\"wp-block-heading\"><span class=\"ez-toc-section\" id=\"Bebe_qui_pleure_il_y_a_toujours_une_raison%E2%80%89\"><\/span>B\u00e9b\u00e9 qui pleure&nbsp;: il y a toujours une raison\u2009!<span class=\"ez-toc-section-end\"><\/span><\/h2>\n\n\n\n<p>Rappelez-vous que b\u00e9b\u00e9 ne pleure jamais pour rien ou pour vous emb\u00eater\u2009! C\u2019est un \u00eatre dou\u00e9 d\u2019\u00e9motions et encore tr\u00e8s fragile. Il n\u2019est pas en capacit\u00e9 d\u2019analyser son environnement et ses besoins. Il aura donc tendance \u00e0 manifester son inconfort avec son corps et par des pleurs.&nbsp;<\/p>\n\n\n\n<p>Les <strong>pleurs de b\u00e9b\u00e9<\/strong> sont \u00e0 prendre en consid\u00e9ration afin de lui \u00e9viter tout stress suppl\u00e9mentaire. En agissant ainsi, vous lui apportez le r\u00e9confort et le <strong>bien-\u00eatre n\u00e9cessaires \u00e0 son \u00e9panouissement et \u00e0 son bon d\u00e9veloppement<\/strong>.<br><\/p>\n","protected":false},"excerpt":{"rendered":"<p>\u00d4 heureux nouveaux parents\u2009! Vous voici devenus gagas de votre [&hellip;]<\/p>\n","protected":false},"author":1,"featured_media":378,"comment_status":"closed","ping_status":"closed","sticky":false,"template":"","format":"standard","meta":{"footnotes":""},"categories":[10],"class_list":["post-371","post","type-post","status-publish","format-standard","has-post-thumbnail","hentry","category-bebe-culotte"],"yoast_head":"<!-- This site is optimized with the Yoast SEO plugin v26.2 - https:\/\/yoast.com\/wordpress\/plugins\/seo\/ -->\n<title>Pourquoi b\u00e9b\u00e9 pleure : apprenons \u00e0 d\u00e9coder et apaiser ses pleurs<\/title>\n<meta name=\"description\" content=\"D\u00e9couvrez pourquoi b\u00e9b\u00e9 pleure. Coliques, faim, fatigue... Nos conseils pour apaiser et r\u00e9conforter votre tout-petit en toute s\u00e9r\u00e9nit\u00e9 !\" \/>\n<meta name=\"robots\" content=\"index, follow, max-snippet:-1, max-image-preview:large, max-video-preview:-1\" \/>\n<link rel=\"canonical\" href=\"https:\/\/www.lespetitsculottes.com\/blog\/pourquoi-bebe-pleure\/\" \/>\n<meta property=\"og:locale\" content=\"fr_FR\" \/>\n<meta property=\"og:type\" content=\"article\" \/>\n<meta property=\"og:title\" content=\"Pourquoi b\u00e9b\u00e9 pleure : apprenons \u00e0 d\u00e9coder et apaiser ses pleurs\" \/>\n<meta property=\"og:description\" content=\"D\u00e9couvrez pourquoi b\u00e9b\u00e9 pleure. Coliques, faim, fatigue... Nos conseils pour apaiser et r\u00e9conforter votre tout-petit en toute s\u00e9r\u00e9nit\u00e9 !\" \/>\n<meta property=\"og:url\" content=\"https:\/\/www.lespetitsculottes.com\/blog\/pourquoi-bebe-pleure\/\" \/>\n<meta property=\"og:site_name\" content=\"Les Petits Culott\u00e9s\" \/>\n<meta property=\"article:published_time\" content=\"2020-11-16T16:00:14+00:00\" \/>\n<meta property=\"article:modified_time\" content=\"2026-04-28T14:41:41+00:00\" \/>\n<meta property=\"og:image\" content=\"https:\/\/www.lespetitsculottes.com\/blog\/wp-content\/uploads\/2020\/10\/bebe-pleure-le-comprendre.jpg\" \/>\n\t<meta property=\"og:image:width\" content=\"830\" \/>\n\t<meta property=\"og:image:height\" content=\"560\" \/>\n\t<meta property=\"og:image:type\" content=\"image\/jpeg\" \/>\n<meta name=\"author\" content=\"Admin 23Prod\" \/>\n<meta name=\"twitter:card\" content=\"summary_large_image\" \/>\n<meta name=\"twitter:label1\" content=\"\u00c9crit par\" \/>\n\t<meta name=\"twitter:data1\" content=\"Admin 23Prod\" \/>\n\t<meta name=\"twitter:label2\" content=\"Dur\u00e9e de lecture estim\u00e9e\" \/>\n\t<meta name=\"twitter:data2\" content=\"9 minutes\" \/>\n<script type=\"application\/ld+json\" class=\"yoast-schema-graph\">{\"@context\":\"https:\/\/schema.org\",\"@graph\":[{\"@type\":\"WebPage\",\"@id\":\"https:\/\/www.lespetitsculottes.com\/blog\/pourquoi-bebe-pleure\/\",\"url\":\"https:\/\/www.lespetitsculottes.com\/blog\/pourquoi-bebe-pleure\/\",\"name\":\"Pourquoi b\u00e9b\u00e9 pleure : apprenons \u00e0 d\u00e9coder et apaiser ses pleurs\",\"isPartOf\":{\"@id\":\"https:\/\/www.lespetitsculottes.com\/blog\/#website\"},\"primaryImageOfPage\":{\"@id\":\"https:\/\/www.lespetitsculottes.com\/blog\/pourquoi-bebe-pleure\/#primaryimage\"},\"image\":{\"@id\":\"https:\/\/www.lespetitsculottes.com\/blog\/pourquoi-bebe-pleure\/#primaryimage\"},\"thumbnailUrl\":\"https:\/\/www.lespetitsculottes.com\/blog\/wp-content\/uploads\/2020\/10\/bebe-pleure-le-comprendre.jpg\",\"datePublished\":\"2020-11-16T16:00:14+00:00\",\"dateModified\":\"2026-04-28T14:41:41+00:00\",\"author\":{\"@id\":\"https:\/\/www.lespetitsculottes.com\/blog\/#\/schema\/person\/d67501f1427510d030b375d864acaecb\"},\"description\":\"D\u00e9couvrez pourquoi b\u00e9b\u00e9 pleure. Coliques, faim, fatigue... Nos conseils pour apaiser et r\u00e9conforter votre tout-petit en toute s\u00e9r\u00e9nit\u00e9 !\",\"breadcrumb\":{\"@id\":\"https:\/\/www.lespetitsculottes.com\/blog\/pourquoi-bebe-pleure\/#breadcrumb\"},\"inLanguage\":\"fr-FR\",\"potentialAction\":[{\"@type\":\"ReadAction\",\"target\":[\"https:\/\/www.lespetitsculottes.com\/blog\/pourquoi-bebe-pleure\/\"]}]},{\"@type\":\"ImageObject\",\"inLanguage\":\"fr-FR\",\"@id\":\"https:\/\/www.lespetitsculottes.com\/blog\/pourquoi-bebe-pleure\/#primaryimage\",\"url\":\"https:\/\/www.lespetitsculottes.com\/blog\/wp-content\/uploads\/2020\/10\/bebe-pleure-le-comprendre.jpg\",\"contentUrl\":\"https:\/\/www.lespetitsculottes.com\/blog\/wp-content\/uploads\/2020\/10\/bebe-pleure-le-comprendre.jpg\",\"width\":830,\"height\":560,\"caption\":\"Cr\u00e9dit photo : canva\"},{\"@type\":\"BreadcrumbList\",\"@id\":\"https:\/\/www.lespetitsculottes.com\/blog\/pourquoi-bebe-pleure\/#breadcrumb\",\"itemListElement\":[{\"@type\":\"ListItem\",\"position\":1,\"name\":\"Home\",\"item\":\"https:\/\/www.lespetitsculottes.com\/blog\/\"},{\"@type\":\"ListItem\",\"position\":2,\"name\":\"Pourquoi b\u00e9b\u00e9 pleure : explications et solutions\"}]},{\"@type\":\"WebSite\",\"@id\":\"https:\/\/www.lespetitsculottes.com\/blog\/#website\",\"url\":\"https:\/\/www.lespetitsculottes.com\/blog\/\",\"name\":\"Les petits culott\u00e9s\",\"description\":\"Le blog des Petits Culott\u00e9s\",\"potentialAction\":[{\"@type\":\"SearchAction\",\"target\":{\"@type\":\"EntryPoint\",\"urlTemplate\":\"https:\/\/www.lespetitsculottes.com\/blog\/?s={search_term_string}\"},\"query-input\":{\"@type\":\"PropertyValueSpecification\",\"valueRequired\":true,\"valueName\":\"search_term_string\"}}],\"inLanguage\":\"fr-FR\"},{\"@type\":\"Person\",\"@id\":\"https:\/\/www.lespetitsculottes.com\/blog\/#\/schema\/person\/d67501f1427510d030b375d864acaecb\",\"name\":\"Admin 23Prod\",\"image\":{\"@type\":\"ImageObject\",\"inLanguage\":\"fr-FR\",\"@id\":\"https:\/\/www.lespetitsculottes.com\/blog\/#\/schema\/person\/image\/\",\"url\":\"https:\/\/secure.gravatar.com\/avatar\/d07fc7773d840429da1fba32fa2027ef4f681ca12979b4997c63c8869d9a78ca?s=96&d=wp_user_avatar&r=g\",\"contentUrl\":\"https:\/\/secure.gravatar.com\/avatar\/d07fc7773d840429da1fba32fa2027ef4f681ca12979b4997c63c8869d9a78ca?s=96&d=wp_user_avatar&r=g\",\"caption\":\"Admin 23Prod\"},\"description\":\"D\u00e9veloppeur\",\"url\":\"https:\/\/www.lespetitsculottes.com\/blog\/auteur\/lpc\/\"}]}<\/script>\n<!-- \/ Yoast SEO plugin. -->","yoast_head_json":{"title":"Pourquoi b\u00e9b\u00e9 pleure : apprenons \u00e0 d\u00e9coder et apaiser ses pleurs","description":"D\u00e9couvrez pourquoi b\u00e9b\u00e9 pleure. Coliques, faim, fatigue... Nos conseils pour apaiser et r\u00e9conforter votre tout-petit en toute s\u00e9r\u00e9nit\u00e9 !","robots":{"index":"index","follow":"follow","max-snippet":"max-snippet:-1","max-image-preview":"max-image-preview:large","max-video-preview":"max-video-preview:-1"},"canonical":"https:\/\/www.lespetitsculottes.com\/blog\/pourquoi-bebe-pleure\/","og_locale":"fr_FR","og_type":"article","og_title":"Pourquoi b\u00e9b\u00e9 pleure : apprenons \u00e0 d\u00e9coder et apaiser ses pleurs","og_description":"D\u00e9couvrez pourquoi b\u00e9b\u00e9 pleure. Coliques, faim, fatigue... Nos conseils pour apaiser et r\u00e9conforter votre tout-petit en toute s\u00e9r\u00e9nit\u00e9 !","og_url":"https:\/\/www.lespetitsculottes.com\/blog\/pourquoi-bebe-pleure\/","og_site_name":"Les Petits Culott\u00e9s","article_published_time":"2020-11-16T16:00:14+00:00","article_modified_time":"2026-04-28T14:41:41+00:00","og_image":[{"width":830,"height":560,"url":"https:\/\/www.lespetitsculottes.com\/blog\/wp-content\/uploads\/2020\/10\/bebe-pleure-le-comprendre.jpg","type":"image\/jpeg"}],"author":"Admin 23Prod","twitter_card":"summary_large_image","twitter_misc":{"\u00c9crit par":"Admin 23Prod","Dur\u00e9e de lecture estim\u00e9e":"9 minutes"},"schema":{"@context":"https:\/\/schema.org","@graph":[{"@type":"WebPage","@id":"https:\/\/www.lespetitsculottes.com\/blog\/pourquoi-bebe-pleure\/","url":"https:\/\/www.lespetitsculottes.com\/blog\/pourquoi-bebe-pleure\/","name":"Pourquoi b\u00e9b\u00e9 pleure : apprenons \u00e0 d\u00e9coder et apaiser ses pleurs","isPartOf":{"@id":"https:\/\/www.lespetitsculottes.com\/blog\/#website"},"primaryImageOfPage":{"@id":"https:\/\/www.lespetitsculottes.com\/blog\/pourquoi-bebe-pleure\/#primaryimage"},"image":{"@id":"https:\/\/www.lespetitsculottes.com\/blog\/pourquoi-bebe-pleure\/#primaryimage"},"thumbnailUrl":"https:\/\/www.lespetitsculottes.com\/blog\/wp-content\/uploads\/2020\/10\/bebe-pleure-le-comprendre.jpg","datePublished":"2020-11-16T16:00:14+00:00","dateModified":"2026-04-28T14:41:41+00:00","author":{"@id":"https:\/\/www.lespetitsculottes.com\/blog\/#\/schema\/person\/d67501f1427510d030b375d864acaecb"},"description":"D\u00e9couvrez pourquoi b\u00e9b\u00e9 pleure. Coliques, faim, fatigue... Nos conseils pour apaiser et r\u00e9conforter votre tout-petit en toute s\u00e9r\u00e9nit\u00e9 !","breadcrumb":{"@id":"https:\/\/www.lespetitsculottes.com\/blog\/pourquoi-bebe-pleure\/#breadcrumb"},"inLanguage":"fr-FR","potentialAction":[{"@type":"ReadAction","target":["https:\/\/www.lespetitsculottes.com\/blog\/pourquoi-bebe-pleure\/"]}]},{"@type":"ImageObject","inLanguage":"fr-FR","@id":"https:\/\/www.lespetitsculottes.com\/blog\/pourquoi-bebe-pleure\/#primaryimage","url":"https:\/\/www.lespetitsculottes.com\/blog\/wp-content\/uploads\/2020\/10\/bebe-pleure-le-comprendre.jpg","contentUrl":"https:\/\/www.lespetitsculottes.com\/blog\/wp-content\/uploads\/2020\/10\/bebe-pleure-le-comprendre.jpg","width":830,"height":560,"caption":"Cr\u00e9dit photo : canva"},{"@type":"BreadcrumbList","@id":"https:\/\/www.lespetitsculottes.com\/blog\/pourquoi-bebe-pleure\/#breadcrumb","itemListElement":[{"@type":"ListItem","position":1,"name":"Home","item":"https:\/\/www.lespetitsculottes.com\/blog\/"},{"@type":"ListItem","position":2,"name":"Pourquoi b\u00e9b\u00e9 pleure : explications et solutions"}]},{"@type":"WebSite","@id":"https:\/\/www.lespetitsculottes.com\/blog\/#website","url":"https:\/\/www.lespetitsculottes.com\/blog\/","name":"Les petits culott\u00e9s","description":"Le blog des Petits Culott\u00e9s","potentialAction":[{"@type":"SearchAction","target":{"@type":"EntryPoint","urlTemplate":"https:\/\/www.lespetitsculottes.com\/blog\/?s={search_term_string}"},"query-input":{"@type":"PropertyValueSpecification","valueRequired":true,"valueName":"search_term_string"}}],"inLanguage":"fr-FR"},{"@type":"Person","@id":"https:\/\/www.lespetitsculottes.com\/blog\/#\/schema\/person\/d67501f1427510d030b375d864acaecb","name":"Admin 23Prod","image":{"@type":"ImageObject","inLanguage":"fr-FR","@id":"https:\/\/www.lespetitsculottes.com\/blog\/#\/schema\/person\/image\/","url":"https:\/\/secure.gravatar.com\/avatar\/d07fc7773d840429da1fba32fa2027ef4f681ca12979b4997c63c8869d9a78ca?s=96&d=wp_user_avatar&r=g","contentUrl":"https:\/\/secure.gravatar.com\/avatar\/d07fc7773d840429da1fba32fa2027ef4f681ca12979b4997c63c8869d9a78ca?s=96&d=wp_user_avatar&r=g","caption":"Admin 23Prod"},"description":"D\u00e9veloppeur","url":"https:\/\/www.lespetitsculottes.com\/blog\/auteur\/lpc\/"}]}},"_links":{"self":[{"href":"https:\/\/www.lespetitsculottes.com\/blog\/wp-json\/wp\/v2\/posts\/371","targetHints":{"allow":["GET"]}}],"collection":[{"href":"https:\/\/www.lespetitsculottes.com\/blog\/wp-json\/wp\/v2\/posts"}],"about":[{"href":"https:\/\/www.lespetitsculottes.com\/blog\/wp-json\/wp\/v2\/types\/post"}],"author":[{"embeddable":true,"href":"https:\/\/www.lespetitsculottes.com\/blog\/wp-json\/wp\/v2\/users\/1"}],"replies":[{"embeddable":true,"href":"https:\/\/www.lespetitsculottes.com\/blog\/wp-json\/wp\/v2\/comments?post=371"}],"version-history":[{"count":19,"href":"https:\/\/www.lespetitsculottes.com\/blog\/wp-json\/wp\/v2\/posts\/371\/revisions"}],"predecessor-version":[{"id":4855,"href":"https:\/\/www.lespetitsculottes.com\/blog\/wp-json\/wp\/v2\/posts\/371\/revisions\/4855"}],"wp:featuredmedia":[{"embeddable":true,"href":"https:\/\/www.lespetitsculottes.com\/blog\/wp-json\/wp\/v2\/media\/378"}],"wp:attachment":[{"href":"https:\/\/www.lespetitsculottes.com\/blog\/wp-json\/wp\/v2\/media?parent=371"}],"wp:term":[{"taxonomy":"category","embeddable":true,"href":"https:\/\/www.lespetitsculottes.com\/blog\/wp-json\/wp\/v2\/categories?post=371"}],"curies":[{"name":"wp","href":"https:\/\/api.w.org\/{rel}","templated":true}]}}