{"id":3923,"date":"2025-07-02T19:07:44","date_gmt":"2025-07-02T17:07:44","guid":{"rendered":"https:\/\/www.lespetitsculottes.com\/blog\/?p=3923"},"modified":"2025-07-02T19:07:45","modified_gmt":"2025-07-02T17:07:45","slug":"proteger-bebe-de-la-chaleur-les-bons-reflexes-de-lete","status":"publish","type":"post","link":"https:\/\/www.lespetitsculottes.com\/blog\/proteger-bebe-de-la-chaleur-les-bons-reflexes-de-lete\/","title":{"rendered":"Prot\u00e9ger b\u00e9b\u00e9 de la chaleur : les bons r\u00e9flexes de l\u2019\u00e9t\u00e9"},"content":{"rendered":"<div id=\"ez-toc-container\" class=\"ez-toc-v2_0_76 counter-hierarchy ez-toc-counter ez-toc-white ez-toc-container-direction\">\n<div class=\"ez-toc-title-container\"><p class=\"ez-toc-title\" style=\"cursor:inherit\">Sommaire<\/p>\n<\/div><nav><ul class='ez-toc-list ez-toc-list-level-1 ' ><li class='ez-toc-page-1 ez-toc-heading-level-2'><a class=\"ez-toc-link ez-toc-heading-1\" href=\"https:\/\/www.lespetitsculottes.com\/blog\/proteger-bebe-de-la-chaleur-les-bons-reflexes-de-lete\/#Pourquoi_les_tout-petits_sont-ils_si_vulnerables_a_la_chaleur\" >Pourquoi les tout-petits sont-ils si vuln\u00e9rables \u00e0 la chaleur ?<\/a><\/li><li class='ez-toc-page-1 ez-toc-heading-level-2'><a class=\"ez-toc-link ez-toc-heading-2\" href=\"https:\/\/www.lespetitsculottes.com\/blog\/proteger-bebe-de-la-chaleur-les-bons-reflexes-de-lete\/#Comprendre_les_dangers_insolation_et_coup_de_chaleur\" >Comprendre les dangers : insolation et coup de chaleur<\/a><ul class='ez-toc-list-level-3' ><li class='ez-toc-heading-level-3'><a class=\"ez-toc-link ez-toc-heading-3\" href=\"https:\/\/www.lespetitsculottes.com\/blog\/proteger-bebe-de-la-chaleur-les-bons-reflexes-de-lete\/#Linsolation\" >L&rsquo;insolation<\/a><\/li><li class='ez-toc-page-1 ez-toc-heading-level-3'><a class=\"ez-toc-link ez-toc-heading-4\" href=\"https:\/\/www.lespetitsculottes.com\/blog\/proteger-bebe-de-la-chaleur-les-bons-reflexes-de-lete\/#Le_coup_de_chaleur\" >Le coup de chaleur<\/a><\/li><\/ul><\/li><li class='ez-toc-page-1 ez-toc-heading-level-2'><a class=\"ez-toc-link ez-toc-heading-5\" href=\"https:\/\/www.lespetitsculottes.com\/blog\/proteger-bebe-de-la-chaleur-les-bons-reflexes-de-lete\/#Les_signes_dalerte_chez_bebe\" >Les signes d\u2019alerte chez b\u00e9b\u00e9<\/a><\/li><li class='ez-toc-page-1 ez-toc-heading-level-2'><a class=\"ez-toc-link ez-toc-heading-6\" href=\"https:\/\/www.lespetitsculottes.com\/blog\/proteger-bebe-de-la-chaleur-les-bons-reflexes-de-lete\/#Proteger_bebe_de_la_chaleur_les_reflexes_indispensables\" >Prot\u00e9ger b\u00e9b\u00e9 de la chaleur : les r\u00e9flexes indispensables<\/a><ul class='ez-toc-list-level-3' ><li class='ez-toc-heading-level-3'><a class=\"ez-toc-link ez-toc-heading-7\" href=\"https:\/\/www.lespetitsculottes.com\/blog\/proteger-bebe-de-la-chaleur-les-bons-reflexes-de-lete\/#1_Lhydrater_tres_regulierement\" >1. L&rsquo;hydrater tr\u00e8s r\u00e9guli\u00e8rement<\/a><\/li><li class='ez-toc-page-1 ez-toc-heading-level-3'><a class=\"ez-toc-link ez-toc-heading-8\" href=\"https:\/\/www.lespetitsculottes.com\/blog\/proteger-bebe-de-la-chaleur-les-bons-reflexes-de-lete\/#2_Choisir_des_vetements_adaptes\" >2. Choisir des v\u00eatements adapt\u00e9s<\/a><\/li><li class='ez-toc-page-1 ez-toc-heading-level-3'><a class=\"ez-toc-link ez-toc-heading-9\" href=\"https:\/\/www.lespetitsculottes.com\/blog\/proteger-bebe-de-la-chaleur-les-bons-reflexes-de-lete\/#3_Rafraichir_son_environnement\" >3. Rafra\u00eechir son environnement<\/a><\/li><li class='ez-toc-page-1 ez-toc-heading-level-3'><a class=\"ez-toc-link ez-toc-heading-10\" href=\"https:\/\/www.lespetitsculottes.com\/blog\/proteger-bebe-de-la-chaleur-les-bons-reflexes-de-lete\/#4_Planifier_les_sorties_intelligemment\" >4. Planifier les sorties intelligemment<\/a><\/li><li class='ez-toc-page-1 ez-toc-heading-level-3'><a class=\"ez-toc-link ez-toc-heading-11\" href=\"https:\/\/www.lespetitsculottes.com\/blog\/proteger-bebe-de-la-chaleur-les-bons-reflexes-de-lete\/#5_Amenager_les_temps_de_repos\" >5. Am\u00e9nager les temps de repos<\/a><\/li><\/ul><\/li><li class='ez-toc-page-1 ez-toc-heading-level-2'><a class=\"ez-toc-link ez-toc-heading-12\" href=\"https:\/\/www.lespetitsculottes.com\/blog\/proteger-bebe-de-la-chaleur-les-bons-reflexes-de-lete\/#Ce_quil_ne_faut_JAMAIS_faire_en_cas_de_forte_chaleur\" >Ce qu&rsquo;il ne faut JAMAIS faire en cas de forte chaleur<\/a><\/li><\/ul><\/nav><\/div>\n\n<p>L\u2019\u00e9t\u00e9, ce sont les rires au parc, les pieds nus sur le sable\u2026 et parfois, le thermom\u00e8tre qui grimpe un peu trop vite. Et pour les tout-petits, ces hausses de temp\u00e9rature ne sont pas sans danger. Leur petit corps encore en apprentissage peine \u00e0 s\u2019adapter. D\u00e9shydratation, insolation, coup de chaleur : autant de risques qu\u2019il est facile d\u2019\u00e9viter avec les bons gestes. Voici quelques conseils pour chouchouter nos petits culott\u00e9s.<\/p>\n\n\n\n<h2 class=\"wp-block-heading\"><span class=\"ez-toc-section\" id=\"Pourquoi_les_tout-petits_sont-ils_si_vulnerables_a_la_chaleur\"><\/span><strong>Pourquoi les tout-petits sont-ils si vuln\u00e9rables \u00e0 la chaleur ?<\/strong><span class=\"ez-toc-section-end\"><\/span><\/h2>\n\n\n\n<p>D\u00e8s les premiers mois de vie,<strong> les b\u00e9b\u00e9s sont particuli\u00e8rement vuln\u00e9rables \u00e0 la chaleur<\/strong>, car leur corps ne sait pas encore maintenir sa temp\u00e9rature stable comme les adultes. Cette capacit\u00e9 de r\u00e9gulation thermique se d\u00e9veloppe progressivement au cours des premiers mois.<\/p>\n\n\n\n<p>La peau des nourrissons joue un r\u00f4le cl\u00e9 dans cette fragilit\u00e9 : elle est beaucoup plus fine que celle des adultes, avec des couches moins \u00e9paisses et moins d\u00e9velopp\u00e9es. Fine et immature, la peau de b\u00e9b\u00e9 absorbe plus rapidement la chaleur. Elle n\u2019offre pas encore toute la protection n\u00e9cessaire face aux rayons du soleil ou \u00e0 un air trop chaud.<\/p>\n\n\n\n<p>Autre particularit\u00e9 : Chez les b\u00e9b\u00e9s, la transpiration est moins efficace et le r\u00e9flexe de boire n\u2019est pas encore bien install\u00e9. R\u00e9sultat : ils ne peuvent pas dire qu\u2019ils ont chaud, ni compenser par eux-m\u00eames une perte d\u2019eau.<\/p>\n\n\n\n<hr class=\"wp-block-separator has-alpha-channel-opacity\"\/>\n\n\n\n<p><strong><em>Conseil culott\u00e9 :&nbsp;<\/em><\/strong><\/p>\n\n\n\n<p><em>Un nourrisson d\u00e9pend enti\u00e8rement de l&rsquo;adulte pour s&rsquo;hydrater, se d\u00e9placer, s&rsquo;habiller ou se d\u00e9shabiller selon la temp\u00e9rature. Il ne peut pas se prot\u00e9ger seul contre la chaleur, ce qui rend votre vigilance indispensable pour assurer son bien-\u00eatre et sa s\u00e9curit\u00e9.<\/em><\/p>\n\n\n\n<hr class=\"wp-block-separator has-alpha-channel-opacity\"\/>\n\n\n\n<h2 class=\"wp-block-heading\"><span class=\"ez-toc-section\" id=\"Comprendre_les_dangers_insolation_et_coup_de_chaleur\"><\/span><strong>Comprendre les dangers : insolation et coup de chaleur<\/strong><span class=\"ez-toc-section-end\"><\/span><\/h2>\n\n\n\n<h3 class=\"wp-block-heading\"><span class=\"ez-toc-section\" id=\"Linsolation\"><\/span><strong>L&rsquo;insolation<\/strong><span class=\"ez-toc-section-end\"><\/span><\/h3>\n\n\n\n<p>Quand un tout-petit reste trop longtemps au soleil, surtout si sa t\u00eate ou sa nuque ne sont pas bien prot\u00e9g\u00e9es, la chaleur s&rsquo;accumule et provoque une insolation. Elle se manifeste par des maux de t\u00eate, une irritabilit\u00e9, une sensibilit\u00e9 au bruit et \u00e0 la lumi\u00e8re, un visage tr\u00e8s rouge et br\u00fblant. L\u2019insolation n\u2019est pas obligatoirement li\u00e9e \u00e0 un \u00e9tat fi\u00e9vreux. Et pas besoin d\u2019un soleil \u00e9clatant : m\u00eame sous un ciel voil\u00e9, les rayons peuvent faire monter la temp\u00e9rature.<\/p>\n\n\n\n<h3 class=\"wp-block-heading\"><span class=\"ez-toc-section\" id=\"Le_coup_de_chaleur\"><\/span><strong>Le coup de chaleur<\/strong><span class=\"ez-toc-section-end\"><\/span><\/h3>\n\n\n\n<p>Bien plus grave, le coup de chaleur r\u00e9sulte d&rsquo;une temp\u00e9rature ambiante \u00e9lev\u00e9e dans un lieu mal ventil\u00e9 : voiture, landau ferm\u00e9, pi\u00e8ce surchauff\u00e9e&#8230; Les sympt\u00f4mes sont les suivants : fi\u00e8vre qui peut d\u00e9passer les 40\u00b0C, des vertiges, une peau rouge, des vomissements, des maux de t\u00eate.<\/p>\n\n\n\n<p>Vous emmenez <a href=\"https:\/\/www.lespetitsculottes.com\/blog\/bebe-a-la-plage-le-guide-malin-pour-des-vacances-zen\/\">b\u00e9b\u00e9 \u00e0 la plage<\/a> cet \u00e9t\u00e9 ? D\u00e9couvrez notre guide.<\/p>\n\n\n\n<h2 class=\"wp-block-heading\"><span class=\"ez-toc-section\" id=\"Les_signes_dalerte_chez_bebe\"><\/span><strong>Les signes d\u2019alerte chez b\u00e9b\u00e9<\/strong><span class=\"ez-toc-section-end\"><\/span><\/h2>\n\n\n\n<p>Restez attentif au comportement de votre b\u00e9b\u00e9, car certains signes doivent imm\u00e9diatement vous alerter.&nbsp;<\/p>\n\n\n\n<p>Si votre enfant dort beaucoup plus que d\u2019habitude ou, au contraire, devient tr\u00e8s agit\u00e9, cela peut traduire un malaise li\u00e9 \u00e0 la chaleur. Une transpiration excessive, une peau anormalement chaude et rouge sont \u00e9galement des signaux \u00e0 ne pas n\u00e9gliger.&nbsp;<\/p>\n\n\n\n<p>Surveillez les signes de d\u00e9shydratation : une bouche s\u00e8che, des yeux cern\u00e9s ou une diminution des urines peuvent indiquer que b\u00e9b\u00e9 manque d\u2019eau.&nbsp;<\/p>\n\n\n\n<p>D\u2019autres sympt\u00f4mes plus inqui\u00e9tants comme des vomissements, une d\u00e9sorientation ou une fi\u00e8vre \u00e9lev\u00e9e sans cause apparente doivent vous pousser \u00e0 r\u00e9agir rapidement.&nbsp;<\/p>\n\n\n\n<p>En cas de doute, installez imm\u00e9diatement votre enfant \u00e0 l\u2019ombre ou dans un endroit frais, retirez-lui ses v\u00eatements, rafra\u00eechissez-le doucement avec un linge humide et contactez les secours (15, 18 ou 112).<\/p>\n\n\n\n<h2 class=\"wp-block-heading\"><span class=\"ez-toc-section\" id=\"Proteger_bebe_de_la_chaleur_les_reflexes_indispensables\"><\/span><strong> Prot\u00e9ger b\u00e9b\u00e9 de la chaleur : les r\u00e9flexes indispensables<\/strong><span class=\"ez-toc-section-end\"><\/span><\/h2>\n\n\n\n<h3 class=\"wp-block-heading\"><span class=\"ez-toc-section\" id=\"1_Lhydrater_tres_regulierement\"><\/span><strong>1. L&rsquo;hydrater tr\u00e8s r\u00e9guli\u00e8rement<\/strong><span class=\"ez-toc-section-end\"><\/span><\/h3>\n\n\n\n<p>L&rsquo;hydratation est votre priorit\u00e9 absolue :<\/p>\n\n\n\n<ul class=\"wp-block-list\">\n<li>Proposez-lui de l&rsquo;eau fr\u00e9quemment, m\u00eame sans signes de soif.<\/li>\n\n\n\n<li>Si vous allaitez, multipliez les t\u00e9t\u00e9es.<\/li>\n\n\n\n<li>Pour les biberons, utilisez une eau \u00e0 temp\u00e9rature ambiante (jamais glac\u00e9e).<\/li>\n\n\n\n<li>Emportez toujours une r\u00e9serve d&rsquo;eau lors de vos d\u00e9placements.<\/li>\n<\/ul>\n\n\n\n<h3 class=\"wp-block-heading\"><span class=\"ez-toc-section\" id=\"2_Choisir_des_vetements_adaptes\"><\/span><strong>2. Choisir des v\u00eatements adapt\u00e9s<\/strong><span class=\"ez-toc-section-end\"><\/span><\/h3>\n\n\n\n<ul class=\"wp-block-list\">\n<li><strong>Le minimum<\/strong> : laissez b\u00e9b\u00e9 en couche ou en body l\u00e9ger<\/li>\n\n\n\n<li><strong>Les mati\u00e8res<\/strong> : privil\u00e9giez le coton ou le lin, \u00e9vitez le synth\u00e9tique<\/li>\n\n\n\n<li><strong>La coupe<\/strong> : optez pour des v\u00eatements amples plut\u00f4t que serr\u00e9s<\/li>\n\n\n\n<li><strong>La nuit<\/strong> : un simple drap housse et une gigoteuse d&rsquo;\u00e9t\u00e9 suffisent<\/li>\n<\/ul>\n\n\n\n<hr class=\"wp-block-separator has-alpha-channel-opacity\"\/>\n\n\n\n<p><strong><em>Astuce culott\u00e9e<\/em><\/strong><\/p>\n\n\n\n<p><em>Avec la chaleur, \u00e9ryth\u00e8mes fessiers et irritations peuvent se multiplier chez b\u00e9b\u00e9. C&rsquo;est pourquoi le choix de la couche est essentiel ! Avec leur <\/em><strong><em>voile 100 % d&rsquo;origine naturelle<\/em><\/strong><em>, <\/em><strong><em>les couches Les Petits Culott\u00e9s<\/em><\/strong><em> limitent la mac\u00e9ration tout en maintenant une <\/em><strong><em>fra\u00eecheur optimale<\/em><\/strong><em>. Gr\u00e2ce \u00e0 notre <\/em><a href=\"https:\/\/www.lespetitsculottes.com\/fr\/accueil\/9-abonnement-couche-bio.html\"><strong><em>abonnement couches<\/em><\/strong><\/a><strong><em> sans engagement<\/em><\/strong><em>, recevez vos couches o\u00f9 vous le souhaitez !<\/em><\/p>\n\n\n\n<hr class=\"wp-block-separator has-alpha-channel-opacity\"\/>\n\n\n\n<h3 class=\"wp-block-heading\"><span class=\"ez-toc-section\" id=\"3_Rafraichir_son_environnement\"><\/span><strong>3. Rafra\u00eechir son environnement<\/strong><span class=\"ez-toc-section-end\"><\/span><\/h3>\n\n\n\n<p><strong>Dans la maison :<\/strong><\/p>\n\n\n\n<ul class=\"wp-block-list\">\n<li>Fermez volets et rideaux dans la journ\u00e9e.<\/li>\n\n\n\n<li>A\u00e9rez aux heures fra\u00eeches (t\u00f4t le matin et tard le soir).<\/li>\n\n\n\n<li>Placez un linge humide dans la pi\u00e8ce pour humidifier l&rsquo;air.<\/li>\n\n\n\n<li>Utilisez un ventilateur sans le diriger vers b\u00e9b\u00e9.<\/li>\n<\/ul>\n\n\n\n<p><strong>Pour le rafra\u00eechir :<\/strong><\/p>\n\n\n\n<ul class=\"wp-block-list\">\n<li>Proposez-lui un bain ti\u00e8de \u00e0 32-34\u00b0C.<\/li>\n\n\n\n<li>Passez r\u00e9guli\u00e8rement un gant humide sur son visage et sa nuque.<\/li>\n<\/ul>\n\n\n\n<h3 class=\"wp-block-heading\"><span class=\"ez-toc-section\" id=\"4_Planifier_les_sorties_intelligemment\"><\/span><strong>4. Planifier les sorties intelligemment<\/strong><span class=\"ez-toc-section-end\"><\/span><\/h3>\n\n\n\n<p><strong>\u00c9vitez les heures les plus critiques de la journ\u00e9e<\/strong> : pas de sortie entre 11h et 17h.<\/p>\n\n\n\n<p><strong>Quand vous sortez :<\/strong><\/p>\n\n\n\n<ul class=\"wp-block-list\">\n<li>Choisissez les cr\u00e9neaux avant 11h ou apr\u00e8s 17h.<\/li>\n\n\n\n<li>Restez \u00e0 l&rsquo;ombre autant que possible.<\/li>\n\n\n\n<li>\u00c9quipez b\u00e9b\u00e9 d&rsquo;un chapeau \u00e0 larges bords et de lunettes adapt\u00e9es.<\/li>\n\n\n\n<li>Ne recouvrez jamais totalement la poussette (risque de surchauffe).<\/li>\n\n\n\n<li>\u00c9vitez les zones goudronn\u00e9es qui retiennent la chaleur.<\/li>\n<\/ul>\n\n\n\n<p><strong>Vos alli\u00e9s en promenade :<\/strong><\/p>\n\n\n\n<ul class=\"wp-block-list\">\n<li>Brumisateur pour un rafra\u00eechissement rapide,<\/li>\n\n\n\n<li>Lange mouill\u00e9 \u00e0 passer sur le visage et la nuque,<\/li>\n\n\n\n<li>R\u00e9serve d&rsquo;eau toujours accessible.<\/li>\n<\/ul>\n\n\n\n<h3 class=\"wp-block-heading\"><span class=\"ez-toc-section\" id=\"5_Amenager_les_temps_de_repos\"><\/span><strong>5. Am\u00e9nager les temps de repos<\/strong><span class=\"ez-toc-section-end\"><\/span><\/h3>\n\n\n\n<ul class=\"wp-block-list\">\n<li><strong>\u00c0 la maison<\/strong> : installez b\u00e9b\u00e9 dans la pi\u00e8ce la plus fra\u00eeche.<\/li>\n\n\n\n<li><strong>Solutions d&rsquo;appoint<\/strong> : n&rsquo;h\u00e9sitez pas \u00e0 vous rendre dans des lieux climatis\u00e9s (m\u00e9diath\u00e8que, centre commercial, chez des proches).<\/li>\n\n\n\n<li><strong>Vigilance absolue<\/strong> : ne laissez jamais b\u00e9b\u00e9 s&rsquo;endormir dans une voiture ou une tente ferm\u00e9e.<\/li>\n<\/ul>\n\n\n\n<h2 class=\"wp-block-heading\"><span class=\"ez-toc-section\" id=\"Ce_quil_ne_faut_JAMAIS_faire_en_cas_de_forte_chaleur\"><\/span><strong>Ce qu&rsquo;il ne faut JAMAIS faire en cas de forte chaleur<\/strong><span class=\"ez-toc-section-end\"><\/span><\/h2>\n\n\n\n<ul class=\"wp-block-list\">\n<li><strong>Ne jamais laisser un b\u00e9b\u00e9 seul dans une voiture<\/strong>, m\u00eame pour quelques minutes &#8211; la temp\u00e9rature peut grimper de 10\u00b0C en seulement 10 minutes.<\/li>\n\n\n\n<li><strong>\u00c9viter les porte-b\u00e9b\u00e9s durant les pics de chaleur<\/strong> &#8211;\u00a0 en collant b\u00e9b\u00e9 contre votre corps, la chaleur est accentu\u00e9e.<\/li>\n\n\n\n<li><strong>Ne pas recouvrir totalement la poussette avec un lange<\/strong> &#8211; cela cr\u00e9e un effet de serre dangereux.<\/li>\n\n\n\n<li><strong>Ne jamais exposer b\u00e9b\u00e9 directement au soleil<\/strong>, m\u00eame bri\u00e8vement &#8211; sa peau fragile ne le supporte pas.<\/li>\n\n\n\n<li><strong>\u00c9viter de donner de l&rsquo;eau glac\u00e9e<\/strong> &#8211; privil\u00e9giez toujours l&rsquo;eau \u00e0 temp\u00e9rature ambiante.<\/li>\n\n\n\n<li><strong>Ne pas utiliser de ventilateur directement orient\u00e9 sur b\u00e9b\u00e9<\/strong> &#8211; cela peut provoquer un refroidissement trop brusque.<\/li>\n<\/ul>\n\n\n\n<p>L\u2019\u00e9t\u00e9 peut \u00eatre une p\u00e9riode pleine de d\u00e9couvertes et de plaisirs pour les tout-petits, \u00e0 condition de bien le prot\u00e9ger de la chaleur. En appliquant ces gestes simples, mais essentiels, vous offrez \u00e0 votre b\u00e9b\u00e9 un \u00e9t\u00e9 serein et s\u00e9curis\u00e9. Rappelez-vous : en cas de doute ou de sympt\u00f4me inhabituel, faites preuve de r\u00e9activit\u00e9 et n\u2019h\u00e9sitez jamais \u00e0 consulter. Votre vigilance est sa meilleure protection.<\/p>\n\n\n\n<p><em>Cr\u00e9dit photo : \u00a9 Unsplash<\/em><\/p>\n","protected":false},"excerpt":{"rendered":"<p>L\u2019\u00e9t\u00e9, ce sont les rires au parc, les pieds nus [&hellip;]<\/p>\n","protected":false},"author":3,"featured_media":3925,"comment_status":"closed","ping_status":"closed","sticky":false,"template":"","format":"standard","meta":{"footnotes":""},"categories":[12],"class_list":["post-3923","post","type-post","status-publish","format-standard","has-post-thumbnail","hentry","category-lexpert-culotte"],"yoast_head":"<!-- This site is optimized with the Yoast SEO plugin v26.2 - https:\/\/yoast.com\/wordpress\/plugins\/seo\/ -->\n<title>Prot\u00e9ger b\u00e9b\u00e9 de la chaleur : gestes essentiels de l\u2019\u00e9t\u00e9<\/title>\n<meta name=\"description\" content=\"Canicule, insolation, d\u00e9shydratation : adoptez les bons r\u00e9flexes pour prot\u00e9ger efficacement votre b\u00e9b\u00e9 lors des fortes chaleurs estivales.\" \/>\n<meta name=\"robots\" content=\"index, follow, max-snippet:-1, max-image-preview:large, max-video-preview:-1\" \/>\n<link rel=\"canonical\" href=\"https:\/\/www.lespetitsculottes.com\/blog\/proteger-bebe-de-la-chaleur-les-bons-reflexes-de-lete\/\" \/>\n<meta property=\"og:locale\" content=\"fr_FR\" \/>\n<meta property=\"og:type\" content=\"article\" \/>\n<meta property=\"og:title\" content=\"Prot\u00e9ger b\u00e9b\u00e9 de la chaleur : gestes essentiels de l\u2019\u00e9t\u00e9\" \/>\n<meta property=\"og:description\" content=\"Canicule, insolation, d\u00e9shydratation : adoptez les bons r\u00e9flexes pour prot\u00e9ger efficacement votre b\u00e9b\u00e9 lors des fortes chaleurs estivales.\" \/>\n<meta property=\"og:url\" content=\"https:\/\/www.lespetitsculottes.com\/blog\/proteger-bebe-de-la-chaleur-les-bons-reflexes-de-lete\/\" \/>\n<meta property=\"og:site_name\" content=\"Les Petits Culott\u00e9s\" \/>\n<meta property=\"article:published_time\" content=\"2025-07-02T17:07:44+00:00\" \/>\n<meta property=\"article:modified_time\" content=\"2025-07-02T17:07:45+00:00\" \/>\n<meta property=\"og:image\" content=\"https:\/\/www.lespetitsculottes.com\/blog\/wp-content\/uploads\/2025\/07\/proteger-bebe-de-la-chaleur.jpg\" \/>\n\t<meta property=\"og:image:width\" content=\"830\" \/>\n\t<meta property=\"og:image:height\" content=\"553\" \/>\n\t<meta property=\"og:image:type\" content=\"image\/jpeg\" \/>\n<meta name=\"author\" content=\"Matthieu Batteur\" \/>\n<meta name=\"twitter:card\" content=\"summary_large_image\" \/>\n<meta name=\"twitter:label1\" content=\"\u00c9crit par\" \/>\n\t<meta name=\"twitter:data1\" content=\"Matthieu Batteur\" \/>\n\t<meta name=\"twitter:label2\" content=\"Dur\u00e9e de lecture estim\u00e9e\" \/>\n\t<meta name=\"twitter:data2\" content=\"6 minutes\" \/>\n<script type=\"application\/ld+json\" class=\"yoast-schema-graph\">{\"@context\":\"https:\/\/schema.org\",\"@graph\":[{\"@type\":\"WebPage\",\"@id\":\"https:\/\/www.lespetitsculottes.com\/blog\/proteger-bebe-de-la-chaleur-les-bons-reflexes-de-lete\/\",\"url\":\"https:\/\/www.lespetitsculottes.com\/blog\/proteger-bebe-de-la-chaleur-les-bons-reflexes-de-lete\/\",\"name\":\"Prot\u00e9ger b\u00e9b\u00e9 de la chaleur : gestes essentiels de l\u2019\u00e9t\u00e9\",\"isPartOf\":{\"@id\":\"https:\/\/www.lespetitsculottes.com\/blog\/#website\"},\"primaryImageOfPage\":{\"@id\":\"https:\/\/www.lespetitsculottes.com\/blog\/proteger-bebe-de-la-chaleur-les-bons-reflexes-de-lete\/#primaryimage\"},\"image\":{\"@id\":\"https:\/\/www.lespetitsculottes.com\/blog\/proteger-bebe-de-la-chaleur-les-bons-reflexes-de-lete\/#primaryimage\"},\"thumbnailUrl\":\"https:\/\/www.lespetitsculottes.com\/blog\/wp-content\/uploads\/2025\/07\/proteger-bebe-de-la-chaleur.jpg\",\"datePublished\":\"2025-07-02T17:07:44+00:00\",\"dateModified\":\"2025-07-02T17:07:45+00:00\",\"author\":{\"@id\":\"https:\/\/www.lespetitsculottes.com\/blog\/#\/schema\/person\/497831e9d8b4c1eb018613db53ea7306\"},\"description\":\"Canicule, insolation, d\u00e9shydratation : adoptez les bons r\u00e9flexes pour prot\u00e9ger efficacement votre b\u00e9b\u00e9 lors des fortes chaleurs estivales.\",\"breadcrumb\":{\"@id\":\"https:\/\/www.lespetitsculottes.com\/blog\/proteger-bebe-de-la-chaleur-les-bons-reflexes-de-lete\/#breadcrumb\"},\"inLanguage\":\"fr-FR\",\"potentialAction\":[{\"@type\":\"ReadAction\",\"target\":[\"https:\/\/www.lespetitsculottes.com\/blog\/proteger-bebe-de-la-chaleur-les-bons-reflexes-de-lete\/\"]}]},{\"@type\":\"ImageObject\",\"inLanguage\":\"fr-FR\",\"@id\":\"https:\/\/www.lespetitsculottes.com\/blog\/proteger-bebe-de-la-chaleur-les-bons-reflexes-de-lete\/#primaryimage\",\"url\":\"https:\/\/www.lespetitsculottes.com\/blog\/wp-content\/uploads\/2025\/07\/proteger-bebe-de-la-chaleur.jpg\",\"contentUrl\":\"https:\/\/www.lespetitsculottes.com\/blog\/wp-content\/uploads\/2025\/07\/proteger-bebe-de-la-chaleur.jpg\",\"width\":830,\"height\":553,\"caption\":\"Prot\u00e9ger b\u00e9b\u00e9 de la chaleur\"},{\"@type\":\"BreadcrumbList\",\"@id\":\"https:\/\/www.lespetitsculottes.com\/blog\/proteger-bebe-de-la-chaleur-les-bons-reflexes-de-lete\/#breadcrumb\",\"itemListElement\":[{\"@type\":\"ListItem\",\"position\":1,\"name\":\"Home\",\"item\":\"https:\/\/www.lespetitsculottes.com\/blog\/\"},{\"@type\":\"ListItem\",\"position\":2,\"name\":\"Prot\u00e9ger b\u00e9b\u00e9 de la chaleur : les bons r\u00e9flexes de l\u2019\u00e9t\u00e9\"}]},{\"@type\":\"WebSite\",\"@id\":\"https:\/\/www.lespetitsculottes.com\/blog\/#website\",\"url\":\"https:\/\/www.lespetitsculottes.com\/blog\/\",\"name\":\"Les petits culott\u00e9s\",\"description\":\"Le blog des Petits Culott\u00e9s\",\"potentialAction\":[{\"@type\":\"SearchAction\",\"target\":{\"@type\":\"EntryPoint\",\"urlTemplate\":\"https:\/\/www.lespetitsculottes.com\/blog\/?s={search_term_string}\"},\"query-input\":{\"@type\":\"PropertyValueSpecification\",\"valueRequired\":true,\"valueName\":\"search_term_string\"}}],\"inLanguage\":\"fr-FR\"},{\"@type\":\"Person\",\"@id\":\"https:\/\/www.lespetitsculottes.com\/blog\/#\/schema\/person\/497831e9d8b4c1eb018613db53ea7306\",\"name\":\"Matthieu Batteur\",\"image\":{\"@type\":\"ImageObject\",\"inLanguage\":\"fr-FR\",\"@id\":\"https:\/\/www.lespetitsculottes.com\/blog\/#\/schema\/person\/image\/\",\"url\":\"https:\/\/secure.gravatar.com\/avatar\/5efc0f66265d64efd2d82aa618c9ee35984eb2ef196befc3dd3d10c1ce3b4b94?s=96&d=wp_user_avatar&r=g\",\"contentUrl\":\"https:\/\/secure.gravatar.com\/avatar\/5efc0f66265d64efd2d82aa618c9ee35984eb2ef196befc3dd3d10c1ce3b4b94?s=96&d=wp_user_avatar&r=g\",\"caption\":\"Matthieu Batteur\"},\"sameAs\":[\"http:\/\/matthieu.batteur\"],\"url\":\"https:\/\/www.lespetitsculottes.com\/blog\/auteur\/adminlpc\/\"}]}<\/script>\n<!-- \/ Yoast SEO plugin. -->","yoast_head_json":{"title":"Prot\u00e9ger b\u00e9b\u00e9 de la chaleur : gestes essentiels de l\u2019\u00e9t\u00e9","description":"Canicule, insolation, d\u00e9shydratation : adoptez les bons r\u00e9flexes pour prot\u00e9ger efficacement votre b\u00e9b\u00e9 lors des fortes chaleurs estivales.","robots":{"index":"index","follow":"follow","max-snippet":"max-snippet:-1","max-image-preview":"max-image-preview:large","max-video-preview":"max-video-preview:-1"},"canonical":"https:\/\/www.lespetitsculottes.com\/blog\/proteger-bebe-de-la-chaleur-les-bons-reflexes-de-lete\/","og_locale":"fr_FR","og_type":"article","og_title":"Prot\u00e9ger b\u00e9b\u00e9 de la chaleur : gestes essentiels de l\u2019\u00e9t\u00e9","og_description":"Canicule, insolation, d\u00e9shydratation : adoptez les bons r\u00e9flexes pour prot\u00e9ger efficacement votre b\u00e9b\u00e9 lors des fortes chaleurs estivales.","og_url":"https:\/\/www.lespetitsculottes.com\/blog\/proteger-bebe-de-la-chaleur-les-bons-reflexes-de-lete\/","og_site_name":"Les Petits Culott\u00e9s","article_published_time":"2025-07-02T17:07:44+00:00","article_modified_time":"2025-07-02T17:07:45+00:00","og_image":[{"width":830,"height":553,"url":"https:\/\/www.lespetitsculottes.com\/blog\/wp-content\/uploads\/2025\/07\/proteger-bebe-de-la-chaleur.jpg","type":"image\/jpeg"}],"author":"Matthieu Batteur","twitter_card":"summary_large_image","twitter_misc":{"\u00c9crit par":"Matthieu Batteur","Dur\u00e9e de lecture estim\u00e9e":"6 minutes"},"schema":{"@context":"https:\/\/schema.org","@graph":[{"@type":"WebPage","@id":"https:\/\/www.lespetitsculottes.com\/blog\/proteger-bebe-de-la-chaleur-les-bons-reflexes-de-lete\/","url":"https:\/\/www.lespetitsculottes.com\/blog\/proteger-bebe-de-la-chaleur-les-bons-reflexes-de-lete\/","name":"Prot\u00e9ger b\u00e9b\u00e9 de la chaleur : gestes essentiels de l\u2019\u00e9t\u00e9","isPartOf":{"@id":"https:\/\/www.lespetitsculottes.com\/blog\/#website"},"primaryImageOfPage":{"@id":"https:\/\/www.lespetitsculottes.com\/blog\/proteger-bebe-de-la-chaleur-les-bons-reflexes-de-lete\/#primaryimage"},"image":{"@id":"https:\/\/www.lespetitsculottes.com\/blog\/proteger-bebe-de-la-chaleur-les-bons-reflexes-de-lete\/#primaryimage"},"thumbnailUrl":"https:\/\/www.lespetitsculottes.com\/blog\/wp-content\/uploads\/2025\/07\/proteger-bebe-de-la-chaleur.jpg","datePublished":"2025-07-02T17:07:44+00:00","dateModified":"2025-07-02T17:07:45+00:00","author":{"@id":"https:\/\/www.lespetitsculottes.com\/blog\/#\/schema\/person\/497831e9d8b4c1eb018613db53ea7306"},"description":"Canicule, insolation, d\u00e9shydratation : adoptez les bons r\u00e9flexes pour prot\u00e9ger efficacement votre b\u00e9b\u00e9 lors des fortes chaleurs estivales.","breadcrumb":{"@id":"https:\/\/www.lespetitsculottes.com\/blog\/proteger-bebe-de-la-chaleur-les-bons-reflexes-de-lete\/#breadcrumb"},"inLanguage":"fr-FR","potentialAction":[{"@type":"ReadAction","target":["https:\/\/www.lespetitsculottes.com\/blog\/proteger-bebe-de-la-chaleur-les-bons-reflexes-de-lete\/"]}]},{"@type":"ImageObject","inLanguage":"fr-FR","@id":"https:\/\/www.lespetitsculottes.com\/blog\/proteger-bebe-de-la-chaleur-les-bons-reflexes-de-lete\/#primaryimage","url":"https:\/\/www.lespetitsculottes.com\/blog\/wp-content\/uploads\/2025\/07\/proteger-bebe-de-la-chaleur.jpg","contentUrl":"https:\/\/www.lespetitsculottes.com\/blog\/wp-content\/uploads\/2025\/07\/proteger-bebe-de-la-chaleur.jpg","width":830,"height":553,"caption":"Prot\u00e9ger b\u00e9b\u00e9 de la chaleur"},{"@type":"BreadcrumbList","@id":"https:\/\/www.lespetitsculottes.com\/blog\/proteger-bebe-de-la-chaleur-les-bons-reflexes-de-lete\/#breadcrumb","itemListElement":[{"@type":"ListItem","position":1,"name":"Home","item":"https:\/\/www.lespetitsculottes.com\/blog\/"},{"@type":"ListItem","position":2,"name":"Prot\u00e9ger b\u00e9b\u00e9 de la chaleur : les bons r\u00e9flexes de l\u2019\u00e9t\u00e9"}]},{"@type":"WebSite","@id":"https:\/\/www.lespetitsculottes.com\/blog\/#website","url":"https:\/\/www.lespetitsculottes.com\/blog\/","name":"Les petits culott\u00e9s","description":"Le blog des Petits Culott\u00e9s","potentialAction":[{"@type":"SearchAction","target":{"@type":"EntryPoint","urlTemplate":"https:\/\/www.lespetitsculottes.com\/blog\/?s={search_term_string}"},"query-input":{"@type":"PropertyValueSpecification","valueRequired":true,"valueName":"search_term_string"}}],"inLanguage":"fr-FR"},{"@type":"Person","@id":"https:\/\/www.lespetitsculottes.com\/blog\/#\/schema\/person\/497831e9d8b4c1eb018613db53ea7306","name":"Matthieu Batteur","image":{"@type":"ImageObject","inLanguage":"fr-FR","@id":"https:\/\/www.lespetitsculottes.com\/blog\/#\/schema\/person\/image\/","url":"https:\/\/secure.gravatar.com\/avatar\/5efc0f66265d64efd2d82aa618c9ee35984eb2ef196befc3dd3d10c1ce3b4b94?s=96&d=wp_user_avatar&r=g","contentUrl":"https:\/\/secure.gravatar.com\/avatar\/5efc0f66265d64efd2d82aa618c9ee35984eb2ef196befc3dd3d10c1ce3b4b94?s=96&d=wp_user_avatar&r=g","caption":"Matthieu Batteur"},"sameAs":["http:\/\/matthieu.batteur"],"url":"https:\/\/www.lespetitsculottes.com\/blog\/auteur\/adminlpc\/"}]}},"_links":{"self":[{"href":"https:\/\/www.lespetitsculottes.com\/blog\/wp-json\/wp\/v2\/posts\/3923","targetHints":{"allow":["GET"]}}],"collection":[{"href":"https:\/\/www.lespetitsculottes.com\/blog\/wp-json\/wp\/v2\/posts"}],"about":[{"href":"https:\/\/www.lespetitsculottes.com\/blog\/wp-json\/wp\/v2\/types\/post"}],"author":[{"embeddable":true,"href":"https:\/\/www.lespetitsculottes.com\/blog\/wp-json\/wp\/v2\/users\/3"}],"replies":[{"embeddable":true,"href":"https:\/\/www.lespetitsculottes.com\/blog\/wp-json\/wp\/v2\/comments?post=3923"}],"version-history":[{"count":4,"href":"https:\/\/www.lespetitsculottes.com\/blog\/wp-json\/wp\/v2\/posts\/3923\/revisions"}],"predecessor-version":[{"id":3928,"href":"https:\/\/www.lespetitsculottes.com\/blog\/wp-json\/wp\/v2\/posts\/3923\/revisions\/3928"}],"wp:featuredmedia":[{"embeddable":true,"href":"https:\/\/www.lespetitsculottes.com\/blog\/wp-json\/wp\/v2\/media\/3925"}],"wp:attachment":[{"href":"https:\/\/www.lespetitsculottes.com\/blog\/wp-json\/wp\/v2\/media?parent=3923"}],"wp:term":[{"taxonomy":"category","embeddable":true,"href":"https:\/\/www.lespetitsculottes.com\/blog\/wp-json\/wp\/v2\/categories?post=3923"}],"curies":[{"name":"wp","href":"https:\/\/api.w.org\/{rel}","templated":true}]}}