{"id":3945,"date":"2025-08-13T15:00:00","date_gmt":"2025-08-13T13:00:00","guid":{"rendered":"https:\/\/www.lespetitsculottes.com\/blog\/?p=3945"},"modified":"2025-09-30T11:32:05","modified_gmt":"2025-09-30T09:32:05","slug":"pourquoi-la-securite-emotionnelle-est-essentielle-pour-votre-bebe","status":"publish","type":"post","link":"https:\/\/www.lespetitsculottes.com\/blog\/pourquoi-la-securite-emotionnelle-est-essentielle-pour-votre-bebe\/","title":{"rendered":"Pourquoi la s\u00e9curit\u00e9 \u00e9motionnelle est essentielle pour votre b\u00e9b\u00e9 ?"},"content":{"rendered":"<div id=\"ez-toc-container\" class=\"ez-toc-v2_0_76 counter-hierarchy ez-toc-counter ez-toc-white ez-toc-container-direction\">\n<div class=\"ez-toc-title-container\"><p class=\"ez-toc-title\" style=\"cursor:inherit\">Sommaire<\/p>\n<\/div><nav><ul class='ez-toc-list ez-toc-list-level-1 ' ><li class='ez-toc-page-1 ez-toc-heading-level-2'><a class=\"ez-toc-link ez-toc-heading-1\" href=\"https:\/\/www.lespetitsculottes.com\/blog\/pourquoi-la-securite-emotionnelle-est-essentielle-pour-votre-bebe\/#Quest-ce_que_la_securite_emotionnelle\" >Qu\u2019est-ce que la s\u00e9curit\u00e9 \u00e9motionnelle ?<\/a><\/li><li class='ez-toc-page-1 ez-toc-heading-level-2'><a class=\"ez-toc-link ez-toc-heading-2\" href=\"https:\/\/www.lespetitsculottes.com\/blog\/pourquoi-la-securite-emotionnelle-est-essentielle-pour-votre-bebe\/#Les_1000_premiers_jours_une_periode_cle\" >Les 1000 premiers jours : une p\u00e9riode cl\u00e9<\/a><\/li><li class='ez-toc-page-1 ez-toc-heading-level-2'><a class=\"ez-toc-link ez-toc-heading-3\" href=\"https:\/\/www.lespetitsculottes.com\/blog\/pourquoi-la-securite-emotionnelle-est-essentielle-pour-votre-bebe\/#Un_attachement_securisant_ca_se_construit_au_quotidien\" >Un attachement s\u00e9curisant, \u00e7a se construit au quotidien<\/a><\/li><li class='ez-toc-page-1 ez-toc-heading-level-2'><a class=\"ez-toc-link ez-toc-heading-4\" href=\"https:\/\/www.lespetitsculottes.com\/blog\/pourquoi-la-securite-emotionnelle-est-essentielle-pour-votre-bebe\/#Valider_les_emotions_une_cle_essentielle\" >Valider les \u00e9motions, une cl\u00e9 essentielle<\/a><\/li><li class='ez-toc-page-1 ez-toc-heading-level-2'><a class=\"ez-toc-link ez-toc-heading-5\" href=\"https:\/\/www.lespetitsculottes.com\/blog\/pourquoi-la-securite-emotionnelle-est-essentielle-pour-votre-bebe\/#Des_reperes_rassurants_routines_stabilite_previsibilite\" >Des rep\u00e8res rassurants : routines, stabilit\u00e9, pr\u00e9visibilit\u00e9<\/a><\/li><li class='ez-toc-page-1 ez-toc-heading-level-2'><a class=\"ez-toc-link ez-toc-heading-6\" href=\"https:\/\/www.lespetitsculottes.com\/blog\/pourquoi-la-securite-emotionnelle-est-essentielle-pour-votre-bebe\/#Prendre_soin_de_soi_pour_prendre_soin_de_son_enfant\" >Prendre soin de soi pour prendre soin de son enfant<\/a><\/li><li class='ez-toc-page-1 ez-toc-heading-level-2'><a class=\"ez-toc-link ez-toc-heading-7\" href=\"https:\/\/www.lespetitsculottes.com\/blog\/pourquoi-la-securite-emotionnelle-est-essentielle-pour-votre-bebe\/#Pour_aller_plus_loin_sur_le_sujet\" >Pour aller plus loin sur le sujet<\/a><\/li><\/ul><\/nav><\/div>\n\n<p>Chaque parent souhaite offrir le meilleur \u00e0 son enfant. Et s\u2019il y avait un besoin fondamental, aussi vital que l\u2019alimentation ou le sommeil, mais souvent sous-estim\u00e9 ? Il s\u2019agit de la <strong>s\u00e9curit\u00e9 \u00e9motionnelle<\/strong>. De la naissance \u00e0 3 ans, cette s\u00e9curit\u00e9 constitue le socle sur lequel b\u00e9b\u00e9 construit sa confiance en lui, ses relations et sa capacit\u00e9 \u00e0 g\u00e9rer le monde qui l&rsquo;entoure.<\/p>\n\n\n\n<h2 class=\"wp-block-heading\"><span class=\"ez-toc-section\" id=\"Quest-ce_que_la_securite_emotionnelle\"><\/span><strong>Qu\u2019est-ce que la s\u00e9curit\u00e9 \u00e9motionnelle ?<\/strong><span class=\"ez-toc-section-end\"><\/span><\/h2>\n\n\n\n<p><strong>La s\u00e9curit\u00e9 \u00e9motionnelle, c\u2019est le sentiment profond de pouvoir compter sur ses parents, en toutes circonstances.<\/strong> C\u2019est savoir qu\u2019on est aim\u00e9 sans condition, qu\u2019on sera consol\u00e9 en cas de tristesse, rassur\u00e9 en cas de peur, et entendu en cas de frustration. Ce sentiment, invisible, mais indispensable, joue un r\u00f4le d\u00e9terminant dans le d\u00e9veloppement du cerveau \u00e9motionnel.<\/p>\n\n\n\n<p>Quand elle est bien install\u00e9e, la s\u00e9curit\u00e9 \u00e9motionnelle permet \u00e0 l\u2019enfant d\u2019explorer le monde, d\u2019entrer en relation avec les autres et de r\u00e9guler ses \u00e9motions au fil du temps. Elle est \u00e0 la base de l\u2019<a href=\"https:\/\/www.lespetitsculottes.com\/blog\/les-principes-de-leducation-bienveillante-pour-un-epanouissement-harmonieux-de-lenfant\/\" target=\"_blank\" rel=\"noreferrer noopener\"><strong>\u00e9ducation bienveillante<\/strong><\/a> et de toute <a href=\"https:\/\/www.lespetitsculottes.com\/blog\/la-parentalite-positive-les-cles-pour-une-relation-parent-enfant-epanouie\/\" target=\"_blank\" rel=\"noreferrer noopener\"><strong>parentalit\u00e9 positive<\/strong><\/a>.<\/p>\n\n\n\n<h2 class=\"wp-block-heading\"><span class=\"ez-toc-section\" id=\"Les_1000_premiers_jours_une_periode_cle\"><\/span><strong>Les 1000 premiers jours : une p\u00e9riode cl\u00e9<\/strong><span class=\"ez-toc-section-end\"><\/span><\/h2>\n\n\n\n<p>Durant les trois premi\u00e8res ann\u00e9es de vie, <strong>le cerveau de l\u2019enfant est en plein d\u00e9veloppement<\/strong>. Cette p\u00e9riode, que l\u2019on appelle aussi les \u00ab <a href=\"https:\/\/www.lespetitsculottes.com\/blog\/les-1000-premiers-jours-de-lenfant-une-periode-cle\/\" target=\"_blank\" rel=\"noreferrer noopener\"><strong>1000 premiers jours<\/strong><\/a> \u00bb, est marqu\u00e9e par une extr\u00eame plasticit\u00e9 c\u00e9r\u00e9brale. C\u2019est pourquoi les exp\u00e9riences \u00e9motionnelles v\u00e9cues \u00e0 ce moment-l\u00e0 ont un impact profond et durable.<\/p>\n\n\n\n<p>Un enfant s\u00e9curis\u00e9 \u00e9motionnellement aura plus de facilit\u00e9 \u00e0 g\u00e9rer ses \u00e9motions, \u00e0 faire confiance et \u00e0 s\u2019\u00e9panouir. Inversement, une <strong>ins\u00e9curit\u00e9 \u00e9motionnelle chronique<\/strong> peut cr\u00e9er des blocages, de l\u2019anxi\u00e9t\u00e9, voire des troubles relationnels plus tard.<\/p>\n\n\n\n<h2 class=\"wp-block-heading\"><span class=\"ez-toc-section\" id=\"Un_attachement_securisant_ca_se_construit_au_quotidien\"><\/span><strong>Un attachement s\u00e9curisant, \u00e7a se construit au quotidien<\/strong><span class=\"ez-toc-section-end\"><\/span><\/h2>\n\n\n\n<p>Pas besoin d\u2019\u00eatre un parent parfait \u2013 cette pression alimente souvent une <strong>charge mentale<\/strong> d\u00e9j\u00e0 bien lourde. Mais il est essentiel d\u2019\u00eatre un parent <strong>pr\u00e9sent, attentif et coh\u00e9rent<\/strong>. C\u2019est la r\u00e9gularit\u00e9 des petites attentions qui construit un lien d\u2019attachement solide. Quand b\u00e9b\u00e9 pleure, il a besoin qu\u2019on vienne \u00e0 lui. Lorsqu&rsquo;il rit, il cherche un regard complice. Quand il tombe, il attend un c\u00e2lin rassurant.<\/p>\n\n\n\n<p>Ces gestes simples sont le fondement d\u2019un <strong>attachement s\u00e9cure<\/strong> : ce lien affectif de confiance qui permet \u00e0 l\u2019enfant de se sentir prot\u00e9g\u00e9 tout en d\u00e9veloppant son autonomie.<\/p>\n\n\n\n<hr class=\"wp-block-separator has-alpha-channel-opacity\"\/>\n\n\n\n<p><strong><em>Conseil culott\u00e9 :<\/em><\/strong><\/p>\n\n\n\n<p><em>Ne craignez pas de \u201ctrop\u201d r\u00e9pondre aux <\/em><a href=\"https:\/\/www.lespetitsculottes.com\/blog\/pourquoi-bebe-pleure\/\" target=\"_blank\" rel=\"noreferrer noopener\"><em>pleurs de b\u00e9b\u00e9<\/em><\/a><em> : dans les premi\u00e8res ann\u00e9es, la disponibilit\u00e9 affective renforce la s\u00e9curit\u00e9 int\u00e9rieure, elle ne cr\u00e9e pas de d\u00e9pendance.<\/em><\/p>\n\n\n\n<hr class=\"wp-block-separator has-alpha-channel-opacity\"\/>\n\n\n\n<h2 class=\"wp-block-heading\"><span class=\"ez-toc-section\" id=\"Valider_les_emotions_une_cle_essentielle\"><\/span><strong>Valider les \u00e9motions, une cl\u00e9 essentielle<\/strong><span class=\"ez-toc-section-end\"><\/span><\/h2>\n\n\n\n<p>Un b\u00e9b\u00e9 ne sait pas nommer ce qu\u2019il ressent. Il crie, pleure, tape, s\u2019agite\u2026 Il communique avec ses moyens. Le r\u00f4le du parent est de l\u2019aider \u00e0 <strong>mettre des mots sur ses \u00e9motions<\/strong> : \u00ab Tu es triste parce que je t\u2019ai dit non \u00bb, \u00ab Tu as eu peur du bruit \u00bb, \u00ab Tu es content de revoir papa \u00bb. Cette validation \u00e9motionnelle renforce la s\u00e9curit\u00e9 int\u00e9rieure de l\u2019enfant et l\u2019aide \u00e0 construire son intelligence \u00e9motionnelle.<\/p>\n\n\n\n<p>L\u2019<strong>\u00e9ducation bienveillante<\/strong> repose sur cette capacit\u00e9 \u00e0 accueillir les \u00e9motions, m\u00eame les plus fortes, sans les juger.<\/p>\n\n\n\n<h2 class=\"wp-block-heading\"><span class=\"ez-toc-section\" id=\"Des_reperes_rassurants_routines_stabilite_previsibilite\"><\/span><strong>Des rep\u00e8res rassurants : routines, stabilit\u00e9, pr\u00e9visibilit\u00e9<\/strong><span class=\"ez-toc-section-end\"><\/span><\/h2>\n\n\n\n<p>Les jeunes enfants ont besoin d\u2019un environnement <strong>pr\u00e9visible et stable<\/strong>. Les routines \u2013 coucher, repas, bain \u2013 donnent des rep\u00e8res qui structurent leur quotidien. La <strong>coh\u00e9rence entre les parents<\/strong>, les r\u00e9ponses constantes et la bienveillance dans les r\u00e8gles du foyer sont \u00e9galement essentielles. Cela ne veut pas dire tout autoriser, mais expliquer, poser des limites claires avec respect, et surtout les maintenir dans le temps.<\/p>\n\n\n\n<h2 class=\"wp-block-heading\"><span class=\"ez-toc-section\" id=\"Prendre_soin_de_soi_pour_prendre_soin_de_son_enfant\"><\/span><strong>Prendre soin de soi pour prendre soin de son enfant<\/strong><span class=\"ez-toc-section-end\"><\/span><\/h2>\n\n\n\n<p><strong>La s\u00e9curit\u00e9 \u00e9motionnelle de l\u2019enfant d\u00e9pend aussi de celle du parent.<\/strong> Trop souvent, les parents s\u2019oublient, submerg\u00e9s par la <strong>charge mentale<\/strong> et le rythme effr\u00e9n\u00e9 du quotidien. Pourtant, un parent fatigu\u00e9, stress\u00e9 ou culpabilis\u00e9 aura plus de mal \u00e0 \u00eatre disponible \u00e9motionnellement.<\/p>\n\n\n\n<p>N\u2019h\u00e9sitez pas \u00e0 souffler, \u00e0 vous entourer, \u00e0 demander un coup de main. Que ce soit le conjoint, la famille, la cr\u00e8che ou l\u2019assistante maternelle, chaque soutien compte pour all\u00e9ger le quotidien et rester disponible pour votre enfant. Car <strong>la s\u00e9curit\u00e9 \u00e9motionnelle repose sur une \u201ccha\u00eene\u201d autour de l\u2019enfant. <\/strong>Comme le rappelle la psychiatre Anne Raynaud, plusieurs adultes peuvent contribuer \u00e0 cette stabilit\u00e9 affective.<\/p>\n\n\n\n<h2 class=\"wp-block-heading\"><span class=\"ez-toc-section\" id=\"Pour_aller_plus_loin_sur_le_sujet\"><\/span><strong>Pour aller plus loin sur le sujet<\/strong><span class=\"ez-toc-section-end\"><\/span><\/h2>\n\n\n\n<p>Pour aller plus loin et accompagner au mieux votre enfant, d\u00e9couvrez ces deux incontournables\u202f:<\/p>\n\n\n\n<ul class=\"wp-block-list\">\n<li>Le livre <em>La s\u00e9curit\u00e9 \u00e9motionnelle de l\u2019enfant<\/em> d\u2019Anne Raynaud, psychiatre et fondatrice de l\u2019Institut de la Parentalit\u00e9\u202f: un guide pratique rempli d\u2019outils concrets pour instaurer un lien d\u2019attachement solide.<\/li>\n\n\n\n<li>Le podcast <em>La Matrescence<\/em> avec <a href=\"https:\/\/lamatrescence.fr\/episode-86-comment-assurer-la-securite-emotionnelle-de-lenfant-dr-anne-raynaud-psychiatre\/\" target=\"_blank\" rel=\"noreferrer noopener\">l\u2019\u00e9pisode d\u00e9di\u00e9 \u00e0 la s\u00e9curit\u00e9 \u00e9motionnelle <\/a>par Anne Raynaud\u202f: des conseils bienveillants et inspirants pour les parents.<\/li>\n<\/ul>\n\n\n\n<p>En offrant \u00e0 votre enfant un espace d\u2019amour, d\u2019\u00e9coute et de confiance, vous lui donnez les cl\u00e9s pour s\u2019\u00e9panouir pleinement. Chaque petit geste compte, et vous \u00eates d\u00e9j\u00e0 en train de faire beaucoup.<\/p>\n\n\n\n<p><em>Cr\u00e9dit photo : \u00a9 freepik<\/em><\/p>\n","protected":false},"excerpt":{"rendered":"<p>Chaque parent souhaite offrir le meilleur \u00e0 son enfant. Et [&hellip;]<\/p>\n","protected":false},"author":3,"featured_media":3946,"comment_status":"closed","ping_status":"closed","sticky":false,"template":"","format":"standard","meta":{"footnotes":""},"categories":[11],"class_list":["post-3945","post","type-post","status-publish","format-standard","has-post-thumbnail","hentry","category-grossesse-et-parentalite"],"yoast_head":"<!-- This site is optimized with the Yoast SEO plugin v26.2 - https:\/\/yoast.com\/wordpress\/plugins\/seo\/ -->\n<title>S\u00e9curit\u00e9 \u00e9motionnelle de b\u00e9b\u00e9 : un pilier pour bien grandir<\/title>\n<meta name=\"description\" content=\"D\u00e9couvrez pourquoi la s\u00e9curit\u00e9 \u00e9motionnelle est essentielle pour b\u00e9b\u00e9, et comment la renforcer au quotidien durant les 1000 premiers jours.\" \/>\n<meta name=\"robots\" content=\"index, follow, max-snippet:-1, max-image-preview:large, max-video-preview:-1\" \/>\n<link rel=\"canonical\" href=\"https:\/\/www.lespetitsculottes.com\/blog\/pourquoi-la-securite-emotionnelle-est-essentielle-pour-votre-bebe\/\" \/>\n<meta property=\"og:locale\" content=\"fr_FR\" \/>\n<meta property=\"og:type\" content=\"article\" \/>\n<meta property=\"og:title\" content=\"S\u00e9curit\u00e9 \u00e9motionnelle de b\u00e9b\u00e9 : un pilier pour bien grandir\" \/>\n<meta property=\"og:description\" content=\"D\u00e9couvrez pourquoi la s\u00e9curit\u00e9 \u00e9motionnelle est essentielle pour b\u00e9b\u00e9, et comment la renforcer au quotidien durant les 1000 premiers jours.\" \/>\n<meta property=\"og:url\" content=\"https:\/\/www.lespetitsculottes.com\/blog\/pourquoi-la-securite-emotionnelle-est-essentielle-pour-votre-bebe\/\" \/>\n<meta property=\"og:site_name\" content=\"Les Petits Culott\u00e9s\" \/>\n<meta property=\"article:published_time\" content=\"2025-08-13T13:00:00+00:00\" \/>\n<meta property=\"article:modified_time\" content=\"2025-09-30T09:32:05+00:00\" \/>\n<meta property=\"og:image\" content=\"https:\/\/www.lespetitsculottes.com\/blog\/wp-content\/uploads\/2025\/07\/securite-emotionnelle-de-bebe.jpg\" \/>\n\t<meta property=\"og:image:width\" content=\"830\" \/>\n\t<meta property=\"og:image:height\" content=\"553\" \/>\n\t<meta property=\"og:image:type\" content=\"image\/jpeg\" \/>\n<meta name=\"author\" content=\"Matthieu Batteur\" \/>\n<meta name=\"twitter:card\" content=\"summary_large_image\" \/>\n<meta name=\"twitter:label1\" content=\"\u00c9crit par\" \/>\n\t<meta name=\"twitter:data1\" content=\"Matthieu Batteur\" \/>\n\t<meta name=\"twitter:label2\" content=\"Dur\u00e9e de lecture estim\u00e9e\" \/>\n\t<meta name=\"twitter:data2\" content=\"5 minutes\" \/>\n<script type=\"application\/ld+json\" class=\"yoast-schema-graph\">{\"@context\":\"https:\/\/schema.org\",\"@graph\":[{\"@type\":\"WebPage\",\"@id\":\"https:\/\/www.lespetitsculottes.com\/blog\/pourquoi-la-securite-emotionnelle-est-essentielle-pour-votre-bebe\/\",\"url\":\"https:\/\/www.lespetitsculottes.com\/blog\/pourquoi-la-securite-emotionnelle-est-essentielle-pour-votre-bebe\/\",\"name\":\"S\u00e9curit\u00e9 \u00e9motionnelle de b\u00e9b\u00e9 : un pilier pour bien grandir\",\"isPartOf\":{\"@id\":\"https:\/\/www.lespetitsculottes.com\/blog\/#website\"},\"primaryImageOfPage\":{\"@id\":\"https:\/\/www.lespetitsculottes.com\/blog\/pourquoi-la-securite-emotionnelle-est-essentielle-pour-votre-bebe\/#primaryimage\"},\"image\":{\"@id\":\"https:\/\/www.lespetitsculottes.com\/blog\/pourquoi-la-securite-emotionnelle-est-essentielle-pour-votre-bebe\/#primaryimage\"},\"thumbnailUrl\":\"https:\/\/www.lespetitsculottes.com\/blog\/wp-content\/uploads\/2025\/07\/securite-emotionnelle-de-bebe.jpg\",\"datePublished\":\"2025-08-13T13:00:00+00:00\",\"dateModified\":\"2025-09-30T09:32:05+00:00\",\"author\":{\"@id\":\"https:\/\/www.lespetitsculottes.com\/blog\/#\/schema\/person\/497831e9d8b4c1eb018613db53ea7306\"},\"description\":\"D\u00e9couvrez pourquoi la s\u00e9curit\u00e9 \u00e9motionnelle est essentielle pour b\u00e9b\u00e9, et comment la renforcer au quotidien durant les 1000 premiers jours.\",\"breadcrumb\":{\"@id\":\"https:\/\/www.lespetitsculottes.com\/blog\/pourquoi-la-securite-emotionnelle-est-essentielle-pour-votre-bebe\/#breadcrumb\"},\"inLanguage\":\"fr-FR\",\"potentialAction\":[{\"@type\":\"ReadAction\",\"target\":[\"https:\/\/www.lespetitsculottes.com\/blog\/pourquoi-la-securite-emotionnelle-est-essentielle-pour-votre-bebe\/\"]}]},{\"@type\":\"ImageObject\",\"inLanguage\":\"fr-FR\",\"@id\":\"https:\/\/www.lespetitsculottes.com\/blog\/pourquoi-la-securite-emotionnelle-est-essentielle-pour-votre-bebe\/#primaryimage\",\"url\":\"https:\/\/www.lespetitsculottes.com\/blog\/wp-content\/uploads\/2025\/07\/securite-emotionnelle-de-bebe.jpg\",\"contentUrl\":\"https:\/\/www.lespetitsculottes.com\/blog\/wp-content\/uploads\/2025\/07\/securite-emotionnelle-de-bebe.jpg\",\"width\":830,\"height\":553,\"caption\":\"Pourquoi la s\u00e9curit\u00e9 \u00e9motionnelle est essentielle pour votre b\u00e9b\u00e9 ?\"},{\"@type\":\"BreadcrumbList\",\"@id\":\"https:\/\/www.lespetitsculottes.com\/blog\/pourquoi-la-securite-emotionnelle-est-essentielle-pour-votre-bebe\/#breadcrumb\",\"itemListElement\":[{\"@type\":\"ListItem\",\"position\":1,\"name\":\"Home\",\"item\":\"https:\/\/www.lespetitsculottes.com\/blog\/\"},{\"@type\":\"ListItem\",\"position\":2,\"name\":\"Pourquoi la s\u00e9curit\u00e9 \u00e9motionnelle est essentielle pour votre b\u00e9b\u00e9 ?\"}]},{\"@type\":\"WebSite\",\"@id\":\"https:\/\/www.lespetitsculottes.com\/blog\/#website\",\"url\":\"https:\/\/www.lespetitsculottes.com\/blog\/\",\"name\":\"Les petits culott\u00e9s\",\"description\":\"Le blog des Petits Culott\u00e9s\",\"potentialAction\":[{\"@type\":\"SearchAction\",\"target\":{\"@type\":\"EntryPoint\",\"urlTemplate\":\"https:\/\/www.lespetitsculottes.com\/blog\/?s={search_term_string}\"},\"query-input\":{\"@type\":\"PropertyValueSpecification\",\"valueRequired\":true,\"valueName\":\"search_term_string\"}}],\"inLanguage\":\"fr-FR\"},{\"@type\":\"Person\",\"@id\":\"https:\/\/www.lespetitsculottes.com\/blog\/#\/schema\/person\/497831e9d8b4c1eb018613db53ea7306\",\"name\":\"Matthieu Batteur\",\"image\":{\"@type\":\"ImageObject\",\"inLanguage\":\"fr-FR\",\"@id\":\"https:\/\/www.lespetitsculottes.com\/blog\/#\/schema\/person\/image\/\",\"url\":\"https:\/\/secure.gravatar.com\/avatar\/5efc0f66265d64efd2d82aa618c9ee35984eb2ef196befc3dd3d10c1ce3b4b94?s=96&d=wp_user_avatar&r=g\",\"contentUrl\":\"https:\/\/secure.gravatar.com\/avatar\/5efc0f66265d64efd2d82aa618c9ee35984eb2ef196befc3dd3d10c1ce3b4b94?s=96&d=wp_user_avatar&r=g\",\"caption\":\"Matthieu Batteur\"},\"sameAs\":[\"http:\/\/matthieu.batteur\"],\"url\":\"https:\/\/www.lespetitsculottes.com\/blog\/auteur\/adminlpc\/\"}]}<\/script>\n<!-- \/ Yoast SEO plugin. -->","yoast_head_json":{"title":"S\u00e9curit\u00e9 \u00e9motionnelle de b\u00e9b\u00e9 : un pilier pour bien grandir","description":"D\u00e9couvrez pourquoi la s\u00e9curit\u00e9 \u00e9motionnelle est essentielle pour b\u00e9b\u00e9, et comment la renforcer au quotidien durant les 1000 premiers jours.","robots":{"index":"index","follow":"follow","max-snippet":"max-snippet:-1","max-image-preview":"max-image-preview:large","max-video-preview":"max-video-preview:-1"},"canonical":"https:\/\/www.lespetitsculottes.com\/blog\/pourquoi-la-securite-emotionnelle-est-essentielle-pour-votre-bebe\/","og_locale":"fr_FR","og_type":"article","og_title":"S\u00e9curit\u00e9 \u00e9motionnelle de b\u00e9b\u00e9 : un pilier pour bien grandir","og_description":"D\u00e9couvrez pourquoi la s\u00e9curit\u00e9 \u00e9motionnelle est essentielle pour b\u00e9b\u00e9, et comment la renforcer au quotidien durant les 1000 premiers jours.","og_url":"https:\/\/www.lespetitsculottes.com\/blog\/pourquoi-la-securite-emotionnelle-est-essentielle-pour-votre-bebe\/","og_site_name":"Les Petits Culott\u00e9s","article_published_time":"2025-08-13T13:00:00+00:00","article_modified_time":"2025-09-30T09:32:05+00:00","og_image":[{"width":830,"height":553,"url":"https:\/\/www.lespetitsculottes.com\/blog\/wp-content\/uploads\/2025\/07\/securite-emotionnelle-de-bebe.jpg","type":"image\/jpeg"}],"author":"Matthieu Batteur","twitter_card":"summary_large_image","twitter_misc":{"\u00c9crit par":"Matthieu Batteur","Dur\u00e9e de lecture estim\u00e9e":"5 minutes"},"schema":{"@context":"https:\/\/schema.org","@graph":[{"@type":"WebPage","@id":"https:\/\/www.lespetitsculottes.com\/blog\/pourquoi-la-securite-emotionnelle-est-essentielle-pour-votre-bebe\/","url":"https:\/\/www.lespetitsculottes.com\/blog\/pourquoi-la-securite-emotionnelle-est-essentielle-pour-votre-bebe\/","name":"S\u00e9curit\u00e9 \u00e9motionnelle de b\u00e9b\u00e9 : un pilier pour bien grandir","isPartOf":{"@id":"https:\/\/www.lespetitsculottes.com\/blog\/#website"},"primaryImageOfPage":{"@id":"https:\/\/www.lespetitsculottes.com\/blog\/pourquoi-la-securite-emotionnelle-est-essentielle-pour-votre-bebe\/#primaryimage"},"image":{"@id":"https:\/\/www.lespetitsculottes.com\/blog\/pourquoi-la-securite-emotionnelle-est-essentielle-pour-votre-bebe\/#primaryimage"},"thumbnailUrl":"https:\/\/www.lespetitsculottes.com\/blog\/wp-content\/uploads\/2025\/07\/securite-emotionnelle-de-bebe.jpg","datePublished":"2025-08-13T13:00:00+00:00","dateModified":"2025-09-30T09:32:05+00:00","author":{"@id":"https:\/\/www.lespetitsculottes.com\/blog\/#\/schema\/person\/497831e9d8b4c1eb018613db53ea7306"},"description":"D\u00e9couvrez pourquoi la s\u00e9curit\u00e9 \u00e9motionnelle est essentielle pour b\u00e9b\u00e9, et comment la renforcer au quotidien durant les 1000 premiers jours.","breadcrumb":{"@id":"https:\/\/www.lespetitsculottes.com\/blog\/pourquoi-la-securite-emotionnelle-est-essentielle-pour-votre-bebe\/#breadcrumb"},"inLanguage":"fr-FR","potentialAction":[{"@type":"ReadAction","target":["https:\/\/www.lespetitsculottes.com\/blog\/pourquoi-la-securite-emotionnelle-est-essentielle-pour-votre-bebe\/"]}]},{"@type":"ImageObject","inLanguage":"fr-FR","@id":"https:\/\/www.lespetitsculottes.com\/blog\/pourquoi-la-securite-emotionnelle-est-essentielle-pour-votre-bebe\/#primaryimage","url":"https:\/\/www.lespetitsculottes.com\/blog\/wp-content\/uploads\/2025\/07\/securite-emotionnelle-de-bebe.jpg","contentUrl":"https:\/\/www.lespetitsculottes.com\/blog\/wp-content\/uploads\/2025\/07\/securite-emotionnelle-de-bebe.jpg","width":830,"height":553,"caption":"Pourquoi la s\u00e9curit\u00e9 \u00e9motionnelle est essentielle pour votre b\u00e9b\u00e9 ?"},{"@type":"BreadcrumbList","@id":"https:\/\/www.lespetitsculottes.com\/blog\/pourquoi-la-securite-emotionnelle-est-essentielle-pour-votre-bebe\/#breadcrumb","itemListElement":[{"@type":"ListItem","position":1,"name":"Home","item":"https:\/\/www.lespetitsculottes.com\/blog\/"},{"@type":"ListItem","position":2,"name":"Pourquoi la s\u00e9curit\u00e9 \u00e9motionnelle est essentielle pour votre b\u00e9b\u00e9 ?"}]},{"@type":"WebSite","@id":"https:\/\/www.lespetitsculottes.com\/blog\/#website","url":"https:\/\/www.lespetitsculottes.com\/blog\/","name":"Les petits culott\u00e9s","description":"Le blog des Petits Culott\u00e9s","potentialAction":[{"@type":"SearchAction","target":{"@type":"EntryPoint","urlTemplate":"https:\/\/www.lespetitsculottes.com\/blog\/?s={search_term_string}"},"query-input":{"@type":"PropertyValueSpecification","valueRequired":true,"valueName":"search_term_string"}}],"inLanguage":"fr-FR"},{"@type":"Person","@id":"https:\/\/www.lespetitsculottes.com\/blog\/#\/schema\/person\/497831e9d8b4c1eb018613db53ea7306","name":"Matthieu Batteur","image":{"@type":"ImageObject","inLanguage":"fr-FR","@id":"https:\/\/www.lespetitsculottes.com\/blog\/#\/schema\/person\/image\/","url":"https:\/\/secure.gravatar.com\/avatar\/5efc0f66265d64efd2d82aa618c9ee35984eb2ef196befc3dd3d10c1ce3b4b94?s=96&d=wp_user_avatar&r=g","contentUrl":"https:\/\/secure.gravatar.com\/avatar\/5efc0f66265d64efd2d82aa618c9ee35984eb2ef196befc3dd3d10c1ce3b4b94?s=96&d=wp_user_avatar&r=g","caption":"Matthieu Batteur"},"sameAs":["http:\/\/matthieu.batteur"],"url":"https:\/\/www.lespetitsculottes.com\/blog\/auteur\/adminlpc\/"}]}},"_links":{"self":[{"href":"https:\/\/www.lespetitsculottes.com\/blog\/wp-json\/wp\/v2\/posts\/3945","targetHints":{"allow":["GET"]}}],"collection":[{"href":"https:\/\/www.lespetitsculottes.com\/blog\/wp-json\/wp\/v2\/posts"}],"about":[{"href":"https:\/\/www.lespetitsculottes.com\/blog\/wp-json\/wp\/v2\/types\/post"}],"author":[{"embeddable":true,"href":"https:\/\/www.lespetitsculottes.com\/blog\/wp-json\/wp\/v2\/users\/3"}],"replies":[{"embeddable":true,"href":"https:\/\/www.lespetitsculottes.com\/blog\/wp-json\/wp\/v2\/comments?post=3945"}],"version-history":[{"count":3,"href":"https:\/\/www.lespetitsculottes.com\/blog\/wp-json\/wp\/v2\/posts\/3945\/revisions"}],"predecessor-version":[{"id":4105,"href":"https:\/\/www.lespetitsculottes.com\/blog\/wp-json\/wp\/v2\/posts\/3945\/revisions\/4105"}],"wp:featuredmedia":[{"embeddable":true,"href":"https:\/\/www.lespetitsculottes.com\/blog\/wp-json\/wp\/v2\/media\/3946"}],"wp:attachment":[{"href":"https:\/\/www.lespetitsculottes.com\/blog\/wp-json\/wp\/v2\/media?parent=3945"}],"wp:term":[{"taxonomy":"category","embeddable":true,"href":"https:\/\/www.lespetitsculottes.com\/blog\/wp-json\/wp\/v2\/categories?post=3945"}],"curies":[{"name":"wp","href":"https:\/\/api.w.org\/{rel}","templated":true}]}}