{"id":4140,"date":"2025-10-23T11:09:17","date_gmt":"2025-10-23T09:09:17","guid":{"rendered":"https:\/\/www.lespetitsculottes.com\/blog\/?p=4140"},"modified":"2026-01-22T11:02:54","modified_gmt":"2026-01-22T10:02:54","slug":"pourquoi-un-nourrisson-a-t-il-des-croutes-de-lait","status":"publish","type":"post","link":"https:\/\/www.lespetitsculottes.com\/blog\/pourquoi-un-nourrisson-a-t-il-des-croutes-de-lait\/","title":{"rendered":"Pourquoi un nourrisson a-t-il des cro\u00fbtes de lait ?"},"content":{"rendered":"<div id=\"ez-toc-container\" class=\"ez-toc-v2_0_76 counter-hierarchy ez-toc-counter ez-toc-white ez-toc-container-direction\">\n<div class=\"ez-toc-title-container\"><p class=\"ez-toc-title\" style=\"cursor:inherit\">Sommaire<\/p>\n<\/div><nav><ul class='ez-toc-list ez-toc-list-level-1 ' ><li class='ez-toc-page-1 ez-toc-heading-level-2'><a class=\"ez-toc-link ez-toc-heading-1\" href=\"https:\/\/www.lespetitsculottes.com\/blog\/pourquoi-un-nourrisson-a-t-il-des-croutes-de-lait\/#Les_croutes_de_lait_quest-ce_que_cest_exactement\" >Les cro\u00fbtes de lait, qu&rsquo;est-ce que c&rsquo;est exactement ?<\/a><\/li><li class='ez-toc-page-1 ez-toc-heading-level-2'><a class=\"ez-toc-link ez-toc-heading-2\" href=\"https:\/\/www.lespetitsculottes.com\/blog\/pourquoi-un-nourrisson-a-t-il-des-croutes-de-lait\/#Les_vraies_causes_des_croutes_de_lait\" >Les vraies causes des cro\u00fbtes de lait<\/a><ul class='ez-toc-list-level-3' ><li class='ez-toc-heading-level-3'><a class=\"ez-toc-link ez-toc-heading-3\" href=\"https:\/\/www.lespetitsculottes.com\/blog\/pourquoi-un-nourrisson-a-t-il-des-croutes-de-lait\/#Les_hormones_maternelles_residuelles\" >Les hormones maternelles r\u00e9siduelles<\/a><\/li><li class='ez-toc-page-1 ez-toc-heading-level-3'><a class=\"ez-toc-link ez-toc-heading-4\" href=\"https:\/\/www.lespetitsculottes.com\/blog\/pourquoi-un-nourrisson-a-t-il-des-croutes-de-lait\/#Limmaturite_de_la_peau\" >L\u2019immaturit\u00e9 de la peau<\/a><\/li><li class='ez-toc-page-1 ez-toc-heading-level-3'><a class=\"ez-toc-link ez-toc-heading-5\" href=\"https:\/\/www.lespetitsculottes.com\/blog\/pourquoi-un-nourrisson-a-t-il-des-croutes-de-lait\/#La_proliferation_de_levures\" >La prolif\u00e9ration de levures<\/a><\/li><li class='ez-toc-page-1 ez-toc-heading-level-3'><a class=\"ez-toc-link ez-toc-heading-6\" href=\"https:\/\/www.lespetitsculottes.com\/blog\/pourquoi-un-nourrisson-a-t-il-des-croutes-de-lait\/#Les_facteurs_favorisants\" >Les facteurs favorisants<\/a><\/li><\/ul><\/li><li class='ez-toc-page-1 ez-toc-heading-level-2'><a class=\"ez-toc-link ez-toc-heading-7\" href=\"https:\/\/www.lespetitsculottes.com\/blog\/pourquoi-un-nourrisson-a-t-il-des-croutes-de-lait\/#Quand_et_comment_apparaissent-elles\" >Quand et comment apparaissent-elles ?<\/a><\/li><li class='ez-toc-page-1 ez-toc-heading-level-2'><a class=\"ez-toc-link ez-toc-heading-8\" href=\"https:\/\/www.lespetitsculottes.com\/blog\/pourquoi-un-nourrisson-a-t-il-des-croutes-de-lait\/#Routine_douce_pour_traiter_les_croutes_de_lait\" >Routine douce pour traiter les cro\u00fbtes de lait<\/a><\/li><li class='ez-toc-page-1 ez-toc-heading-level-2'><a class=\"ez-toc-link ez-toc-heading-9\" href=\"https:\/\/www.lespetitsculottes.com\/blog\/pourquoi-un-nourrisson-a-t-il-des-croutes-de-lait\/#Quand_faut-il_sinquieter_Quand_consulter\" >Quand faut-il s\u2019inqui\u00e9ter ? Quand consulter ?<\/a><\/li><\/ul><\/nav><\/div>\n\n<p>Les premiers mois avec un <strong>nouveau-n\u00e9<\/strong> sont une d\u00e9couverte de chaque instant. Entre les c\u00e2lins, les t\u00e9t\u00e9es et les premi\u00e8res nuits \u00e9court\u00e9es, les parents observent attentivement chaque d\u00e9tail sur le <strong>corps de leur b\u00e9b\u00e9<\/strong>. Alors, quand des <strong>plaques jaun\u00e2tres ou blanch\u00e2tres<\/strong> apparaissent sur le cuir chevelu, les sourcils ou derri\u00e8re les oreilles, l\u2019inqui\u00e9tude pointe. Ces petites <strong>cro\u00fbtes de lait<\/strong> intriguent, parfois inqui\u00e8tent, et soul\u00e8vent une foule de questions : s\u2019agit-il d\u2019une <strong>maladie de peau<\/strong> ? Est-ce li\u00e9 \u00e0 l\u2019<strong>ecz\u00e9ma<\/strong> ? Faut-il consulter un m\u00e9decin ?<\/p>\n\n\n\n<p>Rassurez-vous : les <strong>cro\u00fbtes de lait<\/strong> \u2013 ou <strong>dermatite s\u00e9borrh\u00e9ique du nourrisson<\/strong> \u2013 sont une <strong>affection b\u00e9nigne et tr\u00e8s fr\u00e9quente<\/strong>. Elles n\u2019ont aucun lien avec l\u2019alimentation de l\u2019enfant et disparaissent g\u00e9n\u00e9ralement spontan\u00e9ment.&nbsp;<\/p>\n\n\n\n<h2 class=\"wp-block-heading\"><span class=\"ez-toc-section\" id=\"Les_croutes_de_lait_quest-ce_que_cest_exactement\"><\/span>Les cro\u00fbtes de lait, qu&rsquo;est-ce que c&rsquo;est exactement ?<span class=\"ez-toc-section-end\"><\/span><\/h2>\n\n\n\n<p>Les <strong>cro\u00fbtes de lait<\/strong> correspondent \u00e0 une forme sp\u00e9cifique de <strong>dermatite s\u00e9borrh\u00e9ique du nourrisson<\/strong>. Cette affection cutan\u00e9e b\u00e9nigne se manifeste par de petites plaques jaun\u00e2tres, l\u00e9g\u00e8rement \u00e9paisses, qui adh\u00e8rent au cuir chevelu. Elles peuvent aussi appara\u00eetre sur les sourcils, le front, ou dans les plis cutan\u00e9s.<\/p>\n\n\n\n<p>Ces cro\u00fbtes sont dues \u00e0 une accumulation de <strong>s\u00e9cr\u00e9tions s\u00e9bac\u00e9es<\/strong> et de petites <strong>pellicules de peau morte<\/strong>, emprisonn\u00e9es \u00e0 la surface de la peau fragile du nourrisson. Elles donnent un aspect squameux, des fois un peu gras.<\/p>\n\n\n\n<p>\u00c0 la diff\u00e9rence de l\u2019ecz\u00e9ma du nourrisson, qui se manifeste par des plaques rouges s\u00e8ches et tr\u00e8s prurigineuses (qui d\u00e9mangent), ces rougeurs sont majoritairement moins \u00e9tendues et moins irritantes. Contrairement \u00e0 l\u2019ecz\u00e9ma, les cro\u00fbtes de lait ne sont pas douloureuses et ne g\u00eanent pas le b\u00e9b\u00e9. Elles ne traduisent pas une allergie alimentaire, ni un manque d\u2019hygi\u00e8ne.<\/p>\n\n\n\n<hr class=\"wp-block-separator has-alpha-channel-opacity\"\/>\n\n\n\n<p><strong><em>Info culott\u00e9e<\/em><\/strong><em> :<\/em><\/p>\n\n\n\n<p><em>Les cro\u00fbtes de lait sont si fr\u00e9quentes que pr\u00e8s d\u2019un b\u00e9b\u00e9 sur deux en pr\u00e9sente dans ses premi\u00e8res semaines de vie. Une exp\u00e9rience partag\u00e9e par de nombreuses familles !<\/em><\/p>\n\n\n\n<hr class=\"wp-block-separator has-alpha-channel-opacity\"\/>\n\n\n\n<h2 class=\"wp-block-heading\"><span class=\"ez-toc-section\" id=\"Les_vraies_causes_des_croutes_de_lait\"><\/span>Les vraies causes des cro\u00fbtes de lait<span class=\"ez-toc-section-end\"><\/span><\/h2>\n\n\n\n<p><strong>Malgr\u00e9 leur nom, les cro\u00fbtes de lait n\u2019ont aucun lien avec le lait que votre b\u00e9b\u00e9 boit. <\/strong>Plusieurs facteurs sont \u00e0 l\u2019origine de l\u2019apparition des cro\u00fbtes de lait chez le nourrisson.<\/p>\n\n\n\n<h3 class=\"wp-block-heading\"><span class=\"ez-toc-section\" id=\"Les_hormones_maternelles_residuelles\"><\/span>Les hormones maternelles r\u00e9siduelles<span class=\"ez-toc-section-end\"><\/span><\/h3>\n\n\n\n<p>\u00c0 la naissance, le b\u00e9b\u00e9 conserve encore l\u2019influence des <strong>hormones maternelles<\/strong> re\u00e7ues pendant la grossesse. Ces hormones stimulent temporairement les glandes s\u00e9bac\u00e9es, entra\u00eenant une <strong>production excessive de s\u00e9bum<\/strong>.<\/p>\n\n\n\n<h3 class=\"wp-block-heading\"><span class=\"ez-toc-section\" id=\"Limmaturite_de_la_peau\"><\/span>L\u2019immaturit\u00e9 de la peau<span class=\"ez-toc-section-end\"><\/span><\/h3>\n\n\n\n<p>La peau des nouveau-n\u00e9s est encore en apprentissage. Leurs <strong>glandes s\u00e9bac\u00e9es<\/strong> ne r\u00e9gulent pas encore parfaitement la s\u00e9cr\u00e9tion de s\u00e9bum. Cet exc\u00e8s, combin\u00e9 \u00e0 la pr\u00e9sence de cellules mortes, favorise la formation des plaques.<\/p>\n\n\n\n<h3 class=\"wp-block-heading\"><span class=\"ez-toc-section\" id=\"La_proliferation_de_levures\"><\/span>La prolif\u00e9ration de levures<span class=\"ez-toc-section-end\"><\/span><\/h3>\n\n\n\n<p>Des levures naturellement pr\u00e9sentes sur la peau (comme <strong>Malassezia<\/strong>) peuvent se multiplier dans cet environnement riche en s\u00e9bum. Ce ph\u00e9nom\u00e8ne accentue l\u2019apparition des cro\u00fbtes, sans pour autant \u00eatre une infection.<\/p>\n\n\n\n<h3 class=\"wp-block-heading\"><span class=\"ez-toc-section\" id=\"Les_facteurs_favorisants\"><\/span>Les facteurs favorisants <span class=\"ez-toc-section-end\"><\/span><\/h3>\n\n\n\n<p>La chaleur, la transpiration excessive ou certaines routines de soins trop riches peuvent aussi accentuer la pr\u00e9sence des cro\u00fbtes.<\/p>\n\n\n\n<hr class=\"wp-block-separator has-alpha-channel-opacity\"\/>\n\n\n\n<p><strong><em>Astuce culott\u00e9e<\/em><\/strong><em> :&nbsp;<\/em><\/p>\n\n\n\n<p><em>Pr\u00e9f\u00e9rez des produits doux et adapt\u00e9s \u00e0 la peau fragile de b\u00e9b\u00e9. Inutile de multiplier les soins : la simplicit\u00e9 est souvent la meilleure alli\u00e9e.<\/em><\/p>\n\n\n\n<hr class=\"wp-block-separator has-alpha-channel-opacity\"\/>\n\n\n\n<h2 class=\"wp-block-heading\"><span class=\"ez-toc-section\" id=\"Quand_et_comment_apparaissent-elles\"><\/span>Quand et comment apparaissent-elles ?<span class=\"ez-toc-section-end\"><\/span><\/h2>\n\n\n\n<p>Les cro\u00fbtes de lait surviennent g\u00e9n\u00e9ralement entre la <strong>naissance et le deuxi\u00e8me mois de vie<\/strong>. Elles apparaissent progressivement sous forme de <strong>plaques grasses et jaun\u00e2tres<\/strong> qui recouvrent le <strong>cuir chevelu de votre b\u00e9b\u00e9<\/strong>.<\/p>\n\n\n\n<p>Elles persistent en moyenne quelques semaines \u00e0 quelques mois, mais disparaissent spontan\u00e9ment avant l\u2019\u00e2ge de 12 mois. Dans certains cas, elles peuvent s\u2019\u00e9tendre aux <strong>sourcils, au front ou derri\u00e8re les oreilles<\/strong>.<\/p>\n\n\n\n<p>Leur <strong>\u00e9volution naturelle<\/strong> est b\u00e9nigne : elles s\u2019\u00e9paississent parfois, se d\u00e9tachent en pellicules, puis disparaissent sans laisser de cicatrice.<\/p>\n\n\n\n<h2 class=\"wp-block-heading\"><span class=\"ez-toc-section\" id=\"Routine_douce_pour_traiter_les_croutes_de_lait\"><\/span>Routine douce pour traiter les cro\u00fbtes de lait<span class=\"ez-toc-section-end\"><\/span><\/h2>\n\n\n\n<p>M\u00eame si elles disparaissent d\u2019elles-m\u00eames, vous pouvez accompagner la cicatrisation avec quelques <strong>gestes doux<\/strong> :<\/p>\n\n\n\n<ul class=\"wp-block-list\">\n<li><strong>Appliquez une huile adapt\u00e9e<\/strong> (huile d\u2019amande douce, huile min\u00e9rale ou vaseline) sur le cuir chevelu, laissez agir quelques heures puis retirez d\u00e9licatement les cro\u00fbtes ramollies avec une <strong>brosse douce<\/strong>.<br><\/li>\n\n\n\n<li><strong>Utilisez un shampoing sp\u00e9cifique<\/strong> pour b\u00e9b\u00e9, doux et sans parfum, 1 \u00e0 2 fois par semaine.<br><\/li>\n\n\n\n<li>Brossez d\u00e9licatement les cheveux de b\u00e9b\u00e9 pour a\u00e9rer le cuir chevelu et limiter l\u2019accumulation de s\u00e9cr\u00e9tions.<br><\/li>\n\n\n\n<li>\u00c9vitez de gratter ou de d\u00e9coller les cro\u00fbtes avec les ongles : cela risque d\u2019irriter la peau.<\/li>\n<\/ul>\n\n\n\n<p>D\u00e9couvrez la <a href=\"https:\/\/www.lespetitsculottes.com\/blog\/liste-produit-bebe-indispensable\/\" target=\"_blank\" rel=\"noreferrer noopener\">liste des produits pour b\u00e9b\u00e9 indispensables \u00e0 sa toilette<\/a>.<\/p>\n\n\n\n<hr class=\"wp-block-separator has-alpha-channel-opacity\"\/>\n\n\n\n<p><strong><em>Astuce culott\u00e9e<\/em><\/strong><em> :&nbsp;<\/em><\/p>\n\n\n\n<p><em>Instaurez ce rituel de soin comme un moment de tendresse. Un petit massage doux du cuir chevelu, suivi d\u2019un c\u00e2lin, peut transformer le soin en instant complice et apaisant.<\/em><\/p>\n\n\n\n<hr class=\"wp-block-separator has-alpha-channel-opacity\"\/>\n\n\n\n<h2 class=\"wp-block-heading\"><span class=\"ez-toc-section\" id=\"Quand_faut-il_sinquieter_Quand_consulter\"><\/span>Quand faut-il s\u2019inqui\u00e9ter ? Quand consulter ?<span class=\"ez-toc-section-end\"><\/span><\/h2>\n\n\n\n<p>Dans la grande majorit\u00e9 des cas, les <strong>cro\u00fbtes de lait<\/strong> sont totalement <strong>inoffensives<\/strong> et ne n\u00e9cessitent pas de traitement m\u00e9dical. Elles ne provoquent ni douleur ni g\u00eane pour l\u2019enfant.<\/p>\n\n\n\n<p>Cependant, certains signes doivent vous alerter :<\/p>\n\n\n\n<ul class=\"wp-block-list\">\n<li>Des <strong>d\u00e9mangeaisons importantes<\/strong> qui perturbent le sommeil.<br><\/li>\n\n\n\n<li>Une <strong>inflammation<\/strong> avec rougeurs marqu\u00e9es.<br><\/li>\n\n\n\n<li>Une <strong>extension<\/strong> rapide sur tout le corps.<br><\/li>\n\n\n\n<li>Des <strong>signes d\u2019infection<\/strong> (suintement, mauvaise odeur, saignement).<\/li>\n<\/ul>\n\n\n\n<p>Si ces situations se pr\u00e9sentent, consultez votre <strong>p\u00e9diatre<\/strong> ou votre m\u00e9decin pour un diagnostic pr\u00e9cis. Il pourra distinguer les cro\u00fbtes de lait d\u2019autres affections cutan\u00e9es comme l\u2019ecz\u00e9ma ou une dermatite infectieuse.<\/p>\n\n\n\n<p>Ces petites cro\u00fbtes qui vous semblaient si myst\u00e9rieuses r\u00e9v\u00e8lent finalement la formidable adaptation de votre b\u00e9b\u00e9 \u00e0 sa nouvelle vie. Son corps apprend, se r\u00e9gule, trouve son \u00e9quilibre&#8230; et en tant que <strong>parent Culott\u00e9<\/strong>, vous l&rsquo;accompagnez avec justesse.<\/p>\n\n\n\n<p><em>Cr\u00e9dit photo : \u00a9\u00a0p<\/em>ixabay<\/p>\n","protected":false},"excerpt":{"rendered":"<p>Les premiers mois avec un nouveau-n\u00e9 sont une d\u00e9couverte de [&hellip;]<\/p>\n","protected":false},"author":3,"featured_media":4141,"comment_status":"closed","ping_status":"closed","sticky":false,"template":"","format":"standard","meta":{"footnotes":""},"categories":[12],"class_list":["post-4140","post","type-post","status-publish","format-standard","has-post-thumbnail","hentry","category-lexpert-culotte"],"yoast_head":"<!-- This site is optimized with the Yoast SEO plugin v26.2 - https:\/\/yoast.com\/wordpress\/plugins\/seo\/ -->\n<title>Cro\u00fbtes de lait nourrisson : causes et traitements<\/title>\n<meta name=\"description\" content=\"D\u00e9couvrez les causes des cro\u00fbtes de lait chez le nourrisson, leurs traitements et des conseils pratiques pour apaiser votre b\u00e9b\u00e9.\" \/>\n<meta name=\"robots\" content=\"index, follow, max-snippet:-1, max-image-preview:large, max-video-preview:-1\" \/>\n<link rel=\"canonical\" href=\"https:\/\/www.lespetitsculottes.com\/blog\/pourquoi-un-nourrisson-a-t-il-des-croutes-de-lait\/\" \/>\n<meta property=\"og:locale\" content=\"fr_FR\" \/>\n<meta property=\"og:type\" content=\"article\" \/>\n<meta property=\"og:title\" content=\"Cro\u00fbtes de lait nourrisson : causes et traitements\" \/>\n<meta property=\"og:description\" content=\"D\u00e9couvrez les causes des cro\u00fbtes de lait chez le nourrisson, leurs traitements et des conseils pratiques pour apaiser votre b\u00e9b\u00e9.\" \/>\n<meta property=\"og:url\" content=\"https:\/\/www.lespetitsculottes.com\/blog\/pourquoi-un-nourrisson-a-t-il-des-croutes-de-lait\/\" \/>\n<meta property=\"og:site_name\" content=\"Les Petits Culott\u00e9s\" \/>\n<meta property=\"article:published_time\" content=\"2025-10-23T09:09:17+00:00\" \/>\n<meta property=\"article:modified_time\" content=\"2026-01-22T10:02:54+00:00\" \/>\n<meta property=\"og:image\" content=\"https:\/\/www.lespetitsculottes.com\/blog\/wp-content\/uploads\/2025\/10\/croutes-de-lait-nourrisson.jpg\" \/>\n\t<meta property=\"og:image:width\" content=\"830\" \/>\n\t<meta property=\"og:image:height\" content=\"554\" \/>\n\t<meta property=\"og:image:type\" content=\"image\/jpeg\" \/>\n<meta name=\"author\" content=\"Matthieu Batteur\" \/>\n<meta name=\"twitter:card\" content=\"summary_large_image\" \/>\n<meta name=\"twitter:label1\" content=\"\u00c9crit par\" \/>\n\t<meta name=\"twitter:data1\" content=\"Matthieu Batteur\" \/>\n\t<meta name=\"twitter:label2\" content=\"Dur\u00e9e de lecture estim\u00e9e\" \/>\n\t<meta name=\"twitter:data2\" content=\"1 minute\" \/>\n<script type=\"application\/ld+json\" class=\"yoast-schema-graph\">{\"@context\":\"https:\/\/schema.org\",\"@graph\":[{\"@type\":\"WebPage\",\"@id\":\"https:\/\/www.lespetitsculottes.com\/blog\/pourquoi-un-nourrisson-a-t-il-des-croutes-de-lait\/\",\"url\":\"https:\/\/www.lespetitsculottes.com\/blog\/pourquoi-un-nourrisson-a-t-il-des-croutes-de-lait\/\",\"name\":\"Cro\u00fbtes de lait nourrisson : causes et traitements\",\"isPartOf\":{\"@id\":\"https:\/\/www.lespetitsculottes.com\/blog\/#website\"},\"primaryImageOfPage\":{\"@id\":\"https:\/\/www.lespetitsculottes.com\/blog\/pourquoi-un-nourrisson-a-t-il-des-croutes-de-lait\/#primaryimage\"},\"image\":{\"@id\":\"https:\/\/www.lespetitsculottes.com\/blog\/pourquoi-un-nourrisson-a-t-il-des-croutes-de-lait\/#primaryimage\"},\"thumbnailUrl\":\"https:\/\/www.lespetitsculottes.com\/blog\/wp-content\/uploads\/2025\/10\/croutes-de-lait-nourrisson.jpg\",\"datePublished\":\"2025-10-23T09:09:17+00:00\",\"dateModified\":\"2026-01-22T10:02:54+00:00\",\"author\":{\"@id\":\"https:\/\/www.lespetitsculottes.com\/blog\/#\/schema\/person\/497831e9d8b4c1eb018613db53ea7306\"},\"description\":\"D\u00e9couvrez les causes des cro\u00fbtes de lait chez le nourrisson, leurs traitements et des conseils pratiques pour apaiser votre b\u00e9b\u00e9.\",\"breadcrumb\":{\"@id\":\"https:\/\/www.lespetitsculottes.com\/blog\/pourquoi-un-nourrisson-a-t-il-des-croutes-de-lait\/#breadcrumb\"},\"inLanguage\":\"fr-FR\",\"potentialAction\":[{\"@type\":\"ReadAction\",\"target\":[\"https:\/\/www.lespetitsculottes.com\/blog\/pourquoi-un-nourrisson-a-t-il-des-croutes-de-lait\/\"]}]},{\"@type\":\"ImageObject\",\"inLanguage\":\"fr-FR\",\"@id\":\"https:\/\/www.lespetitsculottes.com\/blog\/pourquoi-un-nourrisson-a-t-il-des-croutes-de-lait\/#primaryimage\",\"url\":\"https:\/\/www.lespetitsculottes.com\/blog\/wp-content\/uploads\/2025\/10\/croutes-de-lait-nourrisson.jpg\",\"contentUrl\":\"https:\/\/www.lespetitsculottes.com\/blog\/wp-content\/uploads\/2025\/10\/croutes-de-lait-nourrisson.jpg\",\"width\":830,\"height\":554,\"caption\":\"Pourquoi un nourrisson a-t-il des cro\u00fbtes de lait ?\"},{\"@type\":\"BreadcrumbList\",\"@id\":\"https:\/\/www.lespetitsculottes.com\/blog\/pourquoi-un-nourrisson-a-t-il-des-croutes-de-lait\/#breadcrumb\",\"itemListElement\":[{\"@type\":\"ListItem\",\"position\":1,\"name\":\"Home\",\"item\":\"https:\/\/www.lespetitsculottes.com\/blog\/\"},{\"@type\":\"ListItem\",\"position\":2,\"name\":\"Pourquoi un nourrisson a-t-il des cro\u00fbtes de lait ?\"}]},{\"@type\":\"WebSite\",\"@id\":\"https:\/\/www.lespetitsculottes.com\/blog\/#website\",\"url\":\"https:\/\/www.lespetitsculottes.com\/blog\/\",\"name\":\"Les petits culott\u00e9s\",\"description\":\"Le blog des Petits Culott\u00e9s\",\"potentialAction\":[{\"@type\":\"SearchAction\",\"target\":{\"@type\":\"EntryPoint\",\"urlTemplate\":\"https:\/\/www.lespetitsculottes.com\/blog\/?s={search_term_string}\"},\"query-input\":{\"@type\":\"PropertyValueSpecification\",\"valueRequired\":true,\"valueName\":\"search_term_string\"}}],\"inLanguage\":\"fr-FR\"},{\"@type\":\"Person\",\"@id\":\"https:\/\/www.lespetitsculottes.com\/blog\/#\/schema\/person\/497831e9d8b4c1eb018613db53ea7306\",\"name\":\"Matthieu Batteur\",\"image\":{\"@type\":\"ImageObject\",\"inLanguage\":\"fr-FR\",\"@id\":\"https:\/\/www.lespetitsculottes.com\/blog\/#\/schema\/person\/image\/\",\"url\":\"https:\/\/secure.gravatar.com\/avatar\/5efc0f66265d64efd2d82aa618c9ee35984eb2ef196befc3dd3d10c1ce3b4b94?s=96&d=wp_user_avatar&r=g\",\"contentUrl\":\"https:\/\/secure.gravatar.com\/avatar\/5efc0f66265d64efd2d82aa618c9ee35984eb2ef196befc3dd3d10c1ce3b4b94?s=96&d=wp_user_avatar&r=g\",\"caption\":\"Matthieu Batteur\"},\"sameAs\":[\"http:\/\/matthieu.batteur\"],\"url\":\"https:\/\/www.lespetitsculottes.com\/blog\/auteur\/adminlpc\/\"}]}<\/script>\n<!-- \/ Yoast SEO plugin. -->","yoast_head_json":{"title":"Cro\u00fbtes de lait nourrisson : causes et traitements","description":"D\u00e9couvrez les causes des cro\u00fbtes de lait chez le nourrisson, leurs traitements et des conseils pratiques pour apaiser votre b\u00e9b\u00e9.","robots":{"index":"index","follow":"follow","max-snippet":"max-snippet:-1","max-image-preview":"max-image-preview:large","max-video-preview":"max-video-preview:-1"},"canonical":"https:\/\/www.lespetitsculottes.com\/blog\/pourquoi-un-nourrisson-a-t-il-des-croutes-de-lait\/","og_locale":"fr_FR","og_type":"article","og_title":"Cro\u00fbtes de lait nourrisson : causes et traitements","og_description":"D\u00e9couvrez les causes des cro\u00fbtes de lait chez le nourrisson, leurs traitements et des conseils pratiques pour apaiser votre b\u00e9b\u00e9.","og_url":"https:\/\/www.lespetitsculottes.com\/blog\/pourquoi-un-nourrisson-a-t-il-des-croutes-de-lait\/","og_site_name":"Les Petits Culott\u00e9s","article_published_time":"2025-10-23T09:09:17+00:00","article_modified_time":"2026-01-22T10:02:54+00:00","og_image":[{"width":830,"height":554,"url":"https:\/\/www.lespetitsculottes.com\/blog\/wp-content\/uploads\/2025\/10\/croutes-de-lait-nourrisson.jpg","type":"image\/jpeg"}],"author":"Matthieu Batteur","twitter_card":"summary_large_image","twitter_misc":{"\u00c9crit par":"Matthieu Batteur","Dur\u00e9e de lecture estim\u00e9e":"1 minute"},"schema":{"@context":"https:\/\/schema.org","@graph":[{"@type":"WebPage","@id":"https:\/\/www.lespetitsculottes.com\/blog\/pourquoi-un-nourrisson-a-t-il-des-croutes-de-lait\/","url":"https:\/\/www.lespetitsculottes.com\/blog\/pourquoi-un-nourrisson-a-t-il-des-croutes-de-lait\/","name":"Cro\u00fbtes de lait nourrisson : causes et traitements","isPartOf":{"@id":"https:\/\/www.lespetitsculottes.com\/blog\/#website"},"primaryImageOfPage":{"@id":"https:\/\/www.lespetitsculottes.com\/blog\/pourquoi-un-nourrisson-a-t-il-des-croutes-de-lait\/#primaryimage"},"image":{"@id":"https:\/\/www.lespetitsculottes.com\/blog\/pourquoi-un-nourrisson-a-t-il-des-croutes-de-lait\/#primaryimage"},"thumbnailUrl":"https:\/\/www.lespetitsculottes.com\/blog\/wp-content\/uploads\/2025\/10\/croutes-de-lait-nourrisson.jpg","datePublished":"2025-10-23T09:09:17+00:00","dateModified":"2026-01-22T10:02:54+00:00","author":{"@id":"https:\/\/www.lespetitsculottes.com\/blog\/#\/schema\/person\/497831e9d8b4c1eb018613db53ea7306"},"description":"D\u00e9couvrez les causes des cro\u00fbtes de lait chez le nourrisson, leurs traitements et des conseils pratiques pour apaiser votre b\u00e9b\u00e9.","breadcrumb":{"@id":"https:\/\/www.lespetitsculottes.com\/blog\/pourquoi-un-nourrisson-a-t-il-des-croutes-de-lait\/#breadcrumb"},"inLanguage":"fr-FR","potentialAction":[{"@type":"ReadAction","target":["https:\/\/www.lespetitsculottes.com\/blog\/pourquoi-un-nourrisson-a-t-il-des-croutes-de-lait\/"]}]},{"@type":"ImageObject","inLanguage":"fr-FR","@id":"https:\/\/www.lespetitsculottes.com\/blog\/pourquoi-un-nourrisson-a-t-il-des-croutes-de-lait\/#primaryimage","url":"https:\/\/www.lespetitsculottes.com\/blog\/wp-content\/uploads\/2025\/10\/croutes-de-lait-nourrisson.jpg","contentUrl":"https:\/\/www.lespetitsculottes.com\/blog\/wp-content\/uploads\/2025\/10\/croutes-de-lait-nourrisson.jpg","width":830,"height":554,"caption":"Pourquoi un nourrisson a-t-il des cro\u00fbtes de lait ?"},{"@type":"BreadcrumbList","@id":"https:\/\/www.lespetitsculottes.com\/blog\/pourquoi-un-nourrisson-a-t-il-des-croutes-de-lait\/#breadcrumb","itemListElement":[{"@type":"ListItem","position":1,"name":"Home","item":"https:\/\/www.lespetitsculottes.com\/blog\/"},{"@type":"ListItem","position":2,"name":"Pourquoi un nourrisson a-t-il des cro\u00fbtes de lait ?"}]},{"@type":"WebSite","@id":"https:\/\/www.lespetitsculottes.com\/blog\/#website","url":"https:\/\/www.lespetitsculottes.com\/blog\/","name":"Les petits culott\u00e9s","description":"Le blog des Petits Culott\u00e9s","potentialAction":[{"@type":"SearchAction","target":{"@type":"EntryPoint","urlTemplate":"https:\/\/www.lespetitsculottes.com\/blog\/?s={search_term_string}"},"query-input":{"@type":"PropertyValueSpecification","valueRequired":true,"valueName":"search_term_string"}}],"inLanguage":"fr-FR"},{"@type":"Person","@id":"https:\/\/www.lespetitsculottes.com\/blog\/#\/schema\/person\/497831e9d8b4c1eb018613db53ea7306","name":"Matthieu Batteur","image":{"@type":"ImageObject","inLanguage":"fr-FR","@id":"https:\/\/www.lespetitsculottes.com\/blog\/#\/schema\/person\/image\/","url":"https:\/\/secure.gravatar.com\/avatar\/5efc0f66265d64efd2d82aa618c9ee35984eb2ef196befc3dd3d10c1ce3b4b94?s=96&d=wp_user_avatar&r=g","contentUrl":"https:\/\/secure.gravatar.com\/avatar\/5efc0f66265d64efd2d82aa618c9ee35984eb2ef196befc3dd3d10c1ce3b4b94?s=96&d=wp_user_avatar&r=g","caption":"Matthieu Batteur"},"sameAs":["http:\/\/matthieu.batteur"],"url":"https:\/\/www.lespetitsculottes.com\/blog\/auteur\/adminlpc\/"}]}},"_links":{"self":[{"href":"https:\/\/www.lespetitsculottes.com\/blog\/wp-json\/wp\/v2\/posts\/4140","targetHints":{"allow":["GET"]}}],"collection":[{"href":"https:\/\/www.lespetitsculottes.com\/blog\/wp-json\/wp\/v2\/posts"}],"about":[{"href":"https:\/\/www.lespetitsculottes.com\/blog\/wp-json\/wp\/v2\/types\/post"}],"author":[{"embeddable":true,"href":"https:\/\/www.lespetitsculottes.com\/blog\/wp-json\/wp\/v2\/users\/3"}],"replies":[{"embeddable":true,"href":"https:\/\/www.lespetitsculottes.com\/blog\/wp-json\/wp\/v2\/comments?post=4140"}],"version-history":[{"count":4,"href":"https:\/\/www.lespetitsculottes.com\/blog\/wp-json\/wp\/v2\/posts\/4140\/revisions"}],"predecessor-version":[{"id":4145,"href":"https:\/\/www.lespetitsculottes.com\/blog\/wp-json\/wp\/v2\/posts\/4140\/revisions\/4145"}],"wp:featuredmedia":[{"embeddable":true,"href":"https:\/\/www.lespetitsculottes.com\/blog\/wp-json\/wp\/v2\/media\/4141"}],"wp:attachment":[{"href":"https:\/\/www.lespetitsculottes.com\/blog\/wp-json\/wp\/v2\/media?parent=4140"}],"wp:term":[{"taxonomy":"category","embeddable":true,"href":"https:\/\/www.lespetitsculottes.com\/blog\/wp-json\/wp\/v2\/categories?post=4140"}],"curies":[{"name":"wp","href":"https:\/\/api.w.org\/{rel}","templated":true}]}}