{"id":4247,"date":"2025-12-09T17:56:41","date_gmt":"2025-12-09T16:56:41","guid":{"rendered":"https:\/\/www.lespetitsculottes.com\/blog\/?p=4247"},"modified":"2026-01-22T11:00:01","modified_gmt":"2026-01-22T10:00:01","slug":"comment-gerer-le-decalage-horaire-avec-un-bebe","status":"publish","type":"post","link":"https:\/\/www.lespetitsculottes.com\/blog\/comment-gerer-le-decalage-horaire-avec-un-bebe\/","title":{"rendered":"Comment g\u00e9rer le d\u00e9calage horaire avec un b\u00e9b\u00e9 ?"},"content":{"rendered":"<div id=\"ez-toc-container\" class=\"ez-toc-v2_0_76 counter-hierarchy ez-toc-counter ez-toc-white ez-toc-container-direction\">\n<div class=\"ez-toc-title-container\"><p class=\"ez-toc-title\" style=\"cursor:inherit\">Sommaire<\/p>\n<\/div><nav><ul class='ez-toc-list ez-toc-list-level-1 ' ><li class='ez-toc-page-1 ez-toc-heading-level-2'><a class=\"ez-toc-link ez-toc-heading-1\" href=\"https:\/\/www.lespetitsculottes.com\/blog\/comment-gerer-le-decalage-horaire-avec-un-bebe\/#Comprendre_le_%C2%AB_jet_lag_%C2%BB_pourquoi_est-ce_si_different_chez_le_bebe\" >Comprendre le \u00ab\u00a0jet lag\u00a0\u00bb : pourquoi est-ce si diff\u00e9rent chez le b\u00e9b\u00e9 ?<\/a><ul class='ez-toc-list-level-3' ><li class='ez-toc-heading-level-3'><a class=\"ez-toc-link ez-toc-heading-2\" href=\"https:\/\/www.lespetitsculottes.com\/blog\/comment-gerer-le-decalage-horaire-avec-un-bebe\/#Lage_de_votre_bebe_le_facteur_cle_dans_ladaptation_au_jet_lag\" >L\u2019\u00e2ge de votre b\u00e9b\u00e9 : le facteur cl\u00e9 dans l\u2019adaptation au jet lag<\/a><ul class='ez-toc-list-level-4' ><li class='ez-toc-heading-level-4'><a class=\"ez-toc-link ez-toc-heading-3\" href=\"https:\/\/www.lespetitsculottes.com\/blog\/comment-gerer-le-decalage-horaire-avec-un-bebe\/#Avant_6_mois_un_rythme_encore_immature_une_adaptation_plus_facile\" >Avant 6 mois : un rythme encore immature, une adaptation plus facile<\/a><\/li><li class='ez-toc-page-1 ez-toc-heading-level-4'><a class=\"ez-toc-link ez-toc-heading-4\" href=\"https:\/\/www.lespetitsculottes.com\/blog\/comment-gerer-le-decalage-horaire-avec-un-bebe\/#Apres_6_mois_un_rythme_plus_structure_un_decalage_plus_difficile_a_vivre\" >Apr\u00e8s 6 mois : un rythme plus structur\u00e9, un d\u00e9calage plus difficile \u00e0 vivre<\/a><\/li><\/ul><\/li><li class='ez-toc-page-1 ez-toc-heading-level-3'><a class=\"ez-toc-link ez-toc-heading-5\" href=\"https:\/\/www.lespetitsculottes.com\/blog\/comment-gerer-le-decalage-horaire-avec-un-bebe\/#Les_effets_du_decalage_horaire_sur_votre_tout-petit\" >Les effets du d\u00e9calage horaire sur votre tout-petit<\/a><\/li><li class='ez-toc-page-1 ez-toc-heading-level-3'><a class=\"ez-toc-link ez-toc-heading-6\" href=\"https:\/\/www.lespetitsculottes.com\/blog\/comment-gerer-le-decalage-horaire-avec-un-bebe\/#Pourquoi_le_jet_lag_est_plus_difficile_a_vivre_pour_un_bebe_que_pour_un_adulte\" >Pourquoi le jet lag est plus difficile \u00e0 vivre pour un b\u00e9b\u00e9 que pour un adulte ?<\/a><\/li><\/ul><\/li><li class='ez-toc-page-1 ez-toc-heading-level-2'><a class=\"ez-toc-link ez-toc-heading-7\" href=\"https:\/\/www.lespetitsculottes.com\/blog\/comment-gerer-le-decalage-horaire-avec-un-bebe\/#Avant_le_depart_preparer_bebe_au_decalage_horaire\" >Avant le d\u00e9part : pr\u00e9parer b\u00e9b\u00e9 au d\u00e9calage horaire<\/a><ul class='ez-toc-list-level-3' ><li class='ez-toc-heading-level-3'><a class=\"ez-toc-link ez-toc-heading-8\" href=\"https:\/\/www.lespetitsculottes.com\/blog\/comment-gerer-le-decalage-horaire-avec-un-bebe\/#Faut-il_decaler_le_rythme_de_bebe_avant_de_partir\" >Faut-il d\u00e9caler le rythme de b\u00e9b\u00e9 avant de partir ?<\/a><\/li><li class='ez-toc-page-1 ez-toc-heading-level-3'><a class=\"ez-toc-link ez-toc-heading-9\" href=\"https:\/\/www.lespetitsculottes.com\/blog\/comment-gerer-le-decalage-horaire-avec-un-bebe\/#Preparer_le_vol_avec_bebe_le_confort_avant_tout\" >Pr\u00e9parer le vol avec b\u00e9b\u00e9 : le confort avant tout<\/a><\/li><\/ul><\/li><li class='ez-toc-page-1 ez-toc-heading-level-2'><a class=\"ez-toc-link ez-toc-heading-10\" href=\"https:\/\/www.lespetitsculottes.com\/blog\/comment-gerer-le-decalage-horaire-avec-un-bebe\/#Pendant_le_vol_comment_aider_bebe_a_bien_vivre_le_trajet_en_avion\" >Pendant le vol : comment aider b\u00e9b\u00e9 \u00e0 bien vivre le trajet en avion ?<\/a><ul class='ez-toc-list-level-3' ><li class='ez-toc-heading-level-3'><a class=\"ez-toc-link ez-toc-heading-11\" href=\"https:\/\/www.lespetitsculottes.com\/blog\/comment-gerer-le-decalage-horaire-avec-un-bebe\/#Hydratation_et_repas\" >Hydratation et repas<\/a><\/li><li class='ez-toc-page-1 ez-toc-heading-level-3'><a class=\"ez-toc-link ez-toc-heading-12\" href=\"https:\/\/www.lespetitsculottes.com\/blog\/comment-gerer-le-decalage-horaire-avec-un-bebe\/#Gerer_le_sommeil_de_bebe_en_vol\" >G\u00e9rer le sommeil de b\u00e9b\u00e9 en vol<\/a><\/li><li class='ez-toc-page-1 ez-toc-heading-level-3'><a class=\"ez-toc-link ez-toc-heading-13\" href=\"https:\/\/www.lespetitsculottes.com\/blog\/comment-gerer-le-decalage-horaire-avec-un-bebe\/#Faut-il_sadapter_a_lheure_de_la_destination\" >Faut-il s&rsquo;adapter \u00e0 l&rsquo;heure de la destination ?<\/a><\/li><\/ul><\/li><li class='ez-toc-page-1 ez-toc-heading-level-2'><a class=\"ez-toc-link ez-toc-heading-14\" href=\"https:\/\/www.lespetitsculottes.com\/blog\/comment-gerer-le-decalage-horaire-avec-un-bebe\/#Arrivee_a_destination_aider_bebe_a_sadapter_au_nouveau_fuseau_horaire\" >Arriv\u00e9e \u00e0 destination : aider b\u00e9b\u00e9 \u00e0 s\u2019adapter au nouveau fuseau horaire<\/a><ul class='ez-toc-list-level-3' ><li class='ez-toc-heading-level-3'><a class=\"ez-toc-link ez-toc-heading-15\" href=\"https:\/\/www.lespetitsculottes.com\/blog\/comment-gerer-le-decalage-horaire-avec-un-bebe\/#Le_conseil_n%C2%B01_La_lumiere_du_jour\" >Le conseil n\u00b01 : La lumi\u00e8re du jour<\/a><\/li><li class='ez-toc-page-1 ez-toc-heading-level-3'><a class=\"ez-toc-link ez-toc-heading-16\" href=\"https:\/\/www.lespetitsculottes.com\/blog\/comment-gerer-le-decalage-horaire-avec-un-bebe\/#Adopter_le_rythme_local_immediatement_la_methode_%C2%AB_dure_%C2%BB\" >Adopter le rythme local imm\u00e9diatement (la m\u00e9thode \u00ab\u00a0dure\u00a0\u00bb)<\/a><\/li><li class='ez-toc-page-1 ez-toc-heading-level-3'><a class=\"ez-toc-link ez-toc-heading-17\" href=\"https:\/\/www.lespetitsculottes.com\/blog\/comment-gerer-le-decalage-horaire-avec-un-bebe\/#Gerer_les_reveils_nocturnes_inevitables\" >G\u00e9rer les r\u00e9veils nocturnes (in\u00e9vitables)<\/a><\/li><\/ul><\/li><li class='ez-toc-page-1 ez-toc-heading-level-2'><a class=\"ez-toc-link ez-toc-heading-18\" href=\"https:\/\/www.lespetitsculottes.com\/blog\/comment-gerer-le-decalage-horaire-avec-un-bebe\/#Retour_de_voyage_avec_bebe_gerer_le_decalage_horaire_a_la_maison\" >Retour de voyage avec b\u00e9b\u00e9 : g\u00e9rer le d\u00e9calage horaire \u00e0 la maison<\/a><\/li><\/ul><\/nav><\/div>\n\n<p>L&rsquo;excitation de pr\u00e9parer les valises pour une destination lointaine, l&rsquo;aventure qui se profile&#8230; et puis, l&rsquo;appr\u00e9hension qui s&rsquo;installe : le fameux jet lag. Soyons honn\u00eates, l&rsquo;id\u00e9e d&rsquo;un b\u00e9b\u00e9 d\u00e9sorient\u00e9 qui ne trouve pas le sommeil \u00e0 3h du matin fait transpirer tous les parents. C&rsquo;est une r\u00e9alit\u00e9 : quand b\u00e9b\u00e9 ne dort pas, personne ne dort. G\u00e9rer un <strong>changement de fuseau horaire<\/strong> est un vrai d\u00e9fi pour les tout-petits et leur horloge interne. Mais pas de panique ! L&rsquo;objectif de cet article est de d\u00e9dramatiser la situation et de vous donner des conseils concrets pour anticiper et g\u00e9rer les <strong>effets du d\u00e9calage horaire sur b\u00e9b\u00e9<\/strong> avant, pendant, et apr\u00e8s le vol.<\/p>\n\n\n\n<h2 class=\"wp-block-heading\"><span class=\"ez-toc-section\" id=\"Comprendre_le_%C2%AB_jet_lag_%C2%BB_pourquoi_est-ce_si_different_chez_le_bebe\"><\/span><strong>Comprendre le \u00ab\u00a0jet lag\u00a0\u00bb : pourquoi est-ce si diff\u00e9rent chez le b\u00e9b\u00e9 ?<\/strong><span class=\"ez-toc-section-end\"><\/span><\/h2>\n\n\n\n<p>Nous poss\u00e9dons tous une <strong>horloge biologique interne<\/strong>, notre fameux <strong>rythme circadien<\/strong>. C&rsquo;est elle qui dit \u00e0 notre corps quand il est temps de dormir, d&rsquo;\u00eatre actif ou d&rsquo;avoir faim. Chez un adulte, cette horloge est bien ancr\u00e9e. Mais chez le b\u00e9b\u00e9, c&rsquo;est une tout autre histoire, et l&rsquo;impact du changement de fuseau horaire d\u00e9pend de son \u00e2ge.<\/p>\n\n\n\n<h3 class=\"wp-block-heading\"><span class=\"ez-toc-section\" id=\"Lage_de_votre_bebe_le_facteur_cle_dans_ladaptation_au_jet_lag\"><\/span><strong>L\u2019\u00e2ge de votre b\u00e9b\u00e9 : le facteur cl\u00e9 dans l\u2019adaptation au jet lag<\/strong><span class=\"ez-toc-section-end\"><\/span><\/h3>\n\n\n\n<p>Le sommeil de b\u00e9b\u00e9, tout comme le reste de son d\u00e9veloppement, est en pleine construction. Comme l\u2019explique l\u2019<a href=\"https:\/\/institut-sommeil-vigilance.org\/\" target=\"_blank\" rel=\"noreferrer noopener\">Institut National du Sommeil et de la Vigilance<\/a> (INSV), <em>\u00ab c\u2019est pendant les 2 \u00e0 3 premi\u00e8res ann\u00e9es de vie que la maturation du sommeil, son organisation interne et sa rythmicit\u00e9 sur 24h se mettent en place. \u00bb <\/em>C\u2019est pourquoi <strong>l\u2019\u00e2ge de votre enfant influence fortement sa capacit\u00e9 \u00e0 s\u2019adapter au d\u00e9calage horaire<\/strong>. On observe donc deux grandes phases.<\/p>\n\n\n\n<h4 class=\"wp-block-heading\"><span class=\"ez-toc-section\" id=\"Avant_6_mois_un_rythme_encore_immature_une_adaptation_plus_facile\"><\/span>Avant 6 mois : un rythme encore immature, une adaptation plus facile<span class=\"ez-toc-section-end\"><\/span><\/h4>\n\n\n\n<p>A cet \u00e2ge, l&rsquo;horloge biologique est encore tr\u00e8s immature. Le rythme de votre b\u00e9b\u00e9 est principalement cal\u00e9 sur ses besoins imm\u00e9diats (faim, r\u00e9confort, couche propre) et son sommeil est \u00ab\u00a0polyphasique\u00a0\u00bb (il encha\u00eene les cycles de jour comme de nuit). La bonne nouvelle ? Le jet lag pur les affecte souvent <em>moins<\/em>. Ils n&rsquo;ont pas encore de rythme circadien strict cal\u00e9 sur 24h. Le d\u00e9fi pour les parents sera davantage de g\u00e9rer l&rsquo;inconfort du voyage (bruit, agitation) que le changement d&rsquo;heure lui-m\u00eame.<\/p>\n\n\n\n<h4 class=\"wp-block-heading\"><span class=\"ez-toc-section\" id=\"Apres_6_mois_un_rythme_plus_structure_un_decalage_plus_difficile_a_vivre\"><\/span>Apr\u00e8s 6 mois : un rythme plus structur\u00e9, un d\u00e9calage plus difficile \u00e0 vivre<span class=\"ez-toc-section-end\"><\/span><\/h4>\n\n\n\n<p>C&rsquo;est l\u00e0 que les choses se corsent un peu. Le <strong>rythme circadien<\/strong> commence \u00e0 se consolider. Votre tout-petit fait mieux la diff\u00e9rence entre le jour et la nuit, ses siestes deviennent plus r\u00e9guli\u00e8res et son corps est \u00ab\u00a0programm\u00e9\u00a0\u00bb. C&rsquo;est justement pour cela que le jet lag le frappe plus fort : son horloge interne lui crie \u00ab\u00a0C&rsquo;est l&rsquo;heure de dormir !\u00a0\u00bb alors que le soleil brille \u00e0 la destination, ou inversement.<\/p>\n\n\n\n<h3 class=\"wp-block-heading\"><span class=\"ez-toc-section\" id=\"Les_effets_du_decalage_horaire_sur_votre_tout-petit\"><\/span><strong>Les effets du d\u00e9calage horaire sur votre tout-petit<\/strong><span class=\"ez-toc-section-end\"><\/span><\/h3>\n\n\n\n<p>Quand cette horloge interne est d\u00e9synchronis\u00e9e avec l&rsquo;heure locale, ce n&rsquo;est pas juste \u00ab\u00a0un peu de fatigue\u00a0\u00bb. Les <strong>effets du d\u00e9calage horaire<\/strong> sur votre enfant sont concrets :<\/p>\n\n\n\n<ul class=\"wp-block-list\">\n<li><strong>Irritabilit\u00e9 intense<\/strong> : Il est \u00e9puis\u00e9 mais n&rsquo;arrive pas \u00e0 trouver le sommeil, ou se r\u00e9veille en pleine forme \u00e0 3h du matin.<\/li>\n\n\n\n<li><strong>R\u00e9veils nocturnes fr\u00e9quents<\/strong> : Son corps pense \u00eatre en plein jour et r\u00e9clame de l&rsquo;activit\u00e9.<\/li>\n\n\n\n<li><strong>Difficult\u00e9s \u00e0 l&rsquo;heure du coucher <\/strong>: Il n&rsquo;a \u00ab\u00a0pas sommeil\u00a0\u00bb \u00e0 la nouvelle heure, m\u00eame s&rsquo;il est visiblement fatigu\u00e9.<\/li>\n\n\n\n<li><strong>App\u00e9tit chamboul\u00e9<\/strong> : Son estomac aussi a une horloge ! Il peut r\u00e9clamer des repas en pleine nuit ou bouder ses biberons en journ\u00e9e.<\/li>\n<\/ul>\n\n\n\n<div class=\"wp-block-buttons is-content-justification-center is-layout-flex wp-container-core-buttons-is-layout-16018d1d wp-block-buttons-is-layout-flex\">\n<div class=\"wp-block-button\"><a class=\"wp-block-button__link wp-element-button\" href=\"https:\/\/www.lespetitsculottes.com\/fr\/content\/68-tester-notre-lait\" target=\"_blank\" rel=\"noreferrer noopener\">Je teste le lait <\/a><\/div>\n\n\n\n<div class=\"wp-block-button\"><a class=\"wp-block-button__link wp-element-button\" href=\"https:\/\/www.lespetitsculottes.com\/fr\/accueil\/8-kit-d-essai.html\" target=\"_blank\" rel=\"noreferrer noopener\">Je teste les couches<\/a><\/div>\n<\/div>\n\n\n\n<h3 class=\"wp-block-heading\"><span class=\"ez-toc-section\" id=\"Pourquoi_le_jet_lag_est_plus_difficile_a_vivre_pour_un_bebe_que_pour_un_adulte\"><\/span><strong>Pourquoi le jet lag est plus difficile \u00e0 vivre pour un b\u00e9b\u00e9 que pour un adulte ?<\/strong><span class=\"ez-toc-section-end\"><\/span><\/h3>\n\n\n\n<p>C&rsquo;est le point le plus important pour les parents. Un adulte comprend ce qui lui arrive. Il peut rationaliser, boire un caf\u00e9, \u00ab\u00a0prendre sur lui\u00a0\u00bb et patienter.<\/p>\n\n\n\n<p>Votre enfant, lui, ne le peut pas. Il subit le changement de plein fouet. B\u00e9b\u00e9 ne comprend pas pourquoi il a faim, pourquoi il est fatigu\u00e9, ou pourquoi on veut le coucher alors qu&rsquo;il se sent plein d&rsquo;\u00e9nergie. Il ressent juste un profond inconfort. C&rsquo;est l\u00e0 que votre patience et votre pr\u00e9paration feront toute la diff\u00e9rence.<\/p>\n\n\n\n<h2 class=\"wp-block-heading\"><span class=\"ez-toc-section\" id=\"Avant_le_depart_preparer_bebe_au_decalage_horaire\"><\/span><strong>Avant le d\u00e9part : pr\u00e9parer b\u00e9b\u00e9 au d\u00e9calage horaire<\/strong><span class=\"ez-toc-section-end\"><\/span><\/h2>\n\n\n\n<h3 class=\"wp-block-heading\"><span class=\"ez-toc-section\" id=\"Faut-il_decaler_le_rythme_de_bebe_avant_de_partir\"><\/span><strong>Faut-il d\u00e9caler le rythme de b\u00e9b\u00e9 avant de partir ?<\/strong><span class=\"ez-toc-section-end\"><\/span><\/h3>\n\n\n\n<p>C&rsquo;est la grande question que se posent tous les parents qui <a href=\"https:\/\/www.lespetitsculottes.com\/blog\/voyager-avec-bebe\/\" target=\"_blank\" rel=\"noreferrer noopener\">voyagent avec un b\u00e9b\u00e9<\/a>.<\/p>\n\n\n\n<ul class=\"wp-block-list\">\n<li><strong>Pour les courts s\u00e9jours ou les petits d\u00e9calages (&lt; 3 heures)<\/strong>, l&rsquo;effort n&rsquo;en vaut souvent pas la peine. Le temps de vous adapter, il sera d\u00e9j\u00e0 l&rsquo;heure de rentrer.<\/li>\n\n\n\n<li><strong>Pour les longs voyages<\/strong> (comme traverser l&rsquo;Atlantique ou partir en Asie), vous pouvez aider votre b\u00e9b\u00e9. Commencez 3 \u00e0 4 jours avant le d\u00e9part \u00e0 d\u00e9caler tr\u00e8s l\u00e9g\u00e8rement (15 \u00e0 20 minutes par jour) l&rsquo;heure du coucher, des repas et des siestes dans le sens de votre destination.<\/li>\n<\/ul>\n\n\n\n<h3 class=\"wp-block-heading\"><span class=\"ez-toc-section\" id=\"Preparer_le_vol_avec_bebe_le_confort_avant_tout\"><\/span><strong>Pr\u00e9parer le vol avec b\u00e9b\u00e9 : le confort avant tout<\/strong><span class=\"ez-toc-section-end\"><\/span><\/h3>\n\n\n\n<p><strong>Choisir son vol :<\/strong> Vol de nuit ou vol de jour ? Le vol de nuit offre l&rsquo;espoir que b\u00e9b\u00e9 dorme une bonne partie du trajet, mais peut \u00eatre \u00e9puisant pour les parents qui ne fermeront pas l&rsquo;\u0153il. Le vol de jour met moins de pression sur le sommeil, mais demande plus d&rsquo;activit\u00e9s pour l&rsquo;occuper. Il n&rsquo;y a pas de bonne r\u00e9ponse, choisissez ce qui vous stresse le moins.<\/p>\n\n\n\n<p><strong>Le sac cabine :<\/strong> C&rsquo;est votre kit de survie. Voyez large : pr\u00e9voyez plus de repas, de couches et de tenues de rechange que n\u00e9cessaire (pour lui&#8230; et pour vous !). Et n&rsquo;oubliez jamais les essentiels de sommeil : son doudou, sa t\u00e9tine et sa gigoteuse habituelle.<\/p>\n\n\n\n<hr class=\"wp-block-separator has-alpha-channel-opacity\"\/>\n\n\n\n<p><strong>Astuce culott\u00e9e<\/strong><\/p>\n\n\n\n<p><em>Voici une astuce simple mais puissante. Quelques jours avant de partir, dormez avec le <\/em><a href=\"https:\/\/www.lespetitsculottes.com\/blog\/doudou-bebe\/\" target=\"_blank\" rel=\"noreferrer noopener\"><em>doudou de b\u00e9b\u00e9<\/em><\/a><em>. Une fois dans l&rsquo;avion ou \u00e0 l&rsquo;arriv\u00e9e, votre odeur famili\u00e8re impr\u00e9gn\u00e9e sur le tissu aura un effet apaisant et s\u00e9curisant imm\u00e9diat. Dans cet environnement nouveau et stressant, cette odeur connue peut l&rsquo;aider \u00e0 s&rsquo;endormir bien plus facilement.<\/em><\/p>\n\n\n\n<hr class=\"wp-block-separator has-alpha-channel-opacity\"\/>\n\n\n\n<h2 class=\"wp-block-heading\"><span class=\"ez-toc-section\" id=\"Pendant_le_vol_comment_aider_bebe_a_bien_vivre_le_trajet_en_avion\"><\/span><strong>Pendant le vol : comment aider b\u00e9b\u00e9 \u00e0 bien vivre le trajet en avion ?<\/strong><span class=\"ez-toc-section-end\"><\/span><\/h2>\n\n\n\n<h3 class=\"wp-block-heading\"><span class=\"ez-toc-section\" id=\"Hydratation_et_repas\"><\/span><strong>Hydratation et repas<\/strong><span class=\"ez-toc-section-end\"><\/span><\/h3>\n\n\n\n<p>L&rsquo;air en cabine est extr\u00eamement sec. <strong>Proposez \u00e0 boire tr\u00e8s r\u00e9guli\u00e8rement \u00e0 votre b\u00e9b\u00e9<\/strong> (sein, biberon d&rsquo;eau s&rsquo;il est plus grand) pour \u00e9viter la d\u00e9shydratation. C\u00f4t\u00e9 repas, essayez de maintenir un semblant de routine, mais restez flexible. S&rsquo;il n&rsquo;a pas faim \u00e0 l&rsquo;heure dite, ne forcez pas. L&rsquo;important est qu&rsquo;il s&rsquo;hydrate.<\/p>\n\n\n\n<h3 class=\"wp-block-heading\"><span class=\"ez-toc-section\" id=\"Gerer_le_sommeil_de_bebe_en_vol\"><\/span><strong>G\u00e9rer le sommeil de b\u00e9b\u00e9 en vol<\/strong><span class=\"ez-toc-section-end\"><\/span><\/h3>\n\n\n\n<p>Essayez de <strong>recr\u00e9er son rituel du coucher<\/strong>. \u00c0 l&rsquo;heure habituelle (ou celle de la destination si vous tentez le coup), mettez-le en pyjama, baissez la lumi\u00e8re, lisez-lui une histoire et faites-lui un c\u00e2lin, m\u00eame s&rsquo;il fait encore jour par le hublot. Si votre compagnie le propose et que votre b\u00e9b\u00e9 a la bonne taille, pensez \u00e0 r\u00e9server les \u00ab\u00a0bassinet\u00a0\u00bb (les berceaux d&rsquo;avion) d\u00e8s votre r\u00e9servation.<\/p>\n\n\n\n<h3 class=\"wp-block-heading\"><span class=\"ez-toc-section\" id=\"Faut-il_sadapter_a_lheure_de_la_destination\"><\/span><strong>Faut-il s&rsquo;adapter \u00e0 l&rsquo;heure de la destination ?<\/strong><span class=\"ez-toc-section-end\"><\/span><\/h3>\n\n\n\n<p>Oui, mentalement ! <strong>Mettez votre montre et votre t\u00e9l\u00e9phone \u00e0 l&rsquo;heure de la destination d\u00e8s que vous montez dans l&rsquo;avion.<\/strong> Cela vous aide, vous, \u00e0 vous pr\u00e9parer. Si c&rsquo;est la nuit l\u00e0-bas, essayez d&rsquo;encourager le repos, de garder une ambiance calme et sombre autour de votre enfant.<\/p>\n\n\n\n<hr class=\"wp-block-separator has-alpha-channel-opacity\"\/>\n\n\n\n<p><strong>Info culott\u00e9e&nbsp;<\/strong><\/p>\n\n\n\n<p><em>Chez Les Petits Culott\u00e9s, nous savons combien le sommeil de b\u00e9b\u00e9 est pr\u00e9cieux. C\u2019est pourquoi nos <\/em><a href=\"https:\/\/www.lespetitsculottes.com\/fr\/accueil\/9-abonnement-couche-bio.html\" target=\"_blank\" rel=\"noreferrer noopener\"><strong><em>couches en abonnement<\/em><\/strong><\/a><strong><em>,<\/em><\/strong><em> hypoallerg\u00e9niques et ultra-absorbantes, gardent b\u00e9b\u00e9 au sec pendant 12h, m\u00eame pendant un long vol.<\/em><\/p>\n\n\n\n<hr class=\"wp-block-separator has-alpha-channel-opacity\"\/>\n\n\n\n<h2 class=\"wp-block-heading\"><span class=\"ez-toc-section\" id=\"Arrivee_a_destination_aider_bebe_a_sadapter_au_nouveau_fuseau_horaire\"><\/span><strong>Arriv\u00e9e \u00e0 destination : aider b\u00e9b\u00e9 \u00e0 s\u2019adapter au nouveau fuseau horaire<\/strong><span class=\"ez-toc-section-end\"><\/span><\/h2>\n\n\n\n<h3 class=\"wp-block-heading\"><span class=\"ez-toc-section\" id=\"Le_conseil_n%C2%B01_La_lumiere_du_jour\"><\/span><strong>Le conseil n\u00b01 : La lumi\u00e8re du jour<\/strong><span class=\"ez-toc-section-end\"><\/span><\/h3>\n\n\n\n<p>C&rsquo;est votre meilleur alli\u00e9. La lumi\u00e8re du jour est le synchronisateur le plus puissant de notre horloge biologique.<\/p>\n\n\n\n<ul class=\"wp-block-list\">\n<li><strong>Si vous arrivez de jour :<\/strong> M\u00eame si tout le monde est \u00e9puis\u00e9, sortez ! Exposez votre enfant (et vous-m\u00eame) \u00e0 la lumi\u00e8re naturelle. Allez au parc, jouez dehors. Cela envoie un signal clair \u00e0 son cerveau : \u00ab\u00a0C&rsquo;est le jour, on est actifs\u00a0\u00bb.<\/li>\n\n\n\n<li><strong>Si vous arrivez de nuit :<\/strong> Faites l&rsquo;inverse. Gardez l&rsquo;ambiance sombre et calme. Chuchotez. M\u00eame s&rsquo;il est tr\u00e8s r\u00e9veill\u00e9 et pense que c&rsquo;est l&rsquo;heure de jouer, signifiez-lui que c&rsquo;est l&rsquo;heure de dormir.<\/li>\n<\/ul>\n\n\n\n<h3 class=\"wp-block-heading\"><span class=\"ez-toc-section\" id=\"Adopter_le_rythme_local_immediatement_la_methode_%C2%AB_dure_%C2%BB\"><\/span><strong>Adopter le rythme local imm\u00e9diatement (la m\u00e9thode \u00ab\u00a0dure\u00a0\u00bb)<\/strong><span class=\"ez-toc-section-end\"><\/span><\/h3>\n\n\n\n<p>C&rsquo;est la m\u00e9thode la plus efficace, bien qu&rsquo;exigeante :<\/p>\n\n\n\n<ol class=\"wp-block-list\">\n<li><strong>Faites les repas aux heures du nouveau pays.<\/strong> M\u00eame s&rsquo;il n&rsquo;a pas tr\u00e8s faim, proposez-lui \u00e0 l&rsquo;heure locale.<\/li>\n\n\n\n<li><strong>G\u00e9rez les siestes.<\/strong> Ne laissez pas votre b\u00e9b\u00e9 faire une sieste de 4 heures \u00e0 17h, m\u00eame s&rsquo;il tombe de fatigue. C&rsquo;est le meilleur moyen de g\u00e2cher la nuit. R\u00e9veillez-le doucement apr\u00e8s une dur\u00e9e raisonnable pour pr\u00e9server le sommeil nocturne.<\/li>\n\n\n\n<li><strong>Tenez bon jusqu&rsquo;\u00e0 l&rsquo;heure du coucher locale.<\/strong> Quitte \u00e0 le coucher un peu plus t\u00f4t que d&rsquo;habitude le premier soir (ex: 19h au lieu de 20h), mais ne c\u00e9dez pas \u00e0 17h30.<\/li>\n<\/ol>\n\n\n\n<h3 class=\"wp-block-heading\"><span class=\"ez-toc-section\" id=\"Gerer_les_reveils_nocturnes_inevitables\"><\/span><strong>G\u00e9rer les r\u00e9veils nocturnes (in\u00e9vitables)<\/strong><span class=\"ez-toc-section-end\"><\/span><\/h3>\n\n\n\n<p>Ils vont arriver. Pr\u00e9parez-vous. Quand votre b\u00e9b\u00e9 se r\u00e9veillera \u00e0 2h du matin, frais comme un gardon, restez calmes (facile \u00e0 dire quand on est aussi \u00e9puis\u00e9 !). Gardez la p\u00e9nombre, parlez bas, c\u00e2linez, mais \u00e9vitez \u00e0 tout prix les \u00e9crans ou de commencer \u00e0 jouer. Signifiez que c&rsquo;est toujours la nuit.<\/p>\n\n\n\n<hr class=\"wp-block-separator has-alpha-channel-opacity\"\/>\n\n\n\n<p><strong>Astuce culott\u00e9e<\/strong><\/p>\n\n\n\n<p><em>Votre tout-petit se r\u00e9veille en pleine nuit, totalement confus par le d\u00e9calage ? \u00c9vitez \u00e0 tout prix la lumi\u00e8re principale de la chambre ou celle de votre t\u00e9l\u00e9phone. Ces lumi\u00e8res bleues ou blanches signalent au cerveau que c&rsquo;est le jour et bloquent la m\u00e9latonine.<\/em><\/p>\n\n\n\n<p><em>La solution : glissez dans votre valise une <\/em><strong><em>petite veilleuse de voyage \u00e9mettant une lumi\u00e8re rouge ou ambr\u00e9e<\/em><\/strong><em>. Ces longueurs d&rsquo;onde sont celles qui perturbent le moins la production de m\u00e9latonine (l&rsquo;hormone du sommeil). Vous pourrez ainsi vous occuper de b\u00e9b\u00e9 (le rassurer, changer une couche) sans \u00ab\u00a0casser\u00a0\u00bb le rythme de la nuit et l&rsquo;aider \u00e0 se rendormir.<\/em><\/p>\n\n\n\n<hr class=\"wp-block-separator has-alpha-channel-opacity\"\/>\n\n\n\n<div class=\"wp-block-buttons is-content-justification-center is-layout-flex wp-container-core-buttons-is-layout-16018d1d wp-block-buttons-is-layout-flex\">\n<div class=\"wp-block-button\"><a class=\"wp-block-button__link wp-element-button\" href=\"https:\/\/www.lespetitsculottes.com\/fr\/content\/69-abonnement-lait\" target=\"_blank\" rel=\"noreferrer noopener\">Je m&rsquo;abonne au lait<\/a><\/div>\n\n\n\n<div class=\"wp-block-button\"><a class=\"wp-block-button__link wp-element-button\" href=\"https:\/\/www.lespetitsculottes.com\/fr\/accueil\/9-abonnement-couche-bio.html\" target=\"_blank\" rel=\"noreferrer noopener\">Je m&rsquo;abonne aux couches<\/a><\/div>\n<\/div>\n\n\n\n<h2 class=\"wp-block-heading\"><span class=\"ez-toc-section\" id=\"Retour_de_voyage_avec_bebe_gerer_le_decalage_horaire_a_la_maison\"><\/span><strong>Retour de voyage avec b\u00e9b\u00e9 : g\u00e9rer le d\u00e9calage horaire \u00e0 la maison<\/strong><span class=\"ez-toc-section-end\"><\/span><\/h2>\n\n\n\n<p>On n&rsquo;y pense pas toujours, mais le \u00ab\u00a0jet lag\u00a0\u00bb du retour est souvent plus difficile \u00e0 g\u00e9rer. Particuli\u00e8rement si vous avez voyag\u00e9 vers l&rsquo;Est (vous \u00ab\u00a0perdez\u00a0\u00bb des heures), le retour est plus brutal pour l&rsquo;organisme.<\/p>\n\n\n\n<p>Votre meilleure alli\u00e9e sera la <strong>patience<\/strong>. Acceptez que le retour \u00e0 la normale puisse prendre plusieurs jours. On compte souvent un jour d&rsquo;adaptation par heure de fuseau horaire travers\u00e9. D\u00e8s le retour, replongez imm\u00e9diatement dans vos routines habituelles : heures des repas, rituels de siestes, heure du coucher. C&rsquo;est ce cadre qui aidera l&rsquo;horloge interne de votre enfant \u00e0 se resynchroniser le plus vite possible.<\/p>\n\n\n\n<p>G\u00e9rer le d\u00e9calage horaire avec un b\u00e9b\u00e9 demande un peu de pr\u00e9paration, beaucoup de flexibilit\u00e9 et une bonne dose de l\u00e2cher-prise. Ne visez pas la perfection d\u00e8s le premier jour. Faites-vous confiance et faites confiance \u00e0 la capacit\u00e9 d&rsquo;adaptation de votre enfant. Ces vacances sont avant tout des moments de partage et de cr\u00e9ation de souvenirs, m\u00eame si les premi\u00e8res nuits sont un peu chaotiques.<\/p>\n\n\n\n<p>Et vous, quelles sont vos astuces infaillibles pour les longs voyages avec vos tout-petits ? Partagez votre exp\u00e9rience avec nous !<\/p>\n\n\n\n<p><em>Cr\u00e9dit photo&nbsp;: \u00a9 Unsplash<\/em><\/p>\n\n\n\n<p><\/p>\n","protected":false},"excerpt":{"rendered":"<p>L&rsquo;excitation de pr\u00e9parer les valises pour une destination lointaine, l&rsquo;aventure [&hellip;]<\/p>\n","protected":false},"author":3,"featured_media":4249,"comment_status":"closed","ping_status":"closed","sticky":false,"template":"","format":"standard","meta":{"footnotes":""},"categories":[12],"class_list":["post-4247","post","type-post","status-publish","format-standard","has-post-thumbnail","hentry","category-lexpert-culotte"],"yoast_head":"<!-- This site is optimized with the Yoast SEO plugin v26.2 - https:\/\/yoast.com\/wordpress\/plugins\/seo\/ -->\n<title>D\u00e9calage horaire b\u00e9b\u00e9 : conseils avant, pendant et apr\u00e8s le vol<\/title>\n<meta name=\"description\" content=\"Voyager avec un b\u00e9b\u00e9 et traverser des fuseaux horaires ? Voici tous nos conseils pour g\u00e9rer le d\u00e9calage horaire avec un b\u00e9b\u00e9.\" \/>\n<meta name=\"robots\" content=\"index, follow, max-snippet:-1, max-image-preview:large, max-video-preview:-1\" \/>\n<link rel=\"canonical\" href=\"https:\/\/www.lespetitsculottes.com\/blog\/comment-gerer-le-decalage-horaire-avec-un-bebe\/\" \/>\n<meta property=\"og:locale\" content=\"fr_FR\" \/>\n<meta property=\"og:type\" content=\"article\" \/>\n<meta property=\"og:title\" content=\"D\u00e9calage horaire b\u00e9b\u00e9 : conseils avant, pendant et apr\u00e8s le vol\" \/>\n<meta property=\"og:description\" content=\"Voyager avec un b\u00e9b\u00e9 et traverser des fuseaux horaires ? Voici tous nos conseils pour g\u00e9rer le d\u00e9calage horaire avec un b\u00e9b\u00e9.\" \/>\n<meta property=\"og:url\" content=\"https:\/\/www.lespetitsculottes.com\/blog\/comment-gerer-le-decalage-horaire-avec-un-bebe\/\" \/>\n<meta property=\"og:site_name\" content=\"Les Petits Culott\u00e9s\" \/>\n<meta property=\"article:published_time\" content=\"2025-12-09T16:56:41+00:00\" \/>\n<meta property=\"article:modified_time\" content=\"2026-01-22T10:00:01+00:00\" \/>\n<meta property=\"og:image\" content=\"https:\/\/www.lespetitsculottes.com\/blog\/wp-content\/uploads\/2025\/12\/decalage-horaire-bebe.jpg\" \/>\n\t<meta property=\"og:image:width\" content=\"830\" \/>\n\t<meta property=\"og:image:height\" content=\"553\" \/>\n\t<meta property=\"og:image:type\" content=\"image\/jpeg\" \/>\n<meta name=\"author\" content=\"Matthieu Batteur\" \/>\n<meta name=\"twitter:card\" content=\"summary_large_image\" \/>\n<meta name=\"twitter:label1\" content=\"\u00c9crit par\" \/>\n\t<meta name=\"twitter:data1\" content=\"Matthieu Batteur\" \/>\n\t<meta name=\"twitter:label2\" content=\"Dur\u00e9e de lecture estim\u00e9e\" \/>\n\t<meta name=\"twitter:data2\" content=\"10 minutes\" \/>\n<script type=\"application\/ld+json\" class=\"yoast-schema-graph\">{\"@context\":\"https:\/\/schema.org\",\"@graph\":[{\"@type\":\"WebPage\",\"@id\":\"https:\/\/www.lespetitsculottes.com\/blog\/comment-gerer-le-decalage-horaire-avec-un-bebe\/\",\"url\":\"https:\/\/www.lespetitsculottes.com\/blog\/comment-gerer-le-decalage-horaire-avec-un-bebe\/\",\"name\":\"D\u00e9calage horaire b\u00e9b\u00e9 : conseils avant, pendant et apr\u00e8s le vol\",\"isPartOf\":{\"@id\":\"https:\/\/www.lespetitsculottes.com\/blog\/#website\"},\"primaryImageOfPage\":{\"@id\":\"https:\/\/www.lespetitsculottes.com\/blog\/comment-gerer-le-decalage-horaire-avec-un-bebe\/#primaryimage\"},\"image\":{\"@id\":\"https:\/\/www.lespetitsculottes.com\/blog\/comment-gerer-le-decalage-horaire-avec-un-bebe\/#primaryimage\"},\"thumbnailUrl\":\"https:\/\/www.lespetitsculottes.com\/blog\/wp-content\/uploads\/2025\/12\/decalage-horaire-bebe.jpg\",\"datePublished\":\"2025-12-09T16:56:41+00:00\",\"dateModified\":\"2026-01-22T10:00:01+00:00\",\"author\":{\"@id\":\"https:\/\/www.lespetitsculottes.com\/blog\/#\/schema\/person\/497831e9d8b4c1eb018613db53ea7306\"},\"description\":\"Voyager avec un b\u00e9b\u00e9 et traverser des fuseaux horaires ? Voici tous nos conseils pour g\u00e9rer le d\u00e9calage horaire avec un b\u00e9b\u00e9.\",\"breadcrumb\":{\"@id\":\"https:\/\/www.lespetitsculottes.com\/blog\/comment-gerer-le-decalage-horaire-avec-un-bebe\/#breadcrumb\"},\"inLanguage\":\"fr-FR\",\"potentialAction\":[{\"@type\":\"ReadAction\",\"target\":[\"https:\/\/www.lespetitsculottes.com\/blog\/comment-gerer-le-decalage-horaire-avec-un-bebe\/\"]}]},{\"@type\":\"ImageObject\",\"inLanguage\":\"fr-FR\",\"@id\":\"https:\/\/www.lespetitsculottes.com\/blog\/comment-gerer-le-decalage-horaire-avec-un-bebe\/#primaryimage\",\"url\":\"https:\/\/www.lespetitsculottes.com\/blog\/wp-content\/uploads\/2025\/12\/decalage-horaire-bebe.jpg\",\"contentUrl\":\"https:\/\/www.lespetitsculottes.com\/blog\/wp-content\/uploads\/2025\/12\/decalage-horaire-bebe.jpg\",\"width\":830,\"height\":553,\"caption\":\"D\u00e9calage horaire b\u00e9b\u00e9\"},{\"@type\":\"BreadcrumbList\",\"@id\":\"https:\/\/www.lespetitsculottes.com\/blog\/comment-gerer-le-decalage-horaire-avec-un-bebe\/#breadcrumb\",\"itemListElement\":[{\"@type\":\"ListItem\",\"position\":1,\"name\":\"Home\",\"item\":\"https:\/\/www.lespetitsculottes.com\/blog\/\"},{\"@type\":\"ListItem\",\"position\":2,\"name\":\"Comment g\u00e9rer le d\u00e9calage horaire avec un b\u00e9b\u00e9 ?\"}]},{\"@type\":\"WebSite\",\"@id\":\"https:\/\/www.lespetitsculottes.com\/blog\/#website\",\"url\":\"https:\/\/www.lespetitsculottes.com\/blog\/\",\"name\":\"Les petits culott\u00e9s\",\"description\":\"Le blog des Petits Culott\u00e9s\",\"potentialAction\":[{\"@type\":\"SearchAction\",\"target\":{\"@type\":\"EntryPoint\",\"urlTemplate\":\"https:\/\/www.lespetitsculottes.com\/blog\/?s={search_term_string}\"},\"query-input\":{\"@type\":\"PropertyValueSpecification\",\"valueRequired\":true,\"valueName\":\"search_term_string\"}}],\"inLanguage\":\"fr-FR\"},{\"@type\":\"Person\",\"@id\":\"https:\/\/www.lespetitsculottes.com\/blog\/#\/schema\/person\/497831e9d8b4c1eb018613db53ea7306\",\"name\":\"Matthieu Batteur\",\"image\":{\"@type\":\"ImageObject\",\"inLanguage\":\"fr-FR\",\"@id\":\"https:\/\/www.lespetitsculottes.com\/blog\/#\/schema\/person\/image\/\",\"url\":\"https:\/\/secure.gravatar.com\/avatar\/5efc0f66265d64efd2d82aa618c9ee35984eb2ef196befc3dd3d10c1ce3b4b94?s=96&d=wp_user_avatar&r=g\",\"contentUrl\":\"https:\/\/secure.gravatar.com\/avatar\/5efc0f66265d64efd2d82aa618c9ee35984eb2ef196befc3dd3d10c1ce3b4b94?s=96&d=wp_user_avatar&r=g\",\"caption\":\"Matthieu Batteur\"},\"sameAs\":[\"http:\/\/matthieu.batteur\"],\"url\":\"https:\/\/www.lespetitsculottes.com\/blog\/auteur\/adminlpc\/\"}]}<\/script>\n<!-- \/ Yoast SEO plugin. -->","yoast_head_json":{"title":"D\u00e9calage horaire b\u00e9b\u00e9 : conseils avant, pendant et apr\u00e8s le vol","description":"Voyager avec un b\u00e9b\u00e9 et traverser des fuseaux horaires ? Voici tous nos conseils pour g\u00e9rer le d\u00e9calage horaire avec un b\u00e9b\u00e9.","robots":{"index":"index","follow":"follow","max-snippet":"max-snippet:-1","max-image-preview":"max-image-preview:large","max-video-preview":"max-video-preview:-1"},"canonical":"https:\/\/www.lespetitsculottes.com\/blog\/comment-gerer-le-decalage-horaire-avec-un-bebe\/","og_locale":"fr_FR","og_type":"article","og_title":"D\u00e9calage horaire b\u00e9b\u00e9 : conseils avant, pendant et apr\u00e8s le vol","og_description":"Voyager avec un b\u00e9b\u00e9 et traverser des fuseaux horaires ? Voici tous nos conseils pour g\u00e9rer le d\u00e9calage horaire avec un b\u00e9b\u00e9.","og_url":"https:\/\/www.lespetitsculottes.com\/blog\/comment-gerer-le-decalage-horaire-avec-un-bebe\/","og_site_name":"Les Petits Culott\u00e9s","article_published_time":"2025-12-09T16:56:41+00:00","article_modified_time":"2026-01-22T10:00:01+00:00","og_image":[{"width":830,"height":553,"url":"https:\/\/www.lespetitsculottes.com\/blog\/wp-content\/uploads\/2025\/12\/decalage-horaire-bebe.jpg","type":"image\/jpeg"}],"author":"Matthieu Batteur","twitter_card":"summary_large_image","twitter_misc":{"\u00c9crit par":"Matthieu Batteur","Dur\u00e9e de lecture estim\u00e9e":"10 minutes"},"schema":{"@context":"https:\/\/schema.org","@graph":[{"@type":"WebPage","@id":"https:\/\/www.lespetitsculottes.com\/blog\/comment-gerer-le-decalage-horaire-avec-un-bebe\/","url":"https:\/\/www.lespetitsculottes.com\/blog\/comment-gerer-le-decalage-horaire-avec-un-bebe\/","name":"D\u00e9calage horaire b\u00e9b\u00e9 : conseils avant, pendant et apr\u00e8s le vol","isPartOf":{"@id":"https:\/\/www.lespetitsculottes.com\/blog\/#website"},"primaryImageOfPage":{"@id":"https:\/\/www.lespetitsculottes.com\/blog\/comment-gerer-le-decalage-horaire-avec-un-bebe\/#primaryimage"},"image":{"@id":"https:\/\/www.lespetitsculottes.com\/blog\/comment-gerer-le-decalage-horaire-avec-un-bebe\/#primaryimage"},"thumbnailUrl":"https:\/\/www.lespetitsculottes.com\/blog\/wp-content\/uploads\/2025\/12\/decalage-horaire-bebe.jpg","datePublished":"2025-12-09T16:56:41+00:00","dateModified":"2026-01-22T10:00:01+00:00","author":{"@id":"https:\/\/www.lespetitsculottes.com\/blog\/#\/schema\/person\/497831e9d8b4c1eb018613db53ea7306"},"description":"Voyager avec un b\u00e9b\u00e9 et traverser des fuseaux horaires ? Voici tous nos conseils pour g\u00e9rer le d\u00e9calage horaire avec un b\u00e9b\u00e9.","breadcrumb":{"@id":"https:\/\/www.lespetitsculottes.com\/blog\/comment-gerer-le-decalage-horaire-avec-un-bebe\/#breadcrumb"},"inLanguage":"fr-FR","potentialAction":[{"@type":"ReadAction","target":["https:\/\/www.lespetitsculottes.com\/blog\/comment-gerer-le-decalage-horaire-avec-un-bebe\/"]}]},{"@type":"ImageObject","inLanguage":"fr-FR","@id":"https:\/\/www.lespetitsculottes.com\/blog\/comment-gerer-le-decalage-horaire-avec-un-bebe\/#primaryimage","url":"https:\/\/www.lespetitsculottes.com\/blog\/wp-content\/uploads\/2025\/12\/decalage-horaire-bebe.jpg","contentUrl":"https:\/\/www.lespetitsculottes.com\/blog\/wp-content\/uploads\/2025\/12\/decalage-horaire-bebe.jpg","width":830,"height":553,"caption":"D\u00e9calage horaire b\u00e9b\u00e9"},{"@type":"BreadcrumbList","@id":"https:\/\/www.lespetitsculottes.com\/blog\/comment-gerer-le-decalage-horaire-avec-un-bebe\/#breadcrumb","itemListElement":[{"@type":"ListItem","position":1,"name":"Home","item":"https:\/\/www.lespetitsculottes.com\/blog\/"},{"@type":"ListItem","position":2,"name":"Comment g\u00e9rer le d\u00e9calage horaire avec un b\u00e9b\u00e9 ?"}]},{"@type":"WebSite","@id":"https:\/\/www.lespetitsculottes.com\/blog\/#website","url":"https:\/\/www.lespetitsculottes.com\/blog\/","name":"Les petits culott\u00e9s","description":"Le blog des Petits Culott\u00e9s","potentialAction":[{"@type":"SearchAction","target":{"@type":"EntryPoint","urlTemplate":"https:\/\/www.lespetitsculottes.com\/blog\/?s={search_term_string}"},"query-input":{"@type":"PropertyValueSpecification","valueRequired":true,"valueName":"search_term_string"}}],"inLanguage":"fr-FR"},{"@type":"Person","@id":"https:\/\/www.lespetitsculottes.com\/blog\/#\/schema\/person\/497831e9d8b4c1eb018613db53ea7306","name":"Matthieu Batteur","image":{"@type":"ImageObject","inLanguage":"fr-FR","@id":"https:\/\/www.lespetitsculottes.com\/blog\/#\/schema\/person\/image\/","url":"https:\/\/secure.gravatar.com\/avatar\/5efc0f66265d64efd2d82aa618c9ee35984eb2ef196befc3dd3d10c1ce3b4b94?s=96&d=wp_user_avatar&r=g","contentUrl":"https:\/\/secure.gravatar.com\/avatar\/5efc0f66265d64efd2d82aa618c9ee35984eb2ef196befc3dd3d10c1ce3b4b94?s=96&d=wp_user_avatar&r=g","caption":"Matthieu Batteur"},"sameAs":["http:\/\/matthieu.batteur"],"url":"https:\/\/www.lespetitsculottes.com\/blog\/auteur\/adminlpc\/"}]}},"_links":{"self":[{"href":"https:\/\/www.lespetitsculottes.com\/blog\/wp-json\/wp\/v2\/posts\/4247","targetHints":{"allow":["GET"]}}],"collection":[{"href":"https:\/\/www.lespetitsculottes.com\/blog\/wp-json\/wp\/v2\/posts"}],"about":[{"href":"https:\/\/www.lespetitsculottes.com\/blog\/wp-json\/wp\/v2\/types\/post"}],"author":[{"embeddable":true,"href":"https:\/\/www.lespetitsculottes.com\/blog\/wp-json\/wp\/v2\/users\/3"}],"replies":[{"embeddable":true,"href":"https:\/\/www.lespetitsculottes.com\/blog\/wp-json\/wp\/v2\/comments?post=4247"}],"version-history":[{"count":4,"href":"https:\/\/www.lespetitsculottes.com\/blog\/wp-json\/wp\/v2\/posts\/4247\/revisions"}],"predecessor-version":[{"id":4407,"href":"https:\/\/www.lespetitsculottes.com\/blog\/wp-json\/wp\/v2\/posts\/4247\/revisions\/4407"}],"wp:featuredmedia":[{"embeddable":true,"href":"https:\/\/www.lespetitsculottes.com\/blog\/wp-json\/wp\/v2\/media\/4249"}],"wp:attachment":[{"href":"https:\/\/www.lespetitsculottes.com\/blog\/wp-json\/wp\/v2\/media?parent=4247"}],"wp:term":[{"taxonomy":"category","embeddable":true,"href":"https:\/\/www.lespetitsculottes.com\/blog\/wp-json\/wp\/v2\/categories?post=4247"}],"curies":[{"name":"wp","href":"https:\/\/api.w.org\/{rel}","templated":true}]}}