{"id":484,"date":"2020-12-03T17:00:06","date_gmt":"2020-12-03T16:00:06","guid":{"rendered":"http:\/\/www.lespetitsculottes.com\/blog\/?p=484"},"modified":"2024-05-15T15:33:39","modified_gmt":"2024-05-15T13:33:39","slug":"prevenir-syndrome-bebe-secoue","status":"publish","type":"post","link":"https:\/\/www.lespetitsculottes.com\/blog\/prevenir-syndrome-bebe-secoue\/","title":{"rendered":"Le syndrome du b\u00e9b\u00e9 secou\u00e9 : le pr\u00e9venir pour \u00e9viter le pire !"},"content":{"rendered":"<div id=\"ez-toc-container\" class=\"ez-toc-v2_0_76 counter-hierarchy ez-toc-counter ez-toc-white ez-toc-container-direction\">\n<div class=\"ez-toc-title-container\"><p class=\"ez-toc-title\" style=\"cursor:inherit\">Sommaire<\/p>\n<\/div><nav><ul class='ez-toc-list ez-toc-list-level-1 ' ><li class='ez-toc-page-1 ez-toc-heading-level-2'><a class=\"ez-toc-link ez-toc-heading-1\" href=\"https:\/\/www.lespetitsculottes.com\/blog\/prevenir-syndrome-bebe-secoue\/#Le_syndrome_du_bebe_secoue_de_quoi_sagit-il%E2%80%89\" >Le syndrome du b\u00e9b\u00e9 secou\u00e9&nbsp;: de quoi s\u2019agit-il\u2009?&nbsp;<\/a><\/li><li class='ez-toc-page-1 ez-toc-heading-level-2'><a class=\"ez-toc-link ez-toc-heading-2\" href=\"https:\/\/www.lespetitsculottes.com\/blog\/prevenir-syndrome-bebe-secoue\/#Qui_sont_les_victimes_dun_SBS%E2%80%89\" >Qui sont les victimes d\u2019un S.B.S\u2009?<\/a><\/li><li class='ez-toc-page-1 ez-toc-heading-level-2'><a class=\"ez-toc-link ez-toc-heading-3\" href=\"https:\/\/www.lespetitsculottes.com\/blog\/prevenir-syndrome-bebe-secoue\/#Prevenir_le_syndrome_du_bebe_secoue_comment_faire_pour_proteger_bebe%E2%80%89\" >Pr\u00e9venir le syndrome du b\u00e9b\u00e9 secou\u00e9&nbsp;: comment faire pour prot\u00e9ger b\u00e9b\u00e9\u2009?<\/a><\/li><\/ul><\/nav><\/div>\n\n<p>Peut-\u00eatre n\u2019avez-vous jamais entendu parler du <strong>Syndrome du B\u00e9b\u00e9 Secou\u00e9<\/strong> (S.B.S). Et pour cause, celui-ci est encore mal connu du grand public et des professionnels de la petite enfance. De plus, le diagnostic reste encore complexe \u00e0 poser pour les p\u00e9diatres, m\u00eame si la HAS (Haute Autorit\u00e9 de Sant\u00e9) a renouvel\u00e9 en 2017 ses pr\u00e9c\u00e9dentes recommandations de 2011 sur le diagnostic du S.B.S.&nbsp;<\/p>\n\n\n\n<p>Sensibles au bien-\u00eatre des b\u00e9b\u00e9s et de leurs parents, nous avons souhait\u00e9 vous apporter <strong>des \u00e9l\u00e9ments de r\u00e9ponse sur ce syndrome aux cons\u00e9quences dramatiques<\/strong>. Des moyens pour le pr\u00e9venir existent et sont \u00e0 la port\u00e9e de chacun\u00b7e d\u2019entre nous, pour que le pire ne se produise pas.<\/p>\n\n\n\n<h2 class=\"wp-block-heading\"><span class=\"ez-toc-section\" id=\"Le_syndrome_du_bebe_secoue_de_quoi_sagit-il%E2%80%89\"><\/span>Le syndrome du b\u00e9b\u00e9 secou\u00e9&nbsp;: de quoi s\u2019agit-il\u2009?&nbsp;<span class=\"ez-toc-section-end\"><\/span><\/h2>\n\n\n\n<p>Depuis 2018, vous pouvez trouver dans le carnet de sant\u00e9 de votre petit tr\u00e9sor un court encadr\u00e9 concernant les pleurs de b\u00e9b\u00e9 qui peuvent rapidement d\u00e9concerter, exasp\u00e9rer&nbsp;: <em>\u201cSecouer un b\u00e9b\u00e9 peut le laisser handicap\u00e9 \u00e0 vie. En cas d\u2019exasp\u00e9ration&nbsp;: couchez votre b\u00e9b\u00e9 dans son lit (sur le dos), quittez la pi\u00e8ce et demandez l\u2019aide d\u2019un proche (famille, ami, voisin\u2026) ou d\u2019un professionnel.<\/em>\u201d&nbsp;<\/p>\n\n\n\n<p>Secouer un b\u00e9b\u00e9\u2009? C&rsquo;est-\u00e0-dire\u2009?&nbsp;<\/p>\n\n\n\n<p>Le syndrome du b\u00e9b\u00e9 secou\u00e9 ou S.B.S d\u00e9signe l\u2019ensemble des <strong>traumatismes caus\u00e9s par le secouement du b\u00e9b\u00e9<\/strong>. Celui-ci est g\u00e9n\u00e9ralement maintenu par le thorax et sous les aisselles par un adulte. Ce dernier va venir secouer le b\u00e9b\u00e9 dont la t\u00eate, encore lourde et tr\u00e8s volumineuse par rapport au reste de son corps, va se balancer d\u2019avant en arri\u00e8re. Les muscles du cou et de la nuque sont encore trop faibles pour retenir sa t\u00eate. De plus, le cerveau de b\u00e9b\u00e9 n\u2019est pas encore fix\u00e9. Il va donc venir cogner contre la bo\u00eete cr\u00e2nienne\u2009; les fines veines au sommet du cr\u00e2ne peuvent alors se rompre. <strong>Ce mouvement violent de balancier peut causer des s\u00e9quelles gravissimes<\/strong> (troubles cognitifs et psychomoteurs, troubles de l\u2019apprentissage et du comportement, etc.) et m\u00eame entra\u00eener la mort.<\/p>\n\n\n\n<p>En aucun cas, le syndrome du b\u00e9b\u00e9 secou\u00e9 est un accident ! Il s\u2019agit d\u2019un TNA&nbsp;: Traumatisme Non Accidentel.<strong> Secouer un tout-petit est un geste volontaire et violent <\/strong>qui cause de graves l\u00e9sions c\u00e9r\u00e9brales, voire des fractures et des ecchymoses. Les cons\u00e9quences d\u2019un S.B.S sont tout \u00e0 fait diff\u00e9rentes d\u2019un accident, comme le fait de tomber d\u2019une table \u00e0 langer par exemple. En effet, dans ce cas, le b\u00e9b\u00e9 n\u2019a en g\u00e9n\u00e9ral pas ou peu de s\u00e9quelles. Il aura tr\u00e8s souvent un h\u00e9matome localis\u00e9, mais pas de traumatisme, ce qui n\u2019est pas du tout le cas pour le S.B.S qui repr\u00e9sente un<strong> traumatisme cr\u00e2nien s\u00e9v\u00e8re.<\/strong><\/p>\n\n\n\n<h2 class=\"wp-block-heading\"><span class=\"ez-toc-section\" id=\"Qui_sont_les_victimes_dun_SBS%E2%80%89\"><\/span>Qui sont les victimes d\u2019un S.B.S\u2009?<span class=\"ez-toc-section-end\"><\/span><\/h2>\n\n\n\n<p>Soyons clairs, absolument tous les b\u00e9b\u00e9s peuvent devenir des b\u00e9b\u00e9s secou\u00e9s. Chaque ann\u00e9e, on <strong>d\u00e9nombre plusieurs centaines de victimes du S.B.S <\/strong>dont la plupart sont des petits gar\u00e7ons. Parmi les b\u00e9b\u00e9s qui subissent cette maltraitance, 20&nbsp;% ne se r\u00e9veillent malheureusement jamais.<\/p>\n\n\n\n<p><strong>Les enfants de moins d\u2019un an <\/strong>et plus particuli\u00e8rement les <strong>nourrissons de moins de 8&nbsp;mois<\/strong> <strong>sont les plus touch\u00e9s <\/strong>de par leur physiologie et de leurs particularit\u00e9s&nbsp;: des <strong><a rel=\"noreferrer noopener\" aria-label=\" (s\u2019ouvre dans un nouvel onglet)\" href=\"https:\/\/www.lespetitsculottes.com\/blog\/pourquoi-bebe-pleure\/\" target=\"_blank\">pleurs fr\u00e9quents et qui peuvent durer plusieurs heures <\/a><\/strong>(parfois pr\u00e8s de 2&nbsp;heures par jour), une t\u00eate lourde et tr\u00e8s fragile, un grand besoin de s\u00e9curit\u00e9 affective\u2026 Mais on retrouve des cas de S.B.S \u00e9galement chez des enfants plus grands (jusqu\u2019\u00e0 4&nbsp;ans).&nbsp;<\/p>\n\n\n\n<p>Les sympt\u00f4mes sont tr\u00e8s vari\u00e9s et parfois difficiles \u00e0 identifier. Certains peuvent cependant alerter tels que&nbsp;:&nbsp;<\/p>\n\n\n\n<ul class=\"wp-block-list\">\n<li>des vomissements\u2009;&nbsp;<\/li>\n\n\n\n<li>une forte p\u00e2leur\u2009;<\/li>\n\n\n\n<li>l\u2019errance du regard\u2009;<\/li>\n\n\n\n<li>des troubles du comportement ou du sommeil\u2009;<\/li>\n\n\n\n<li>une r\u00e9gression psychomotrice\u2009;<\/li>\n\n\n\n<li>un malaise ou une perte de conscience\u2009;<\/li>\n\n\n\n<li>une augmentation du p\u00e9rim\u00e8tre cr\u00e2nien ou la fontanelle bomb\u00e9e&#8230;<\/li>\n<\/ul>\n\n\n\n<p>Quant aux auteurs de cette maltraitance, ils peuvent \u00eatre n\u2019importe qui&nbsp;: le papa, la maman, la nounou, le papi, etc. En fait, <strong>toute personne qui a en charge un petit enfant peut causer un S.B.S en le secouant.<\/strong>&nbsp;<\/p>\n\n\n\n<p>Comment est-ce possible et simplement pensable\u2009? Souvent, la fatigue intense des premiers mois peut ext\u00e9nuer et irriter plus facilement le parent. Les cris et les pleurs de l\u2019enfant deviennent alors insupportables, tant et si bien que la personne responsable de l\u2019enfant n\u2019en peut plus et commet l&rsquo;impensable en le secouant dans l\u2019id\u00e9e de le \u201ccalmer\u201d. Tout le monde peut \u00eatre concern\u00e9 ! D\u2019o\u00f9 l\u2019importance de la pr\u00e9vention. Au regard de la loi, <strong>cette violence infantile est passible de plusieurs ann\u00e9es d\u2019emprisonnement.<\/strong><\/p>\n\n\n\n<h2 class=\"wp-block-heading\"><span class=\"ez-toc-section\" id=\"Prevenir_le_syndrome_du_bebe_secoue_comment_faire_pour_proteger_bebe%E2%80%89\"><\/span>Pr\u00e9venir le syndrome du b\u00e9b\u00e9 secou\u00e9&nbsp;: comment faire pour prot\u00e9ger b\u00e9b\u00e9\u2009?<span class=\"ez-toc-section-end\"><\/span><\/h2>\n\n\n\n<p>Un adulte de plus inform\u00e9 sur le syndrome du b\u00e9b\u00e9 secou\u00e9 est un pas de gagn\u00e9 vers la pr\u00e9vention. Il est donc primordial de <strong>communiquer sur cet acte de maltraitance<\/strong> autour de vous et en particulier aupr\u00e8s des personnes qui sont amen\u00e9es \u00e0 s\u2019occuper de votre tout-petit&nbsp;:<\/p>\n\n\n\n<ul class=\"wp-block-list\">\n<li>la cr\u00e8che\u2009;<\/li>\n\n\n\n<li>la RAM (Relais des Assistantes Maternelles)\u2009;<\/li>\n\n\n\n<li>la MAM (Maison des Assistantes Maternelles)\u2009;<\/li>\n\n\n\n<li>l\u2019assistante maternelle\u2009;<\/li>\n\n\n\n<li>les grands-parents\u2009;<\/li>\n\n\n\n<li>les proches&#8230;<\/li>\n<\/ul>\n\n\n\n<p>Si vous \u00eates enceinte ou que vous allez devenir papa, n\u2019h\u00e9sitez pas \u00e0 <strong>aborder le sujet lors des s\u00e9ances de pr\u00e9paration \u00e0 la naissance et \u00e0 la parentalit\u00e9<\/strong> et posez toutes vos questions ! De cette mani\u00e8re, vous permettrez aux autres futurs parents pr\u00e9sents d\u2019\u00eatre eux aussi inform\u00e9s sur le S.B.S.<\/p>\n\n\n\n<p>Conseils et gestes de pr\u00e9vention&nbsp;:&nbsp;<\/p>\n\n\n\n<ul class=\"wp-block-list\">\n<li>Si vous ne supportez plus les pleurs de votre b\u00e9b\u00e9, <strong>posez-le doucement sur le dos dans son lit, puis quittez la pi\u00e8ce<\/strong>. Vous pourrez ainsi reprendre plus facilement vos esprits et votre calme (allez sur le balcon, ouvrez une fen\u00eatre pour respirer profond\u00e9ment, \u00e9coutez de la musique dans un casque\u2026). Revenez voir b\u00e9b\u00e9 apr\u00e8s quelques minutes quand vous vous sentez plus serein.e ;<\/li>\n\n\n\n<li>Si cela est possible, <strong>passez le relais<\/strong> \u00e0 votre conjoint.e ou \u00e0 un proche de confiance ;<\/li>\n\n\n\n<li>Portez toujours un nourrisson en lui tenant la t\u00eate ;<\/li>\n\n\n\n<li>Quand vous avez un b\u00e9b\u00e9 qui pleure dans vos bras, bercez-le tranquillement ;<\/li>\n\n\n\n<li>Dormez d\u00e8s que vous le pouvez. Le manque de sommeil influe sur le comportement et l\u2019humeur de l\u2019adulte ;<\/li>\n\n\n\n<li>Confiez vos difficult\u00e9s \u00e0 votre m\u00e9decin, p\u00e9diatre, sage-femme ou \u00e0 la PMI. Ces professionnels sont \u00e0 votre \u00e9coute et vous aideront \u00e0 trouver des solutions ;<\/li>\n\n\n\n<li>Enfin, <strong>appelez le 119 si vous pensez qu\u2019un b\u00e9b\u00e9 est en danger<\/strong>.<\/li>\n<\/ul>\n\n\n\n<hr class=\"wp-block-separator has-css-opacity is-style-wide\"\/>\n\n\n\n<p>L\u2019info culott\u00e9e&nbsp;:&nbsp;<br>Jouer n\u2019est pas secouer ! Le jeu est indispensable pour l\u2019enfant, il est \u00e0 adapter selon son \u00e2ge. Aussi, jouer \u00e0 l\u2019avion avec son b\u00e9b\u00e9 ou faire \u201c\u00e0 dada\u201d sur les genoux n\u2019est pas secouer !&nbsp;<\/p>\n\n\n\n<hr class=\"wp-block-separator has-css-opacity is-style-wide\"\/>\n\n\n\n<p>Pour en savoir plus sur le S.B.S, nous vous invitons \u00e0 consulter le site de l\u2019<a href=\"https:\/\/stopbebesecoue.fr\/\">association Stop B\u00e9b\u00e9 Secou\u00e9 qui agit pour informer et pr\u00e9venir le <strong>Syndrome du B\u00e9b\u00e9 Secou\u00e9<\/strong><\/a> aupr\u00e8s des particuliers, professionnels de la petite enfance et assimil\u00e9s sur l\u2019ensemble du territoire fran\u00e7ais.<\/p>\n\n\n\n<p><\/p>\n\n\n\n<p><\/p>\n\n\n\n<p>sources&nbsp;: <em>le site de la HAS&nbsp;: <\/em><a href=\"https:\/\/www.has-sante.fr\/jcms\/p_3136556\/fr\/la-has-reaffirme-l-importance-de-sa-recommandation-sur-le-diagnostic-de-syndrome-du-bebe-secoue\"><em>https:\/\/www.has-sante.fr\/jcms\/p_3136556\/fr\/la-has-reaffirme-l-importance-de-sa-recommandation-sur-le-diagnostic-de-syndrome-du-bebe-secoue<\/em><\/a><em> et le site de l\u2019association Stop b\u00e9b\u00e9 S\u00e9cou\u00e9 <\/em><br> <\/p>\n","protected":false},"excerpt":{"rendered":"<p>Peut-\u00eatre n\u2019avez-vous jamais entendu parler du Syndrome du B\u00e9b\u00e9 Secou\u00e9 [&hellip;]<\/p>\n","protected":false},"author":1,"featured_media":487,"comment_status":"closed","ping_status":"closed","sticky":false,"template":"","format":"standard","meta":{"footnotes":""},"categories":[10],"class_list":["post-484","post","type-post","status-publish","format-standard","has-post-thumbnail","hentry","category-bebe-culotte"],"yoast_head":"<!-- This site is optimized with the Yoast SEO plugin v26.2 - https:\/\/yoast.com\/wordpress\/plugins\/seo\/ -->\n<title>Syndrome du B\u00e9b\u00e9 Secou\u00e9 : comment prot\u00e9ger son enfant?<\/title>\n<meta name=\"description\" content=\"Avez-vous d\u00e9j\u00e0 entendu parler du syndrome du b\u00e9b\u00e9 secou\u00e9\u2009? Les Petits Culott\u00e9s vous en disent plus pour le pr\u00e9venir et prot\u00e9ger son b\u00e9b\u00e9\" \/>\n<meta name=\"robots\" content=\"index, follow, max-snippet:-1, max-image-preview:large, max-video-preview:-1\" \/>\n<link rel=\"canonical\" href=\"https:\/\/www.lespetitsculottes.com\/blog\/prevenir-syndrome-bebe-secoue\/\" \/>\n<meta property=\"og:locale\" content=\"fr_FR\" \/>\n<meta property=\"og:type\" content=\"article\" \/>\n<meta property=\"og:title\" content=\"Syndrome du B\u00e9b\u00e9 Secou\u00e9 : comment prot\u00e9ger son enfant?\" \/>\n<meta property=\"og:description\" content=\"Avez-vous d\u00e9j\u00e0 entendu parler du syndrome du b\u00e9b\u00e9 secou\u00e9\u2009? Les Petits Culott\u00e9s vous en disent plus pour le pr\u00e9venir et prot\u00e9ger son b\u00e9b\u00e9\" \/>\n<meta property=\"og:url\" content=\"https:\/\/www.lespetitsculottes.com\/blog\/prevenir-syndrome-bebe-secoue\/\" \/>\n<meta property=\"og:site_name\" content=\"Les Petits Culott\u00e9s\" \/>\n<meta property=\"article:published_time\" content=\"2020-12-03T16:00:06+00:00\" \/>\n<meta property=\"article:modified_time\" content=\"2024-05-15T13:33:39+00:00\" \/>\n<meta property=\"og:image\" content=\"https:\/\/www.lespetitsculottes.com\/blog\/wp-content\/uploads\/2020\/12\/prevenir-syndrome-bebe-secoue.jpg\" \/>\n\t<meta property=\"og:image:width\" content=\"830\" \/>\n\t<meta property=\"og:image:height\" content=\"560\" \/>\n\t<meta property=\"og:image:type\" content=\"image\/jpeg\" \/>\n<meta name=\"author\" content=\"Admin 23Prod\" \/>\n<meta name=\"twitter:card\" content=\"summary_large_image\" \/>\n<meta name=\"twitter:label1\" content=\"\u00c9crit par\" \/>\n\t<meta name=\"twitter:data1\" content=\"Admin 23Prod\" \/>\n\t<meta name=\"twitter:label2\" content=\"Dur\u00e9e de lecture estim\u00e9e\" \/>\n\t<meta name=\"twitter:data2\" content=\"6 minutes\" \/>\n<script type=\"application\/ld+json\" class=\"yoast-schema-graph\">{\"@context\":\"https:\/\/schema.org\",\"@graph\":[{\"@type\":\"WebPage\",\"@id\":\"https:\/\/www.lespetitsculottes.com\/blog\/prevenir-syndrome-bebe-secoue\/\",\"url\":\"https:\/\/www.lespetitsculottes.com\/blog\/prevenir-syndrome-bebe-secoue\/\",\"name\":\"Syndrome du B\u00e9b\u00e9 Secou\u00e9 : comment prot\u00e9ger son enfant?\",\"isPartOf\":{\"@id\":\"https:\/\/www.lespetitsculottes.com\/blog\/#website\"},\"primaryImageOfPage\":{\"@id\":\"https:\/\/www.lespetitsculottes.com\/blog\/prevenir-syndrome-bebe-secoue\/#primaryimage\"},\"image\":{\"@id\":\"https:\/\/www.lespetitsculottes.com\/blog\/prevenir-syndrome-bebe-secoue\/#primaryimage\"},\"thumbnailUrl\":\"https:\/\/www.lespetitsculottes.com\/blog\/wp-content\/uploads\/2020\/12\/prevenir-syndrome-bebe-secoue.jpg\",\"datePublished\":\"2020-12-03T16:00:06+00:00\",\"dateModified\":\"2024-05-15T13:33:39+00:00\",\"author\":{\"@id\":\"https:\/\/www.lespetitsculottes.com\/blog\/#\/schema\/person\/d67501f1427510d030b375d864acaecb\"},\"description\":\"Avez-vous d\u00e9j\u00e0 entendu parler du syndrome du b\u00e9b\u00e9 secou\u00e9\u2009? Les Petits Culott\u00e9s vous en disent plus pour le pr\u00e9venir et prot\u00e9ger son b\u00e9b\u00e9\",\"breadcrumb\":{\"@id\":\"https:\/\/www.lespetitsculottes.com\/blog\/prevenir-syndrome-bebe-secoue\/#breadcrumb\"},\"inLanguage\":\"fr-FR\",\"potentialAction\":[{\"@type\":\"ReadAction\",\"target\":[\"https:\/\/www.lespetitsculottes.com\/blog\/prevenir-syndrome-bebe-secoue\/\"]}]},{\"@type\":\"ImageObject\",\"inLanguage\":\"fr-FR\",\"@id\":\"https:\/\/www.lespetitsculottes.com\/blog\/prevenir-syndrome-bebe-secoue\/#primaryimage\",\"url\":\"https:\/\/www.lespetitsculottes.com\/blog\/wp-content\/uploads\/2020\/12\/prevenir-syndrome-bebe-secoue.jpg\",\"contentUrl\":\"https:\/\/www.lespetitsculottes.com\/blog\/wp-content\/uploads\/2020\/12\/prevenir-syndrome-bebe-secoue.jpg\",\"width\":830,\"height\":560,\"caption\":\"Cr\u00e9dit photo : canva\"},{\"@type\":\"BreadcrumbList\",\"@id\":\"https:\/\/www.lespetitsculottes.com\/blog\/prevenir-syndrome-bebe-secoue\/#breadcrumb\",\"itemListElement\":[{\"@type\":\"ListItem\",\"position\":1,\"name\":\"Home\",\"item\":\"https:\/\/www.lespetitsculottes.com\/blog\/\"},{\"@type\":\"ListItem\",\"position\":2,\"name\":\"Le syndrome du b\u00e9b\u00e9 secou\u00e9 : le pr\u00e9venir pour \u00e9viter le pire !\"}]},{\"@type\":\"WebSite\",\"@id\":\"https:\/\/www.lespetitsculottes.com\/blog\/#website\",\"url\":\"https:\/\/www.lespetitsculottes.com\/blog\/\",\"name\":\"Les petits culott\u00e9s\",\"description\":\"Le blog des Petits Culott\u00e9s\",\"potentialAction\":[{\"@type\":\"SearchAction\",\"target\":{\"@type\":\"EntryPoint\",\"urlTemplate\":\"https:\/\/www.lespetitsculottes.com\/blog\/?s={search_term_string}\"},\"query-input\":{\"@type\":\"PropertyValueSpecification\",\"valueRequired\":true,\"valueName\":\"search_term_string\"}}],\"inLanguage\":\"fr-FR\"},{\"@type\":\"Person\",\"@id\":\"https:\/\/www.lespetitsculottes.com\/blog\/#\/schema\/person\/d67501f1427510d030b375d864acaecb\",\"name\":\"Admin 23Prod\",\"image\":{\"@type\":\"ImageObject\",\"inLanguage\":\"fr-FR\",\"@id\":\"https:\/\/www.lespetitsculottes.com\/blog\/#\/schema\/person\/image\/\",\"url\":\"https:\/\/secure.gravatar.com\/avatar\/d07fc7773d840429da1fba32fa2027ef4f681ca12979b4997c63c8869d9a78ca?s=96&d=wp_user_avatar&r=g\",\"contentUrl\":\"https:\/\/secure.gravatar.com\/avatar\/d07fc7773d840429da1fba32fa2027ef4f681ca12979b4997c63c8869d9a78ca?s=96&d=wp_user_avatar&r=g\",\"caption\":\"Admin 23Prod\"},\"description\":\"D\u00e9veloppeur\",\"url\":\"https:\/\/www.lespetitsculottes.com\/blog\/auteur\/lpc\/\"}]}<\/script>\n<!-- \/ Yoast SEO plugin. -->","yoast_head_json":{"title":"Syndrome du B\u00e9b\u00e9 Secou\u00e9 : comment prot\u00e9ger son enfant?","description":"Avez-vous d\u00e9j\u00e0 entendu parler du syndrome du b\u00e9b\u00e9 secou\u00e9\u2009? Les Petits Culott\u00e9s vous en disent plus pour le pr\u00e9venir et prot\u00e9ger son b\u00e9b\u00e9","robots":{"index":"index","follow":"follow","max-snippet":"max-snippet:-1","max-image-preview":"max-image-preview:large","max-video-preview":"max-video-preview:-1"},"canonical":"https:\/\/www.lespetitsculottes.com\/blog\/prevenir-syndrome-bebe-secoue\/","og_locale":"fr_FR","og_type":"article","og_title":"Syndrome du B\u00e9b\u00e9 Secou\u00e9 : comment prot\u00e9ger son enfant?","og_description":"Avez-vous d\u00e9j\u00e0 entendu parler du syndrome du b\u00e9b\u00e9 secou\u00e9\u2009? Les Petits Culott\u00e9s vous en disent plus pour le pr\u00e9venir et prot\u00e9ger son b\u00e9b\u00e9","og_url":"https:\/\/www.lespetitsculottes.com\/blog\/prevenir-syndrome-bebe-secoue\/","og_site_name":"Les Petits Culott\u00e9s","article_published_time":"2020-12-03T16:00:06+00:00","article_modified_time":"2024-05-15T13:33:39+00:00","og_image":[{"width":830,"height":560,"url":"https:\/\/www.lespetitsculottes.com\/blog\/wp-content\/uploads\/2020\/12\/prevenir-syndrome-bebe-secoue.jpg","type":"image\/jpeg"}],"author":"Admin 23Prod","twitter_card":"summary_large_image","twitter_misc":{"\u00c9crit par":"Admin 23Prod","Dur\u00e9e de lecture estim\u00e9e":"6 minutes"},"schema":{"@context":"https:\/\/schema.org","@graph":[{"@type":"WebPage","@id":"https:\/\/www.lespetitsculottes.com\/blog\/prevenir-syndrome-bebe-secoue\/","url":"https:\/\/www.lespetitsculottes.com\/blog\/prevenir-syndrome-bebe-secoue\/","name":"Syndrome du B\u00e9b\u00e9 Secou\u00e9 : comment prot\u00e9ger son enfant?","isPartOf":{"@id":"https:\/\/www.lespetitsculottes.com\/blog\/#website"},"primaryImageOfPage":{"@id":"https:\/\/www.lespetitsculottes.com\/blog\/prevenir-syndrome-bebe-secoue\/#primaryimage"},"image":{"@id":"https:\/\/www.lespetitsculottes.com\/blog\/prevenir-syndrome-bebe-secoue\/#primaryimage"},"thumbnailUrl":"https:\/\/www.lespetitsculottes.com\/blog\/wp-content\/uploads\/2020\/12\/prevenir-syndrome-bebe-secoue.jpg","datePublished":"2020-12-03T16:00:06+00:00","dateModified":"2024-05-15T13:33:39+00:00","author":{"@id":"https:\/\/www.lespetitsculottes.com\/blog\/#\/schema\/person\/d67501f1427510d030b375d864acaecb"},"description":"Avez-vous d\u00e9j\u00e0 entendu parler du syndrome du b\u00e9b\u00e9 secou\u00e9\u2009? Les Petits Culott\u00e9s vous en disent plus pour le pr\u00e9venir et prot\u00e9ger son b\u00e9b\u00e9","breadcrumb":{"@id":"https:\/\/www.lespetitsculottes.com\/blog\/prevenir-syndrome-bebe-secoue\/#breadcrumb"},"inLanguage":"fr-FR","potentialAction":[{"@type":"ReadAction","target":["https:\/\/www.lespetitsculottes.com\/blog\/prevenir-syndrome-bebe-secoue\/"]}]},{"@type":"ImageObject","inLanguage":"fr-FR","@id":"https:\/\/www.lespetitsculottes.com\/blog\/prevenir-syndrome-bebe-secoue\/#primaryimage","url":"https:\/\/www.lespetitsculottes.com\/blog\/wp-content\/uploads\/2020\/12\/prevenir-syndrome-bebe-secoue.jpg","contentUrl":"https:\/\/www.lespetitsculottes.com\/blog\/wp-content\/uploads\/2020\/12\/prevenir-syndrome-bebe-secoue.jpg","width":830,"height":560,"caption":"Cr\u00e9dit photo : canva"},{"@type":"BreadcrumbList","@id":"https:\/\/www.lespetitsculottes.com\/blog\/prevenir-syndrome-bebe-secoue\/#breadcrumb","itemListElement":[{"@type":"ListItem","position":1,"name":"Home","item":"https:\/\/www.lespetitsculottes.com\/blog\/"},{"@type":"ListItem","position":2,"name":"Le syndrome du b\u00e9b\u00e9 secou\u00e9 : le pr\u00e9venir pour \u00e9viter le pire !"}]},{"@type":"WebSite","@id":"https:\/\/www.lespetitsculottes.com\/blog\/#website","url":"https:\/\/www.lespetitsculottes.com\/blog\/","name":"Les petits culott\u00e9s","description":"Le blog des Petits Culott\u00e9s","potentialAction":[{"@type":"SearchAction","target":{"@type":"EntryPoint","urlTemplate":"https:\/\/www.lespetitsculottes.com\/blog\/?s={search_term_string}"},"query-input":{"@type":"PropertyValueSpecification","valueRequired":true,"valueName":"search_term_string"}}],"inLanguage":"fr-FR"},{"@type":"Person","@id":"https:\/\/www.lespetitsculottes.com\/blog\/#\/schema\/person\/d67501f1427510d030b375d864acaecb","name":"Admin 23Prod","image":{"@type":"ImageObject","inLanguage":"fr-FR","@id":"https:\/\/www.lespetitsculottes.com\/blog\/#\/schema\/person\/image\/","url":"https:\/\/secure.gravatar.com\/avatar\/d07fc7773d840429da1fba32fa2027ef4f681ca12979b4997c63c8869d9a78ca?s=96&d=wp_user_avatar&r=g","contentUrl":"https:\/\/secure.gravatar.com\/avatar\/d07fc7773d840429da1fba32fa2027ef4f681ca12979b4997c63c8869d9a78ca?s=96&d=wp_user_avatar&r=g","caption":"Admin 23Prod"},"description":"D\u00e9veloppeur","url":"https:\/\/www.lespetitsculottes.com\/blog\/auteur\/lpc\/"}]}},"_links":{"self":[{"href":"https:\/\/www.lespetitsculottes.com\/blog\/wp-json\/wp\/v2\/posts\/484","targetHints":{"allow":["GET"]}}],"collection":[{"href":"https:\/\/www.lespetitsculottes.com\/blog\/wp-json\/wp\/v2\/posts"}],"about":[{"href":"https:\/\/www.lespetitsculottes.com\/blog\/wp-json\/wp\/v2\/types\/post"}],"author":[{"embeddable":true,"href":"https:\/\/www.lespetitsculottes.com\/blog\/wp-json\/wp\/v2\/users\/1"}],"replies":[{"embeddable":true,"href":"https:\/\/www.lespetitsculottes.com\/blog\/wp-json\/wp\/v2\/comments?post=484"}],"version-history":[{"count":7,"href":"https:\/\/www.lespetitsculottes.com\/blog\/wp-json\/wp\/v2\/posts\/484\/revisions"}],"predecessor-version":[{"id":2637,"href":"https:\/\/www.lespetitsculottes.com\/blog\/wp-json\/wp\/v2\/posts\/484\/revisions\/2637"}],"wp:featuredmedia":[{"embeddable":true,"href":"https:\/\/www.lespetitsculottes.com\/blog\/wp-json\/wp\/v2\/media\/487"}],"wp:attachment":[{"href":"https:\/\/www.lespetitsculottes.com\/blog\/wp-json\/wp\/v2\/media?parent=484"}],"wp:term":[{"taxonomy":"category","embeddable":true,"href":"https:\/\/www.lespetitsculottes.com\/blog\/wp-json\/wp\/v2\/categories?post=484"}],"curies":[{"name":"wp","href":"https:\/\/api.w.org\/{rel}","templated":true}]}}