{"id":492,"date":"2020-12-10T17:00:29","date_gmt":"2020-12-10T16:00:29","guid":{"rendered":"http:\/\/www.lespetitsculottes.com\/blog\/?p=492"},"modified":"2026-04-09T10:34:44","modified_gmt":"2026-04-09T08:34:44","slug":"preparer-premier-noel-bebe","status":"publish","type":"post","link":"https:\/\/www.lespetitsculottes.com\/blog\/preparer-premier-noel-bebe\/","title":{"rendered":"Premier No\u00ebl de b\u00e9b\u00e9 : vivez un moment magique !"},"content":{"rendered":"<div id=\"ez-toc-container\" class=\"ez-toc-v2_0_76 counter-hierarchy ez-toc-counter ez-toc-white ez-toc-container-direction\">\n<div class=\"ez-toc-title-container\"><p class=\"ez-toc-title\" style=\"cursor:inherit\">Sommaire<\/p>\n<\/div><nav><ul class='ez-toc-list ez-toc-list-level-1 ' ><li class='ez-toc-page-1 ez-toc-heading-level-2'><a class=\"ez-toc-link ez-toc-heading-1\" href=\"https:\/\/www.lespetitsculottes.com\/blog\/preparer-premier-noel-bebe\/#Les_preparatifs\" >Les pr\u00e9paratifs&nbsp;<\/a><\/li><li class='ez-toc-page-1 ez-toc-heading-level-2'><a class=\"ez-toc-link ez-toc-heading-2\" href=\"https:\/\/www.lespetitsculottes.com\/blog\/preparer-premier-noel-bebe\/#La_tenue_de_Noel_de_bebe\" >La tenue de No\u00ebl de b\u00e9b\u00e9&nbsp;<\/a><\/li><li class='ez-toc-page-1 ez-toc-heading-level-2'><a class=\"ez-toc-link ez-toc-heading-3\" href=\"https:\/\/www.lespetitsculottes.com\/blog\/preparer-premier-noel-bebe\/#Son_repas_de_fete\" >Son&nbsp;repas de f\u00eate&nbsp;&nbsp;<\/a><\/li><li class='ez-toc-page-1 ez-toc-heading-level-2'><a class=\"ez-toc-link ez-toc-heading-4\" href=\"https:\/\/www.lespetitsculottes.com\/blog\/preparer-premier-noel-bebe\/#Feter_Noel_avec_bebe_le_24_ou_le_25_decembre\" >F\u00eater No\u00ebl avec b\u00e9b\u00e9 : le 24 ou le 25 d\u00e9cembre ?&nbsp;<\/a><\/li><li class='ez-toc-page-1 ez-toc-heading-level-2'><a class=\"ez-toc-link ez-toc-heading-5\" href=\"https:\/\/www.lespetitsculottes.com\/blog\/preparer-premier-noel-bebe\/#Les_cadeaux_pour_bebe_mais_aussi_pour_papa_et_maman\" >Les cadeaux pour b\u00e9b\u00e9 (mais aussi pour papa et maman !)&nbsp;<\/a><\/li><li class='ez-toc-page-1 ez-toc-heading-level-2'><a class=\"ez-toc-link ez-toc-heading-6\" href=\"https:\/\/www.lespetitsculottes.com\/blog\/preparer-premier-noel-bebe\/#Le_pere_Noel_et_bebe\" >Le p\u00e8re No\u00ebl et b\u00e9b\u00e9&nbsp;<\/a><\/li><li class='ez-toc-page-1 ez-toc-heading-level-2'><a class=\"ez-toc-link ez-toc-heading-7\" href=\"https:\/\/www.lespetitsculottes.com\/blog\/preparer-premier-noel-bebe\/#Se_creer_des_souvenirs\" >Se cr\u00e9er des souvenirs&nbsp;<\/a><\/li><li class='ez-toc-page-1 ez-toc-heading-level-2'><a class=\"ez-toc-link ez-toc-heading-8\" href=\"https:\/\/www.lespetitsculottes.com\/blog\/preparer-premier-noel-bebe\/#Premier_Noel_de_bebe_place_a_la_fete_et_a_la_douceur\" >Premier No\u00ebl de b\u00e9b\u00e9 : place \u00e0 la f\u00eate et \u00e0 la douceur !&nbsp;&nbsp;<\/a><\/li><\/ul><\/nav><\/div>\n\n<p>Nous d\u00e9clarons la saison des f\u00eates ouvertes ! Nous savons que vous \u00eates tout excit\u00e9s \u00e0 l\u2019id\u00e9e de&nbsp;c\u00e9l\u00e9brer les f\u00eates de fin d\u2019ann\u00e9e avec votre petit tr\u00e9sor, le tout premier, qui s\u2019annonce d\u00e9j\u00e0 inoubliable&nbsp;!&nbsp;F\u00eater No\u00ebl avec un tout-petit rev\u00eat une tout autre dimension. Synonyme de convivialit\u00e9, de bonheur&nbsp;partag\u00e9, d\u2019<strong>enfants aux yeux qui p\u00e9tillent<\/strong> et de&nbsp;Christmas songs, No\u00ebl est enchanteur ! Et si vous&nbsp;mettiez tout en \u0153uvre pour que&nbsp;<strong>le premier No\u00ebl de b\u00e9b\u00e9<\/strong> soit simplement parfait&nbsp;? Notre petit lutin&nbsp;culott\u00e9 vous a pr\u00e9par\u00e9 un mini-guide pour que cet instant soit tel que vous l\u2019avez imagin\u00e9.<\/p>\n\n\n\n<h2 class=\"wp-block-heading\"><span class=\"ez-toc-section\" id=\"Les_preparatifs\"><\/span>Les pr\u00e9paratifs&nbsp;<span class=\"ez-toc-section-end\"><\/span><\/h2>\n\n\n\n<p>Quel \u00e9merveillement pour b\u00e9b\u00e9 d\u2019observer toutes ces&nbsp;<strong>d\u00e9corations et ces lumi\u00e8res de f\u00eates&nbsp;<\/strong>! Pour le sapin, offrez-lui un joli spectacle \u00e0 contempler avec des guirlandes lumineuses, des boules de No\u00ebl brillantes et color\u00e9es. Attention tout de m\u00eame au sapin, naturel ou artificiel, qui pourra donner (tr\u00e8s) envie \u00e0 votre enfant de tirer sur ses branches\u2026 au risque de tout renverser et de se faire mal !&nbsp;&nbsp;<\/p>\n\n\n\n<p>Pour l\u2019occasion,<strong> offrez un objet symbolique<\/strong> \u00e0 votre bout de chou ! \u00c7a peut \u00eatre une boule avec son pr\u00e9nom grav\u00e9 dessus, une jolie d\u00e9coration en bois ou encore un santon ou un petit personnage de No\u00ebl. Chaque ann\u00e9e, ce sera \u00e0 lui de suspendre cette d\u00e9coration dans le sapin. Un chouette rituel \u00e0 mettre en place, non ?&nbsp;&nbsp;<\/p>\n\n\n\n<p>N\u2019h\u00e9sitez pas \u00e0 installer confortablement b\u00e9b\u00e9 pr\u00e8s de vous pendant que vous d\u00e9corez votre int\u00e9rieur et expliquez-lui ce que vous \u00eates en train de faire. Vous pouvez aussi lui <strong>conter une jolie histoire de No\u00ebl et m\u00eame pousser la chansonnette sur \u201c<em>petit papa No\u00ebl\u201d<\/em><\/strong>&nbsp;(promis, nous ne dirons rien!). B\u00e9b\u00e9 va ressentir cette douce ambiance des pr\u00e9paratifs et profitera de toute cette excitation avec enthousiasme et bonheur.&nbsp;<\/p>\n\n\n\n<h2 class=\"wp-block-heading\"><span class=\"ez-toc-section\" id=\"La_tenue_de_Noel_de_bebe\"><\/span>La tenue de No\u00ebl de b\u00e9b\u00e9&nbsp;<span class=\"ez-toc-section-end\"><\/span><\/h2>\n\n\n\n<p>Il n\u2019y a pas que maman et papa qui porteront leurs plus beaux habits ! Fille ou gar\u00e7on, on sort la tenue de f\u00eate aussi pour b\u00e9b\u00e9. En panne d\u2019id\u00e9es ? Psst, en voici quelques-unes :&nbsp;&nbsp;<\/p>\n\n\n\n<ul class=\"wp-block-list\">\n<li>un d\u00e9licat bandeau sur la t\u00eate aux couleurs de No\u00ebl pour mademoiselle ;&nbsp;<\/li>\n\n\n\n<li>une robe festive dor\u00e9e ou rouge ;&nbsp;<\/li>\n\n\n\n<li>des petits chaussons ray\u00e9s rouge et blanc ;&nbsp;<\/li>\n\n\n\n<li>un joli n\u0153ud papillon rouge ;&nbsp;<\/li>\n\n\n\n<li>un pyjama fa\u00e7on smoking sp\u00e9cialement pens\u00e9 pour les tout-petits ;&nbsp;<\/li>\n\n\n\n<li>une tenue \u201ccomfy\u201d pour rester bien au chaud et confortable ;&nbsp;<\/li>\n\n\n\n<li>un ensemble de p\u00e8re No\u00ebl, de m\u00e8re No\u00ebl, de petit lutin, etc. ;&nbsp;<\/li>\n\n\n\n<li>un bonnet rouge et blanc ;&nbsp;<\/li>\n\n\n\n<li>un serre-t\u00eate de renne ou de lutin\u2026&nbsp;<\/li>\n<\/ul>\n\n\n\n<p>Et bien s\u00fbr, sous les jolis v\u00eatements, on n\u2019oublie pas votre <a href=\"https:\/\/www.lespetitsculottes.com\/fr\/accueil\/8-kit-d-essai.html#\/30-taille-1_2_4_kg_6_couches\">couche gratuite<\/a> et profiter de la f\u00eate !\u00a0\u00a0<\/p>\n\n\n\n<h2 class=\"wp-block-heading\"><span class=\"ez-toc-section\" id=\"Son_repas_de_fete\"><\/span>Son&nbsp;repas de f\u00eate&nbsp;&nbsp;<span class=\"ez-toc-section-end\"><\/span><\/h2>\n\n\n\n<p>Les adultes vont se r\u00e9galer de bons petits plats\u2026 et b\u00e9b\u00e9 aussi ! S\u2019il est <strong>en \u00e2ge de diversifier son alimentation<\/strong>, il pourra avoir le droit \u00e0 son repas sp\u00e9cial F\u00eates ! C\u2019est l\u00e0 une belle occasion de <strong>lui pr\u00e9senter de nouvelles saveurs<\/strong> : une pur\u00e9e de marrons, un \u00e9cras\u00e9 de pommes de terre aux girolles, du chapon mix\u00e9, de la cl\u00e9mentine et m\u00eame un tout petit bout de b\u00fbche pour le dessert !&nbsp;&nbsp;<\/p>\n\n\n\n<p>Par contre, attention \u00e0 ne pas tout lui faire go\u00fbter ! Ainsi, \u00e9vitez le foie gras, les fruits de mer ou le saumon fum\u00e9 qui ne sont pas adapt\u00e9s \u00e0 l\u2019alimentation du tout-petit. Le chocolat peut faire partie du repas de f\u00eates de b\u00e9b\u00e9, en infime quantit\u00e9.&nbsp;&nbsp;<\/p>\n\n\n\n<hr class=\"wp-block-separator has-css-opacity is-style-dots\"\/>\n\n\n\n<p><em>L&rsquo;id\u00e9e culott\u00e9e<br>Pour un dessert de No\u00ebl \u00e0 la fois doux et raffin\u00e9, proposez-lui une d\u00e9licieuse compot\u00e9e de poires \u00e0 la cannelle accompagn\u00e9e d\u2019un morceau de pain d\u2019\u00e9pices (maison, c\u2019est encore meilleur !).&nbsp;<\/em><\/p>\n\n\n\n<h2 class=\"wp-block-heading\"><span class=\"ez-toc-section\" id=\"Feter_Noel_avec_bebe_le_24_ou_le_25_decembre\"><\/span>F\u00eater No\u00ebl avec b\u00e9b\u00e9 : le 24 ou le 25 d\u00e9cembre ?&nbsp;<span class=\"ez-toc-section-end\"><\/span><\/h2>\n\n\n\n<p>M\u00eame si votre b\u00e9b\u00e9 ne sera que moyennement int\u00e9ress\u00e9 par la f\u00eate, c\u2019est l\u2019occasion pour lui de passer du temps avec la famille r\u00e9unie. Toutefois, nous vous invitons \u00e0 <strong>conserver au maximum vos habitudes de vie<\/strong>. Sa routine quotidienne le rassure et \u00e0 cet \u00e2ge, le moindre chamboulement de planning peut g\u00e9n\u00e9rer du stress. Bien que ce soit un jour exceptionnel, <strong>on garde le rythme des siestes <\/strong>et des t\u00e9t\u00e9es ou des biberons. Cela vous \u00e9vitera aussi d\u2019avoir un bout de chou tout ronchon.&nbsp;&nbsp;<\/p>\n\n\n\n<p>Si cela vous est possible, il est donc pr\u00e9f\u00e9rable de suivre la tradition et de c\u00e9l\u00e9brer No\u00ebl avec b\u00e9b\u00e9 le 25\u202fd\u00e9cembre. De cette mani\u00e8re, il sera plus \u00e9veill\u00e9 et en forme. Quant \u00e0 votre famille, elle profitera davantage de votre petit tr\u00e9sor.&nbsp;&nbsp;<\/p>\n\n\n\n<p>Autre astuce : que la date retenue soit le 24 au soir ou le 25 dans la journ\u00e9e, pensez \u00e0 ouvrir les cadeaux avant le repas pour ne pas faire patienter b\u00e9b\u00e9 trop longtemps.&nbsp;<\/p>\n\n\n\n<h2 class=\"wp-block-heading\"><span class=\"ez-toc-section\" id=\"Les_cadeaux_pour_bebe_mais_aussi_pour_papa_et_maman\"><\/span>Les cadeaux pour b\u00e9b\u00e9 (mais aussi pour papa et maman !)&nbsp;<span class=\"ez-toc-section-end\"><\/span><\/h2>\n\n\n\n<p>Et les cadeaux dans tout \u00e7a ? On peut parfois observer autour de nous des b\u00e9b\u00e9s largement g\u00e2t\u00e9s par le p\u00e8re No\u00ebl qui se retrouvent sous une montagne de paquets. Une abondance qui s\u2019av\u00e8re somme toute inutile. Ils sont encore trop jeunes pour d\u00e9sirer un jouet plus qu\u2019un autre et<strong> la profusion peut les laisser sans voix ou au contraire les effrayer<\/strong>. Et puis, entre nous, ils auront souvent tendance \u00e0 s\u2019amuser avec les emballages, c\u2019est tellement plus rigolo ! Avant un an, les jouets les plus simples sont les bienvenus, comme :&nbsp;&nbsp;<\/p>\n\n\n\n<ul class=\"wp-block-list\">\n<li>des<strong> jeux d\u2019encastrement <\/strong>de formes ;&nbsp;<\/li>\n\n\n\n<li><a href=\"https:\/\/www.justeinseparables.com\/fr\/5-doudou-made-in-france\" target=\"_blank\" rel=\"noreferrer noopener\" aria-label=\"un doudou made in France (s\u2019ouvre dans un nouvel onglet)\">un doudou made in France<\/a>&nbsp;;&nbsp;<\/li>\n\n\n\n<li><strong>un chariot de marche<\/strong>, s\u2019il commence \u00e0 se mettre debout ;&nbsp;<\/li>\n\n\n\n<li><strong>des imagiers<\/strong>, des livres musicaux ou \u00e0 texture ;&nbsp;<\/li>\n\n\n\n<li>un tapis de jeux ;&nbsp;<\/li>\n\n\n\n<li>une bo\u00eete \u00e0 empreinte \u00e0 r\u00e9aliser avec papa ou maman ;&nbsp;<\/li>\n\n\n\n<li>un petit gilet tricot\u00e9 par la mamie ou le papi ;&nbsp;<\/li>\n\n\n\n<li>des cartes aux dessins noir et blanc pour les nourrissons ;&nbsp;<\/li>\n\n\n\n<li>des jouets pour le bain\u2026&nbsp;<\/li>\n<\/ul>\n\n\n\n<p>Et vous dans tout \u00e7a, qu\u2019avez-vous demand\u00e9 pour No\u00ebl ? Pas vraiment d\u2019inspiration ? Nous sommes &#8211; presque &#8211; s\u00fbrs que vous allez adorer les id\u00e9es que nous vous avons trouv\u00e9es, sp\u00e9cialement pens\u00e9es pour les jeunes parents :&nbsp;&nbsp;<\/p>\n\n\n\n<ul class=\"wp-block-list\">\n<li>une journ\u00e9e de baby-sitting\/garde par les proches ;&nbsp;<\/li>\n\n\n\n<li><strong>un massage <\/strong>parent\/b\u00e9b\u00e9 ;&nbsp;<\/li>\n\n\n\n<li><strong>une s\u00e9ance photo <\/strong>famille \u00e0 domicile ;&nbsp;<\/li>\n\n\n\n<li><a href=\"https:\/\/www.lespetitsculottes.com\/fr\/accueil\/9-abonnement-couche-bio.html\"><strong>un abonnement aux couches<\/strong><\/a> (Les Petits Culott\u00e9s, \u00e7a va de soi !)&nbsp;<\/li>\n<\/ul>\n\n\n\n<h2 class=\"wp-block-heading\"><span class=\"ez-toc-section\" id=\"Le_pere_Noel_et_bebe\"><\/span>Le p\u00e8re No\u00ebl et b\u00e9b\u00e9&nbsp;<span class=\"ez-toc-section-end\"><\/span><\/h2>\n\n\n\n<p>Qui dit No\u00ebl dit la pr\u00e9sence du c\u00e9l\u00e8bre grand barbu ! Mais avant d\u2019enfiler la jolie tenue rouge et blanc du p\u00e8re No\u00ebl, il faudra \u00eatre encore un peu patient. En effet, <strong>b\u00e9b\u00e9 aime les visages qu\u2019il reconna\u00eet<\/strong>, sur lesquels il peut lire les \u00e9motions, capter le regard, etc. <strong>Le p\u00e8re No\u00ebl, \u00e7a ne lui parle pas<\/strong>, mais alors pas du tout ! Il risque surtout d\u2019avoir peur et de pleurer. Pas vraiment l\u2019effet escompt\u00e9. Nous vous conseillons d\u2019attendre une ou deux ann\u00e9es de plus avant de porter votre beau costume (qui vous ira comme un gant !).&nbsp;&nbsp;<\/p>\n\n\n\n<h2 class=\"wp-block-heading\"><span class=\"ez-toc-section\" id=\"Se_creer_des_souvenirs\"><\/span>Se cr\u00e9er des souvenirs&nbsp;<span class=\"ez-toc-section-end\"><\/span><\/h2>\n\n\n\n<p>Le jour J, vous aurez envie de prendre un grand nombre de photos pour&nbsp;<strong>immortaliser le tout premier No\u00ebl de votre enfant<\/strong>. De merveilleux souvenirs qu\u2019il est bien normal de vouloir conserver. Oui, mais bien souvent, vous n\u2019\u00eates jamais sur les photos ! Pour \u00e9viter cela, n\u2019h\u00e9sitez pas \u00e0 demander \u00e0 vos proches de vous photographier avec votre b\u00e9b\u00e9. Pensez aussi \u00e0&nbsp;<strong>capturer cet instant magique en vid\u00e9o<\/strong>&nbsp;! Et si vous avez un tr\u00e9pied chez vous, c\u2019est le moment de le ressortir du grenier pour faire des photos de famille\u2026 o\u00f9 tout le monde est pr\u00e9sent !&nbsp;&nbsp;<\/p>\n\n\n\n<hr class=\"wp-block-separator has-css-opacity is-style-dots\"\/>\n\n\n\n<p><em>Le conseil culott\u00e9 <br>R\u00e9alisez un album papier avec une s\u00e9lection des photos. Vous aurez plaisir \u00e0 le feuilleter avec vos enfants une fois qu\u2019ils seront plus grands !&nbsp;&nbsp;<\/em><\/p>\n\n\n\n<h2 class=\"wp-block-heading\"><span class=\"ez-toc-section\" id=\"Premier_Noel_de_bebe_place_a_la_fete_et_a_la_douceur\"><\/span>Premier No\u00ebl de b\u00e9b\u00e9 : place \u00e0 la f\u00eate et \u00e0 la douceur !&nbsp;&nbsp;<span class=\"ez-toc-section-end\"><\/span><\/h2>\n\n\n\n<p>Vous l\u2019aurez compris, b\u00e9b\u00e9 est encore trop petit pour appr\u00e9cier pleinement les festivit\u00e9s de No\u00ebl. Cependant, tous ces agr\u00e9ables pr\u00e9paratifs, ces bonnes odeurs de plats d\u00e9licatement \u00e9pic\u00e9s et parfum\u00e9s, cette ambiance empreinte de joie et de gaiet\u00e9 ne seront que b\u00e9n\u00e9fiques pour lui.&nbsp;&nbsp;L&rsquo;important est de vous faire plaisir, de profiter de l\u2019instant pr\u00e9sent et de la magie de ce premier No\u00ebl avec votre b\u00e9b\u00e9.&nbsp;<\/p>\n","protected":false},"excerpt":{"rendered":"<p>Nous d\u00e9clarons la saison des f\u00eates ouvertes ! Nous savons [&hellip;]<\/p>\n","protected":false},"author":1,"featured_media":494,"comment_status":"closed","ping_status":"closed","sticky":false,"template":"","format":"standard","meta":{"footnotes":""},"categories":[10],"class_list":["post-492","post","type-post","status-publish","format-standard","has-post-thumbnail","hentry","category-bebe-culotte"],"yoast_head":"<!-- This site is optimized with the Yoast SEO plugin v26.2 - https:\/\/yoast.com\/wordpress\/plugins\/seo\/ -->\n<title>\u25b7 Premier No\u00ebl : B\u00e9b\u00e9 vit la magie des F\u00eates ! - Les Petits Culott\u00e9s<\/title>\n<meta name=\"description\" content=\"Ah, le tout Premier No\u00ebl de B\u00e9b\u00e9 ! Voici nos astuces de Petits Culott\u00e9s pour profiter pleinement de ce moment unique et f\u00e9erique avec votre tout-petit.\" \/>\n<meta name=\"robots\" content=\"index, follow, max-snippet:-1, max-image-preview:large, max-video-preview:-1\" \/>\n<link rel=\"canonical\" href=\"https:\/\/www.lespetitsculottes.com\/blog\/preparer-premier-noel-bebe\/\" \/>\n<meta property=\"og:locale\" content=\"fr_FR\" \/>\n<meta property=\"og:type\" content=\"article\" \/>\n<meta property=\"og:title\" content=\"\u25b7 Premier No\u00ebl : B\u00e9b\u00e9 vit la magie des F\u00eates ! - Les Petits Culott\u00e9s\" \/>\n<meta property=\"og:description\" content=\"Ah, le tout Premier No\u00ebl de B\u00e9b\u00e9 ! Voici nos astuces de Petits Culott\u00e9s pour profiter pleinement de ce moment unique et f\u00e9erique avec votre tout-petit.\" \/>\n<meta property=\"og:url\" content=\"https:\/\/www.lespetitsculottes.com\/blog\/preparer-premier-noel-bebe\/\" \/>\n<meta property=\"og:site_name\" content=\"Les Petits Culott\u00e9s\" \/>\n<meta property=\"article:published_time\" content=\"2020-12-10T16:00:29+00:00\" \/>\n<meta property=\"article:modified_time\" content=\"2026-04-09T08:34:44+00:00\" \/>\n<meta property=\"og:image\" content=\"https:\/\/www.lespetitsculottes.com\/blog\/wp-content\/uploads\/2020\/12\/premier-noel-bebe-les-petits-culottes.jpg\" \/>\n\t<meta property=\"og:image:width\" content=\"830\" \/>\n\t<meta property=\"og:image:height\" content=\"560\" \/>\n\t<meta property=\"og:image:type\" content=\"image\/jpeg\" \/>\n<meta name=\"author\" content=\"Admin 23Prod\" \/>\n<meta name=\"twitter:card\" content=\"summary_large_image\" \/>\n<meta name=\"twitter:label1\" content=\"\u00c9crit par\" \/>\n\t<meta name=\"twitter:data1\" content=\"Admin 23Prod\" \/>\n\t<meta name=\"twitter:label2\" content=\"Dur\u00e9e de lecture estim\u00e9e\" \/>\n\t<meta name=\"twitter:data2\" content=\"7 minutes\" \/>\n<script type=\"application\/ld+json\" class=\"yoast-schema-graph\">{\"@context\":\"https:\/\/schema.org\",\"@graph\":[{\"@type\":\"WebPage\",\"@id\":\"https:\/\/www.lespetitsculottes.com\/blog\/preparer-premier-noel-bebe\/\",\"url\":\"https:\/\/www.lespetitsculottes.com\/blog\/preparer-premier-noel-bebe\/\",\"name\":\"\u25b7 Premier No\u00ebl : B\u00e9b\u00e9 vit la magie des F\u00eates ! - Les Petits Culott\u00e9s\",\"isPartOf\":{\"@id\":\"https:\/\/www.lespetitsculottes.com\/blog\/#website\"},\"primaryImageOfPage\":{\"@id\":\"https:\/\/www.lespetitsculottes.com\/blog\/preparer-premier-noel-bebe\/#primaryimage\"},\"image\":{\"@id\":\"https:\/\/www.lespetitsculottes.com\/blog\/preparer-premier-noel-bebe\/#primaryimage\"},\"thumbnailUrl\":\"https:\/\/www.lespetitsculottes.com\/blog\/wp-content\/uploads\/2020\/12\/premier-noel-bebe-les-petits-culottes.jpg\",\"datePublished\":\"2020-12-10T16:00:29+00:00\",\"dateModified\":\"2026-04-09T08:34:44+00:00\",\"author\":{\"@id\":\"https:\/\/www.lespetitsculottes.com\/blog\/#\/schema\/person\/d67501f1427510d030b375d864acaecb\"},\"description\":\"Ah, le tout Premier No\u00ebl de B\u00e9b\u00e9 ! Voici nos astuces de Petits Culott\u00e9s pour profiter pleinement de ce moment unique et f\u00e9erique avec votre tout-petit.\",\"breadcrumb\":{\"@id\":\"https:\/\/www.lespetitsculottes.com\/blog\/preparer-premier-noel-bebe\/#breadcrumb\"},\"inLanguage\":\"fr-FR\",\"potentialAction\":[{\"@type\":\"ReadAction\",\"target\":[\"https:\/\/www.lespetitsculottes.com\/blog\/preparer-premier-noel-bebe\/\"]}]},{\"@type\":\"ImageObject\",\"inLanguage\":\"fr-FR\",\"@id\":\"https:\/\/www.lespetitsculottes.com\/blog\/preparer-premier-noel-bebe\/#primaryimage\",\"url\":\"https:\/\/www.lespetitsculottes.com\/blog\/wp-content\/uploads\/2020\/12\/premier-noel-bebe-les-petits-culottes.jpg\",\"contentUrl\":\"https:\/\/www.lespetitsculottes.com\/blog\/wp-content\/uploads\/2020\/12\/premier-noel-bebe-les-petits-culottes.jpg\",\"width\":830,\"height\":560,\"caption\":\"Cr\u00e9dit photo : canva\"},{\"@type\":\"BreadcrumbList\",\"@id\":\"https:\/\/www.lespetitsculottes.com\/blog\/preparer-premier-noel-bebe\/#breadcrumb\",\"itemListElement\":[{\"@type\":\"ListItem\",\"position\":1,\"name\":\"Home\",\"item\":\"https:\/\/www.lespetitsculottes.com\/blog\/\"},{\"@type\":\"ListItem\",\"position\":2,\"name\":\"Premier No\u00ebl de b\u00e9b\u00e9 : vivez un moment magique !\"}]},{\"@type\":\"WebSite\",\"@id\":\"https:\/\/www.lespetitsculottes.com\/blog\/#website\",\"url\":\"https:\/\/www.lespetitsculottes.com\/blog\/\",\"name\":\"Les petits culott\u00e9s\",\"description\":\"Le blog des Petits Culott\u00e9s\",\"potentialAction\":[{\"@type\":\"SearchAction\",\"target\":{\"@type\":\"EntryPoint\",\"urlTemplate\":\"https:\/\/www.lespetitsculottes.com\/blog\/?s={search_term_string}\"},\"query-input\":{\"@type\":\"PropertyValueSpecification\",\"valueRequired\":true,\"valueName\":\"search_term_string\"}}],\"inLanguage\":\"fr-FR\"},{\"@type\":\"Person\",\"@id\":\"https:\/\/www.lespetitsculottes.com\/blog\/#\/schema\/person\/d67501f1427510d030b375d864acaecb\",\"name\":\"Admin 23Prod\",\"image\":{\"@type\":\"ImageObject\",\"inLanguage\":\"fr-FR\",\"@id\":\"https:\/\/www.lespetitsculottes.com\/blog\/#\/schema\/person\/image\/\",\"url\":\"https:\/\/secure.gravatar.com\/avatar\/d07fc7773d840429da1fba32fa2027ef4f681ca12979b4997c63c8869d9a78ca?s=96&d=wp_user_avatar&r=g\",\"contentUrl\":\"https:\/\/secure.gravatar.com\/avatar\/d07fc7773d840429da1fba32fa2027ef4f681ca12979b4997c63c8869d9a78ca?s=96&d=wp_user_avatar&r=g\",\"caption\":\"Admin 23Prod\"},\"description\":\"D\u00e9veloppeur\",\"url\":\"https:\/\/www.lespetitsculottes.com\/blog\/auteur\/lpc\/\"}]}<\/script>\n<!-- \/ Yoast SEO plugin. -->","yoast_head_json":{"title":"\u25b7 Premier No\u00ebl : B\u00e9b\u00e9 vit la magie des F\u00eates ! - Les Petits Culott\u00e9s","description":"Ah, le tout Premier No\u00ebl de B\u00e9b\u00e9 ! Voici nos astuces de Petits Culott\u00e9s pour profiter pleinement de ce moment unique et f\u00e9erique avec votre tout-petit.","robots":{"index":"index","follow":"follow","max-snippet":"max-snippet:-1","max-image-preview":"max-image-preview:large","max-video-preview":"max-video-preview:-1"},"canonical":"https:\/\/www.lespetitsculottes.com\/blog\/preparer-premier-noel-bebe\/","og_locale":"fr_FR","og_type":"article","og_title":"\u25b7 Premier No\u00ebl : B\u00e9b\u00e9 vit la magie des F\u00eates ! - Les Petits Culott\u00e9s","og_description":"Ah, le tout Premier No\u00ebl de B\u00e9b\u00e9 ! Voici nos astuces de Petits Culott\u00e9s pour profiter pleinement de ce moment unique et f\u00e9erique avec votre tout-petit.","og_url":"https:\/\/www.lespetitsculottes.com\/blog\/preparer-premier-noel-bebe\/","og_site_name":"Les Petits Culott\u00e9s","article_published_time":"2020-12-10T16:00:29+00:00","article_modified_time":"2026-04-09T08:34:44+00:00","og_image":[{"width":830,"height":560,"url":"https:\/\/www.lespetitsculottes.com\/blog\/wp-content\/uploads\/2020\/12\/premier-noel-bebe-les-petits-culottes.jpg","type":"image\/jpeg"}],"author":"Admin 23Prod","twitter_card":"summary_large_image","twitter_misc":{"\u00c9crit par":"Admin 23Prod","Dur\u00e9e de lecture estim\u00e9e":"7 minutes"},"schema":{"@context":"https:\/\/schema.org","@graph":[{"@type":"WebPage","@id":"https:\/\/www.lespetitsculottes.com\/blog\/preparer-premier-noel-bebe\/","url":"https:\/\/www.lespetitsculottes.com\/blog\/preparer-premier-noel-bebe\/","name":"\u25b7 Premier No\u00ebl : B\u00e9b\u00e9 vit la magie des F\u00eates ! - Les Petits Culott\u00e9s","isPartOf":{"@id":"https:\/\/www.lespetitsculottes.com\/blog\/#website"},"primaryImageOfPage":{"@id":"https:\/\/www.lespetitsculottes.com\/blog\/preparer-premier-noel-bebe\/#primaryimage"},"image":{"@id":"https:\/\/www.lespetitsculottes.com\/blog\/preparer-premier-noel-bebe\/#primaryimage"},"thumbnailUrl":"https:\/\/www.lespetitsculottes.com\/blog\/wp-content\/uploads\/2020\/12\/premier-noel-bebe-les-petits-culottes.jpg","datePublished":"2020-12-10T16:00:29+00:00","dateModified":"2026-04-09T08:34:44+00:00","author":{"@id":"https:\/\/www.lespetitsculottes.com\/blog\/#\/schema\/person\/d67501f1427510d030b375d864acaecb"},"description":"Ah, le tout Premier No\u00ebl de B\u00e9b\u00e9 ! Voici nos astuces de Petits Culott\u00e9s pour profiter pleinement de ce moment unique et f\u00e9erique avec votre tout-petit.","breadcrumb":{"@id":"https:\/\/www.lespetitsculottes.com\/blog\/preparer-premier-noel-bebe\/#breadcrumb"},"inLanguage":"fr-FR","potentialAction":[{"@type":"ReadAction","target":["https:\/\/www.lespetitsculottes.com\/blog\/preparer-premier-noel-bebe\/"]}]},{"@type":"ImageObject","inLanguage":"fr-FR","@id":"https:\/\/www.lespetitsculottes.com\/blog\/preparer-premier-noel-bebe\/#primaryimage","url":"https:\/\/www.lespetitsculottes.com\/blog\/wp-content\/uploads\/2020\/12\/premier-noel-bebe-les-petits-culottes.jpg","contentUrl":"https:\/\/www.lespetitsculottes.com\/blog\/wp-content\/uploads\/2020\/12\/premier-noel-bebe-les-petits-culottes.jpg","width":830,"height":560,"caption":"Cr\u00e9dit photo : canva"},{"@type":"BreadcrumbList","@id":"https:\/\/www.lespetitsculottes.com\/blog\/preparer-premier-noel-bebe\/#breadcrumb","itemListElement":[{"@type":"ListItem","position":1,"name":"Home","item":"https:\/\/www.lespetitsculottes.com\/blog\/"},{"@type":"ListItem","position":2,"name":"Premier No\u00ebl de b\u00e9b\u00e9 : vivez un moment magique !"}]},{"@type":"WebSite","@id":"https:\/\/www.lespetitsculottes.com\/blog\/#website","url":"https:\/\/www.lespetitsculottes.com\/blog\/","name":"Les petits culott\u00e9s","description":"Le blog des Petits Culott\u00e9s","potentialAction":[{"@type":"SearchAction","target":{"@type":"EntryPoint","urlTemplate":"https:\/\/www.lespetitsculottes.com\/blog\/?s={search_term_string}"},"query-input":{"@type":"PropertyValueSpecification","valueRequired":true,"valueName":"search_term_string"}}],"inLanguage":"fr-FR"},{"@type":"Person","@id":"https:\/\/www.lespetitsculottes.com\/blog\/#\/schema\/person\/d67501f1427510d030b375d864acaecb","name":"Admin 23Prod","image":{"@type":"ImageObject","inLanguage":"fr-FR","@id":"https:\/\/www.lespetitsculottes.com\/blog\/#\/schema\/person\/image\/","url":"https:\/\/secure.gravatar.com\/avatar\/d07fc7773d840429da1fba32fa2027ef4f681ca12979b4997c63c8869d9a78ca?s=96&d=wp_user_avatar&r=g","contentUrl":"https:\/\/secure.gravatar.com\/avatar\/d07fc7773d840429da1fba32fa2027ef4f681ca12979b4997c63c8869d9a78ca?s=96&d=wp_user_avatar&r=g","caption":"Admin 23Prod"},"description":"D\u00e9veloppeur","url":"https:\/\/www.lespetitsculottes.com\/blog\/auteur\/lpc\/"}]}},"_links":{"self":[{"href":"https:\/\/www.lespetitsculottes.com\/blog\/wp-json\/wp\/v2\/posts\/492","targetHints":{"allow":["GET"]}}],"collection":[{"href":"https:\/\/www.lespetitsculottes.com\/blog\/wp-json\/wp\/v2\/posts"}],"about":[{"href":"https:\/\/www.lespetitsculottes.com\/blog\/wp-json\/wp\/v2\/types\/post"}],"author":[{"embeddable":true,"href":"https:\/\/www.lespetitsculottes.com\/blog\/wp-json\/wp\/v2\/users\/1"}],"replies":[{"embeddable":true,"href":"https:\/\/www.lespetitsculottes.com\/blog\/wp-json\/wp\/v2\/comments?post=492"}],"version-history":[{"count":9,"href":"https:\/\/www.lespetitsculottes.com\/blog\/wp-json\/wp\/v2\/posts\/492\/revisions"}],"predecessor-version":[{"id":4658,"href":"https:\/\/www.lespetitsculottes.com\/blog\/wp-json\/wp\/v2\/posts\/492\/revisions\/4658"}],"wp:featuredmedia":[{"embeddable":true,"href":"https:\/\/www.lespetitsculottes.com\/blog\/wp-json\/wp\/v2\/media\/494"}],"wp:attachment":[{"href":"https:\/\/www.lespetitsculottes.com\/blog\/wp-json\/wp\/v2\/media?parent=492"}],"wp:term":[{"taxonomy":"category","embeddable":true,"href":"https:\/\/www.lespetitsculottes.com\/blog\/wp-json\/wp\/v2\/categories?post=492"}],"curies":[{"name":"wp","href":"https:\/\/api.w.org\/{rel}","templated":true}]}}