{"id":516,"date":"2021-01-07T17:00:57","date_gmt":"2021-01-07T16:00:57","guid":{"rendered":"http:\/\/www.lespetitsculottes.com\/blog\/?p=516"},"modified":"2026-04-09T14:50:25","modified_gmt":"2026-04-09T12:50:25","slug":"age-poussee-dentaire","status":"publish","type":"post","link":"https:\/\/www.lespetitsculottes.com\/blog\/age-poussee-dentaire\/","title":{"rendered":"Premi\u00e8res dents de b\u00e9b\u00e9\u202f: silence, \u00e7a pousse\u2009!"},"content":{"rendered":"<div id=\"ez-toc-container\" class=\"ez-toc-v2_0_76 counter-hierarchy ez-toc-counter ez-toc-white ez-toc-container-direction\">\n<div class=\"ez-toc-title-container\"><p class=\"ez-toc-title\" style=\"cursor:inherit\">Sommaire<\/p>\n<\/div><nav><ul class='ez-toc-list ez-toc-list-level-1 ' ><li class='ez-toc-page-1 ez-toc-heading-level-2'><a class=\"ez-toc-link ez-toc-heading-1\" href=\"https:\/\/www.lespetitsculottes.com\/blog\/age-poussee-dentaire\/#Lage_des_premieres_dents\" >L\u2019\u00e2ge des premi\u00e8res dents<\/a><ul class='ez-toc-list-level-3' ><li class='ez-toc-heading-level-3'><a class=\"ez-toc-link ez-toc-heading-2\" href=\"https:\/\/www.lespetitsculottes.com\/blog\/age-poussee-dentaire\/#%E2%96%BA_Entre_4_et_12_mois%E2%80%AF_les_incisives_centrales_inferieures_puis_superieures\" >\u25ba Entre 4 et 12 mois\u202f: les incisives centrales inf\u00e9rieures puis sup\u00e9rieures<\/a><\/li><li class='ez-toc-page-1 ez-toc-heading-level-3'><a class=\"ez-toc-link ez-toc-heading-3\" href=\"https:\/\/www.lespetitsculottes.com\/blog\/age-poussee-dentaire\/#%E2%96%BA_Entre_9_et_13_mois%E2%80%AF_les_incisives_laterales_superieures\" >\u25ba Entre 9 et 13 mois\u202f: les incisives lat\u00e9rales sup\u00e9rieures<\/a><\/li><li class='ez-toc-page-1 ez-toc-heading-level-3'><a class=\"ez-toc-link ez-toc-heading-4\" href=\"https:\/\/www.lespetitsculottes.com\/blog\/age-poussee-dentaire\/#%E2%96%BA_Entre_10_et_16_mois_les_incisives_laterales_inferieures\" >\u25ba Entre 10 et 16 mois : les incisives lat\u00e9rales inf\u00e9rieures<\/a><\/li><li class='ez-toc-page-1 ez-toc-heading-level-3'><a class=\"ez-toc-link ez-toc-heading-5\" href=\"https:\/\/www.lespetitsculottes.com\/blog\/age-poussee-dentaire\/#%E2%96%BA_Entre_12_et_19_mois%E2%80%AF_les_molaires_superieures_et_inferieures\" >\u25ba Entre 12 et 19 mois\u202f: les molaires sup\u00e9rieures et inf\u00e9rieures<\/a><\/li><li class='ez-toc-page-1 ez-toc-heading-level-3'><a class=\"ez-toc-link ez-toc-heading-6\" href=\"https:\/\/www.lespetitsculottes.com\/blog\/age-poussee-dentaire\/#%E2%96%BA_Entre_16_et_24_mois%E2%80%AF_les_canines\" >\u25ba Entre 16 et 24 mois\u202f: les canines<\/a><\/li><li class='ez-toc-page-1 ez-toc-heading-level-3'><a class=\"ez-toc-link ez-toc-heading-7\" href=\"https:\/\/www.lespetitsculottes.com\/blog\/age-poussee-dentaire\/#%E2%96%BA_Entre_2_et_3_ans%E2%80%AF_les_deuxiemes_molaires\" >\u25ba Entre 2 et 3 ans\u202f: les deuxi\u00e8mes molaires<\/a><\/li><\/ul><\/li><li class='ez-toc-page-1 ez-toc-heading-level-2'><a class=\"ez-toc-link ez-toc-heading-8\" href=\"https:\/\/www.lespetitsculottes.com\/blog\/age-poussee-dentaire\/#Les_signes_de_la_poussee_dentaire\" >Les signes de la pouss\u00e9e dentaire<\/a><\/li><li class='ez-toc-page-1 ez-toc-heading-level-2'><a class=\"ez-toc-link ez-toc-heading-9\" href=\"https:\/\/www.lespetitsculottes.com\/blog\/age-poussee-dentaire\/#Apaiser_bebe_pendant_la_poussee_dentaire\" >Apaiser&nbsp;b\u00e9b\u00e9 pendant la&nbsp;pouss\u00e9e dentaire<\/a><\/li><li class='ez-toc-page-1 ez-toc-heading-level-2'><a class=\"ez-toc-link ez-toc-heading-10\" href=\"https:\/\/www.lespetitsculottes.com\/blog\/age-poussee-dentaire\/#Accompagner_la_poussee_dentaire_de_bebe_a_tout_age\" >Accompagner la&nbsp;pouss\u00e9e dentaire de b\u00e9b\u00e9 \u00e0 tout \u00e2ge<\/a><\/li><\/ul><\/nav><\/div>\n\n<p>Ah les premi\u00e8res dents de lait\u2009! Saviez-vous que les b\u00e9b\u00e9s pouvaient commencer \u00e0 faire leurs dents d\u00e8s 3 mois\u2009? Tr\u00e8s souvent redout\u00e9e par les jeunes parents, <strong>la pouss\u00e9e dentaire<\/strong> n\u2019en reste pas moins un ph\u00e9nom\u00e8ne naturel et une \u00e9tape obligatoire dans la croissance de l\u2019enfant\u202f: b\u00e9b\u00e9 grandit et \u00e9volue\u2009! Certains enfants traversent cette p\u00e9riode de mani\u00e8re calme, presque inaper\u00e7ue, tandis que d\u2019autres souffrent bien plus ou pr\u00e9sentent plusieurs sympt\u00f4mes. Mais<strong>&nbsp;des moyens de soulager la pouss\u00e9e dentaire<\/strong>&nbsp;existent\u2009! \u00c0 travers cet article, nous souhaitons vous en dire plus\u2009sur les quenottes de votre bout de chou, leur ordre d\u2019arriv\u00e9e, les sympt\u00f4mes possibles et <strong>les rem\u00e8des pour soulager votre b\u00e9b\u00e9<\/strong>.<\/p>\n\n\n\n<h2 class=\"wp-block-heading\"><span class=\"ez-toc-section\" id=\"Lage_des_premieres_dents\"><\/span>L\u2019\u00e2ge des premi\u00e8res dents<span class=\"ez-toc-section-end\"><\/span><\/h2>\n\n\n\n<p>\u00c0&nbsp;la naissance, les dents de votre b\u00e9b\u00e9 sont encore invisibles. Pourtant, elles ont commenc\u00e9 \u00e0 se former d\u00e8s la grossesse\u202f: \u00e0 partir du 2<sup>e<\/sup>&nbsp;mois de vie in utero, tout le processus de formation et de min\u00e9ralisation de l\u2019\u00e9mail (4<sup>e<\/sup>&nbsp;mois) se met en marche\u2009! Incroyable, n\u2019est-ce pas\u2009?<\/p>\n\n\n\n<p>Bien cach\u00e9es, les premi\u00e8res dents attendent en g\u00e9n\u00e9ral le 6<sup>e<\/sup>&nbsp;mois pour pointer le bout de leur nez. Certains nourrissons commencent \u00e0 <strong>sortir leurs deux&nbsp;premi\u00e8res dents<\/strong> d\u00e8s l\u2019\u00e2ge de 4 voire 3 mois, alors&nbsp;que d\u2019autres ne les ont que vers 10 mois. Donc pas d\u2019inqui\u00e9tude si votre petit culott\u00e9 de 7 mois n\u2019a pas encore ses deux jolies premi\u00e8res quenottes\u2009!<\/p>\n\n\n\n<p>Si&nbsp;jamais vous vous interrogez, demandez conseil aupr\u00e8s de votre p\u00e9diatre. Tr\u00e8s souvent, si le papa ou la&nbsp;maman a v\u00e9cu une pouss\u00e9e tardive ou pr\u00e9coce, b\u00e9b\u00e9 aura alors tendance \u00e0 faire de m\u00eame.<\/p>\n\n\n\n<hr class=\"wp-block-separator has-css-opacity is-style-wide\"\/>\n\n\n\n<p><em>L\u2019info&nbsp;culott\u00e9e\u202f<\/em><br><em>Il y a des nouveau-n\u00e9s qui viennent au monde avec une ou deux dents de lait, mais cela reste tr\u00e8s rare\u2009!<\/em><\/p>\n\n\n\n<hr class=\"wp-block-separator has-css-opacity is-style-wide\"\/>\n\n\n\n<h3 class=\"wp-block-heading\"><span class=\"ez-toc-section\" id=\"%E2%96%BA_Entre_4_et_12_mois%E2%80%AF_les_incisives_centrales_inferieures_puis_superieures\"><\/span>\u25ba Entre 4 et 12 mois\u202f: les incisives centrales inf\u00e9rieures puis sup\u00e9rieures<span class=\"ez-toc-section-end\"><\/span><\/h3>\n\n\n\n<p>En premier, ce sont les incisives du bas qui apparaissent, en g\u00e9n\u00e9ral entre 6 et 12 mois. Tr\u00e8s souvent, ces dents font leur apparition par paire. Ce nouveau sourire \u00e0 deux puis quatre dents\u2009apporte&nbsp;un vrai changement au&nbsp;visage de b\u00e9b\u00e9\u2009! Une bouille \u00e0 croquer, non\u2009?<\/p>\n\n\n\n<h3 class=\"wp-block-heading\"><span class=\"ez-toc-section\" id=\"%E2%96%BA_Entre_9_et_13_mois%E2%80%AF_les_incisives_laterales_superieures\"><\/span>\u25ba Entre 9 et 13 mois\u202f: les incisives lat\u00e9rales sup\u00e9rieures<span class=\"ez-toc-section-end\"><\/span><\/h3>\n\n\n\n<p>Ce sont les dents qui se trouvent de part et d\u2019autre des incisives centrales sup\u00e9rieures. Voici b\u00e9b\u00e9 avec 6 nouvelles dents au total\u2009! \u00c0 lui les pur\u00e9es plus \u00e9paisses.<\/p>\n\n\n\n<h3 class=\"wp-block-heading\"><span class=\"ez-toc-section\" id=\"%E2%96%BA_Entre_10_et_16_mois_les_incisives_laterales_inferieures\"><\/span>\u25ba Entre 10 et 16 mois : les incisives lat\u00e9rales inf\u00e9rieures<span class=\"ez-toc-section-end\"><\/span><\/h3>\n\n\n\n<p>Ce sont les dents situ\u00e9es en bas, similaires aux lat\u00e9rales sup\u00e9rieures. B\u00e9b\u00e9 peut maintenant sourire \u00e0 pleines dents\u2009! Quelle frimousse\u2009! Il peut s\u2019en servir pour <strong>trancher des aliments<\/strong> bien cuits et fondants.<\/p>\n\n\n\n<h3 class=\"wp-block-heading\"><span class=\"ez-toc-section\" id=\"%E2%96%BA_Entre_12_et_19_mois%E2%80%AF_les_molaires_superieures_et_inferieures\"><\/span>\u25ba Entre 12 et 19 mois\u202f: les molaires sup\u00e9rieures et inf\u00e9rieures<span class=\"ez-toc-section-end\"><\/span><\/h3>\n\n\n\n<p>A\u00efe\u2009! Les grosses dents arrivent\u2009! Bien plus grosses que leurs voisines les&nbsp;incisives,&nbsp;celles-ci sont souvent plus douloureuses pour b\u00e9b\u00e9. Avec elles,&nbsp;<strong>il va pouvoir \u00e9craser et mastiquer<\/strong> ses aliments comme un champion.<\/p>\n\n\n\n<h3 class=\"wp-block-heading\"><span class=\"ez-toc-section\" id=\"%E2%96%BA_Entre_16_et_24_mois%E2%80%AF_les_canines\"><\/span>\u25ba Entre 16 et 24 mois\u202f: les canines<span class=\"ez-toc-section-end\"><\/span><\/h3>\n\n\n\n<p>Elles sont plac\u00e9es entre les molaires et les incisives lat\u00e9rales, en haut et en bas. Avec ses canines, il va&nbsp;<strong>d\u00e9couper&nbsp;les petits morceaux <\/strong>de viande bien cuits&nbsp;avec plus de facilit\u00e9.<\/p>\n\n\n\n<h3 class=\"wp-block-heading\"><span class=\"ez-toc-section\" id=\"%E2%96%BA_Entre_2_et_3_ans%E2%80%AF_les_deuxiemes_molaires\"><\/span>\u25ba Entre 2 et 3 ans\u202f: les deuxi\u00e8mes molaires<span class=\"ez-toc-section-end\"><\/span><\/h3>\n\n\n\n<p>Les deuxi\u00e8mes molaires, ou molaires du fond finissent par percer\u2009! Votre enfant a bien grandi et le voil\u00e0 maintenant avec <strong>toutes ses dents de lait<\/strong>\u2009! 20 jolies dents blanches dont il faut&nbsp;prendre grand soin.<\/p>\n\n\n\n<hr class=\"wp-block-separator has-css-opacity is-style-wide\"\/>\n\n\n\n<p><em>L\u2019info culott\u00e9e\u202f<\/em><br><em>Les \u00e2ges donn\u00e9s ci-dessus sont des \u00e2ges moyens. Pensez \u00e0 dialoguer avec votre m\u00e9decin de famille ou votre p\u00e9diatre si vous avez des questions par rapport \u00e0 la pouss\u00e9e dentaire afin qu\u2019il v\u00e9rifie que le d\u00e9veloppement dentaire de votre b\u00e9b\u00e9 est correct.<\/em><\/p>\n\n\n\n<hr class=\"wp-block-separator has-css-opacity is-style-wide\"\/>\n\n\n\n<h2 class=\"wp-block-heading\"><span class=\"ez-toc-section\" id=\"Les_signes_de_la_poussee_dentaire\"><\/span>Les signes de la pouss\u00e9e dentaire<span class=\"ez-toc-section-end\"><\/span><\/h2>\n\n\n\n<p>M\u00eame si tout le processus naturel de la pouss\u00e9e dentaire est rudement bien con\u00e7u, on trouve qu\u2019il y a quand m\u00eame un rat\u00e9\u202f: \u00e7a peut faire vraiment tr\u00e8s mal\u2009! Sur ce point, tous les enfants ne vivent pas cette \u00e9tape cruciale de la m\u00eame fa\u00e7on. Il est cependant impossible de pr\u00e9voir comment b\u00e9b\u00e9 r\u00e9agira.<\/p>\n\n\n\n<p>Il peut ainsi montrer\u202f:<\/p>\n\n\n\n<ul class=\"wp-block-list\">\n<li><strong>une&nbsp;salivation importante<\/strong>. B\u00e9b\u00e9 porte sans cesse les mains \u00e0 la bouche&nbsp;et salive&nbsp;\u00e9norm\u00e9ment.&nbsp;Ses gencives&nbsp;sont en train de travailler \u2014 c\u2019est&nbsp;ce que l\u2019on appelle le \u00ab\u2009doublement des gencives\u2009\u00bb \u2014&nbsp;pour accueillir les premi\u00e8res dents\u2009! ;&nbsp;<\/li>\n\n\n\n<li>des&nbsp;<strong>gencives gonfl\u00e9es et rouge<\/strong>s, avec parfois un petit \u00ab\u2009kyste\u2009\u00bb bleut\u00e9 annonciateur de l\u2019arriv\u00e9e imminente de la dent\u202f;&nbsp;<\/li>\n\n\n\n<li>des&nbsp;<strong>joues tr\u00e8s rouges<\/strong> et parfois douloureuses\u202f;&nbsp;<\/li>\n\n\n\n<li>de&nbsp;l\u2019<strong>irritabilit\u00e9<\/strong>. B\u00e9b\u00e9 a mal et le fait savoir. Il est souvent ronchon, peut pleurer pour un rien et s\u2019\u00e9nerver facilement\u202f;&nbsp;<\/li>\n\n\n\n<li>des&nbsp;<strong>troubles ORL <\/strong>comme une rhinite,&nbsp; une otite ou une sinusite, mais aussi avoir des selles tr\u00e8s liquides et une faible fi\u00e8vre (inf\u00e9rieure \u00e0 38\u202f\u00b0C). La pouss\u00e9e dentaire peut engendrer chez certains tout-petits des \u00e9pisodes de selles liquides (d\u2019o\u00f9 les fesses plus rouges pendant cette p\u00e9riode, car les selles acides fragilisent la peau de b\u00e9b\u00e9).&nbsp;Il faut penser alors \u00e0 <strong>bien hydrater b\u00e9b\u00e9<\/strong>,&nbsp;\u00e0 <a rel=\"noreferrer noopener\" aria-label=\"le changer r\u00e9guli\u00e8rement&nbsp;et \u00e0 consulter (s\u2019ouvre dans un nouvel onglet)\" href=\"https:\/\/www.lespetitsculottes.com\/blog\/change-de-bebe-en-8-points\/\" target=\"_blank\">le changer r\u00e9guli\u00e8rement<\/a>&nbsp;et \u00e0 consulter un m\u00e9decin en cas de doute. Ces diff\u00e9rents troubles n\u00e9cessitent d&rsquo;\u00eatre surveill\u00e9s de pr\u00e8s.<\/li>\n<\/ul>\n\n\n\n<hr class=\"wp-block-separator has-css-opacity is-style-wide\"\/>\n\n\n\n<p><em>L\u2019info culott\u00e9e\u202f<\/em><br><em>En cas d\u2019apparition de sympt\u00f4mes importants, n\u2019h\u00e9sitez pas \u00e0 demander&nbsp;conseil aupr\u00e8s de votre p\u00e9diatre afin de&nbsp;v\u00e9rifier&nbsp;qu\u2019il n\u2019y ait pas une&nbsp;autre pathologie&nbsp;sous-jacente.<\/em><\/p>\n\n\n\n<hr class=\"wp-block-separator has-css-opacity is-style-wide\"\/>\n\n\n\n<h2 class=\"wp-block-heading\"><span class=\"ez-toc-section\" id=\"Apaiser_bebe_pendant_la_poussee_dentaire\"><\/span>Apaiser&nbsp;b\u00e9b\u00e9 pendant la&nbsp;pouss\u00e9e dentaire<span class=\"ez-toc-section-end\"><\/span><\/h2>\n\n\n\n<p>Pour b\u00e9b\u00e9, la douleur peut vite devenir insupportable. Voici quelques conseils afin de lui apporter le r\u00e9confort dont il a&nbsp;besoin\u202f:<\/p>\n\n\n\n<ul class=\"wp-block-list\">\n<li>proposer&nbsp;<strong>des anneaux de dentition<\/strong>, que vous aurez pr\u00e9alablement mis au r\u00e9frig\u00e9rateur (mais jamais au cong\u00e9lateur\u2009!). Le froid va&nbsp;venir \u00ab anesth\u00e9sier \u00bb&nbsp;les gencives et&nbsp;apportera un mieux-\u00eatre \u00e0&nbsp;b\u00e9b\u00e9&nbsp;au moment de les mordiller.&nbsp;S\u2019ils sont en&nbsp;plastique ou en silicone alimentaire, v\u00e9rifiez&nbsp;qu\u2019ils r\u00e9pondent&nbsp;aux normes CE et&nbsp;qu\u2019ils ne&nbsp;contiennent&nbsp;pas de substances&nbsp;nocives&nbsp;comme&nbsp;le&nbsp;BPA.&nbsp;Nous vous invitons \u00e0 les nettoyer r\u00e9guli\u00e8rement \u00e0 l\u2019eau chaude et au savon pour maintenir une bonne hygi\u00e8ne\u202f;&nbsp;<\/li>\n\n\n\n<li>utiliser&nbsp;l\u2019<strong>aromath\u00e9rapie<\/strong>. Il existe des compositions con\u00e7ues pour les tout-petits, en gel gingival ou en cr\u00e8me. Ceux-ci sont tr\u00e8s souvent \u00e0 base d\u2019huile essentielle de camomille romaine, reconnue pour ses propri\u00e9t\u00e9s calmantes ou encore de lavande vraie. Les gels \u00e0 base d&rsquo;huile essentielle de clou de girofle peuvent aussi calmer les douleurs de b\u00e9b\u00e9 (\u00e0 partir de 5 mois). Mais, avant usage, attention \u00e0 bien suivre les recommandations inscrites sur les notices ou prodigu\u00e9es par votre pharmacien ou&nbsp;aromath\u00e9rapeute\u202f;&nbsp;<\/li>\n\n\n\n<li>diluer&nbsp;quelques <strong>granules d\u2019hom\u00e9opathie <\/strong>dans un peu d\u2019eau (ou biberon) comme le&nbsp;<em>chamomilla&nbsp;vulgaris<\/em>&nbsp;par exemple. Les doses de&nbsp;<em>camilla<\/em>&nbsp;sont aussi un classique de la trousse de toilette de b\u00e9b\u00e9\u202f;&nbsp;<\/li>\n\n\n\n<li>utiliser votre doigt (sur lequel vous aurez d\u00e9pos\u00e9 une petite dose de gel gingival par exemple) pour <strong>masser ses gencives<\/strong>, apr\u00e8s un bon bain en utilisant des articles de la <a href=\"https:\/\/www.lespetitsculottes.com\/blog\/liste-produit-bebe-indispensable\/\">liste produits toilettes b\u00e9b\u00e9 naissance<\/a>,\u00a0pour qu\u2019il soit d\u00e9tendu. Prenez soin d\u2019avoir les mains parfaitement propres\u202f;\u00a0<\/li>\n\n\n\n<li>bercer&nbsp;b\u00e9b\u00e9\u202f: les c\u00e2lins sont toujours une bonne id\u00e9e pour rassurer votre enfant et lui apporter toute la chaleur humaine dont il a alors grandement besoin.<\/li>\n<\/ul>\n\n\n\n<hr class=\"wp-block-separator has-css-opacity is-style-wide\"\/>\n\n\n\n<p><em>La remarque culott\u00e9e\u202f<\/em><br><em>Avant de donner&nbsp;un&nbsp;traitement \u00e0 votre b\u00e9b\u00e9, demandez&nbsp;conseil aupr\u00e8s de votre pharmacien.<\/em><\/p>\n\n\n\n<hr class=\"wp-block-separator has-css-opacity is-style-wide\"\/>\n\n\n\n<h2 class=\"wp-block-heading\"><span class=\"ez-toc-section\" id=\"Accompagner_la_poussee_dentaire_de_bebe_a_tout_age\"><\/span>Accompagner la&nbsp;pouss\u00e9e dentaire de b\u00e9b\u00e9 \u00e0 tout \u00e2ge<span class=\"ez-toc-section-end\"><\/span><\/h2>\n\n\n\n<p>L\u2019arriv\u00e9e des premi\u00e8res dents est un \u00e9v\u00e9nement incroyable dans la vie d\u2019un tout-petit\u2009! D\u00e9sormais, vous savez <strong>reconna\u00eetre les signes de la pouss\u00e9e dentaire<\/strong> et comment r\u00e9agir en cas d\u2019inconfort ou de d\u00e9sagr\u00e9ments.<\/p>\n\n\n\n<p>Surtout, montrez \u00e0 votre b\u00e9b\u00e9 que vous \u00eates \u00e0 ses c\u00f4t\u00e9s pour traverser cette \u00e9tape et que vous comprenez ce qui lui arrive. Votre s\u00e9r\u00e9nit\u00e9 participe aussi \u00e0 son mieux-\u00eatre et \u00e0 son apaisement. Il ne vous reste plus qu\u2019\u00e0 <strong>lui trouver sa premi\u00e8re brosse \u00e0 dents<\/strong>\u2009! Vers 2 ans, il pourra commencer \u00e0 se brosser les dents tout seul comme un grand (sous la surveillance d&rsquo;un adulte bien entendu), quelle fiert\u00e9 de faire comme papa et maman\u2026.<\/p>\n","protected":false},"excerpt":{"rendered":"<p>Ah les premi\u00e8res dents de lait\u2009! Saviez-vous que les b\u00e9b\u00e9s [&hellip;]<\/p>\n","protected":false},"author":1,"featured_media":528,"comment_status":"closed","ping_status":"closed","sticky":false,"template":"","format":"standard","meta":{"footnotes":""},"categories":[10],"class_list":["post-516","post","type-post","status-publish","format-standard","has-post-thumbnail","hentry","category-bebe-culotte"],"yoast_head":"<!-- This site is optimized with the Yoast SEO plugin v26.2 - https:\/\/yoast.com\/wordpress\/plugins\/seo\/ -->\n<title>Pouss\u00e9e dentaire de b\u00e9b\u00e9 : \u00e0 quel \u00e2ge et comment soulager ?<\/title>\n<meta name=\"description\" content=\"La Pouss\u00e9e Dentaire peut \u00eatre difficile \u00e0 vivre pour b\u00e9b\u00e9. A quel \u00e2ge commence-t-elle ? Comment la soulager efficacement ? Quels sont les sympt\u00f4mes\u2009?\" \/>\n<meta name=\"robots\" content=\"index, follow, max-snippet:-1, max-image-preview:large, max-video-preview:-1\" \/>\n<link rel=\"canonical\" href=\"https:\/\/www.lespetitsculottes.com\/blog\/age-poussee-dentaire\/\" \/>\n<meta property=\"og:locale\" content=\"fr_FR\" \/>\n<meta property=\"og:type\" content=\"article\" \/>\n<meta property=\"og:title\" content=\"Pouss\u00e9e dentaire de b\u00e9b\u00e9 : \u00e0 quel \u00e2ge et comment soulager ?\" \/>\n<meta property=\"og:description\" content=\"La Pouss\u00e9e Dentaire peut \u00eatre difficile \u00e0 vivre pour b\u00e9b\u00e9. A quel \u00e2ge commence-t-elle ? Comment la soulager efficacement ? Quels sont les sympt\u00f4mes\u2009?\" \/>\n<meta property=\"og:url\" content=\"https:\/\/www.lespetitsculottes.com\/blog\/age-poussee-dentaire\/\" \/>\n<meta property=\"og:site_name\" content=\"Les Petits Culott\u00e9s\" \/>\n<meta property=\"article:published_time\" content=\"2021-01-07T16:00:57+00:00\" \/>\n<meta property=\"article:modified_time\" content=\"2026-04-09T12:50:25+00:00\" \/>\n<meta property=\"og:image\" content=\"https:\/\/www.lespetitsculottes.com\/blog\/wp-content\/uploads\/2021\/01\/poussee-dentaire-quel-age-1.jpg\" \/>\n\t<meta property=\"og:image:width\" content=\"830\" \/>\n\t<meta property=\"og:image:height\" content=\"560\" \/>\n\t<meta property=\"og:image:type\" content=\"image\/jpeg\" \/>\n<meta name=\"author\" content=\"Admin 23Prod\" \/>\n<meta name=\"twitter:card\" content=\"summary_large_image\" \/>\n<meta name=\"twitter:label1\" content=\"\u00c9crit par\" \/>\n\t<meta name=\"twitter:data1\" content=\"Admin 23Prod\" \/>\n\t<meta name=\"twitter:label2\" content=\"Dur\u00e9e de lecture estim\u00e9e\" \/>\n\t<meta name=\"twitter:data2\" content=\"7 minutes\" \/>\n<script type=\"application\/ld+json\" class=\"yoast-schema-graph\">{\"@context\":\"https:\/\/schema.org\",\"@graph\":[{\"@type\":\"WebPage\",\"@id\":\"https:\/\/www.lespetitsculottes.com\/blog\/age-poussee-dentaire\/\",\"url\":\"https:\/\/www.lespetitsculottes.com\/blog\/age-poussee-dentaire\/\",\"name\":\"Pouss\u00e9e dentaire de b\u00e9b\u00e9 : \u00e0 quel \u00e2ge et comment soulager ?\",\"isPartOf\":{\"@id\":\"https:\/\/www.lespetitsculottes.com\/blog\/#website\"},\"primaryImageOfPage\":{\"@id\":\"https:\/\/www.lespetitsculottes.com\/blog\/age-poussee-dentaire\/#primaryimage\"},\"image\":{\"@id\":\"https:\/\/www.lespetitsculottes.com\/blog\/age-poussee-dentaire\/#primaryimage\"},\"thumbnailUrl\":\"https:\/\/www.lespetitsculottes.com\/blog\/wp-content\/uploads\/2021\/01\/poussee-dentaire-quel-age-1.jpg\",\"datePublished\":\"2021-01-07T16:00:57+00:00\",\"dateModified\":\"2026-04-09T12:50:25+00:00\",\"author\":{\"@id\":\"https:\/\/www.lespetitsculottes.com\/blog\/#\/schema\/person\/d67501f1427510d030b375d864acaecb\"},\"description\":\"La Pouss\u00e9e Dentaire peut \u00eatre difficile \u00e0 vivre pour b\u00e9b\u00e9. A quel \u00e2ge commence-t-elle ? Comment la soulager efficacement ? Quels sont les sympt\u00f4mes\u2009?\",\"breadcrumb\":{\"@id\":\"https:\/\/www.lespetitsculottes.com\/blog\/age-poussee-dentaire\/#breadcrumb\"},\"inLanguage\":\"fr-FR\",\"potentialAction\":[{\"@type\":\"ReadAction\",\"target\":[\"https:\/\/www.lespetitsculottes.com\/blog\/age-poussee-dentaire\/\"]}]},{\"@type\":\"ImageObject\",\"inLanguage\":\"fr-FR\",\"@id\":\"https:\/\/www.lespetitsculottes.com\/blog\/age-poussee-dentaire\/#primaryimage\",\"url\":\"https:\/\/www.lespetitsculottes.com\/blog\/wp-content\/uploads\/2021\/01\/poussee-dentaire-quel-age-1.jpg\",\"contentUrl\":\"https:\/\/www.lespetitsculottes.com\/blog\/wp-content\/uploads\/2021\/01\/poussee-dentaire-quel-age-1.jpg\",\"width\":830,\"height\":560,\"caption\":\"Cr\u00e9dit photo : canva\"},{\"@type\":\"BreadcrumbList\",\"@id\":\"https:\/\/www.lespetitsculottes.com\/blog\/age-poussee-dentaire\/#breadcrumb\",\"itemListElement\":[{\"@type\":\"ListItem\",\"position\":1,\"name\":\"Home\",\"item\":\"https:\/\/www.lespetitsculottes.com\/blog\/\"},{\"@type\":\"ListItem\",\"position\":2,\"name\":\"Premi\u00e8res dents de b\u00e9b\u00e9\u202f: silence, \u00e7a pousse\u2009!\"}]},{\"@type\":\"WebSite\",\"@id\":\"https:\/\/www.lespetitsculottes.com\/blog\/#website\",\"url\":\"https:\/\/www.lespetitsculottes.com\/blog\/\",\"name\":\"Les petits culott\u00e9s\",\"description\":\"Le blog des Petits Culott\u00e9s\",\"potentialAction\":[{\"@type\":\"SearchAction\",\"target\":{\"@type\":\"EntryPoint\",\"urlTemplate\":\"https:\/\/www.lespetitsculottes.com\/blog\/?s={search_term_string}\"},\"query-input\":{\"@type\":\"PropertyValueSpecification\",\"valueRequired\":true,\"valueName\":\"search_term_string\"}}],\"inLanguage\":\"fr-FR\"},{\"@type\":\"Person\",\"@id\":\"https:\/\/www.lespetitsculottes.com\/blog\/#\/schema\/person\/d67501f1427510d030b375d864acaecb\",\"name\":\"Admin 23Prod\",\"image\":{\"@type\":\"ImageObject\",\"inLanguage\":\"fr-FR\",\"@id\":\"https:\/\/www.lespetitsculottes.com\/blog\/#\/schema\/person\/image\/\",\"url\":\"https:\/\/secure.gravatar.com\/avatar\/d07fc7773d840429da1fba32fa2027ef4f681ca12979b4997c63c8869d9a78ca?s=96&d=wp_user_avatar&r=g\",\"contentUrl\":\"https:\/\/secure.gravatar.com\/avatar\/d07fc7773d840429da1fba32fa2027ef4f681ca12979b4997c63c8869d9a78ca?s=96&d=wp_user_avatar&r=g\",\"caption\":\"Admin 23Prod\"},\"description\":\"D\u00e9veloppeur\",\"url\":\"https:\/\/www.lespetitsculottes.com\/blog\/auteur\/lpc\/\"}]}<\/script>\n<!-- \/ Yoast SEO plugin. -->","yoast_head_json":{"title":"Pouss\u00e9e dentaire de b\u00e9b\u00e9 : \u00e0 quel \u00e2ge et comment soulager ?","description":"La Pouss\u00e9e Dentaire peut \u00eatre difficile \u00e0 vivre pour b\u00e9b\u00e9. A quel \u00e2ge commence-t-elle ? Comment la soulager efficacement ? Quels sont les sympt\u00f4mes\u2009?","robots":{"index":"index","follow":"follow","max-snippet":"max-snippet:-1","max-image-preview":"max-image-preview:large","max-video-preview":"max-video-preview:-1"},"canonical":"https:\/\/www.lespetitsculottes.com\/blog\/age-poussee-dentaire\/","og_locale":"fr_FR","og_type":"article","og_title":"Pouss\u00e9e dentaire de b\u00e9b\u00e9 : \u00e0 quel \u00e2ge et comment soulager ?","og_description":"La Pouss\u00e9e Dentaire peut \u00eatre difficile \u00e0 vivre pour b\u00e9b\u00e9. A quel \u00e2ge commence-t-elle ? Comment la soulager efficacement ? Quels sont les sympt\u00f4mes\u2009?","og_url":"https:\/\/www.lespetitsculottes.com\/blog\/age-poussee-dentaire\/","og_site_name":"Les Petits Culott\u00e9s","article_published_time":"2021-01-07T16:00:57+00:00","article_modified_time":"2026-04-09T12:50:25+00:00","og_image":[{"width":830,"height":560,"url":"https:\/\/www.lespetitsculottes.com\/blog\/wp-content\/uploads\/2021\/01\/poussee-dentaire-quel-age-1.jpg","type":"image\/jpeg"}],"author":"Admin 23Prod","twitter_card":"summary_large_image","twitter_misc":{"\u00c9crit par":"Admin 23Prod","Dur\u00e9e de lecture estim\u00e9e":"7 minutes"},"schema":{"@context":"https:\/\/schema.org","@graph":[{"@type":"WebPage","@id":"https:\/\/www.lespetitsculottes.com\/blog\/age-poussee-dentaire\/","url":"https:\/\/www.lespetitsculottes.com\/blog\/age-poussee-dentaire\/","name":"Pouss\u00e9e dentaire de b\u00e9b\u00e9 : \u00e0 quel \u00e2ge et comment soulager ?","isPartOf":{"@id":"https:\/\/www.lespetitsculottes.com\/blog\/#website"},"primaryImageOfPage":{"@id":"https:\/\/www.lespetitsculottes.com\/blog\/age-poussee-dentaire\/#primaryimage"},"image":{"@id":"https:\/\/www.lespetitsculottes.com\/blog\/age-poussee-dentaire\/#primaryimage"},"thumbnailUrl":"https:\/\/www.lespetitsculottes.com\/blog\/wp-content\/uploads\/2021\/01\/poussee-dentaire-quel-age-1.jpg","datePublished":"2021-01-07T16:00:57+00:00","dateModified":"2026-04-09T12:50:25+00:00","author":{"@id":"https:\/\/www.lespetitsculottes.com\/blog\/#\/schema\/person\/d67501f1427510d030b375d864acaecb"},"description":"La Pouss\u00e9e Dentaire peut \u00eatre difficile \u00e0 vivre pour b\u00e9b\u00e9. A quel \u00e2ge commence-t-elle ? Comment la soulager efficacement ? Quels sont les sympt\u00f4mes\u2009?","breadcrumb":{"@id":"https:\/\/www.lespetitsculottes.com\/blog\/age-poussee-dentaire\/#breadcrumb"},"inLanguage":"fr-FR","potentialAction":[{"@type":"ReadAction","target":["https:\/\/www.lespetitsculottes.com\/blog\/age-poussee-dentaire\/"]}]},{"@type":"ImageObject","inLanguage":"fr-FR","@id":"https:\/\/www.lespetitsculottes.com\/blog\/age-poussee-dentaire\/#primaryimage","url":"https:\/\/www.lespetitsculottes.com\/blog\/wp-content\/uploads\/2021\/01\/poussee-dentaire-quel-age-1.jpg","contentUrl":"https:\/\/www.lespetitsculottes.com\/blog\/wp-content\/uploads\/2021\/01\/poussee-dentaire-quel-age-1.jpg","width":830,"height":560,"caption":"Cr\u00e9dit photo : canva"},{"@type":"BreadcrumbList","@id":"https:\/\/www.lespetitsculottes.com\/blog\/age-poussee-dentaire\/#breadcrumb","itemListElement":[{"@type":"ListItem","position":1,"name":"Home","item":"https:\/\/www.lespetitsculottes.com\/blog\/"},{"@type":"ListItem","position":2,"name":"Premi\u00e8res dents de b\u00e9b\u00e9\u202f: silence, \u00e7a pousse\u2009!"}]},{"@type":"WebSite","@id":"https:\/\/www.lespetitsculottes.com\/blog\/#website","url":"https:\/\/www.lespetitsculottes.com\/blog\/","name":"Les petits culott\u00e9s","description":"Le blog des Petits Culott\u00e9s","potentialAction":[{"@type":"SearchAction","target":{"@type":"EntryPoint","urlTemplate":"https:\/\/www.lespetitsculottes.com\/blog\/?s={search_term_string}"},"query-input":{"@type":"PropertyValueSpecification","valueRequired":true,"valueName":"search_term_string"}}],"inLanguage":"fr-FR"},{"@type":"Person","@id":"https:\/\/www.lespetitsculottes.com\/blog\/#\/schema\/person\/d67501f1427510d030b375d864acaecb","name":"Admin 23Prod","image":{"@type":"ImageObject","inLanguage":"fr-FR","@id":"https:\/\/www.lespetitsculottes.com\/blog\/#\/schema\/person\/image\/","url":"https:\/\/secure.gravatar.com\/avatar\/d07fc7773d840429da1fba32fa2027ef4f681ca12979b4997c63c8869d9a78ca?s=96&d=wp_user_avatar&r=g","contentUrl":"https:\/\/secure.gravatar.com\/avatar\/d07fc7773d840429da1fba32fa2027ef4f681ca12979b4997c63c8869d9a78ca?s=96&d=wp_user_avatar&r=g","caption":"Admin 23Prod"},"description":"D\u00e9veloppeur","url":"https:\/\/www.lespetitsculottes.com\/blog\/auteur\/lpc\/"}]}},"_links":{"self":[{"href":"https:\/\/www.lespetitsculottes.com\/blog\/wp-json\/wp\/v2\/posts\/516","targetHints":{"allow":["GET"]}}],"collection":[{"href":"https:\/\/www.lespetitsculottes.com\/blog\/wp-json\/wp\/v2\/posts"}],"about":[{"href":"https:\/\/www.lespetitsculottes.com\/blog\/wp-json\/wp\/v2\/types\/post"}],"author":[{"embeddable":true,"href":"https:\/\/www.lespetitsculottes.com\/blog\/wp-json\/wp\/v2\/users\/1"}],"replies":[{"embeddable":true,"href":"https:\/\/www.lespetitsculottes.com\/blog\/wp-json\/wp\/v2\/comments?post=516"}],"version-history":[{"count":22,"href":"https:\/\/www.lespetitsculottes.com\/blog\/wp-json\/wp\/v2\/posts\/516\/revisions"}],"predecessor-version":[{"id":4794,"href":"https:\/\/www.lespetitsculottes.com\/blog\/wp-json\/wp\/v2\/posts\/516\/revisions\/4794"}],"wp:featuredmedia":[{"embeddable":true,"href":"https:\/\/www.lespetitsculottes.com\/blog\/wp-json\/wp\/v2\/media\/528"}],"wp:attachment":[{"href":"https:\/\/www.lespetitsculottes.com\/blog\/wp-json\/wp\/v2\/media?parent=516"}],"wp:term":[{"taxonomy":"category","embeddable":true,"href":"https:\/\/www.lespetitsculottes.com\/blog\/wp-json\/wp\/v2\/categories?post=516"}],"curies":[{"name":"wp","href":"https:\/\/api.w.org\/{rel}","templated":true}]}}