{"id":57,"date":"2019-12-02T22:02:52","date_gmt":"2019-12-02T21:02:52","guid":{"rendered":"http:\/\/www.lespetitsculottes.com\/blog\/?p=57"},"modified":"2026-04-09T12:01:37","modified_gmt":"2026-04-09T10:01:37","slug":"reactions-cutanees-chez-bebe","status":"publish","type":"post","link":"https:\/\/www.lespetitsculottes.com\/blog\/reactions-cutanees-chez-bebe\/","title":{"rendered":"Rougeurs, boutons ou plaques :  la peau fragile de b\u00e9b\u00e9 r\u00e9agit !"},"content":{"rendered":"<div id=\"ez-toc-container\" class=\"ez-toc-v2_0_76 counter-hierarchy ez-toc-counter ez-toc-white ez-toc-container-direction\">\n<div class=\"ez-toc-title-container\"><p class=\"ez-toc-title\" style=\"cursor:inherit\">Sommaire<\/p>\n<\/div><nav><ul class='ez-toc-list ez-toc-list-level-1 ' ><li class='ez-toc-page-1 ez-toc-heading-level-2'><a class=\"ez-toc-link ez-toc-heading-1\" href=\"https:\/\/www.lespetitsculottes.com\/blog\/reactions-cutanees-chez-bebe\/#1_Lictere_physiologique_du_nouveau_ne\" >1. L\u2019ict\u00e8re physiologique du nouveau n\u00e9<\/a><ul class='ez-toc-list-level-3' ><li class='ez-toc-heading-level-3'><a class=\"ez-toc-link ez-toc-heading-2\" href=\"https:\/\/www.lespetitsculottes.com\/blog\/reactions-cutanees-chez-bebe\/#Lictere_du_nouveau_ne_quest-ce_que_cest\" >L\u2019ict\u00e8re du nouveau n\u00e9, qu\u2019est-ce que c\u2019est ?<\/a><\/li><li class='ez-toc-page-1 ez-toc-heading-level-3'><a class=\"ez-toc-link ez-toc-heading-3\" href=\"https:\/\/www.lespetitsculottes.com\/blog\/reactions-cutanees-chez-bebe\/#Comment_disparait_lictere_du_nouveau_ne\" >Comment dispara\u00eet l\u2019ict\u00e8re du nouveau n\u00e9 ?<\/a><\/li><\/ul><\/li><li class='ez-toc-page-1 ez-toc-heading-level-2'><a class=\"ez-toc-link ez-toc-heading-4\" href=\"https:\/\/www.lespetitsculottes.com\/blog\/reactions-cutanees-chez-bebe\/#2_Les_croutes_de_lait\" >2. Les cro\u00fbtes de lait<\/a><ul class='ez-toc-list-level-3' ><li class='ez-toc-heading-level-3'><a class=\"ez-toc-link ez-toc-heading-5\" href=\"https:\/\/www.lespetitsculottes.com\/blog\/reactions-cutanees-chez-bebe\/#Les_croutes_de_lait_quest-ce_que_cest\" >Les cro\u00fbtes de lait : qu\u2019est-ce que c\u2019est ?<\/a><\/li><li class='ez-toc-page-1 ez-toc-heading-level-3'><a class=\"ez-toc-link ez-toc-heading-6\" href=\"https:\/\/www.lespetitsculottes.com\/blog\/reactions-cutanees-chez-bebe\/#Les_solutions_pour_sen_debarrasser\" >Les solutions pour s\u2019en d\u00e9barrasser ?<\/a><\/li><\/ul><\/li><li class='ez-toc-page-1 ez-toc-heading-level-2'><a class=\"ez-toc-link ez-toc-heading-7\" href=\"https:\/\/www.lespetitsculottes.com\/blog\/reactions-cutanees-chez-bebe\/#3_Les_grains_de_milium\" >3. Les grains de milium<\/a><ul class='ez-toc-list-level-3' ><li class='ez-toc-heading-level-3'><a class=\"ez-toc-link ez-toc-heading-8\" href=\"https:\/\/www.lespetitsculottes.com\/blog\/reactions-cutanees-chez-bebe\/#Les_grains_de_millium_quest-ce_que_cest\" >Les grains de millium : qu\u2019est-ce que c\u2019est ?<\/a><\/li><li class='ez-toc-page-1 ez-toc-heading-level-3'><a class=\"ez-toc-link ez-toc-heading-9\" href=\"https:\/\/www.lespetitsculottes.com\/blog\/reactions-cutanees-chez-bebe\/#Comment_partent-ils\" >Comment partent-ils ?<\/a><\/li><\/ul><\/li><li class='ez-toc-page-1 ez-toc-heading-level-2'><a class=\"ez-toc-link ez-toc-heading-10\" href=\"https:\/\/www.lespetitsculottes.com\/blog\/reactions-cutanees-chez-bebe\/#4_Lerytheme_fessier\" >4. L&rsquo;\u00e9ryth\u00e8me fessier<\/a><ul class='ez-toc-list-level-3' ><li class='ez-toc-heading-level-3'><a class=\"ez-toc-link ez-toc-heading-11\" href=\"https:\/\/www.lespetitsculottes.com\/blog\/reactions-cutanees-chez-bebe\/#Pourquoi_bebe_fait-il_un_lerytheme_fessier\" >Pourquoi b\u00e9b\u00e9 fait-il un l&rsquo;\u00e9ryth\u00e8me fessier ?<\/a><\/li><li class='ez-toc-page-1 ez-toc-heading-level-3'><a class=\"ez-toc-link ez-toc-heading-12\" href=\"https:\/\/www.lespetitsculottes.com\/blog\/reactions-cutanees-chez-bebe\/#Comment_le_soulager\" >Comment le soulager<\/a><\/li><\/ul><\/li><li class='ez-toc-page-1 ez-toc-heading-level-2'><a class=\"ez-toc-link ez-toc-heading-13\" href=\"https:\/\/www.lespetitsculottes.com\/blog\/reactions-cutanees-chez-bebe\/#5_Lintertrigo\" >5. L\u2019intertrigo<\/a><ul class='ez-toc-list-level-3' ><li class='ez-toc-heading-level-3'><a class=\"ez-toc-link ez-toc-heading-14\" href=\"https:\/\/www.lespetitsculottes.com\/blog\/reactions-cutanees-chez-bebe\/#Lintertrigo_quest-ce_que_cest\" >L&rsquo;intertrigo : qu\u2019est-ce que c\u2019est ?<\/a><\/li><li class='ez-toc-page-1 ez-toc-heading-level-3'><a class=\"ez-toc-link ez-toc-heading-15\" href=\"https:\/\/www.lespetitsculottes.com\/blog\/reactions-cutanees-chez-bebe\/#Les_solutions_pour_traiter_lintertrigo\" >Les solutions pour traiter l\u2019intertrigo<\/a><\/li><\/ul><\/li><li class='ez-toc-page-1 ez-toc-heading-level-2'><a class=\"ez-toc-link ez-toc-heading-16\" href=\"https:\/\/www.lespetitsculottes.com\/blog\/reactions-cutanees-chez-bebe\/#Reactions_cutanees_chez_bebe_ce_quil_faut_retenir\" >R\u00e9actions cutan\u00e9es chez b\u00e9b\u00e9 : ce qu\u2019il faut retenir<\/a><\/li><\/ul><\/nav><\/div>\n\n<p>La <strong>peau de p\u00eache de b\u00e9b\u00e9<\/strong> est sensible et r\u00e9agit facilement : rougeurs, boutons, teint jaun\u00e2tre, cro\u00fbtes, plaques\u2026 elle en voit de toutes les couleurs et \u00e7a a le don de vous inqui\u00e9ter. Rassurez-vous, ces petites <strong>r\u00e9actions cutan\u00e9es<\/strong> chez b\u00e9b\u00e9 sont b\u00e9nignes dans la plupart des cas. Mais que traduisent ces petits <strong>soucis de peau <\/strong>? Comment y rem\u00e9dier et <strong>soulager b\u00e9b\u00e9<\/strong> ?&nbsp;<br><br>Voici les 5 <strong>probl\u00e8mes de peau<\/strong> les plus fr\u00e9quents et sans gravit\u00e9, que peut rencontrer votre bout de chou.<\/p>\n\n\n\n<h2 class=\"wp-block-heading\"><span class=\"ez-toc-section\" id=\"1_Lictere_physiologique_du_nouveau_ne\"><\/span>1. L\u2019ict\u00e8re physiologique du nouveau n\u00e9<span class=\"ez-toc-section-end\"><\/span><\/h2>\n\n\n\n<p>Votre nouveau-n\u00e9 a un teint jaun\u00e2tre ? Il fait sans doute un ict\u00e8re, plus commun\u00e9ment appel\u00e9 \u201c<strong>jaunisse du nouveau n\u00e9<\/strong>\u201d. Pas d\u2019inqui\u00e9tude, pr\u00e8s de 50 % des b\u00e9b\u00e9s n\u00e9s \u00e0 terme font un <strong>ict\u00e8re physiologique<\/strong> \u00e0 la naissance. <\/p>\n\n\n\n<h3 class=\"wp-block-heading\"><span class=\"ez-toc-section\" id=\"Lictere_du_nouveau_ne_quest-ce_que_cest\"><\/span>L\u2019ict\u00e8re du nouveau n\u00e9, qu\u2019est-ce que c\u2019est ?<span class=\"ez-toc-section-end\"><\/span><\/h3>\n\n\n\n<p>La <strong>jaunisse du nourrisson<\/strong> appara\u00eet souvent un \u00e0 deux jours apr\u00e8s la naissance. Elle est la cons\u00e9quence d\u2019un exc\u00e8s de globules rouges encore mal \u00e9limin\u00e9 par le foie. La bilirubine s\u2019accumule alors dans la peau, d\u2019o\u00f9 la couleur jaune.&nbsp;<\/p>\n\n\n\n<p>L\u2019allaitement maternel peut aussi entra\u00eener une jaunisse (hormones, acides gras du lait, etc.). Cela ne pose aucun probl\u00e8me. L\u2019allaitement peut se poursuivre, il n\u2019y a aucun risque toxique ! <\/p>\n\n\n\n<h3 class=\"wp-block-heading\"><span class=\"ez-toc-section\" id=\"Comment_disparait_lictere_du_nouveau_ne\"><\/span>Comment dispara\u00eet l\u2019ict\u00e8re du nouveau n\u00e9 ?<span class=\"ez-toc-section-end\"><\/span><\/h3>\n\n\n\n<p>Il dispara\u00eet sous quelques semaines (de 7 \u00e0 10 jours environ). A la maternit\u00e9, l\u2019\u00e9quipe m\u00e9dicale s\u2019assurera de la non gravit\u00e9 de la jaunisse, en \u00ab flashant \u00bb la peau de b\u00e9b\u00e9 avec un lecteur \u00e9lectronique qui indique le <strong>taux de bilirubine<\/strong>. Allaiter r\u00e9guli\u00e8rement aidera le foie de b\u00e9b\u00e9 \u00e0 \u00e9liminer plus rapidement la bilirubine. <\/p>\n\n\n\n<h2 class=\"wp-block-heading\"><span class=\"ez-toc-section\" id=\"2_Les_croutes_de_lait\"><\/span>2. Les cro\u00fbtes de lait<span class=\"ez-toc-section-end\"><\/span><\/h2>\n\n\n\n<p>Des petites cro\u00fbtes sur le <strong>cuir chevelu de b\u00e9b\u00e9<\/strong> ? Ce ne sont ni plus ni moins que des cro\u00fbtes de lait, appel\u00e9e aussi <strong><em>s\u00e9borrh\u00e9e de la t\u00eate<\/em><\/strong><em>. <\/em>Peu esth\u00e9tiques, elles restent n\u00e9anmoins totalement b\u00e9nignes et sans douleur. <\/p>\n\n\n\n<h3 class=\"wp-block-heading\"><span class=\"ez-toc-section\" id=\"Les_croutes_de_lait_quest-ce_que_cest\"><\/span>Les cro\u00fbtes de lait : qu\u2019est-ce que c\u2019est ?<span class=\"ez-toc-section-end\"><\/span><\/h3>\n\n\n\n<p>Elles apparaissent dans les trois premiers mois, parfois d\u00e8s la naissance. L\u00e0 encore, rien d\u2019inqui\u00e9tant. Elles correspondent tout simplement \u00e0 un <strong>exc\u00e8s de s\u00e9cr\u00e9tions grasses <\/strong>log\u00e9es sur le cuir chevelu, voire les sourcils, de votre b\u00e9b\u00e9.&nbsp;<\/p>\n\n\n\n<h3 class=\"wp-block-heading\"><span class=\"ez-toc-section\" id=\"Les_solutions_pour_sen_debarrasser\"><\/span>Les solutions pour s\u2019en d\u00e9barrasser ?<span class=\"ez-toc-section-end\"><\/span><\/h3>\n\n\n\n<p>Envie de les gratter ? Retenez-vous ! Vos risqueriez de fragiliser le<strong> cuir chevelu <\/strong>de votre petite t\u00eate blonde. Optez plut\u00f4t pour un l\u00e9ger massage pendant le bain, avec un gel lavant adapt\u00e9 et d&rsquo;autres articles de votre <a href=\"https:\/\/www.lespetitsculottes.com\/blog\/liste-produit-bebe-indispensable\/\">liste produits toilettes b\u00e9b\u00e9 naissance<\/a>, puis passez une petite brosse \u00e0 poils doux. Ce rituel de toilette permettra de les faire partir en douceur.\u00a0<\/p>\n\n\n\n<p><em>Une derni\u00e8re astuce<\/em> : appliquez du <a aria-label=\" (s\u2019ouvre dans un nouvel onglet)\" href=\"https:\/\/www.lespetitsculottes.com\/blog\/fabriquer-son-liniment-bon-a-savoir\/\" target=\"_blank\" rel=\"noreferrer noopener\">liniment maison<\/a> ou d\u00e9j\u00e0 pr\u00eat une ou deux heures avant le bain. Les cro\u00fbtes de lait seront plus molles et plus faciles \u00e0 enlever !<br><br>Si vous remarquez un changement dans l\u2019aspect des <strong>cro\u00fbtes de lait<\/strong>, qu\u2019elles d\u00e9mangent, deviennent malodorantes, ou encore que certaines apparaissent sur d\u2019autres parties du corps, parlez-en \u00e0 votre m\u00e9decin. Il vous donnera des conseils et des solutions adapt\u00e9es.<\/p>\n\n\n\n<hr class=\"wp-block-separator has-css-opacity is-style-wide\"\/>\n\n\n\n<p class=\"has-small-font-size\"><strong><em>La Remarque Culott\u00e9e<br><\/em><\/strong>Connaissez-vous le terme canadien ? Il s\u2019agit du \u201cchapeau du nourrisson\u201d!<\/p>\n\n\n\n<hr class=\"wp-block-separator has-css-opacity is-style-wide\"\/>\n\n\n\n<h2 class=\"wp-block-heading\"><span class=\"ez-toc-section\" id=\"3_Les_grains_de_milium\"><\/span>3. Les grains de milium<span class=\"ez-toc-section-end\"><\/span><\/h2>\n\n\n\n<p>Votre b\u00e9b\u00e9 semble avoir des <strong>petits grains blancs sur la peau<\/strong> ? C\u2019est ce que l\u2019on appelle des <strong>grains de milium<\/strong>. Ils sont le plus souvent localis\u00e9s sur le <strong>visage,<\/strong> les joues, le front et le menton.&nbsp;<\/p>\n\n\n\n<h3 class=\"wp-block-heading\"><span class=\"ez-toc-section\" id=\"Les_grains_de_millium_quest-ce_que_cest\"><\/span>Les grains de millium : qu\u2019est-ce que c\u2019est ?<span class=\"ez-toc-section-end\"><\/span><\/h3>\n\n\n\n<p>Les grains de milium sont des <strong>microkystes<\/strong>, pas plus gros qu\u2019une t\u00eate d&rsquo;\u00e9pingle. Ils ne sont ni douloureux, ni contagieux. Ces <strong>petits boutons blancs <\/strong>\u00e0 l\u2019aspect granuleux, sont simplement dus \u00e0 l\u2019<strong>obstruction des glandes sudoripares.<\/strong>&nbsp;<\/p>\n\n\n\n<p>Ils ne sont pas \u00e0 confondre avec l\u2019acn\u00e9 du nourrisson, qui elle aussi est sans danger (des petits boutons rouges, comme chez les adolescents, apparaissent sur diff\u00e9rentes parties du corps).<\/p>\n\n\n\n<h3 class=\"wp-block-heading\"><span class=\"ez-toc-section\" id=\"Comment_partent-ils\"><\/span>Comment partent-ils ?<span class=\"ez-toc-section-end\"><\/span><\/h3>\n\n\n\n<p>Avant tout, ne cherchez pas \u00e0 les percer, cela abimerait la peau de b\u00e9b\u00e9 qui est d\u00e9j\u00e0 tr\u00e8s fragile. Pour les enlever, aucun produit ou cr\u00e8me sp\u00e9cifique n\u2019est n\u00e9cessaire. Proc\u00e9dez simplement \u00e0 l<strong>&lsquo;hygi\u00e8ne r\u00e9guli\u00e8re<\/strong> et classique de votre b\u00e9b\u00e9. Finalement, la seule solution efficace&#8230;. c\u2019est la patience. Ils partiront aussi rapidement qu\u2019ils sont venus, souvent avant les 3 mois de b\u00e9b\u00e9.<\/p>\n\n\n\n<h2 class=\"wp-block-heading\"><span class=\"ez-toc-section\" id=\"4_Lerytheme_fessier\"><\/span>4. L&rsquo;\u00e9ryth\u00e8me fessier<span class=\"ez-toc-section-end\"><\/span><\/h2>\n\n\n\n<p>B\u00e9b\u00e9 a des <strong>plaques rouges sur les fesses<\/strong> ? Il y a de fortes chances pour que ce soit un \u00e9ryth\u00e8me fessier. Il est la forme la plus connue de l\u2019intertrigo du nourrisson (inflammation au niveau des plis de la peau).<\/p>\n\n\n\n<h3 class=\"wp-block-heading\"><span class=\"ez-toc-section\" id=\"Pourquoi_bebe_fait-il_un_lerytheme_fessier\"><\/span>Pourquoi b\u00e9b\u00e9 fait-il un l&rsquo;\u00e9ryth\u00e8me fessier ?<span class=\"ez-toc-section-end\"><\/span><\/h3>\n\n\n\n<p>Vous l\u2019avez compris, votre <strong>b\u00e9b\u00e9 a une peau plus fine et plus fragile <\/strong>que celle des adultes. Elle est donc plus sensible aux agressions et aux changements qu\u2019elle peut rencontrer. L&rsquo;\u00e9ryth\u00e8me fessier est une<strong> r\u00e9action cutan\u00e9e <\/strong>qui peut \u00eatre d\u00fbe \u00e0 :&nbsp;&nbsp;<\/p>\n\n\n\n<ul class=\"wp-block-list\">\n<li>l\u2019acidit\u00e9 de l\u2019urine et des selles ;<\/li>\n\n\n\n<li>le contact permanent avec les couches, d\u2019o\u00f9 l\u2019int\u00e9r\u00eat de choisir des <a aria-label=\" (s\u2019ouvre dans un nouvel onglet)\" href=\"https:\/\/www.lespetitsculottes.com\/fr\/\" target=\"_blank\" rel=\"noreferrer noopener\">couches hypoallerg\u00e9niques<\/a>, \u00e9cologiques et sans produits chimiques et irritants ;<\/li>\n\n\n\n<li>les pouss\u00e9es dentaires (avec \u00e9galement des <strong>plaques rouges sur les joues<\/strong>) ;<\/li>\n\n\n\n<li>un traitement antibiotique.<\/li>\n<\/ul>\n\n\n\n<h3 class=\"wp-block-heading\"><span class=\"ez-toc-section\" id=\"Comment_le_soulager\"><\/span>Comment le soulager<span class=\"ez-toc-section-end\"><\/span><\/h3>\n\n\n\n<p>L&rsquo;\u00e9ryth\u00e8me peut \u00eatre inconfortable pour b\u00e9b\u00e9, voire douloureux. Il est donc important de :&nbsp;<\/p>\n\n\n\n<ul class=\"wp-block-list\">\n<li>changer souvent la couche de b\u00e9b\u00e9 ;<\/li>\n\n\n\n<li>nettoyer la peau en douceur avec un peu d\u2019eau thermale, puis s\u00e9cher \u00e0 l\u2019aide d\u2019un coton (sans frotter) ;<\/li>\n\n\n\n<li>bien hydrater et nourrir : appliquez g\u00e9n\u00e9reusement du liniment ou une cr\u00e8me de change au calendula. Cela permettra de calmer les irritations et de r\u00e9duire les rougeurs ;<\/li>\n\n\n\n<li>laisser la peau respirer autant que possible ;<\/li>\n\n\n\n<li>au moment de la diversification alimentaire, limitez les aliments acides (agrumes, sucre, produits laitiers, viande rouge, etc.)<\/li>\n<\/ul>\n\n\n\n<p>Si au bout de quelques jours, vous ne constatez aucune am\u00e9lioration, consultez votre <strong>p\u00e9diatre<\/strong> ou votre <strong>m\u00e9decin traitant<\/strong>. Il v\u00e9rifiera qu\u2019il n\u2019y a pas de surinfection exigeant un traitement sp\u00e9cifique. <\/p>\n\n\n\n<h2 class=\"wp-block-heading\"><span class=\"ez-toc-section\" id=\"5_Lintertrigo\"><\/span>5. L\u2019intertrigo<span class=\"ez-toc-section-end\"><\/span><\/h2>\n\n\n\n<p>Des petites plaques rouges pr\u00e9sentes sur certains <strong>plis de la peau<\/strong>, accompagn\u00e9es (ou non) de <strong>d\u00e9mangeaisons<\/strong> ? C\u2019est peut-\u00eatre un intertrigo. Il se manifeste chez beaucoup de nourrissons, le plus souvent chez les b\u00e9b\u00e9s bien potel\u00e9s.&nbsp;<\/p>\n\n\n\n<h3 class=\"wp-block-heading\"><span class=\"ez-toc-section\" id=\"Lintertrigo_quest-ce_que_cest\"><\/span>L&rsquo;intertrigo : qu\u2019est-ce que c\u2019est ?<span class=\"ez-toc-section-end\"><\/span><\/h3>\n\n\n\n<p>Dans 90% des cas, l&rsquo;intertrigo est d\u00fb \u00e0 une <strong>mycose<\/strong>. En pr\u00e9sence d\u2019humidit\u00e9 et de chaleur, des <strong>champignons microscopiques<\/strong> se logent dans les petits recoins de la peau : pli de l\u2019aine, sous le genou, derri\u00e8re l\u2019oreille, entre les doigts de pieds, etc. C\u2019est plus rare, mais l\u2019intertrigo peut aussi \u00eatre d\u2019origine bact\u00e9rienne et s\u2019attraper par le contact.&nbsp;<\/p>\n\n\n\n<h3 class=\"wp-block-heading\"><span class=\"ez-toc-section\" id=\"Les_solutions_pour_traiter_lintertrigo\"><\/span>Les solutions pour traiter l\u2019intertrigo<span class=\"ez-toc-section-end\"><\/span><\/h3>\n\n\n\n<p>En premier lieu, nous vous conseillons de prendre rendez-vous avec votre m\u00e9decin. Celui-ci pourra constater qu\u2019il s\u2019agit bien d\u2019un intertrigo et non d\u2019un <strong>ecz\u00e9ma<\/strong> (<strong>dermatite atopique<\/strong>) ou d\u2019un psoriasis. Il vous indiquera \u00e9galement la marche \u00e0 suivre (prise d\u2019antibiotique, cr\u00e8me sp\u00e9cifique, etc.).&nbsp;<br>Au quotidien, il faut <strong>\u00e9viter les sources d\u2019humidit\u00e9<\/strong>. Apr\u00e8s le bain de b\u00e9b\u00e9, prenez le temps de bien <strong>s\u00e9cher tous les petits plis cutan\u00e9s<\/strong>. <\/p>\n\n\n\n<h2 class=\"wp-block-heading\"><span class=\"ez-toc-section\" id=\"Reactions_cutanees_chez_bebe_ce_quil_faut_retenir\"><\/span>R\u00e9actions cutan\u00e9es chez b\u00e9b\u00e9 : ce qu\u2019il faut retenir<span class=\"ez-toc-section-end\"><\/span><\/h2>\n\n\n\n<p>La peau de b\u00e9b\u00e9 peut facilement avoir des r\u00e9actions cutan\u00e9es. Souvent b\u00e9nignes, il ne faut pas h\u00e9siter \u00e0 demander conseil aupr\u00e8s d\u2019un professionnel de sant\u00e9.&nbsp;<\/p>\n\n\n\n<p>Rappelez-vous que pour limiter les r\u00e9actions cutan\u00e9es et prot\u00e9ger la peau de b\u00e9b\u00e9, il est n\u00e9cessaire de :<\/p>\n\n\n\n<ul class=\"wp-block-list\">\n<li>privil\u00e9gier les v\u00eatements en coton (voire en coton bio) pour ne pas <strong>agresser sa peau sensible<\/strong> ;&nbsp;<\/li>\n\n\n\n<li>\u00e9viter les <strong>substances nocives et irritantes<\/strong> pour b\u00e9b\u00e9 (lessive, adoucissant, cr\u00e8mes&#8230;) ;<\/li>\n\n\n\n<li>limiter les produits, ses petits soucis de peau partiront d\u2019eux-m\u00eames ;<\/li>\n\n\n\n<li>r\u00e9aliser une toilette r\u00e9guli\u00e8re en prenant soin de bien s\u00e9cher b\u00e9b\u00e9 apr\u00e8s le bain.<\/li>\n<\/ul>\n\n\n\n<p><a href=\"https:\/\/www.lespetitsculottes.com\/blog\/mon-bebe-a-la-peau-seche-que-faire\/\">Mon b\u00e9b\u00e9 a la peau s\u00e8che, que faire ?<\/a><\/p>\n\n\n\n<p><\/p>\n","protected":false},"excerpt":{"rendered":"<p>La peau de p\u00eache de b\u00e9b\u00e9 est sensible et r\u00e9agit [&hellip;]<\/p>\n","protected":false},"author":1,"featured_media":166,"comment_status":"closed","ping_status":"closed","sticky":false,"template":"","format":"standard","meta":{"footnotes":""},"categories":[10],"class_list":["post-57","post","type-post","status-publish","format-standard","has-post-thumbnail","hentry","category-bebe-culotte"],"yoast_head":"<!-- This site is optimized with the Yoast SEO plugin v26.2 - https:\/\/yoast.com\/wordpress\/plugins\/seo\/ -->\n<title>\u25b7 R\u00e9actions Cutan\u00e9es chez B\u00e9b\u00e9 : Quand la Peau fait des Siennes<\/title>\n<meta name=\"description\" content=\"La Peau de B\u00e9b\u00e9 est tr\u00e8s fragile et peut parfois \u00eatre r\u00e9active. D\u00e9couvrez les 5 R\u00e9actions Cutan\u00e9es les plus courantes et souvent b\u00e9nignes chez b\u00e9b\u00e9.\" \/>\n<meta name=\"robots\" content=\"index, follow, max-snippet:-1, max-image-preview:large, max-video-preview:-1\" \/>\n<link rel=\"canonical\" href=\"https:\/\/www.lespetitsculottes.com\/blog\/reactions-cutanees-chez-bebe\/\" \/>\n<meta property=\"og:locale\" content=\"fr_FR\" \/>\n<meta property=\"og:type\" content=\"article\" \/>\n<meta property=\"og:title\" content=\"\u25b7 R\u00e9actions Cutan\u00e9es chez B\u00e9b\u00e9 : Quand la Peau fait des Siennes\" \/>\n<meta property=\"og:description\" content=\"La Peau de B\u00e9b\u00e9 est tr\u00e8s fragile et peut parfois \u00eatre r\u00e9active. D\u00e9couvrez les 5 R\u00e9actions Cutan\u00e9es les plus courantes et souvent b\u00e9nignes chez b\u00e9b\u00e9.\" \/>\n<meta property=\"og:url\" content=\"https:\/\/www.lespetitsculottes.com\/blog\/reactions-cutanees-chez-bebe\/\" \/>\n<meta property=\"og:site_name\" content=\"Les Petits Culott\u00e9s\" \/>\n<meta property=\"article:published_time\" content=\"2019-12-02T21:02:52+00:00\" \/>\n<meta property=\"article:modified_time\" content=\"2026-04-09T10:01:37+00:00\" \/>\n<meta property=\"og:image\" content=\"https:\/\/www.lespetitsculottes.com\/blog\/wp-content\/uploads\/2020\/03\/Re\u0301actions-cutane\u0301es-chez-be\u0301be\u0301-que-se-passe-t-il-.jpg\" \/>\n\t<meta property=\"og:image:width\" content=\"830\" \/>\n\t<meta property=\"og:image:height\" content=\"560\" \/>\n\t<meta property=\"og:image:type\" content=\"image\/jpeg\" \/>\n<meta name=\"author\" content=\"Admin 23Prod\" \/>\n<meta name=\"twitter:card\" content=\"summary_large_image\" \/>\n<meta name=\"twitter:label1\" content=\"\u00c9crit par\" \/>\n\t<meta name=\"twitter:data1\" content=\"Admin 23Prod\" \/>\n\t<meta name=\"twitter:label2\" content=\"Dur\u00e9e de lecture estim\u00e9e\" \/>\n\t<meta name=\"twitter:data2\" content=\"7 minutes\" \/>\n<script type=\"application\/ld+json\" class=\"yoast-schema-graph\">{\"@context\":\"https:\/\/schema.org\",\"@graph\":[{\"@type\":\"WebPage\",\"@id\":\"https:\/\/www.lespetitsculottes.com\/blog\/reactions-cutanees-chez-bebe\/\",\"url\":\"https:\/\/www.lespetitsculottes.com\/blog\/reactions-cutanees-chez-bebe\/\",\"name\":\"\u25b7 R\u00e9actions Cutan\u00e9es chez B\u00e9b\u00e9 : Quand la Peau fait des Siennes\",\"isPartOf\":{\"@id\":\"https:\/\/www.lespetitsculottes.com\/blog\/#website\"},\"primaryImageOfPage\":{\"@id\":\"https:\/\/www.lespetitsculottes.com\/blog\/reactions-cutanees-chez-bebe\/#primaryimage\"},\"image\":{\"@id\":\"https:\/\/www.lespetitsculottes.com\/blog\/reactions-cutanees-chez-bebe\/#primaryimage\"},\"thumbnailUrl\":\"https:\/\/www.lespetitsculottes.com\/blog\/wp-content\/uploads\/2020\/03\/Re\u0301actions-cutane\u0301es-chez-be\u0301be\u0301-que-se-passe-t-il-.jpg\",\"datePublished\":\"2019-12-02T21:02:52+00:00\",\"dateModified\":\"2026-04-09T10:01:37+00:00\",\"author\":{\"@id\":\"https:\/\/www.lespetitsculottes.com\/blog\/#\/schema\/person\/d67501f1427510d030b375d864acaecb\"},\"description\":\"La Peau de B\u00e9b\u00e9 est tr\u00e8s fragile et peut parfois \u00eatre r\u00e9active. D\u00e9couvrez les 5 R\u00e9actions Cutan\u00e9es les plus courantes et souvent b\u00e9nignes chez b\u00e9b\u00e9.\",\"breadcrumb\":{\"@id\":\"https:\/\/www.lespetitsculottes.com\/blog\/reactions-cutanees-chez-bebe\/#breadcrumb\"},\"inLanguage\":\"fr-FR\",\"potentialAction\":[{\"@type\":\"ReadAction\",\"target\":[\"https:\/\/www.lespetitsculottes.com\/blog\/reactions-cutanees-chez-bebe\/\"]}]},{\"@type\":\"ImageObject\",\"inLanguage\":\"fr-FR\",\"@id\":\"https:\/\/www.lespetitsculottes.com\/blog\/reactions-cutanees-chez-bebe\/#primaryimage\",\"url\":\"https:\/\/www.lespetitsculottes.com\/blog\/wp-content\/uploads\/2020\/03\/Re\u0301actions-cutane\u0301es-chez-be\u0301be\u0301-que-se-passe-t-il-.jpg\",\"contentUrl\":\"https:\/\/www.lespetitsculottes.com\/blog\/wp-content\/uploads\/2020\/03\/Re\u0301actions-cutane\u0301es-chez-be\u0301be\u0301-que-se-passe-t-il-.jpg\",\"width\":830,\"height\":560,\"caption\":\"comprendre les r\u00e9actions cutan\u00e9es chez b\u00e9b\u00e9\"},{\"@type\":\"BreadcrumbList\",\"@id\":\"https:\/\/www.lespetitsculottes.com\/blog\/reactions-cutanees-chez-bebe\/#breadcrumb\",\"itemListElement\":[{\"@type\":\"ListItem\",\"position\":1,\"name\":\"Home\",\"item\":\"https:\/\/www.lespetitsculottes.com\/blog\/\"},{\"@type\":\"ListItem\",\"position\":2,\"name\":\"Rougeurs, boutons ou plaques : la peau fragile de b\u00e9b\u00e9 r\u00e9agit !\"}]},{\"@type\":\"WebSite\",\"@id\":\"https:\/\/www.lespetitsculottes.com\/blog\/#website\",\"url\":\"https:\/\/www.lespetitsculottes.com\/blog\/\",\"name\":\"Les petits culott\u00e9s\",\"description\":\"Le blog des Petits Culott\u00e9s\",\"potentialAction\":[{\"@type\":\"SearchAction\",\"target\":{\"@type\":\"EntryPoint\",\"urlTemplate\":\"https:\/\/www.lespetitsculottes.com\/blog\/?s={search_term_string}\"},\"query-input\":{\"@type\":\"PropertyValueSpecification\",\"valueRequired\":true,\"valueName\":\"search_term_string\"}}],\"inLanguage\":\"fr-FR\"},{\"@type\":\"Person\",\"@id\":\"https:\/\/www.lespetitsculottes.com\/blog\/#\/schema\/person\/d67501f1427510d030b375d864acaecb\",\"name\":\"Admin 23Prod\",\"image\":{\"@type\":\"ImageObject\",\"inLanguage\":\"fr-FR\",\"@id\":\"https:\/\/www.lespetitsculottes.com\/blog\/#\/schema\/person\/image\/\",\"url\":\"https:\/\/secure.gravatar.com\/avatar\/d07fc7773d840429da1fba32fa2027ef4f681ca12979b4997c63c8869d9a78ca?s=96&d=wp_user_avatar&r=g\",\"contentUrl\":\"https:\/\/secure.gravatar.com\/avatar\/d07fc7773d840429da1fba32fa2027ef4f681ca12979b4997c63c8869d9a78ca?s=96&d=wp_user_avatar&r=g\",\"caption\":\"Admin 23Prod\"},\"description\":\"D\u00e9veloppeur\",\"url\":\"https:\/\/www.lespetitsculottes.com\/blog\/auteur\/lpc\/\"}]}<\/script>\n<!-- \/ Yoast SEO plugin. -->","yoast_head_json":{"title":"\u25b7 R\u00e9actions Cutan\u00e9es chez B\u00e9b\u00e9 : Quand la Peau fait des Siennes","description":"La Peau de B\u00e9b\u00e9 est tr\u00e8s fragile et peut parfois \u00eatre r\u00e9active. D\u00e9couvrez les 5 R\u00e9actions Cutan\u00e9es les plus courantes et souvent b\u00e9nignes chez b\u00e9b\u00e9.","robots":{"index":"index","follow":"follow","max-snippet":"max-snippet:-1","max-image-preview":"max-image-preview:large","max-video-preview":"max-video-preview:-1"},"canonical":"https:\/\/www.lespetitsculottes.com\/blog\/reactions-cutanees-chez-bebe\/","og_locale":"fr_FR","og_type":"article","og_title":"\u25b7 R\u00e9actions Cutan\u00e9es chez B\u00e9b\u00e9 : Quand la Peau fait des Siennes","og_description":"La Peau de B\u00e9b\u00e9 est tr\u00e8s fragile et peut parfois \u00eatre r\u00e9active. D\u00e9couvrez les 5 R\u00e9actions Cutan\u00e9es les plus courantes et souvent b\u00e9nignes chez b\u00e9b\u00e9.","og_url":"https:\/\/www.lespetitsculottes.com\/blog\/reactions-cutanees-chez-bebe\/","og_site_name":"Les Petits Culott\u00e9s","article_published_time":"2019-12-02T21:02:52+00:00","article_modified_time":"2026-04-09T10:01:37+00:00","og_image":[{"width":830,"height":560,"url":"https:\/\/www.lespetitsculottes.com\/blog\/wp-content\/uploads\/2020\/03\/Re\u0301actions-cutane\u0301es-chez-be\u0301be\u0301-que-se-passe-t-il-.jpg","type":"image\/jpeg"}],"author":"Admin 23Prod","twitter_card":"summary_large_image","twitter_misc":{"\u00c9crit par":"Admin 23Prod","Dur\u00e9e de lecture estim\u00e9e":"7 minutes"},"schema":{"@context":"https:\/\/schema.org","@graph":[{"@type":"WebPage","@id":"https:\/\/www.lespetitsculottes.com\/blog\/reactions-cutanees-chez-bebe\/","url":"https:\/\/www.lespetitsculottes.com\/blog\/reactions-cutanees-chez-bebe\/","name":"\u25b7 R\u00e9actions Cutan\u00e9es chez B\u00e9b\u00e9 : Quand la Peau fait des Siennes","isPartOf":{"@id":"https:\/\/www.lespetitsculottes.com\/blog\/#website"},"primaryImageOfPage":{"@id":"https:\/\/www.lespetitsculottes.com\/blog\/reactions-cutanees-chez-bebe\/#primaryimage"},"image":{"@id":"https:\/\/www.lespetitsculottes.com\/blog\/reactions-cutanees-chez-bebe\/#primaryimage"},"thumbnailUrl":"https:\/\/www.lespetitsculottes.com\/blog\/wp-content\/uploads\/2020\/03\/Re\u0301actions-cutane\u0301es-chez-be\u0301be\u0301-que-se-passe-t-il-.jpg","datePublished":"2019-12-02T21:02:52+00:00","dateModified":"2026-04-09T10:01:37+00:00","author":{"@id":"https:\/\/www.lespetitsculottes.com\/blog\/#\/schema\/person\/d67501f1427510d030b375d864acaecb"},"description":"La Peau de B\u00e9b\u00e9 est tr\u00e8s fragile et peut parfois \u00eatre r\u00e9active. D\u00e9couvrez les 5 R\u00e9actions Cutan\u00e9es les plus courantes et souvent b\u00e9nignes chez b\u00e9b\u00e9.","breadcrumb":{"@id":"https:\/\/www.lespetitsculottes.com\/blog\/reactions-cutanees-chez-bebe\/#breadcrumb"},"inLanguage":"fr-FR","potentialAction":[{"@type":"ReadAction","target":["https:\/\/www.lespetitsculottes.com\/blog\/reactions-cutanees-chez-bebe\/"]}]},{"@type":"ImageObject","inLanguage":"fr-FR","@id":"https:\/\/www.lespetitsculottes.com\/blog\/reactions-cutanees-chez-bebe\/#primaryimage","url":"https:\/\/www.lespetitsculottes.com\/blog\/wp-content\/uploads\/2020\/03\/Re\u0301actions-cutane\u0301es-chez-be\u0301be\u0301-que-se-passe-t-il-.jpg","contentUrl":"https:\/\/www.lespetitsculottes.com\/blog\/wp-content\/uploads\/2020\/03\/Re\u0301actions-cutane\u0301es-chez-be\u0301be\u0301-que-se-passe-t-il-.jpg","width":830,"height":560,"caption":"comprendre les r\u00e9actions cutan\u00e9es chez b\u00e9b\u00e9"},{"@type":"BreadcrumbList","@id":"https:\/\/www.lespetitsculottes.com\/blog\/reactions-cutanees-chez-bebe\/#breadcrumb","itemListElement":[{"@type":"ListItem","position":1,"name":"Home","item":"https:\/\/www.lespetitsculottes.com\/blog\/"},{"@type":"ListItem","position":2,"name":"Rougeurs, boutons ou plaques : la peau fragile de b\u00e9b\u00e9 r\u00e9agit !"}]},{"@type":"WebSite","@id":"https:\/\/www.lespetitsculottes.com\/blog\/#website","url":"https:\/\/www.lespetitsculottes.com\/blog\/","name":"Les petits culott\u00e9s","description":"Le blog des Petits Culott\u00e9s","potentialAction":[{"@type":"SearchAction","target":{"@type":"EntryPoint","urlTemplate":"https:\/\/www.lespetitsculottes.com\/blog\/?s={search_term_string}"},"query-input":{"@type":"PropertyValueSpecification","valueRequired":true,"valueName":"search_term_string"}}],"inLanguage":"fr-FR"},{"@type":"Person","@id":"https:\/\/www.lespetitsculottes.com\/blog\/#\/schema\/person\/d67501f1427510d030b375d864acaecb","name":"Admin 23Prod","image":{"@type":"ImageObject","inLanguage":"fr-FR","@id":"https:\/\/www.lespetitsculottes.com\/blog\/#\/schema\/person\/image\/","url":"https:\/\/secure.gravatar.com\/avatar\/d07fc7773d840429da1fba32fa2027ef4f681ca12979b4997c63c8869d9a78ca?s=96&d=wp_user_avatar&r=g","contentUrl":"https:\/\/secure.gravatar.com\/avatar\/d07fc7773d840429da1fba32fa2027ef4f681ca12979b4997c63c8869d9a78ca?s=96&d=wp_user_avatar&r=g","caption":"Admin 23Prod"},"description":"D\u00e9veloppeur","url":"https:\/\/www.lespetitsculottes.com\/blog\/auteur\/lpc\/"}]}},"_links":{"self":[{"href":"https:\/\/www.lespetitsculottes.com\/blog\/wp-json\/wp\/v2\/posts\/57","targetHints":{"allow":["GET"]}}],"collection":[{"href":"https:\/\/www.lespetitsculottes.com\/blog\/wp-json\/wp\/v2\/posts"}],"about":[{"href":"https:\/\/www.lespetitsculottes.com\/blog\/wp-json\/wp\/v2\/types\/post"}],"author":[{"embeddable":true,"href":"https:\/\/www.lespetitsculottes.com\/blog\/wp-json\/wp\/v2\/users\/1"}],"replies":[{"embeddable":true,"href":"https:\/\/www.lespetitsculottes.com\/blog\/wp-json\/wp\/v2\/comments?post=57"}],"version-history":[{"count":13,"href":"https:\/\/www.lespetitsculottes.com\/blog\/wp-json\/wp\/v2\/posts\/57\/revisions"}],"predecessor-version":[{"id":4722,"href":"https:\/\/www.lespetitsculottes.com\/blog\/wp-json\/wp\/v2\/posts\/57\/revisions\/4722"}],"wp:featuredmedia":[{"embeddable":true,"href":"https:\/\/www.lespetitsculottes.com\/blog\/wp-json\/wp\/v2\/media\/166"}],"wp:attachment":[{"href":"https:\/\/www.lespetitsculottes.com\/blog\/wp-json\/wp\/v2\/media?parent=57"}],"wp:term":[{"taxonomy":"category","embeddable":true,"href":"https:\/\/www.lespetitsculottes.com\/blog\/wp-json\/wp\/v2\/categories?post=57"}],"curies":[{"name":"wp","href":"https:\/\/api.w.org\/{rel}","templated":true}]}}