{"id":675,"date":"2021-04-08T17:00:37","date_gmt":"2021-04-08T15:00:37","guid":{"rendered":"http:\/\/www.lespetitsculottes.com\/blog\/?p=675"},"modified":"2026-04-28T16:46:24","modified_gmt":"2026-04-28T14:46:24","slug":"deroulement-sejour-maternite","status":"publish","type":"post","link":"https:\/\/www.lespetitsculottes.com\/blog\/deroulement-sejour-maternite\/","title":{"rendered":"S\u00e9jour \u00e0 la maternit\u00e9 : comment \u00e7a se passe ?"},"content":{"rendered":"<div id=\"ez-toc-container\" class=\"ez-toc-v2_0_76 counter-hierarchy ez-toc-counter ez-toc-white ez-toc-container-direction\">\n<div class=\"ez-toc-title-container\"><p class=\"ez-toc-title\" style=\"cursor:inherit\">Sommaire<\/p>\n<\/div><nav><ul class='ez-toc-list ez-toc-list-level-1 ' ><li class='ez-toc-page-1 ez-toc-heading-level-2'><a class=\"ez-toc-link ez-toc-heading-1\" href=\"https:\/\/www.lespetitsculottes.com\/blog\/deroulement-sejour-maternite\/#Combien_de_jours_dure_un_sejour_maternite_apres_laccouchement\" >Combien de jours dure un s\u00e9jour maternit\u00e9 apr\u00e8s l\u2019accouchement ?<\/a><\/li><li class='ez-toc-page-1 ez-toc-heading-level-2'><a class=\"ez-toc-link ez-toc-heading-2\" href=\"https:\/\/www.lespetitsculottes.com\/blog\/deroulement-sejour-maternite\/#Peut-on_sortir_plus_tot_que_prevu_de_la_maternite\" >Peut-on sortir plus t\u00f4t que pr\u00e9vu de la maternit\u00e9 ?<\/a><\/li><li class='ez-toc-page-1 ez-toc-heading-level-2'><a class=\"ez-toc-link ez-toc-heading-3\" href=\"https:\/\/www.lespetitsculottes.com\/blog\/deroulement-sejour-maternite\/#Quelle_est_la_duree_du_sejour_a_la_maternite_apres_une_cesarienne\" >Quelle est la dur\u00e9e du s\u00e9jour \u00e0 la maternit\u00e9 apr\u00e8s une c\u00e9sarienne ?<\/a><\/li><li class='ez-toc-page-1 ez-toc-heading-level-2'><a class=\"ez-toc-link ez-toc-heading-4\" href=\"https:\/\/www.lespetitsculottes.com\/blog\/deroulement-sejour-maternite\/#La_journee_type_a_la_maternite\" >La journ\u00e9e type \u00e0 la maternit\u00e9<\/a><ul class='ez-toc-list-level-3' ><li class='ez-toc-heading-level-3'><a class=\"ez-toc-link ez-toc-heading-5\" href=\"https:\/\/www.lespetitsculottes.com\/blog\/deroulement-sejour-maternite\/#Le_matin_place_aux_soins\" >Le matin : place aux soins<\/a><\/li><li class='ez-toc-page-1 ez-toc-heading-level-3'><a class=\"ez-toc-link ez-toc-heading-6\" href=\"https:\/\/www.lespetitsculottes.com\/blog\/deroulement-sejour-maternite\/#Lapres-midi_repos_et_visites\" >L\u2019apr\u00e8s-midi&nbsp;: repos et visites<\/a><\/li><li class='ez-toc-page-1 ez-toc-heading-level-3'><a class=\"ez-toc-link ez-toc-heading-7\" href=\"https:\/\/www.lespetitsculottes.com\/blog\/deroulement-sejour-maternite\/#La_nuit_un_rythme_plus_ou_moins_mouvemente\" >La nuit&nbsp;: un rythme plus ou moins mouvement\u00e9<\/a><\/li><\/ul><\/li><li class='ez-toc-page-1 ez-toc-heading-level-2'><a class=\"ez-toc-link ez-toc-heading-8\" href=\"https:\/\/www.lespetitsculottes.com\/blog\/deroulement-sejour-maternite\/#Les_visites_pendant_le_sejour\" >Les visites pendant le s\u00e9jour<\/a><\/li><li class='ez-toc-page-1 ez-toc-heading-level-2'><a class=\"ez-toc-link ez-toc-heading-9\" href=\"https:\/\/www.lespetitsculottes.com\/blog\/deroulement-sejour-maternite\/#Quel_est_le_role_du_papa_pendant_le_sejour_a_la_maternite\" >Quel est le r\u00f4le du papa pendant le s\u00e9jour \u00e0 la maternit\u00e9 ?<\/a><\/li><li class='ez-toc-page-1 ez-toc-heading-level-2'><a class=\"ez-toc-link ez-toc-heading-10\" href=\"https:\/\/www.lespetitsculottes.com\/blog\/deroulement-sejour-maternite\/#Que_se_passe-t-il_le_jour_de_la_sortie\" >Que se passe-t-il le jour de la sortie ?<\/a><\/li><li class='ez-toc-page-1 ez-toc-heading-level-2'><a class=\"ez-toc-link ez-toc-heading-11\" href=\"https:\/\/www.lespetitsculottes.com\/blog\/deroulement-sejour-maternite\/#Lessentiel_a_retenir_sur_votre_sejour_en_maternite\" >L\u2019essentiel \u00e0 retenir sur votre s\u00e9jour en maternit\u00e9<\/a><\/li><\/ul><\/nav><\/div>\n\n<p>Quel dr\u00f4le de nom que celui de \u00ab\u2009<strong>s\u00e9jour \u00e0 la maternit\u00e9\u2009\u00bb\u2009<\/strong>! Eh oui, ces quelques jours ne ressemblent pas vraiment \u00e0 l\u2019id\u00e9e du s\u00e9jour reposant et relaxant que l\u2019on pourrait imaginer. N\u00e9anmoins, il n\u2019en reste pas moins un moment \u00e0 part, unique qui va vous permettre de<strong> faire plus ample connaissance avec votre b\u00e9b\u00e9<\/strong> et de <strong>prendre soin de vous apr\u00e8s avoir accouch\u00e9<\/strong>. Voici quelques informations qui pourront vous \u00e9clairer sur ces premiers jours \u00e0 passer avec votre tout petit.<\/p>\n\n\n\n<h2 class=\"wp-block-heading\"><span class=\"ez-toc-section\" id=\"Combien_de_jours_dure_un_sejour_maternite_apres_laccouchement\"><\/span><strong>Combien de jours dure un s\u00e9jour maternit\u00e9 apr\u00e8s l\u2019accouchement ?<\/strong><span class=\"ez-toc-section-end\"><\/span><\/h2>\n\n\n\n<p>En r\u00e8gle g\u00e9n\u00e9rale, que vous accouchiez dans une clinique priv\u00e9e ou \u00e0 l\u2019h\u00f4pital public, il vous sera demand\u00e9 de rester entre 3 et 5 jours apr\u00e8s l\u2019accouchement. Mais cette dur\u00e9e reste purement indicative, car elle d\u00e9pend de plusieurs crit\u00e8res&nbsp;:&nbsp;<\/p>\n\n\n\n<ul class=\"wp-block-list\">\n<li><strong>accouchement par voie basse<\/strong> avec p\u00e9ridurale ;<\/li>\n\n\n\n<li>accouchement dit physiologique&nbsp;;<\/li>\n\n\n\n<li><strong>accouchement par c\u00e9sarienne<\/strong> (mobilit\u00e9 r\u00e9duite les premiers jours, soins particuliers de la cicatrice\u2026)&nbsp;;<\/li>\n\n\n\n<li>naissance multiple&nbsp;;<\/li>\n\n\n\n<li>b\u00e9b\u00e9 pr\u00e9matur\u00e9&nbsp;;<\/li>\n\n\n\n<li>\u00e9tat de sant\u00e9 physique et moral de la maman&nbsp;;<\/li>\n\n\n\n<li><strong>complications \u00e9ventuelles&nbsp;<\/strong>: h\u00e9morragies, fi\u00e8vre, probl\u00e8mes veineux\u2026&nbsp;;<\/li>\n\n\n\n<li>\u00e9tat de sant\u00e9 du b\u00e9b\u00e9, prise de poids&nbsp;;<\/li>\n\n\n\n<li>cr\u00e9ation du lien m\u00e8re-enfant&nbsp;;<\/li>\n\n\n\n<li>etc.<\/li>\n<\/ul>\n\n\n\n<h2 class=\"wp-block-heading\"><span class=\"ez-toc-section\" id=\"Peut-on_sortir_plus_tot_que_prevu_de_la_maternite\"><\/span><strong>Peut-on sortir plus t\u00f4t que pr\u00e9vu de la maternit\u00e9 ?<\/strong><span class=\"ez-toc-section-end\"><\/span><\/h2>\n\n\n\n<p>S\u2019il n\u2019y a aucun probl\u00e8me, que b\u00e9b\u00e9 est n\u00e9 \u00e0 terme (naissance \u00e0 38 semaines ou plus) et que toutes les conditions sont r\u00e9unies pour un retour pr\u00e9coce, le <a aria-label=\" (s\u2019ouvre dans un nouvel onglet)\" href=\"https:\/\/www.ameli.fr\/medecin\/exercice-liberal\/services-patients\/prado\" target=\"_blank\" rel=\"noreferrer noopener\">suivi PRADO mis en place par l\u2019Assurance Maladie<\/a> offre la possibilit\u00e9 aux jeunes mamans qui le souhaitent de revenir chez elles plus rapidement. <\/p>\n\n\n\n<p><strong>Parmi les crit\u00e8res importants pour une sortie anticip\u00e9e figure la courbe de poids de votre b\u00e9b\u00e9.<\/strong> Il est tout \u00e0 fait normal qu\u2019un nouveau-n\u00e9 perde un peu de poids apr\u00e8s la naissance \u2014 jusqu\u2019\u00e0 10 % de son poids initial dans les premiers jours. Ce ph\u00e9nom\u00e8ne est physiologique et surveill\u00e9 de pr\u00e8s pendant le s\u00e9jour. Avant de valider une sortie, l\u2019\u00e9quipe s\u2019assure que b\u00e9b\u00e9 commence \u00e0 reprendre du poids.&nbsp;<\/p>\n\n\n\n<p>Parlez-en avec le gyn\u00e9cologue-obst\u00e9tricien et\/ou l&rsquo;\u00e9quipe m\u00e9dicale sur place.<\/p>\n\n\n\n<h2 class=\"wp-block-heading\"><span class=\"ez-toc-section\" id=\"Quelle_est_la_duree_du_sejour_a_la_maternite_apres_une_cesarienne\"><\/span><strong>Quelle est la dur\u00e9e du s\u00e9jour \u00e0 la maternit\u00e9 apr\u00e8s une c\u00e9sarienne ?<\/strong><span class=\"ez-toc-section-end\"><\/span><\/h2>\n\n\n\n<p>Apr\u00e8s une c\u00e9sarienne, le s\u00e9jour \u00e0 la maternit\u00e9 est g\u00e9n\u00e9ralement un peu plus long que pour un accouchement par voie basse. Il faut en effet laisser le temps \u00e0 votre corps de r\u00e9cup\u00e9rer de cette intervention chirurgicale.&nbsp;<\/p>\n\n\n\n<p>En moyenne, la dur\u00e9e d\u2019une hospitalisation apr\u00e8s une c\u00e9sarienne est de 4 \u00e0 5 jours, mais cela peut varier en fonction de plusieurs facteurs : votre \u00e9tat de sant\u00e9 g\u00e9n\u00e9ral, la fa\u00e7on dont la cicatrice \u00e9volue, la r\u00e9cup\u00e9ration post-op\u00e9ratoire ou encore l\u2019\u00e9tat de sant\u00e9 de votre b\u00e9b\u00e9.<\/p>\n\n\n\n<p>Durant ces quelques jours, l\u2019\u00e9quipe m\u00e9dicale met en place une prise en charge adapt\u00e9e : surveillance de la cicatrice, gestion de la douleur, accompagnement pour les premiers soins \u00e0 b\u00e9b\u00e9, soutien \u00e9motionnel et accompagnement de l\u2019allaitement si vous le souhaitez.<\/p>\n\n\n\n<h2 class=\"wp-block-heading\"><span class=\"ez-toc-section\" id=\"La_journee_type_a_la_maternite\"><\/span>La journ\u00e9e type \u00e0 la maternit\u00e9<span class=\"ez-toc-section-end\"><\/span><\/h2>\n\n\n\n<h3 class=\"wp-block-heading\"><span class=\"ez-toc-section\" id=\"Le_matin_place_aux_soins\"><\/span>Le matin : place aux soins<span class=\"ez-toc-section-end\"><\/span><\/h3>\n\n\n\n<p>Apr\u00e8s un \u00ab\u2009d\u00e9licieux\u2009\u00bb petit-d\u00e9jeuner (ce repas est souvent le meilleur de la journ\u00e9e\u2009!), la matin\u00e9e est destin\u00e9e aux diff\u00e9rents <strong>soins m\u00e9dicaux pour vous et votre b\u00e9b\u00e9<\/strong>. Votre petit culott\u00e9 passera, entre autres, un <strong>test d\u2019audition<\/strong> et le <strong>test de Guthrie<\/strong>. Ce dernier permet de <strong>d\u00e9pister tr\u00e8s t\u00f4t plusieurs maladies<\/strong> comme l\u2019hypothyro\u00efdie, la ph\u00e9nylc\u00e9tonurie, l\u2019hyperplasie cong\u00e9nitale des surr\u00e9nales, la mucoviscidose et dans certains cas la dr\u00e9panocytose.*<\/p>\n\n\n\n<p>N\u2019h\u00e9sitez pas \u00e0 poser toutes vos questions aux sages-femmes, pu\u00e9ricultrices et auxiliaires de pu\u00e9riculture. Elles pourront vous apporter des conseils et vous aider pour&nbsp;:<\/p>\n\n\n\n<ul class=\"wp-block-list\">\n<li>r\u00e9ussir la mise en place de l\u2019allaitement ;<\/li>\n\n\n\n<li>conna\u00eetre la fr\u00e9quence des biberons ;<\/li>\n\n\n\n<li>bien changer votre b\u00e9b\u00e9 ;<\/li>\n\n\n\n<li>mieux comprendre le rythme de b\u00e9b\u00e9 ;<\/li>\n\n\n\n<li>soulager vos douleurs ;<\/li>\n\n\n\n<li>etc.<\/li>\n<\/ul>\n\n\n\n<p>Enfin, le matin, place au bain\u2009! Le papa sera d\u2019ailleurs le bienvenu pour participer avec vous \u00e0 la toilette du b\u00e9b\u00e9.&nbsp;<\/p>\n\n\n\n<h3 class=\"wp-block-heading\"><span class=\"ez-toc-section\" id=\"Lapres-midi_repos_et_visites\"><\/span>L\u2019apr\u00e8s-midi&nbsp;: repos et visites<span class=\"ez-toc-section-end\"><\/span><\/h3>\n\n\n\n<p>Les apr\u00e8s-midi seront plut\u00f4t r\u00e9serv\u00e9s au repos ou aux visites. Le d\u00eener \u00e9tant servi relativement t\u00f4t (vers 18h30 &#8211; 19h), vous aurez tout le loisir de contempler votre ch\u00e9rubin pendant la soir\u00e9e. Pensez \u00e0 reprendre des forces\u2009! Si le papa peut \u00eatre pr\u00e9sent la journ\u00e9e \u00e0 la maternit\u00e9, il pourra vous <strong>relayer pour s\u2019occuper de b\u00e9b\u00e9<\/strong> pendant que vous vous reposez.&nbsp;<\/p>\n\n\n\n<hr class=\"wp-block-separator has-css-opacity is-style-wide\"\/>\n\n\n\n<p><em>L\u2019id\u00e9e culott\u00e9e&nbsp;: <\/em><br><em>Demandez au papa de vous apporter un d\u00e9licieux go\u00fbter vitamin\u00e9 avec vos petits plaisirs pr\u00e9f\u00e9r\u00e9s&nbsp;comme des biscuits au chocolat, des fruits, des fruits secs\u2026 Ces encas permettront de compenser les repas de la maternit\u00e9, qui ne sont pas toujours dignes d\u2019un restaurant 4 \u00e9toiles, il faut \u00eatre honn\u00eate\u2026<\/em><\/p>\n\n\n\n<hr class=\"wp-block-separator has-css-opacity is-style-wide\"\/>\n\n\n\n<h3 class=\"wp-block-heading\"><span class=\"ez-toc-section\" id=\"La_nuit_un_rythme_plus_ou_moins_mouvemente\"><\/span>La nuit&nbsp;: un rythme plus ou moins mouvement\u00e9<span class=\"ez-toc-section-end\"><\/span><\/h3>\n\n\n\n<p><strong>La premi\u00e8re nuit <\/strong>est souvent calme, car<strong> b\u00e9b\u00e9 r\u00e9cup\u00e8re de l\u2019accouchement<\/strong> qui a exig\u00e9 de lui beaucoup d\u2019\u00e9nergie. Les nuits suivantes seront plus \u00ab\u2009actives\u2009\u00bb et ne seront pas forc\u00e9ment de tout repos. En effet, votre enfant pourra exprimer&nbsp;:<\/p>\n\n\n\n<ul class=\"wp-block-list\">\n<li>son besoin de manger (une \u00e0 plusieurs fois dans la nuit)&nbsp;;<\/li>\n\n\n\n<li>la n\u00e9cessit\u00e9 d\u2019\u00eatre chang\u00e9&nbsp;;<\/li>\n\n\n\n<li>son envie d\u2019\u00eatre rassur\u00e9, d\u2019\u00eatre berc\u00e9&nbsp;;<\/li>\n\n\n\n<li>etc.<\/li>\n<\/ul>\n\n\n\n<p>Si vous sentez que la fatigue prend le dessus et que le co-parent ne dort pas sur place, les maternit\u00e9s sont pourvues d\u2019une <strong>nursery pour accueillir b\u00e9b\u00e9 <\/strong>pendant que vous dormez. Cette option est cependant \u00e0 \u00e9viter si vous souhaitez <strong>mettre en place un allaitement exclusif<\/strong>, car les d\u00e9buts n\u00e9cessitent d\u2019avoir votre b\u00e9b\u00e9 le plus possible \u00e0 vos c\u00f4t\u00e9s afin de favoriser, entre autres, la <strong>mont\u00e9e de lait<\/strong>. Nous vous invitons \u00e0 en discuter avec l\u2019\u00e9quipe soignante sur place.<\/p>\n\n\n\n<hr class=\"wp-block-separator has-css-opacity is-style-wide\"\/>\n\n\n\n<p><em>La remarque culott\u00e9e&nbsp;: <\/em><br><em>Les larmes coulent, vous avez peur, vous \u00eates \u00e9reint\u00e9e ou ressentez une certaine angoisse\u2009? Vous ne savez pas <a href=\"https:\/\/www.lespetitsculottes.com\/blog\/pourquoi-bebe-pleure\/\" target=\"_blank\" rel=\"noreferrer noopener\" aria-label=\" (s\u2019ouvre dans un nouvel onglet)\">pourquoi b\u00e9b\u00e9 ne cesse de pleurer<\/a> ? De nuit comme de jour, n\u2019h\u00e9sitez surtout pas \u00e0 <\/em><strong><em>exprimer vos \u00e9motions<\/em><\/strong><em> ou votre mal-\u00eatre aux sages-femmes et aux pu\u00e9ricultrices pr\u00e9sentes. Elles seront les plus \u00e0 m\u00eame de vous \u00e9pauler et de trouver avec vous les meilleures solutions \u00e0 mettre en place.<\/em><\/p>\n\n\n\n<hr class=\"wp-block-separator has-css-opacity is-style-wide\"\/>\n\n\n\n<h2 class=\"wp-block-heading\"><span class=\"ez-toc-section\" id=\"Les_visites_pendant_le_sejour\"><\/span>Les visites pendant le s\u00e9jour<span class=\"ez-toc-section-end\"><\/span><\/h2>\n\n\n\n<p>De mani\u00e8re g\u00e9n\u00e9rale,<strong> les visites sont autoris\u00e9es les apr\u00e8s-midi<\/strong> jusqu\u2019\u00e0 20h. Bien entendu, pour les papas, c\u2019est tout \u00e0 fait diff\u00e9rent. Pour information, sachez que <strong>les jeunes enfants ne sont pas accept\u00e9s<\/strong>, <strong>except\u00e9 les fr\u00e8res et s\u0153urs du nouveau-n\u00e9<\/strong>. Pensez \u00e0 espacer les visites pour vous garantir des moments de repos et de calme avec votre b\u00e9b\u00e9, surtout si les nuits sont assez agit\u00e9es. Lui comme vous en avez grandement besoin\u2009!<\/p>\n\n\n\n<p>Quant \u00e0 dire oui ou non aux visites ext\u00e9rieures, rappelez-vous que ces <strong>quelques jours \u00e0 la maternit\u00e9 <\/strong>sont aussi l\u2019occasion pour vous, jeune maman combl\u00e9e, de prendre le temps de d\u00e9couvrir votre tout-petit, de profiter de cette bulle avec votre conjoint, de vous approprier de <strong>nouveaux gestes du quotidien<\/strong> et de prendre soin de vous. Aussi, nous vous conseillons fortement de <strong>limiter les visites \u00e0 la maternit\u00e9<\/strong>. Oui, votre famille et vos amis veulent \u00e0 tout prix voir ce petit ange tant attendu, v\u00e9rifier leurs pronostics sur la possible ressemblance avec le papa ou la maman\u2026 Mais, tout cela peut attendre que vous, votre enfant et le papa ayez pris vos marques.&nbsp;<\/p>\n\n\n\n<p>Pendant la grossesse, pr\u00e9venez autour de vous que vous pr\u00e9f\u00e9rez <strong>organiser la rencontre entre b\u00e9b\u00e9 et la famille\/les amis chez vous<\/strong>. Celle-ci aura lieu quand vous vous serez un tant soit peu remise de l\u2019accouchement et que vous vous serez habitu\u00e9s \u00e0 cette nouvelle vie \u00e0 trois. L\u2019accueil sera d\u2019autant plus convivial et sympathique que dans une chambre d\u2019h\u00f4pital relativement \u00e9troite et souvent peu chaleureuse. Vous n\u2019\u00eates pas d\u2019accord\u2009?&nbsp;<\/p>\n\n\n\n<h2 class=\"wp-block-heading\"><span class=\"ez-toc-section\" id=\"Quel_est_le_role_du_papa_pendant_le_sejour_a_la_maternite\"><\/span><strong>Quel est le r\u00f4le du papa pendant le s\u00e9jour \u00e0 la maternit\u00e9 ?<\/strong><span class=\"ez-toc-section-end\"><\/span><\/h2>\n\n\n\n<p>On parle souvent de la maman, mais le second parent a, lui aussi, un r\u00f4le de premier plan durant le s\u00e9jour \u00e0 la maternit\u00e9. <strong>Pr\u00e9sent d\u00e8s les premi\u00e8res heures<\/strong>, il devient un v\u00e9ritable pilier pour la jeune maman : soutien moral, relais pour les soins, implication dans les premiers gestes avec b\u00e9b\u00e9, \u00e9coute et encouragements\u2026&nbsp;<\/p>\n\n\n\n<p>Mais son r\u00f4le ne s\u2019arr\u00eate pas \u00e0 la chambre de maternit\u00e9. <strong>Il est aussi le grand chef d\u2019orchestre de la logistique<\/strong> : achats de derni\u00e8re minute (les fameuses t\u00e9tines oubli\u00e9es ou le coussin d\u2019allaitement indispensable), rangement de la maison avant le retour, pr\u00e9paration du petit cocon familial, ou encore d\u00e9marches administratives comme la d\u00e9claration de naissance en mairie. Pour all\u00e9ger cette organisation, un <a href=\"https:\/\/www.lespetitsculottes.com\/fr\/accueil\/9-abonnement-couche-bio.html\">abonnement de couches<\/a> peut aussi permettre de pr\u00e9voir les changes d\u00e8s le retour \u00e0 la maison, sans achat de derni\u00e8re minute.<\/p>\n\n\n\n<p>Un vrai super parent culott\u00e9, d\u00e9j\u00e0 sur le pont !<\/p>\n\n\n\n<h2 class=\"wp-block-heading\"><span class=\"ez-toc-section\" id=\"Que_se_passe-t-il_le_jour_de_la_sortie\"><\/span><strong>Que se passe-t-il le jour de la sortie ?<\/strong><span class=\"ez-toc-section-end\"><\/span><\/h2>\n\n\n\n<p>Le jour du retour \u00e0 la maison, l\u2019\u00e9quipe m\u00e9dicale s\u2019assure que tout est en ordre : \u00e9tat de sant\u00e9 de maman et b\u00e9b\u00e9, pes\u00e9e, soins, prescriptions\u2026 Vous recevrez un carnet de sant\u00e9 pour b\u00e9b\u00e9, un certificat de sortie et des conseils pour les jours \u00e0 venir. Si vous avez choisi le suivi PRADO, une sage-femme prendra bient\u00f4t le relais \u00e0 domicile.<\/p>\n\n\n\n<h2 class=\"wp-block-heading\"><span class=\"ez-toc-section\" id=\"Lessentiel_a_retenir_sur_votre_sejour_en_maternite\"><\/span>L\u2019essentiel \u00e0 retenir sur votre s\u00e9jour en maternit\u00e9<span class=\"ez-toc-section-end\"><\/span><\/h2>\n\n\n\n<p>Que la dur\u00e9e du s\u00e9jour soit de 3, 4, 5 jours ou plus, prenez le temps de cr\u00e9er votre relation, votre lien avec le nouvel amour de votre vie.&nbsp;<\/p>\n\n\n\n<p>Votre corps a chang\u00e9, vos hormones jouent au yo-yo, allaiter n\u2019est pas toujours ais\u00e9 et la fatigue peut s\u2019inviter. Bref, tout cela peut vous affecter et vous inqui\u00e9ter. Surtout, ne restez pas seule avec vos questions. L\u2019\u00e9quipe m\u00e9dicale est \u00e0 votre \u00e9coute pendant toute la dur\u00e9e de votre s\u00e9jour (mais aussi apr\u00e8s votre sortie de la maternit\u00e9, avec les <strong>rendez-vous de suivi<\/strong> et le relais avec la PMI notamment) pour vous aider dans les difficult\u00e9s que vous pourriez rencontrer. Leurs conseils sont pr\u00e9cieux pour d\u00e9marrer cette nouvelle vie de super maman culott\u00e9e de la meilleure des fa\u00e7ons.&nbsp;<\/p>\n\n\n\n<p class=\"has-small-font-size\">* Source&nbsp;: https:\/\/www.has-sante.fr\/jcms\/p_3149627\/fr\/depistage-neonatal-quelles-maladies-depister<\/p>\n\n\n\n<p><\/p>\n","protected":false},"excerpt":{"rendered":"<p>Quel dr\u00f4le de nom que celui de \u00ab\u2009s\u00e9jour \u00e0 la [&hellip;]<\/p>\n","protected":false},"author":1,"featured_media":677,"comment_status":"closed","ping_status":"closed","sticky":false,"template":"","format":"standard","meta":{"footnotes":""},"categories":[11],"class_list":["post-675","post","type-post","status-publish","format-standard","has-post-thumbnail","hentry","category-grossesse-et-parentalite"],"yoast_head":"<!-- This site is optimized with the Yoast SEO plugin v26.2 - https:\/\/yoast.com\/wordpress\/plugins\/seo\/ -->\n<title>S\u00e9jour maternit\u00e9 : tout ce qu\u2019il faut savoir<\/title>\n<meta name=\"description\" content=\"Futur papa ou maman, vous souhaitez avoir plus d\u2019infos pratiques et utiles sur le S\u00e9jour \u00e0 la Maternit\u00e9\u2009? On r\u00e9pond \u00e0 vos questions dans cet article.\" \/>\n<meta name=\"robots\" content=\"index, follow, max-snippet:-1, max-image-preview:large, max-video-preview:-1\" \/>\n<link rel=\"canonical\" href=\"https:\/\/www.lespetitsculottes.com\/blog\/deroulement-sejour-maternite\/\" \/>\n<meta property=\"og:locale\" content=\"fr_FR\" \/>\n<meta property=\"og:type\" content=\"article\" \/>\n<meta property=\"og:title\" content=\"S\u00e9jour maternit\u00e9 : tout ce qu\u2019il faut savoir\" \/>\n<meta property=\"og:description\" content=\"Futur papa ou maman, vous souhaitez avoir plus d\u2019infos pratiques et utiles sur le S\u00e9jour \u00e0 la Maternit\u00e9\u2009? On r\u00e9pond \u00e0 vos questions dans cet article.\" \/>\n<meta property=\"og:url\" content=\"https:\/\/www.lespetitsculottes.com\/blog\/deroulement-sejour-maternite\/\" \/>\n<meta property=\"og:site_name\" content=\"Les Petits Culott\u00e9s\" \/>\n<meta property=\"article:published_time\" content=\"2021-04-08T15:00:37+00:00\" \/>\n<meta property=\"article:modified_time\" content=\"2026-04-28T14:46:24+00:00\" \/>\n<meta property=\"og:image\" content=\"https:\/\/www.lespetitsculottes.com\/blog\/wp-content\/uploads\/2021\/04\/sejour-maternite.jpg\" \/>\n\t<meta property=\"og:image:width\" content=\"830\" \/>\n\t<meta property=\"og:image:height\" content=\"560\" \/>\n\t<meta property=\"og:image:type\" content=\"image\/jpeg\" \/>\n<meta name=\"author\" content=\"Admin 23Prod\" \/>\n<meta name=\"twitter:card\" content=\"summary_large_image\" \/>\n<meta name=\"twitter:label1\" content=\"\u00c9crit par\" \/>\n\t<meta name=\"twitter:data1\" content=\"Admin 23Prod\" \/>\n\t<meta name=\"twitter:label2\" content=\"Dur\u00e9e de lecture estim\u00e9e\" \/>\n\t<meta name=\"twitter:data2\" content=\"9 minutes\" \/>\n<script type=\"application\/ld+json\" class=\"yoast-schema-graph\">{\"@context\":\"https:\/\/schema.org\",\"@graph\":[{\"@type\":\"WebPage\",\"@id\":\"https:\/\/www.lespetitsculottes.com\/blog\/deroulement-sejour-maternite\/\",\"url\":\"https:\/\/www.lespetitsculottes.com\/blog\/deroulement-sejour-maternite\/\",\"name\":\"S\u00e9jour maternit\u00e9 : tout ce qu\u2019il faut savoir\",\"isPartOf\":{\"@id\":\"https:\/\/www.lespetitsculottes.com\/blog\/#website\"},\"primaryImageOfPage\":{\"@id\":\"https:\/\/www.lespetitsculottes.com\/blog\/deroulement-sejour-maternite\/#primaryimage\"},\"image\":{\"@id\":\"https:\/\/www.lespetitsculottes.com\/blog\/deroulement-sejour-maternite\/#primaryimage\"},\"thumbnailUrl\":\"https:\/\/www.lespetitsculottes.com\/blog\/wp-content\/uploads\/2021\/04\/sejour-maternite.jpg\",\"datePublished\":\"2021-04-08T15:00:37+00:00\",\"dateModified\":\"2026-04-28T14:46:24+00:00\",\"author\":{\"@id\":\"https:\/\/www.lespetitsculottes.com\/blog\/#\/schema\/person\/d67501f1427510d030b375d864acaecb\"},\"description\":\"Futur papa ou maman, vous souhaitez avoir plus d\u2019infos pratiques et utiles sur le S\u00e9jour \u00e0 la Maternit\u00e9\u2009? On r\u00e9pond \u00e0 vos questions dans cet article.\",\"breadcrumb\":{\"@id\":\"https:\/\/www.lespetitsculottes.com\/blog\/deroulement-sejour-maternite\/#breadcrumb\"},\"inLanguage\":\"fr-FR\",\"potentialAction\":[{\"@type\":\"ReadAction\",\"target\":[\"https:\/\/www.lespetitsculottes.com\/blog\/deroulement-sejour-maternite\/\"]}]},{\"@type\":\"ImageObject\",\"inLanguage\":\"fr-FR\",\"@id\":\"https:\/\/www.lespetitsculottes.com\/blog\/deroulement-sejour-maternite\/#primaryimage\",\"url\":\"https:\/\/www.lespetitsculottes.com\/blog\/wp-content\/uploads\/2021\/04\/sejour-maternite.jpg\",\"contentUrl\":\"https:\/\/www.lespetitsculottes.com\/blog\/wp-content\/uploads\/2021\/04\/sejour-maternite.jpg\",\"width\":830,\"height\":560,\"caption\":\"Cr\u00e9dit photo : canva\"},{\"@type\":\"BreadcrumbList\",\"@id\":\"https:\/\/www.lespetitsculottes.com\/blog\/deroulement-sejour-maternite\/#breadcrumb\",\"itemListElement\":[{\"@type\":\"ListItem\",\"position\":1,\"name\":\"Home\",\"item\":\"https:\/\/www.lespetitsculottes.com\/blog\/\"},{\"@type\":\"ListItem\",\"position\":2,\"name\":\"S\u00e9jour \u00e0 la maternit\u00e9 : comment \u00e7a se passe ?\"}]},{\"@type\":\"WebSite\",\"@id\":\"https:\/\/www.lespetitsculottes.com\/blog\/#website\",\"url\":\"https:\/\/www.lespetitsculottes.com\/blog\/\",\"name\":\"Les petits culott\u00e9s\",\"description\":\"Le blog des Petits Culott\u00e9s\",\"potentialAction\":[{\"@type\":\"SearchAction\",\"target\":{\"@type\":\"EntryPoint\",\"urlTemplate\":\"https:\/\/www.lespetitsculottes.com\/blog\/?s={search_term_string}\"},\"query-input\":{\"@type\":\"PropertyValueSpecification\",\"valueRequired\":true,\"valueName\":\"search_term_string\"}}],\"inLanguage\":\"fr-FR\"},{\"@type\":\"Person\",\"@id\":\"https:\/\/www.lespetitsculottes.com\/blog\/#\/schema\/person\/d67501f1427510d030b375d864acaecb\",\"name\":\"Admin 23Prod\",\"image\":{\"@type\":\"ImageObject\",\"inLanguage\":\"fr-FR\",\"@id\":\"https:\/\/www.lespetitsculottes.com\/blog\/#\/schema\/person\/image\/\",\"url\":\"https:\/\/secure.gravatar.com\/avatar\/d07fc7773d840429da1fba32fa2027ef4f681ca12979b4997c63c8869d9a78ca?s=96&d=wp_user_avatar&r=g\",\"contentUrl\":\"https:\/\/secure.gravatar.com\/avatar\/d07fc7773d840429da1fba32fa2027ef4f681ca12979b4997c63c8869d9a78ca?s=96&d=wp_user_avatar&r=g\",\"caption\":\"Admin 23Prod\"},\"description\":\"D\u00e9veloppeur\",\"url\":\"https:\/\/www.lespetitsculottes.com\/blog\/auteur\/lpc\/\"}]}<\/script>\n<!-- \/ Yoast SEO plugin. -->","yoast_head_json":{"title":"S\u00e9jour maternit\u00e9 : tout ce qu\u2019il faut savoir","description":"Futur papa ou maman, vous souhaitez avoir plus d\u2019infos pratiques et utiles sur le S\u00e9jour \u00e0 la Maternit\u00e9\u2009? On r\u00e9pond \u00e0 vos questions dans cet article.","robots":{"index":"index","follow":"follow","max-snippet":"max-snippet:-1","max-image-preview":"max-image-preview:large","max-video-preview":"max-video-preview:-1"},"canonical":"https:\/\/www.lespetitsculottes.com\/blog\/deroulement-sejour-maternite\/","og_locale":"fr_FR","og_type":"article","og_title":"S\u00e9jour maternit\u00e9 : tout ce qu\u2019il faut savoir","og_description":"Futur papa ou maman, vous souhaitez avoir plus d\u2019infos pratiques et utiles sur le S\u00e9jour \u00e0 la Maternit\u00e9\u2009? On r\u00e9pond \u00e0 vos questions dans cet article.","og_url":"https:\/\/www.lespetitsculottes.com\/blog\/deroulement-sejour-maternite\/","og_site_name":"Les Petits Culott\u00e9s","article_published_time":"2021-04-08T15:00:37+00:00","article_modified_time":"2026-04-28T14:46:24+00:00","og_image":[{"width":830,"height":560,"url":"https:\/\/www.lespetitsculottes.com\/blog\/wp-content\/uploads\/2021\/04\/sejour-maternite.jpg","type":"image\/jpeg"}],"author":"Admin 23Prod","twitter_card":"summary_large_image","twitter_misc":{"\u00c9crit par":"Admin 23Prod","Dur\u00e9e de lecture estim\u00e9e":"9 minutes"},"schema":{"@context":"https:\/\/schema.org","@graph":[{"@type":"WebPage","@id":"https:\/\/www.lespetitsculottes.com\/blog\/deroulement-sejour-maternite\/","url":"https:\/\/www.lespetitsculottes.com\/blog\/deroulement-sejour-maternite\/","name":"S\u00e9jour maternit\u00e9 : tout ce qu\u2019il faut savoir","isPartOf":{"@id":"https:\/\/www.lespetitsculottes.com\/blog\/#website"},"primaryImageOfPage":{"@id":"https:\/\/www.lespetitsculottes.com\/blog\/deroulement-sejour-maternite\/#primaryimage"},"image":{"@id":"https:\/\/www.lespetitsculottes.com\/blog\/deroulement-sejour-maternite\/#primaryimage"},"thumbnailUrl":"https:\/\/www.lespetitsculottes.com\/blog\/wp-content\/uploads\/2021\/04\/sejour-maternite.jpg","datePublished":"2021-04-08T15:00:37+00:00","dateModified":"2026-04-28T14:46:24+00:00","author":{"@id":"https:\/\/www.lespetitsculottes.com\/blog\/#\/schema\/person\/d67501f1427510d030b375d864acaecb"},"description":"Futur papa ou maman, vous souhaitez avoir plus d\u2019infos pratiques et utiles sur le S\u00e9jour \u00e0 la Maternit\u00e9\u2009? On r\u00e9pond \u00e0 vos questions dans cet article.","breadcrumb":{"@id":"https:\/\/www.lespetitsculottes.com\/blog\/deroulement-sejour-maternite\/#breadcrumb"},"inLanguage":"fr-FR","potentialAction":[{"@type":"ReadAction","target":["https:\/\/www.lespetitsculottes.com\/blog\/deroulement-sejour-maternite\/"]}]},{"@type":"ImageObject","inLanguage":"fr-FR","@id":"https:\/\/www.lespetitsculottes.com\/blog\/deroulement-sejour-maternite\/#primaryimage","url":"https:\/\/www.lespetitsculottes.com\/blog\/wp-content\/uploads\/2021\/04\/sejour-maternite.jpg","contentUrl":"https:\/\/www.lespetitsculottes.com\/blog\/wp-content\/uploads\/2021\/04\/sejour-maternite.jpg","width":830,"height":560,"caption":"Cr\u00e9dit photo : canva"},{"@type":"BreadcrumbList","@id":"https:\/\/www.lespetitsculottes.com\/blog\/deroulement-sejour-maternite\/#breadcrumb","itemListElement":[{"@type":"ListItem","position":1,"name":"Home","item":"https:\/\/www.lespetitsculottes.com\/blog\/"},{"@type":"ListItem","position":2,"name":"S\u00e9jour \u00e0 la maternit\u00e9 : comment \u00e7a se passe ?"}]},{"@type":"WebSite","@id":"https:\/\/www.lespetitsculottes.com\/blog\/#website","url":"https:\/\/www.lespetitsculottes.com\/blog\/","name":"Les petits culott\u00e9s","description":"Le blog des Petits Culott\u00e9s","potentialAction":[{"@type":"SearchAction","target":{"@type":"EntryPoint","urlTemplate":"https:\/\/www.lespetitsculottes.com\/blog\/?s={search_term_string}"},"query-input":{"@type":"PropertyValueSpecification","valueRequired":true,"valueName":"search_term_string"}}],"inLanguage":"fr-FR"},{"@type":"Person","@id":"https:\/\/www.lespetitsculottes.com\/blog\/#\/schema\/person\/d67501f1427510d030b375d864acaecb","name":"Admin 23Prod","image":{"@type":"ImageObject","inLanguage":"fr-FR","@id":"https:\/\/www.lespetitsculottes.com\/blog\/#\/schema\/person\/image\/","url":"https:\/\/secure.gravatar.com\/avatar\/d07fc7773d840429da1fba32fa2027ef4f681ca12979b4997c63c8869d9a78ca?s=96&d=wp_user_avatar&r=g","contentUrl":"https:\/\/secure.gravatar.com\/avatar\/d07fc7773d840429da1fba32fa2027ef4f681ca12979b4997c63c8869d9a78ca?s=96&d=wp_user_avatar&r=g","caption":"Admin 23Prod"},"description":"D\u00e9veloppeur","url":"https:\/\/www.lespetitsculottes.com\/blog\/auteur\/lpc\/"}]}},"_links":{"self":[{"href":"https:\/\/www.lespetitsculottes.com\/blog\/wp-json\/wp\/v2\/posts\/675","targetHints":{"allow":["GET"]}}],"collection":[{"href":"https:\/\/www.lespetitsculottes.com\/blog\/wp-json\/wp\/v2\/posts"}],"about":[{"href":"https:\/\/www.lespetitsculottes.com\/blog\/wp-json\/wp\/v2\/types\/post"}],"author":[{"embeddable":true,"href":"https:\/\/www.lespetitsculottes.com\/blog\/wp-json\/wp\/v2\/users\/1"}],"replies":[{"embeddable":true,"href":"https:\/\/www.lespetitsculottes.com\/blog\/wp-json\/wp\/v2\/comments?post=675"}],"version-history":[{"count":8,"href":"https:\/\/www.lespetitsculottes.com\/blog\/wp-json\/wp\/v2\/posts\/675\/revisions"}],"predecessor-version":[{"id":4858,"href":"https:\/\/www.lespetitsculottes.com\/blog\/wp-json\/wp\/v2\/posts\/675\/revisions\/4858"}],"wp:featuredmedia":[{"embeddable":true,"href":"https:\/\/www.lespetitsculottes.com\/blog\/wp-json\/wp\/v2\/media\/677"}],"wp:attachment":[{"href":"https:\/\/www.lespetitsculottes.com\/blog\/wp-json\/wp\/v2\/media?parent=675"}],"wp:term":[{"taxonomy":"category","embeddable":true,"href":"https:\/\/www.lespetitsculottes.com\/blog\/wp-json\/wp\/v2\/categories?post=675"}],"curies":[{"name":"wp","href":"https:\/\/api.w.org\/{rel}","templated":true}]}}