{"id":710,"date":"2021-04-22T17:00:54","date_gmt":"2021-04-22T15:00:54","guid":{"rendered":"http:\/\/www.lespetitsculottes.com\/blog\/?p=710"},"modified":"2026-04-09T10:05:37","modified_gmt":"2026-04-09T08:05:37","slug":"promenade-avec-bebe","status":"publish","type":"post","link":"https:\/\/www.lespetitsculottes.com\/blog\/promenade-avec-bebe\/","title":{"rendered":"Sortir avec b\u00e9b\u00e9 : nos indispensables pour une promenade r\u00e9ussie"},"content":{"rendered":"<div id=\"ez-toc-container\" class=\"ez-toc-v2_0_76 counter-hierarchy ez-toc-counter ez-toc-white ez-toc-container-direction\">\n<div class=\"ez-toc-title-container\"><p class=\"ez-toc-title\" style=\"cursor:inherit\">Sommaire<\/p>\n<\/div><nav><ul class='ez-toc-list ez-toc-list-level-1 ' ><li class='ez-toc-page-1 ez-toc-heading-level-2'><a class=\"ez-toc-link ez-toc-heading-1\" href=\"https:\/\/www.lespetitsculottes.com\/blog\/promenade-avec-bebe\/#Les_affaires_a_glisser_dans_le_sac_a_langer\" >Les affaires \u00e0 glisser dans le sac \u00e0 langer&nbsp;<\/a><ul class='ez-toc-list-level-3' ><li class='ez-toc-heading-level-3'><a class=\"ez-toc-link ez-toc-heading-2\" href=\"https:\/\/www.lespetitsculottes.com\/blog\/promenade-avec-bebe\/#1_Un_biberon\" >1. Un biberon<\/a><\/li><li class='ez-toc-page-1 ez-toc-heading-level-3'><a class=\"ez-toc-link ez-toc-heading-3\" href=\"https:\/\/www.lespetitsculottes.com\/blog\/promenade-avec-bebe\/#2_Des_bavoirs\" >2. Des bavoirs<\/a><\/li><li class='ez-toc-page-1 ez-toc-heading-level-3'><a class=\"ez-toc-link ez-toc-heading-4\" href=\"https:\/\/www.lespetitsculottes.com\/blog\/promenade-avec-bebe\/#3_Les_petits_pots_pour_le_gouter_sur_lherbe\" >3. Les petits pots (pour le go\u00fbter sur l\u2019herbe!)<\/a><\/li><li class='ez-toc-page-1 ez-toc-heading-level-3'><a class=\"ez-toc-link ez-toc-heading-5\" href=\"https:\/\/www.lespetitsculottes.com\/blog\/promenade-avec-bebe\/#4_Un_lange\" >4. Un lange<\/a><\/li><li class='ez-toc-page-1 ez-toc-heading-level-3'><a class=\"ez-toc-link ez-toc-heading-6\" href=\"https:\/\/www.lespetitsculottes.com\/blog\/promenade-avec-bebe\/#5_Une_tenue_de_rechange\" >5. Une tenue de rechange<\/a><\/li><li class='ez-toc-page-1 ez-toc-heading-level-3'><a class=\"ez-toc-link ez-toc-heading-7\" href=\"https:\/\/www.lespetitsculottes.com\/blog\/promenade-avec-bebe\/#6_La_tetine_et_le_doudou\" >6. La t\u00e9tine et le doudou<\/a><\/li><li class='ez-toc-page-1 ez-toc-heading-level-3'><a class=\"ez-toc-link ez-toc-heading-8\" href=\"https:\/\/www.lespetitsculottes.com\/blog\/promenade-avec-bebe\/#7_Des_couches\" >7. Des couches<\/a><\/li><li class='ez-toc-page-1 ez-toc-heading-level-3'><a class=\"ez-toc-link ez-toc-heading-9\" href=\"https:\/\/www.lespetitsculottes.com\/blog\/promenade-avec-bebe\/#8_Le_necessaire_pour_le_change\" >8. Le n\u00e9cessaire pour le change<\/a><\/li><li class='ez-toc-page-1 ez-toc-heading-level-3'><a class=\"ez-toc-link ez-toc-heading-10\" href=\"https:\/\/www.lespetitsculottes.com\/blog\/promenade-avec-bebe\/#9_Un_sac_pour_les_couches\" >9. Un sac pour les couches<\/a><\/li><\/ul><\/li><li class='ez-toc-page-1 ez-toc-heading-level-2'><a class=\"ez-toc-link ez-toc-heading-11\" href=\"https:\/\/www.lespetitsculottes.com\/blog\/promenade-avec-bebe\/#Lequipement_pour_partir_se_promener_avec_bebe\" >L\u2019\u00e9quipement pour partir se promener avec b\u00e9b\u00e9<\/a><ul class='ez-toc-list-level-3' ><li class='ez-toc-heading-level-3'><a class=\"ez-toc-link ez-toc-heading-12\" href=\"https:\/\/www.lespetitsculottes.com\/blog\/promenade-avec-bebe\/#10_La_poussette\" >10. La poussette<\/a><\/li><li class='ez-toc-page-1 ez-toc-heading-level-3'><a class=\"ez-toc-link ez-toc-heading-13\" href=\"https:\/\/www.lespetitsculottes.com\/blog\/promenade-avec-bebe\/#11_Le_porte-bebe_physiologique\" >11. Le porte-b\u00e9b\u00e9 physiologique<\/a><\/li><li class='ez-toc-page-1 ez-toc-heading-level-3'><a class=\"ez-toc-link ez-toc-heading-14\" href=\"https:\/\/www.lespetitsculottes.com\/blog\/promenade-avec-bebe\/#12_Le_Thermos_de_cafe_ou_de_the_pour_les_parents_bien_sur\" >12. Le Thermos de caf\u00e9 ou de th\u00e9 (pour les parents bien s\u00fbr)<\/a><\/li><li class='ez-toc-page-1 ez-toc-heading-level-3'><a class=\"ez-toc-link ez-toc-heading-15\" href=\"https:\/\/www.lespetitsculottes.com\/blog\/promenade-avec-bebe\/#13_Une_couverture\" >13. Une couverture<\/a><\/li><\/ul><\/li><li class='ez-toc-page-1 ez-toc-heading-level-2'><a class=\"ez-toc-link ez-toc-heading-16\" href=\"https:\/\/www.lespetitsculottes.com\/blog\/promenade-avec-bebe\/#Habiller_son_bebe_pour_sortir\" >Habiller son b\u00e9b\u00e9 pour sortir<\/a><ul class='ez-toc-list-level-3' ><li class='ez-toc-heading-level-3'><a class=\"ez-toc-link ez-toc-heading-17\" href=\"https:\/\/www.lespetitsculottes.com\/blog\/promenade-avec-bebe\/#14_Automne_%E2%80%93_hiver_bien_lemmitoufler\" >14. Automne &#8211; hiver : bien l\u2019emmitoufler&nbsp;<\/a><\/li><li class='ez-toc-page-1 ez-toc-heading-level-3'><a class=\"ez-toc-link ez-toc-heading-18\" href=\"https:\/\/www.lespetitsculottes.com\/blog\/promenade-avec-bebe\/#15_Printemps_%E2%80%93_ete_le_proteger_des_rayons_du_soleil\" >15. Printemps &#8211; \u00e9t\u00e9 : le prot\u00e9ger des rayons du soleil&nbsp;<\/a><\/li><\/ul><\/li><li class='ez-toc-page-1 ez-toc-heading-level-2'><a class=\"ez-toc-link ez-toc-heading-19\" href=\"https:\/\/www.lespetitsculottes.com\/blog\/promenade-avec-bebe\/#Sortir_avec_bebe_ca_sorganise\" >Sortir avec b\u00e9b\u00e9, \u00e7a s\u2019organise !<\/a><\/li><\/ul><\/nav><\/div>\n\n<p>C\u2019est le week-end ! Prenez le temps de vous balader et de <strong>sortir avec b\u00e9b\u00e9.<\/strong> En hiver comme en \u00e9t\u00e9, que c\u2019est agr\u00e9able de pouvoir mettre le nez dehors, <strong>prendre l\u2019air <\/strong>et se d\u00e9gourdir un peu les jambes en <strong>famille<\/strong> ! Mais avant de <strong>partir en promenade avec votre tout-petit<\/strong>, voici quelques indispensables \u00e0 ne pas oublier. Bien entendu, cette liste est \u00e0 am\u00e9nager selon la <strong>dur\u00e9e de vos balades<\/strong>, le temps et l\u2019\u00e2ge de votre enfant.&nbsp;<br><\/p>\n\n\n\n<h2 class=\"wp-block-heading\"><span class=\"ez-toc-section\" id=\"Les_affaires_a_glisser_dans_le_sac_a_langer\"><\/span>Les affaires \u00e0 glisser dans le sac \u00e0 langer&nbsp;<span class=\"ez-toc-section-end\"><\/span><\/h2>\n\n\n\n<h3 class=\"wp-block-heading\"><span class=\"ez-toc-section\" id=\"1_Un_biberon\"><\/span>1. Un biberon<span class=\"ez-toc-section-end\"><\/span><\/h3>\n\n\n\n<p>Si vous n\u2019allaitez pas, emportez avec vous un biberon, une ou deux <strong>doses de lait <\/strong>(ce qui permet de ne pas s\u2019encombrer d\u2019une bo\u00eete enti\u00e8re !) et une bouteille d\u2019eau min\u00e9rale qui convient aux nourrissons. Si b\u00e9b\u00e9 a une petite faim, vous aurez tout sous la main.&nbsp;<\/p>\n\n\n\n<h3 class=\"wp-block-heading\"><span class=\"ez-toc-section\" id=\"2_Des_bavoirs\"><\/span>2. Des bavoirs<span class=\"ez-toc-section-end\"><\/span><\/h3>\n\n\n\n<p>Une pause \u00ab t\u00e9t\u00e9e\u00bb s\u2019impose ? Allaitement maternel ou au biberon, pensez aux<strong> bavoirs<\/strong> pour que b\u00e9b\u00e9 garde un museau tout propre. Et puis, une petite r\u00e9gurgitation sur l\u2019\u00e9paule de papa peut si vite arriver ! On n\u2019est jamais trop prudent : prenez-en deux !<\/p>\n\n\n\n<h3 class=\"wp-block-heading\"><span class=\"ez-toc-section\" id=\"3_Les_petits_pots_pour_le_gouter_sur_lherbe\"><\/span>3. Les petits pots (pour le go\u00fbter sur l\u2019herbe!)<span class=\"ez-toc-section-end\"><\/span><\/h3>\n\n\n\n<p>Si b\u00e9b\u00e9 commence \u00e0 diversifier son alimentation, un petit pot pour le go\u00fbter avec la cuill\u00e8re adapt\u00e9e sera le bienvenu !<\/p>\n\n\n\n<h3 class=\"wp-block-heading\"><span class=\"ez-toc-section\" id=\"4_Un_lange\"><\/span>4. Un lange<span class=\"ez-toc-section-end\"><\/span><\/h3>\n\n\n\n<p>Il fait partie des must-have du <strong>sac \u00e0 langer<\/strong>, \u00e0 toujours avoir avec soi. En tant que<strong> jeunes parents<\/strong>, vous avez certainement compris que ce bout de tissu est multifonction ! Pour une sortie de 15 minutes ou d\u2019une heure, le lange peut servir de doudou, de <strong>matelas \u00e0 langer d&rsquo;appoint<\/strong>, de <strong>protection de la nacelle<\/strong> si b\u00e9b\u00e9 r\u00e9gurgite pendant la balade, etc. Bref, un <strong>accessoire de pu\u00e9riculture <\/strong>qui sauve la mise \u00e0 bien des parents (oui, nous confirmons, c\u2019est du v\u00e9cu !).<\/p>\n\n\n\n<h3 class=\"wp-block-heading\"><span class=\"ez-toc-section\" id=\"5_Une_tenue_de_rechange\"><\/span>5. Une tenue de rechange<span class=\"ez-toc-section-end\"><\/span><\/h3>\n\n\n\n<p>Nous vous conseillons vivement de <strong>prendre un v\u00eatement suppl\u00e9mentaire<\/strong>. Un peu de carottes sur le joli gilet blanc offert par mamie ? Hop, on sort le joker ! Et voil\u00e0 un b\u00e9b\u00e9 tout propre (joker \u00e0 utiliser une fois le repas termin\u00e9, \u00e7a va de soi.)<\/p>\n\n\n\n<h3 class=\"wp-block-heading\"><span class=\"ez-toc-section\" id=\"6_La_tetine_et_le_doudou\"><\/span>6. La t\u00e9tine et le doudou<span class=\"ez-toc-section-end\"><\/span><\/h3>\n\n\n\n<p>Si b\u00e9b\u00e9&nbsp; a pris l&rsquo;habitude de sucer sa <strong>t\u00e9tine<\/strong>, alors mieux vaut ne pas l\u2019oublier ! M\u00eame chose pour le <strong>doudou<\/strong>, qui lui tiendra compagnie <strong>le temps de la promenade<\/strong>. Sortir avec b\u00e9b\u00e9 c\u2019est aussi faire voir du paysage \u00e0 M. Doudou pardi !<\/p>\n\n\n\n<h3 class=\"wp-block-heading\"><span class=\"ez-toc-section\" id=\"7_Des_couches\"><\/span>7. Des couches<span class=\"ez-toc-section-end\"><\/span><\/h3>\n\n\n\n<p>Bien \u00e9videmment, pensez bien \u00e0 mettre dans votre sac \u00e0 langer vos <a aria-label=\" (s\u2019ouvre dans un nouvel onglet)\" href=\"https:\/\/www.lespetitsculottes.com\/fr\/content\/6-qualite-francaise\" target=\"_blank\" rel=\"noreferrer noopener\">couches bio<\/a> ! Adaptez le <strong>nombre de couches <\/strong>selon l\u2019\u00e2ge de votre enfant et ses petites habitudes. Mais deux couches, c\u2019est vraiment le minimum.<\/p>\n\n\n\n<h3 class=\"wp-block-heading\"><span class=\"ez-toc-section\" id=\"8_Le_necessaire_pour_le_change\"><\/span>8. Le n\u00e9cessaire pour le change<span class=\"ez-toc-section-end\"><\/span><\/h3>\n\n\n\n<p>Votre mini aura peut-\u00eatre besoin d\u2019\u00eatre chang\u00e9<strong> pendant la promenade<\/strong>. En plus des couches, pr\u00e9voyez un paquet de lingettes bio, toutes douces pour b\u00e9b\u00e9. Tellement pratiques quand on est \u00e0 l\u2019ext\u00e9rieur. Sinon, vous pouvez <a href=\"https:\/\/www.lespetitsculottes.com\/blog\/fabriquer-son-liniment-bon-a-savoir\/\" target=\"_blank\" rel=\"noreferrer noopener\" aria-label=\" (s\u2019ouvre dans un nouvel onglet)\">ajouter du liniment<\/a> et quelques carr\u00e9s de coton pour que votre bout de chou ait les fesses toutes propres. Il existe des formats \u00abpoche\u00bb de liniment, <strong>id\u00e9al pour sortir avec b\u00e9b\u00e9<\/strong> ou vous rendre chez des amis !&nbsp;<\/p>\n\n\n\n<h3 class=\"wp-block-heading\"><span class=\"ez-toc-section\" id=\"9_Un_sac_pour_les_couches\"><\/span>9. Un sac pour les couches<span class=\"ez-toc-section-end\"><\/span><\/h3>\n\n\n\n<p>Ce n\u2019est pas forc\u00e9ment l\u2019accessoire auquel on pense tout de suite. Il est pourtant bien pratique ! Gr\u00e2ce \u00e0 lui, vous n\u2019avez pas \u00e0 chercher d\u00e9sesp\u00e9r\u00e9ment une poubelle \u00e0 proximit\u00e9. Vous d\u00e9posez simplement&nbsp; la couche souill\u00e9e dans le sac en plastique pr\u00e9vu \u00e0 cet effet, vous le glissez dans une poche du sac \u00e0 langer. Hop ! Plus de couches sales \u00e0 trimballer dans la main ni d&rsquo;odeurs \u00abind\u00e9licates\u00bb !<\/p>\n\n\n\n<h2 class=\"wp-block-heading\"><span class=\"ez-toc-section\" id=\"Lequipement_pour_partir_se_promener_avec_bebe\"><\/span>L\u2019\u00e9quipement pour partir se promener avec b\u00e9b\u00e9<span class=\"ez-toc-section-end\"><\/span><\/h2>\n\n\n\n<h3 class=\"wp-block-heading\"><span class=\"ez-toc-section\" id=\"10_La_poussette\"><\/span>10. La poussette<span class=\"ez-toc-section-end\"><\/span><\/h3>\n\n\n\n<p><strong>Un nourrisson doit \u00eatre confortablement install\u00e9<\/strong>. Pour \u00e7a, <strong>la nacelle <\/strong>est le bon choix. La position allong\u00e9e est en effet recommand\u00e9e durant les premiers mois pour une balade en toute s\u00e9curit\u00e9. Une fois que b\u00e9b\u00e9 se tient assis, vous pouvez passer \u00e0 la poussette inclin\u00e9e. Pensez \u00e9galement \u00e0 l\u2019habillage de pluie si le temps s\u2019annonce mena\u00e7ant. B\u00e9b\u00e9 restera bien \u00e0 l\u2019abri !<\/p>\n\n\n\n<h3 class=\"wp-block-heading\"><span class=\"ez-toc-section\" id=\"11_Le_porte-bebe_physiologique\"><\/span>11. Le porte-b\u00e9b\u00e9 physiologique<span class=\"ez-toc-section-end\"><\/span><\/h3>\n\n\n\n<p>Que ce soit avec un <strong>mod\u00e8le pr\u00e9form\u00e9<\/strong>, une <strong>\u00e9charpe de portage ou un sling<\/strong>, le portage est une alternative tr\u00e8s appr\u00e9ci\u00e9e (des b\u00e9b\u00e9s et des parents !)! C\u2019est id\u00e9al pour sortir avec b\u00e9b\u00e9 sans encombre lors de<strong> vos trajets <\/strong>du quotidien ou de randonn\u00e9es. Pour un nourrisson, prenez soin de bien le porter sur le devant, le corps tourn\u00e9 vers vous en <strong>position naturelle et physiologique <\/strong>&#8211; et non en position \u00ab face au monde \u00bb. Port\u00e9 de cette mani\u00e8re, en peau \u00e0 peau, b\u00e9b\u00e9 est rassur\u00e9. Il est tout contre vous. <strong>Le rythme de vos pas le berce <\/strong>et l\u2019apaise.&nbsp;<\/p>\n\n\n\n<hr class=\"wp-block-separator has-css-opacity\"\/>\n\n\n\n<p><em>L\u2019astuce culott\u00e9e : <\/em><br><em>Dans le cas du portage ventral, munissez-vous d\u2019un sac \u00e0 dos \u00ab \u00e0 langer \u00bb pour plus de praticit\u00e9<\/em> !<\/p>\n\n\n\n<hr class=\"wp-block-separator has-css-opacity\"\/>\n\n\n\n<h3 class=\"wp-block-heading\"><span class=\"ez-toc-section\" id=\"12_Le_Thermos_de_cafe_ou_de_the_pour_les_parents_bien_sur\"><\/span>12. Le Thermos de caf\u00e9 ou de th\u00e9 (pour les parents bien s\u00fbr)<span class=\"ez-toc-section-end\"><\/span><\/h3>\n\n\n\n<p>Eh oui, la pause c\u2019est aussi pour les parents, surtout si la balade est un peu longue. <strong>B\u00e9b\u00e9 s\u2019est endormi <\/strong>dans la poussette ou dans l\u2019\u00e9charpe de portage ? Posez-vous quelques instants dans l\u2019herbe et savourez votre caf\u00e9. On n&rsquo;oublie pas non plus les petits g\u00e2teaux qui vont avec !<\/p>\n\n\n\n<h3 class=\"wp-block-heading\"><span class=\"ez-toc-section\" id=\"13_Une_couverture\"><\/span>13. Une couverture<span class=\"ez-toc-section-end\"><\/span><\/h3>\n\n\n\n<p>Parfaite pour installer b\u00e9b\u00e9 confortablement sur le sol et le laisser se mouvoir \u00e0 sa guise, surtout si l\u2019herbe est encore un peu mouill\u00e9e.&nbsp;<\/p>\n\n\n\n<h2 class=\"wp-block-heading\"><span class=\"ez-toc-section\" id=\"Habiller_son_bebe_pour_sortir\"><\/span>Habiller son b\u00e9b\u00e9 pour sortir<span class=\"ez-toc-section-end\"><\/span><\/h2>\n\n\n\n<h3 class=\"wp-block-heading\"><span class=\"ez-toc-section\" id=\"14_Automne_%E2%80%93_hiver_bien_lemmitoufler\"><\/span>14. Automne &#8211; hiver : bien l\u2019emmitoufler&nbsp;<span class=\"ez-toc-section-end\"><\/span><\/h3>\n\n\n\n<p>On ne l\u00e9sine pas sur les protections \u00e0 enfiler pour que b\u00e9b\u00e9 soit bien au chaud !&nbsp;Dans votre liste des essentiels, vous aurez donc besoin :&nbsp;<\/p>\n\n\n\n<ul class=\"wp-block-list\">\n<li>d&rsquo;un bonnet ;<\/li>\n\n\n\n<li>de moufles ;<\/li>\n\n\n\n<li>de grosses chaussettes ;<\/li>\n\n\n\n<li>d&rsquo;habits chauds, avec plusieurs couches ;<\/li>\n\n\n\n<li>d&rsquo;une <strong>combinaison int\u00e9grale<\/strong> pour les tout-petits, avec les mains et les pieds prot\u00e9g\u00e9s, une capuche et si possible une doublure polaire \u00e0 l\u2019int\u00e9rieur, parfaite en cas de grand froid. Sachez n\u00e9anmoins que ces combinaisons ne sont pas adapt\u00e9es au portage, car elles ne permettent pas d\u2019offrir une position physiologique. Pr\u00e9f\u00e9rez dans ce cas un <strong>manteau de portage<\/strong> ou une couverture de portage qui enveloppe votre enfant ;<\/li>\n\n\n\n<li>d&rsquo;un <strong>nid d\u2019ange<\/strong> pour <strong>tenir b\u00e9b\u00e9 au chaud <\/strong>durant la balade en poussette ;<\/li>\n\n\n\n<li>d&rsquo;un manteau bien chaud et un tour de cou pour les b\u00e9b\u00e9s plus grands, assis dans la poussette;<\/li>\n\n\n\n<li>d&rsquo;une couverture pour prot\u00e9ger ses petites jambes du froid.<\/li>\n<\/ul>\n\n\n\n<h3 class=\"wp-block-heading\"><span class=\"ez-toc-section\" id=\"15_Printemps_%E2%80%93_ete_le_proteger_des_rayons_du_soleil\"><\/span>15. Printemps &#8211; \u00e9t\u00e9 : le prot\u00e9ger des rayons du soleil&nbsp;<span class=\"ez-toc-section-end\"><\/span><\/h3>\n\n\n\n<p>Place \u00e0 la l\u00e9g\u00e8ret\u00e9, mais aussi \u00e0 la protection. L\u2019exposition au soleil peut \u00eatre extr\u00eamement nocive pour la peau fragile de b\u00e9b\u00e9. V\u00e9rifiez bien que vous avez pris :&nbsp;<\/p>\n\n\n\n<ul class=\"wp-block-list\">\n<li>un chapeau souple, id\u00e9alement anti UV (on \u00e9vite le chapeau de paille, beaucoup trop rigide pour la position couch\u00e9e !);<\/li>\n\n\n\n<li>une ombrelle \u00e0 fixer sur la poussette pour <strong>prot\u00e9ger b\u00e9b\u00e9 du soleil pendant la promenade <\/strong>;<\/li>\n\n\n\n<li>des lunettes de soleil ;<\/li>\n\n\n\n<li>de la cr\u00e8me solaire \u00e9cran total<\/li>\n<\/ul>\n\n\n\n<hr class=\"wp-block-separator has-css-opacity\"\/>\n\n\n\n<p><em>L\u2019astuce culott\u00e9e : \u00e9crivez sur une feuille la check-list de tout le n\u00e9cessaire pour les promenades. Laissez-la toujours dans le sac \u00e0 langer. De cette mani\u00e8re, vous ne risquez plus d\u2019oublier quoi que ce soit pour partir vous balader avec votre b\u00e9b\u00e9.<\/em><br><\/p>\n\n\n\n<hr class=\"wp-block-separator has-css-opacity\"\/>\n\n\n\n<h2 class=\"wp-block-heading\"><span class=\"ez-toc-section\" id=\"Sortir_avec_bebe_ca_sorganise\"><\/span>Sortir avec b\u00e9b\u00e9, \u00e7a s\u2019organise !<span class=\"ez-toc-section-end\"><\/span><\/h2>\n\n\n\n<p><strong>Partir prendre l\u2019air <\/strong>avec son tout petit pour 1h ou m\u00eame 20min, \u00e7a se pr\u00e9pare un minimum ! On n\u2019est jamais \u00e0 l\u2019abri d\u2019un petit creux ou d\u2019une couche trop pleine qui rendrait b\u00e9b\u00e9 tout ronchon. Votre nouveau meilleur ami ? Le sac \u00e0 langer qui vous permettra de profiter de la balade avec tout le n\u00e9cessaire \u00e0 port\u00e9e de main. Glissez-y aussi un petit hochet ou un <strong>jouet pour occuper b\u00e9b\u00e9<\/strong>.<br><\/p>\n","protected":false},"excerpt":{"rendered":"<p>C\u2019est le week-end ! Prenez le temps de vous balader [&hellip;]<\/p>\n","protected":false},"author":1,"featured_media":711,"comment_status":"closed","ping_status":"closed","sticky":false,"template":"","format":"standard","meta":{"footnotes":""},"categories":[10],"class_list":["post-710","post","type-post","status-publish","format-standard","has-post-thumbnail","hentry","category-bebe-culotte"],"yoast_head":"<!-- This site is optimized with the Yoast SEO plugin v26.2 - https:\/\/yoast.com\/wordpress\/plugins\/seo\/ -->\n<title>Sortie avec b\u00e9b\u00e9 : 15 indispensables pour une promenade r\u00e9ussie<\/title>\n<meta name=\"description\" content=\"D\u00e9couvrez notre liste d\u2019indispensables pour sortir avec b\u00e9b\u00e9 et vous promener en toute s\u00e9r\u00e9nit\u00e9 (sans rien oublier !). De quoi remplir votre checklist !\" \/>\n<meta name=\"robots\" content=\"index, follow, max-snippet:-1, max-image-preview:large, max-video-preview:-1\" \/>\n<link rel=\"canonical\" href=\"https:\/\/www.lespetitsculottes.com\/blog\/promenade-avec-bebe\/\" \/>\n<meta property=\"og:locale\" content=\"fr_FR\" \/>\n<meta property=\"og:type\" content=\"article\" \/>\n<meta property=\"og:title\" content=\"Sortie avec b\u00e9b\u00e9 : 15 indispensables pour une promenade r\u00e9ussie\" \/>\n<meta property=\"og:description\" content=\"D\u00e9couvrez notre liste d\u2019indispensables pour sortir avec b\u00e9b\u00e9 et vous promener en toute s\u00e9r\u00e9nit\u00e9 (sans rien oublier !). De quoi remplir votre checklist !\" \/>\n<meta property=\"og:url\" content=\"https:\/\/www.lespetitsculottes.com\/blog\/promenade-avec-bebe\/\" \/>\n<meta property=\"og:site_name\" content=\"Les Petits Culott\u00e9s\" \/>\n<meta property=\"article:published_time\" content=\"2021-04-22T15:00:54+00:00\" \/>\n<meta property=\"article:modified_time\" content=\"2026-04-09T08:05:37+00:00\" \/>\n<meta property=\"og:image\" content=\"https:\/\/www.lespetitsculottes.com\/blog\/wp-content\/uploads\/2021\/04\/indispensables-promenade-bebe.png\" \/>\n\t<meta property=\"og:image:width\" content=\"830\" \/>\n\t<meta property=\"og:image:height\" content=\"560\" \/>\n\t<meta property=\"og:image:type\" content=\"image\/png\" \/>\n<meta name=\"author\" content=\"Admin 23Prod\" \/>\n<meta name=\"twitter:card\" content=\"summary_large_image\" \/>\n<meta name=\"twitter:label1\" content=\"\u00c9crit par\" \/>\n\t<meta name=\"twitter:data1\" content=\"Admin 23Prod\" \/>\n\t<meta name=\"twitter:label2\" content=\"Dur\u00e9e de lecture estim\u00e9e\" \/>\n\t<meta name=\"twitter:data2\" content=\"7 minutes\" \/>\n<script type=\"application\/ld+json\" class=\"yoast-schema-graph\">{\"@context\":\"https:\/\/schema.org\",\"@graph\":[{\"@type\":\"WebPage\",\"@id\":\"https:\/\/www.lespetitsculottes.com\/blog\/promenade-avec-bebe\/\",\"url\":\"https:\/\/www.lespetitsculottes.com\/blog\/promenade-avec-bebe\/\",\"name\":\"Sortie avec b\u00e9b\u00e9 : 15 indispensables pour une promenade r\u00e9ussie\",\"isPartOf\":{\"@id\":\"https:\/\/www.lespetitsculottes.com\/blog\/#website\"},\"primaryImageOfPage\":{\"@id\":\"https:\/\/www.lespetitsculottes.com\/blog\/promenade-avec-bebe\/#primaryimage\"},\"image\":{\"@id\":\"https:\/\/www.lespetitsculottes.com\/blog\/promenade-avec-bebe\/#primaryimage\"},\"thumbnailUrl\":\"https:\/\/www.lespetitsculottes.com\/blog\/wp-content\/uploads\/2021\/04\/indispensables-promenade-bebe.png\",\"datePublished\":\"2021-04-22T15:00:54+00:00\",\"dateModified\":\"2026-04-09T08:05:37+00:00\",\"author\":{\"@id\":\"https:\/\/www.lespetitsculottes.com\/blog\/#\/schema\/person\/d67501f1427510d030b375d864acaecb\"},\"description\":\"D\u00e9couvrez notre liste d\u2019indispensables pour sortir avec b\u00e9b\u00e9 et vous promener en toute s\u00e9r\u00e9nit\u00e9 (sans rien oublier !). De quoi remplir votre checklist !\",\"breadcrumb\":{\"@id\":\"https:\/\/www.lespetitsculottes.com\/blog\/promenade-avec-bebe\/#breadcrumb\"},\"inLanguage\":\"fr-FR\",\"potentialAction\":[{\"@type\":\"ReadAction\",\"target\":[\"https:\/\/www.lespetitsculottes.com\/blog\/promenade-avec-bebe\/\"]}]},{\"@type\":\"ImageObject\",\"inLanguage\":\"fr-FR\",\"@id\":\"https:\/\/www.lespetitsculottes.com\/blog\/promenade-avec-bebe\/#primaryimage\",\"url\":\"https:\/\/www.lespetitsculottes.com\/blog\/wp-content\/uploads\/2021\/04\/indispensables-promenade-bebe.png\",\"contentUrl\":\"https:\/\/www.lespetitsculottes.com\/blog\/wp-content\/uploads\/2021\/04\/indispensables-promenade-bebe.png\",\"width\":830,\"height\":560,\"caption\":\"Cr\u00e9dit photo : canva\"},{\"@type\":\"BreadcrumbList\",\"@id\":\"https:\/\/www.lespetitsculottes.com\/blog\/promenade-avec-bebe\/#breadcrumb\",\"itemListElement\":[{\"@type\":\"ListItem\",\"position\":1,\"name\":\"Home\",\"item\":\"https:\/\/www.lespetitsculottes.com\/blog\/\"},{\"@type\":\"ListItem\",\"position\":2,\"name\":\"Sortir avec b\u00e9b\u00e9 : nos indispensables pour une promenade r\u00e9ussie\"}]},{\"@type\":\"WebSite\",\"@id\":\"https:\/\/www.lespetitsculottes.com\/blog\/#website\",\"url\":\"https:\/\/www.lespetitsculottes.com\/blog\/\",\"name\":\"Les petits culott\u00e9s\",\"description\":\"Le blog des Petits Culott\u00e9s\",\"potentialAction\":[{\"@type\":\"SearchAction\",\"target\":{\"@type\":\"EntryPoint\",\"urlTemplate\":\"https:\/\/www.lespetitsculottes.com\/blog\/?s={search_term_string}\"},\"query-input\":{\"@type\":\"PropertyValueSpecification\",\"valueRequired\":true,\"valueName\":\"search_term_string\"}}],\"inLanguage\":\"fr-FR\"},{\"@type\":\"Person\",\"@id\":\"https:\/\/www.lespetitsculottes.com\/blog\/#\/schema\/person\/d67501f1427510d030b375d864acaecb\",\"name\":\"Admin 23Prod\",\"image\":{\"@type\":\"ImageObject\",\"inLanguage\":\"fr-FR\",\"@id\":\"https:\/\/www.lespetitsculottes.com\/blog\/#\/schema\/person\/image\/\",\"url\":\"https:\/\/secure.gravatar.com\/avatar\/d07fc7773d840429da1fba32fa2027ef4f681ca12979b4997c63c8869d9a78ca?s=96&d=wp_user_avatar&r=g\",\"contentUrl\":\"https:\/\/secure.gravatar.com\/avatar\/d07fc7773d840429da1fba32fa2027ef4f681ca12979b4997c63c8869d9a78ca?s=96&d=wp_user_avatar&r=g\",\"caption\":\"Admin 23Prod\"},\"description\":\"D\u00e9veloppeur\",\"url\":\"https:\/\/www.lespetitsculottes.com\/blog\/auteur\/lpc\/\"}]}<\/script>\n<!-- \/ Yoast SEO plugin. -->","yoast_head_json":{"title":"Sortie avec b\u00e9b\u00e9 : 15 indispensables pour une promenade r\u00e9ussie","description":"D\u00e9couvrez notre liste d\u2019indispensables pour sortir avec b\u00e9b\u00e9 et vous promener en toute s\u00e9r\u00e9nit\u00e9 (sans rien oublier !). De quoi remplir votre checklist !","robots":{"index":"index","follow":"follow","max-snippet":"max-snippet:-1","max-image-preview":"max-image-preview:large","max-video-preview":"max-video-preview:-1"},"canonical":"https:\/\/www.lespetitsculottes.com\/blog\/promenade-avec-bebe\/","og_locale":"fr_FR","og_type":"article","og_title":"Sortie avec b\u00e9b\u00e9 : 15 indispensables pour une promenade r\u00e9ussie","og_description":"D\u00e9couvrez notre liste d\u2019indispensables pour sortir avec b\u00e9b\u00e9 et vous promener en toute s\u00e9r\u00e9nit\u00e9 (sans rien oublier !). De quoi remplir votre checklist !","og_url":"https:\/\/www.lespetitsculottes.com\/blog\/promenade-avec-bebe\/","og_site_name":"Les Petits Culott\u00e9s","article_published_time":"2021-04-22T15:00:54+00:00","article_modified_time":"2026-04-09T08:05:37+00:00","og_image":[{"width":830,"height":560,"url":"https:\/\/www.lespetitsculottes.com\/blog\/wp-content\/uploads\/2021\/04\/indispensables-promenade-bebe.png","type":"image\/png"}],"author":"Admin 23Prod","twitter_card":"summary_large_image","twitter_misc":{"\u00c9crit par":"Admin 23Prod","Dur\u00e9e de lecture estim\u00e9e":"7 minutes"},"schema":{"@context":"https:\/\/schema.org","@graph":[{"@type":"WebPage","@id":"https:\/\/www.lespetitsculottes.com\/blog\/promenade-avec-bebe\/","url":"https:\/\/www.lespetitsculottes.com\/blog\/promenade-avec-bebe\/","name":"Sortie avec b\u00e9b\u00e9 : 15 indispensables pour une promenade r\u00e9ussie","isPartOf":{"@id":"https:\/\/www.lespetitsculottes.com\/blog\/#website"},"primaryImageOfPage":{"@id":"https:\/\/www.lespetitsculottes.com\/blog\/promenade-avec-bebe\/#primaryimage"},"image":{"@id":"https:\/\/www.lespetitsculottes.com\/blog\/promenade-avec-bebe\/#primaryimage"},"thumbnailUrl":"https:\/\/www.lespetitsculottes.com\/blog\/wp-content\/uploads\/2021\/04\/indispensables-promenade-bebe.png","datePublished":"2021-04-22T15:00:54+00:00","dateModified":"2026-04-09T08:05:37+00:00","author":{"@id":"https:\/\/www.lespetitsculottes.com\/blog\/#\/schema\/person\/d67501f1427510d030b375d864acaecb"},"description":"D\u00e9couvrez notre liste d\u2019indispensables pour sortir avec b\u00e9b\u00e9 et vous promener en toute s\u00e9r\u00e9nit\u00e9 (sans rien oublier !). De quoi remplir votre checklist !","breadcrumb":{"@id":"https:\/\/www.lespetitsculottes.com\/blog\/promenade-avec-bebe\/#breadcrumb"},"inLanguage":"fr-FR","potentialAction":[{"@type":"ReadAction","target":["https:\/\/www.lespetitsculottes.com\/blog\/promenade-avec-bebe\/"]}]},{"@type":"ImageObject","inLanguage":"fr-FR","@id":"https:\/\/www.lespetitsculottes.com\/blog\/promenade-avec-bebe\/#primaryimage","url":"https:\/\/www.lespetitsculottes.com\/blog\/wp-content\/uploads\/2021\/04\/indispensables-promenade-bebe.png","contentUrl":"https:\/\/www.lespetitsculottes.com\/blog\/wp-content\/uploads\/2021\/04\/indispensables-promenade-bebe.png","width":830,"height":560,"caption":"Cr\u00e9dit photo : canva"},{"@type":"BreadcrumbList","@id":"https:\/\/www.lespetitsculottes.com\/blog\/promenade-avec-bebe\/#breadcrumb","itemListElement":[{"@type":"ListItem","position":1,"name":"Home","item":"https:\/\/www.lespetitsculottes.com\/blog\/"},{"@type":"ListItem","position":2,"name":"Sortir avec b\u00e9b\u00e9 : nos indispensables pour une promenade r\u00e9ussie"}]},{"@type":"WebSite","@id":"https:\/\/www.lespetitsculottes.com\/blog\/#website","url":"https:\/\/www.lespetitsculottes.com\/blog\/","name":"Les petits culott\u00e9s","description":"Le blog des Petits Culott\u00e9s","potentialAction":[{"@type":"SearchAction","target":{"@type":"EntryPoint","urlTemplate":"https:\/\/www.lespetitsculottes.com\/blog\/?s={search_term_string}"},"query-input":{"@type":"PropertyValueSpecification","valueRequired":true,"valueName":"search_term_string"}}],"inLanguage":"fr-FR"},{"@type":"Person","@id":"https:\/\/www.lespetitsculottes.com\/blog\/#\/schema\/person\/d67501f1427510d030b375d864acaecb","name":"Admin 23Prod","image":{"@type":"ImageObject","inLanguage":"fr-FR","@id":"https:\/\/www.lespetitsculottes.com\/blog\/#\/schema\/person\/image\/","url":"https:\/\/secure.gravatar.com\/avatar\/d07fc7773d840429da1fba32fa2027ef4f681ca12979b4997c63c8869d9a78ca?s=96&d=wp_user_avatar&r=g","contentUrl":"https:\/\/secure.gravatar.com\/avatar\/d07fc7773d840429da1fba32fa2027ef4f681ca12979b4997c63c8869d9a78ca?s=96&d=wp_user_avatar&r=g","caption":"Admin 23Prod"},"description":"D\u00e9veloppeur","url":"https:\/\/www.lespetitsculottes.com\/blog\/auteur\/lpc\/"}]}},"_links":{"self":[{"href":"https:\/\/www.lespetitsculottes.com\/blog\/wp-json\/wp\/v2\/posts\/710","targetHints":{"allow":["GET"]}}],"collection":[{"href":"https:\/\/www.lespetitsculottes.com\/blog\/wp-json\/wp\/v2\/posts"}],"about":[{"href":"https:\/\/www.lespetitsculottes.com\/blog\/wp-json\/wp\/v2\/types\/post"}],"author":[{"embeddable":true,"href":"https:\/\/www.lespetitsculottes.com\/blog\/wp-json\/wp\/v2\/users\/1"}],"replies":[{"embeddable":true,"href":"https:\/\/www.lespetitsculottes.com\/blog\/wp-json\/wp\/v2\/comments?post=710"}],"version-history":[{"count":10,"href":"https:\/\/www.lespetitsculottes.com\/blog\/wp-json\/wp\/v2\/posts\/710\/revisions"}],"predecessor-version":[{"id":4635,"href":"https:\/\/www.lespetitsculottes.com\/blog\/wp-json\/wp\/v2\/posts\/710\/revisions\/4635"}],"wp:featuredmedia":[{"embeddable":true,"href":"https:\/\/www.lespetitsculottes.com\/blog\/wp-json\/wp\/v2\/media\/711"}],"wp:attachment":[{"href":"https:\/\/www.lespetitsculottes.com\/blog\/wp-json\/wp\/v2\/media?parent=710"}],"wp:term":[{"taxonomy":"category","embeddable":true,"href":"https:\/\/www.lespetitsculottes.com\/blog\/wp-json\/wp\/v2\/categories?post=710"}],"curies":[{"name":"wp","href":"https:\/\/api.w.org\/{rel}","templated":true}]}}