{"id":724,"date":"2021-04-29T17:00:29","date_gmt":"2021-04-29T15:00:29","guid":{"rendered":"http:\/\/www.lespetitsculottes.com\/blog\/?p=724"},"modified":"2026-04-28T16:53:23","modified_gmt":"2026-04-28T14:53:23","slug":"commencer-couches-culottes","status":"publish","type":"post","link":"https:\/\/www.lespetitsculottes.com\/blog\/commencer-couches-culottes\/","title":{"rendered":"Couches-culottes : B\u00e9b\u00e9 devient plus grand !"},"content":{"rendered":"<div id=\"ez-toc-container\" class=\"ez-toc-v2_0_76 counter-hierarchy ez-toc-counter ez-toc-white ez-toc-container-direction\">\n<div class=\"ez-toc-title-container\"><p class=\"ez-toc-title\" style=\"cursor:inherit\">Sommaire<\/p>\n<\/div><nav><ul class='ez-toc-list ez-toc-list-level-1 ' ><li class='ez-toc-page-1 ez-toc-heading-level-2'><a class=\"ez-toc-link ez-toc-heading-1\" href=\"https:\/\/www.lespetitsculottes.com\/blog\/commencer-couches-culottes\/#La_couche_des_bebes_aventuriers_et_culottes%E2%80%89\" >La couche des b\u00e9b\u00e9s aventuriers (et culott\u00e9s\u2009!)<\/a><\/li><li class='ez-toc-page-1 ez-toc-heading-level-2'><a class=\"ez-toc-link ez-toc-heading-2\" href=\"https:\/\/www.lespetitsculottes.com\/blog\/commencer-couches-culottes\/#Vers_lapprentissage_de_la_proprete\" >Vers l\u2019apprentissage de la propret\u00e9<\/a><\/li><li class='ez-toc-page-1 ez-toc-heading-level-2'><a class=\"ez-toc-link ez-toc-heading-3\" href=\"https:\/\/www.lespetitsculottes.com\/blog\/commencer-couches-culottes\/#Un_pas_de_plus_vers_lautonomie\" >Un pas de plus vers l\u2019autonomie<\/a><\/li><li class='ez-toc-page-1 ez-toc-heading-level-2'><a class=\"ez-toc-link ez-toc-heading-4\" href=\"https:\/\/www.lespetitsculottes.com\/blog\/commencer-couches-culottes\/#Et_niveau_absorption%E2%80%89\" >Et niveau absorption\u2009?<\/a><\/li><li class='ez-toc-page-1 ez-toc-heading-level-2'><a class=\"ez-toc-link ez-toc-heading-5\" href=\"https:\/\/www.lespetitsculottes.com\/blog\/commencer-couches-culottes\/#Attention_a_la_composition\" >Attention \u00e0 la composition<\/a><\/li><li class='ez-toc-page-1 ez-toc-heading-level-2'><a class=\"ez-toc-link ez-toc-heading-6\" href=\"https:\/\/www.lespetitsculottes.com\/blog\/commencer-couches-culottes\/#Couches-culottes_bebe_nest_plus_un_nourrisson\" >Couches-culottes&nbsp;: b\u00e9b\u00e9 n\u2019est plus un nourrisson<\/a><\/li><\/ul><\/nav><\/div>\n\n<p>Vous aimeriez bien <strong>proposer des couches-culottes \u00e0 b\u00e9b\u00e9<\/strong>. Vous avez un doute, vous ne savez pas si c\u2019est vraiment le bon moment ? Comment bien les choisir et \u00eatre s\u00fbr qu\u2019elles sont adapt\u00e9es \u00e0 votre petit\u2009tr\u00e9sor ? Retrouvez nos infos utiles pour accompagner au mieux le d\u00e9veloppement de votre enfant et son <strong>besoin d\u2019autonomie <\/strong>grandissant. <\/p>\n\n\n\n<h2 class=\"wp-block-heading\"><span class=\"ez-toc-section\" id=\"La_couche_des_bebes_aventuriers_et_culottes%E2%80%89\"><\/span>La couche des b\u00e9b\u00e9s aventuriers (et culott\u00e9s\u2009!)<span class=\"ez-toc-section-end\"><\/span><\/h2>\n\n\n\n<p>Quand b\u00e9b\u00e9 commence \u00e0 bien se d\u00e9placer \u00e0 quatre pattes ou \u00e0 se verticaliser, la couche classique peut s\u2019av\u00e9rer plus d\u00e9sagr\u00e9able \u00e0 porter. La couche \u00e0 enfiler devient donc plus <strong>pratique au quotidien<\/strong>. Elle permet d\u2019offrir \u00e0 l\u2019enfant plus d\u2019amplitude dans ses mouvements sans risque de faire tomber sa couche&nbsp;: sauter, ramper, escalader, grimper, danser\u2026 tout devient plus facile en couche-culotte\u2009!<\/p>\n\n\n\n<p>Il faut dire aussi qu\u2019arriv\u00e9 autour de 18 mois, il devient plus difficile de le changer sur la table \u00e0 langer&nbsp;: certains petits gigotent dans tous les sens\u2009! Impossible de le garder bien longtemps sur le matelas \u00e0 langer. Dans ces conditions (de l\u2019extr\u00eame\u2009!), les couches \u00e0 enfiler comme une culotte sont alors une bonne solution. Plus besoin de garder b\u00e9b\u00e9 allong\u00e9 trop longtemps pour le changer.&nbsp;<\/p>\n\n\n\n<p>Il peut m\u00eame participer avec vous pour <strong>mettre sa couche<\/strong>. Quelle fiert\u00e9 pour lui\u2009! Un petit pas pour l\u2019adulte, un grand pas pour l\u2019enfant. Vous favorisez ainsi la curiosit\u00e9 et l\u2019int\u00e9r\u00eat de b\u00e9b\u00e9 \u00e0 prendre soin de lui et de son hygi\u00e8ne.&nbsp;<br>Pour tous les Petits Culott\u00e9s intr\u00e9pides, la couche-culotte est la solution toute trouv\u00e9e pour les <strong>maintenir au sec toute la journ\u00e9e<\/strong> et les accompagner au mieux dans leurs folles aventures\u2009!<\/p>\n\n\n\n<h2 class=\"wp-block-heading\"><span class=\"ez-toc-section\" id=\"Vers_lapprentissage_de_la_proprete\"><\/span>Vers l\u2019apprentissage de la propret\u00e9<span class=\"ez-toc-section-end\"><\/span><\/h2>\n\n\n\n<p><strong>Entre 18 et 36 mois<\/strong>, l\u2019enfant va vivre une \u00e9tape importante : l\u2019<strong>acquisition de la propret\u00e9<\/strong>. Si l\u2019on veut \u00eatre plus pr\u00e9cis, il s\u2019agit plut\u00f4t d\u2019apprendre \u00e0 devenir continent. On entend souvent dire que lorsque l\u2019enfant sait monter et descendre les marches d\u2019escalier seul, c\u2019est qu\u2019il ma\u00eetrise ses sphincters. Il serait donc en capacit\u00e9 d\u2019\u00eatre \u00ab\u2009propre\u2009\u00bb. On vous avoue que nous n\u2019avons pas v\u00e9rifi\u00e9 cette hypoth\u00e8se.&nbsp;<\/p>\n\n\n\n<p>N\u00e9anmoins, cette tranche d\u2019\u00e2ge est li\u00e9e \u00e0 la <strong>qu\u00eate d\u2019autonomie<\/strong>, \u00e0 la volont\u00e9 de faire seul et \u00e0 l\u2019<strong>envie d\u2019aller aux toilettes comme les grands<\/strong>. Il commence \u00e0 montrer un <strong>int\u00e9r\u00eat pour le pot<\/strong> et le papier toilette (\u00e0 d\u00e9rouler encore et encore, c\u2019est tellement rigolo !). Les couches-culottes pour b\u00e9b\u00e9s sont une excellente alternative \u00e0 la couche classique pour l\u2019accompagner dans cet <strong>apprentissage de la propret\u00e9 <\/strong>qui peut prendre plusieurs mois pour certains petits.&nbsp;<\/p>\n\n\n\n<p>Et si votre b\u00e9b\u00e9 est d\u00e9j\u00e0 propre la journ\u00e9e, la couche-culotte sera parfaitement adapt\u00e9e pour passer de longues nuits au sec. En effet, l\u2019enfant est plus \u00e2g\u00e9 et bouge davantage, m\u00eame la nuit. La couche classique risque alors de s\u2019ouvrir plus facilement et de r\u00e9veiller b\u00e9b\u00e9 (ainsi que papa et maman\u2009!).<\/p>\n\n\n\n<h2 class=\"wp-block-heading\"><span class=\"ez-toc-section\" id=\"Un_pas_de_plus_vers_lautonomie\"><\/span>Un pas de plus vers l\u2019autonomie<span class=\"ez-toc-section-end\"><\/span><\/h2>\n\n\n\n<p>Comme nous le pr\u00e9cisions juste avant, <strong>autour de 2 ans, l\u2019enfant veut toucher du doigt son autonomie<\/strong> (spoiler&nbsp;: vous savez, \u00e7a co\u00efncide avec la super p\u00e9riode du terrible two\u2026\u2009!). Il sait d\u00e9sormais exprimer avec plus ou moins de justesse ses envies, ses besoins et alerter quand sa <strong>couche est souill\u00e9e<\/strong>.&nbsp;<\/p>\n\n\n\n<p>Porter une couche-culotte sera pour lui le signe qu\u2019il grandit et qu\u2019il peut faire un peu comme les adultes ou ses a\u00een\u00e9s. C\u2019est la derni\u00e8re \u00e9tape avant de porter une vraie culotte\u2009! Elle repr\u00e9sente un entre-deux qui va lui permettre de<strong> se sentir en confiance<\/strong>&nbsp;: il pourra <strong>\u00f4ter facilement sa couche seul<\/strong> avant d\u2019aller sur le pot, sans avoir besoin de l\u2019aide d\u2019un adulte. Cependant, pour les \u00ab\u2009grosses commissions\u2009\u00bb, nous vous invitons tout de m\u00eame \u00e0 l\u2019aider pour \u00e9viter de mauvaises surprises\u2026<\/p>\n\n\n\n<h2 class=\"wp-block-heading\"><span class=\"ez-toc-section\" id=\"Et_niveau_absorption%E2%80%89\"><\/span>Et niveau absorption\u2009? <span class=\"ez-toc-section-end\"><\/span><\/h2>\n\n\n\n<p>La couche-culotte reste avant tout une couche. Il est donc imp\u00e9ratif que celle-ci <strong>garde votre enfant au sec<\/strong>. C\u2019est pourquoi nous vous conseillons de tester la qualit\u00e9 d\u2019absorption. Selon les marques et m\u00eame le<strong> type de couches<\/strong>, la <strong>capacit\u00e9 d\u2019absorption<\/strong> peut varier. <strong>Rester au sec toute la nuit <\/strong>sans \u00eatre d\u00e9rang\u00e9 par une petite fuite n\u2019est pas une option.&nbsp;<\/p>\n\n\n\n<p>Chez les Petits Culott\u00e9s, nous avons \u00e0 c\u0153ur de vous proposer des couches-culottes qui r\u00e9pondent \u00e0 un cahier des charges strict. En effet, nous pensons que le confort et la s\u00e9curit\u00e9 de votre tout-petit doivent \u00eatre au premier plan.&nbsp;D\u2019ailleurs, nous sommes la seule marque \u00e0 avoir un matelas absorbant 100% d\u2019origine v\u00e9g\u00e9tale. Pour recevoir la bonne taille au bon rythme, vous pouvez aussi choisir un <a href=\"https:\/\/www.lespetitsculottes.com\/fr\/accueil\/9-abonnement-couche-bio.html\">abonnement couches<\/a>, pratique lorsque b\u00e9b\u00e9 grandit et que ses besoins \u00e9voluent.<\/p>\n\n\n\n<p>Vous l\u2019aurez donc compris, couches classiques et couches d\u2019apprentissage sont cens\u00e9es satisfaire les m\u00eames exigences de qualit\u00e9 et d\u2019absorption. L\u2019enjeu&nbsp;: apporter le meilleur aux b\u00e9b\u00e9s, d\u00e8s leur naissance.<\/p>\n\n\n\n<h2 class=\"wp-block-heading\"><span class=\"ez-toc-section\" id=\"Attention_a_la_composition\"><\/span>Attention \u00e0 la composition<span class=\"ez-toc-section-end\"><\/span><\/h2>\n\n\n\n<p>\u00c0 l\u2019instar des couches pour b\u00e9b\u00e9s, nous nous invitons \u00e0 prendre le temps de v\u00e9rifier la <strong>composition des couches-culottes<\/strong> de votre \u00ab\u2009grand\u2009\u00bb b\u00e9b\u00e9. Celles-ci doivent \u00eatre exemptes de substances nocives. Afin de limiter l\u2019apparition d&rsquo;une <a aria-label=\" (s\u2019ouvre dans un nouvel onglet)\" href=\"https:\/\/www.lespetitsculottes.com\/blog\/reactions-cutanees-chez-bebe\/\" target=\"_blank\" rel=\"noreferrer noopener\">peau granuleuse b\u00e9b\u00e9<\/a> ou d\u2019\u00e9ventuelles r\u00e9actions cutan\u00e9es, elles doivent \u00eatre respectueuses de la peau fragile de b\u00e9b\u00e9.&nbsp;<\/p>\n\n\n\n<p>R\u00e9duisez aussi l\u2019impact \u00e9cologique en privil\u00e9giant le <strong>circuit court<\/strong>. Notre plan\u00e8te est pr\u00e9cieuse. Ensemble, participons \u00e0 une \u00e9conomie solidaire et raisonn\u00e9e, favorisons les produits made in France et limitons l\u2019empreinte carbone d\u00e9gag\u00e9e par le transport. Vive le circuit court, avec une <a aria-label=\" (s\u2019ouvre dans un nouvel onglet)\" href=\"https:\/\/www.lespetitsculottes.com\/fr\/content\/6-qualite-francaise\" target=\"_blank\" rel=\"noreferrer noopener\">couche bio,<\/a> du fabricant \u00e0 la table \u00e0 langer\u2009!<br>Alors, au moment de faire votre choix, pensez \u00e9galement \u00e0 la provenance. Rappelez-vous qu\u2019une couche dite bio ou \u00e9cologique ne signifie pas qu\u2019elle est <strong>fabriqu\u00e9e en France<\/strong>.<\/p>\n\n\n\n<hr class=\"wp-block-separator has-css-opacity is-style-wide\"\/>\n\n\n\n<p><em>L\u2019info culott\u00e9e&nbsp;:&nbsp;<\/em><br><em>Si nos couches ouvertes sont fabriqu\u00e9es dans les Vosges, nos couches-culottes sont fabriqu\u00e9es ailleurs. Savez-vous o\u00f9\u2009? Au bord de la mer. Rassurez-vous, toujours en France, au c\u0153ur de nos vall\u00e9es bretonnes (de Dana, dadi dada\u2026 bravo \u00e0 ceux qui auront la r\u00e9f\u00e9rence). Quant aux mati\u00e8res premi\u00e8res, elles sont toujours naturelles et s\u00e9lectionn\u00e9es avec soin. <\/em><\/p>\n\n\n\n<hr class=\"wp-block-separator has-css-opacity is-style-wide\"\/>\n\n\n\n<h2 class=\"wp-block-heading\"><span class=\"ez-toc-section\" id=\"Couches-culottes_bebe_nest_plus_un_nourrisson\"><\/span>Couches-culottes&nbsp;: b\u00e9b\u00e9 n\u2019est plus un nourrisson<span class=\"ez-toc-section-end\"><\/span><\/h2>\n\n\n\n<p>Votre tout-petit a grandi en l\u2019espace de quelques claquements de doigts\u2009! Nous sommes d\u2019accord, \u00e7a passe et \u00e7a pousse beaucoup trop vite. B\u00e9b\u00e9 se d\u00e9place \u00e0 sa guise et part \u00e0 la d\u00e9couverte de son environnement avec plus d\u2019aisance. Il commence \u00e0 r\u00e9clamer son autonomie et bient\u00f4t il sera fier de pouvoir faire pipi et caca seul, la journ\u00e9e et m\u00eame la nuit.&nbsp;<\/p>\n\n\n\n<p>Les couches-culottes sont alors le meilleur alli\u00e9 sur la route de la propret\u00e9 et assurent une <strong>bonne transition<\/strong> avant d\u2019abandonner les couches pour de bon.<br>Vous vous demandez maintenant quelle taille prendre pour apporter tout le confort n\u00e9cessaire \u00e0 votre grand-petit-culott\u00e9 ? Le syst\u00e8me de taillant est le m\u00eame que celui des couches ouvertes. Ainsi, il est pr\u00e9f\u00e9rable de se r\u00e9f\u00e9rer \u00e0 la morphologie et au poids de votre b\u00e9b\u00e9 pour choisir la bonne taille de couche-culotte. Pour v\u00e9rifier facilement la correspondance selon le poids de votre enfant, consultez aussi notre guide d\u00e9di\u00e9 \u00e0 la <a href=\"https:\/\/www.lespetitsculottes.com\/fr\/content\/33-taille-comment-choisir\">taille de couche-culotte<\/a>.<\/p>\n","protected":false},"excerpt":{"rendered":"<p>Vous aimeriez bien proposer des couches-culottes \u00e0 b\u00e9b\u00e9. Vous avez [&hellip;]<\/p>\n","protected":false},"author":1,"featured_media":725,"comment_status":"closed","ping_status":"closed","sticky":false,"template":"","format":"standard","meta":{"footnotes":""},"categories":[10],"class_list":["post-724","post","type-post","status-publish","format-standard","has-post-thumbnail","hentry","category-bebe-culotte"],"yoast_head":"<!-- This site is optimized with the Yoast SEO plugin v26.2 - https:\/\/yoast.com\/wordpress\/plugins\/seo\/ -->\n<title>Couches-culottes pour b\u00e9b\u00e9 : quand et comment commencer ?<\/title>\n<meta name=\"description\" content=\"Est-ce le bon moment pour passer aux Couches-culottes\u2009pour B\u00e9b\u00e9 ? Retrouvez nos conseils pour apporter le meilleur \u00e0 votre enfant qui devient grand.\" \/>\n<meta name=\"robots\" content=\"index, follow, max-snippet:-1, max-image-preview:large, max-video-preview:-1\" \/>\n<link rel=\"canonical\" href=\"https:\/\/www.lespetitsculottes.com\/blog\/commencer-couches-culottes\/\" \/>\n<meta property=\"og:locale\" content=\"fr_FR\" \/>\n<meta property=\"og:type\" content=\"article\" \/>\n<meta property=\"og:title\" content=\"Couches-culottes pour b\u00e9b\u00e9 : quand et comment commencer ?\" \/>\n<meta property=\"og:description\" content=\"Est-ce le bon moment pour passer aux Couches-culottes\u2009pour B\u00e9b\u00e9 ? Retrouvez nos conseils pour apporter le meilleur \u00e0 votre enfant qui devient grand.\" \/>\n<meta property=\"og:url\" content=\"https:\/\/www.lespetitsculottes.com\/blog\/commencer-couches-culottes\/\" \/>\n<meta property=\"og:site_name\" content=\"Les Petits Culott\u00e9s\" \/>\n<meta property=\"article:published_time\" content=\"2021-04-29T15:00:29+00:00\" \/>\n<meta property=\"article:modified_time\" content=\"2026-04-28T14:53:23+00:00\" \/>\n<meta property=\"og:image\" content=\"https:\/\/www.lespetitsculottes.com\/blog\/wp-content\/uploads\/2021\/04\/debuter-couches-culottes.jpg\" \/>\n\t<meta property=\"og:image:width\" content=\"1245\" \/>\n\t<meta property=\"og:image:height\" content=\"840\" \/>\n\t<meta property=\"og:image:type\" content=\"image\/jpeg\" \/>\n<meta name=\"author\" content=\"Admin 23Prod\" \/>\n<meta name=\"twitter:card\" content=\"summary_large_image\" \/>\n<meta name=\"twitter:label1\" content=\"\u00c9crit par\" \/>\n\t<meta name=\"twitter:data1\" content=\"Admin 23Prod\" \/>\n\t<meta name=\"twitter:label2\" content=\"Dur\u00e9e de lecture estim\u00e9e\" \/>\n\t<meta name=\"twitter:data2\" content=\"6 minutes\" \/>\n<script type=\"application\/ld+json\" class=\"yoast-schema-graph\">{\"@context\":\"https:\/\/schema.org\",\"@graph\":[{\"@type\":\"WebPage\",\"@id\":\"https:\/\/www.lespetitsculottes.com\/blog\/commencer-couches-culottes\/\",\"url\":\"https:\/\/www.lespetitsculottes.com\/blog\/commencer-couches-culottes\/\",\"name\":\"Couches-culottes pour b\u00e9b\u00e9 : quand et comment commencer ?\",\"isPartOf\":{\"@id\":\"https:\/\/www.lespetitsculottes.com\/blog\/#website\"},\"primaryImageOfPage\":{\"@id\":\"https:\/\/www.lespetitsculottes.com\/blog\/commencer-couches-culottes\/#primaryimage\"},\"image\":{\"@id\":\"https:\/\/www.lespetitsculottes.com\/blog\/commencer-couches-culottes\/#primaryimage\"},\"thumbnailUrl\":\"https:\/\/www.lespetitsculottes.com\/blog\/wp-content\/uploads\/2021\/04\/debuter-couches-culottes.jpg\",\"datePublished\":\"2021-04-29T15:00:29+00:00\",\"dateModified\":\"2026-04-28T14:53:23+00:00\",\"author\":{\"@id\":\"https:\/\/www.lespetitsculottes.com\/blog\/#\/schema\/person\/d67501f1427510d030b375d864acaecb\"},\"description\":\"Est-ce le bon moment pour passer aux Couches-culottes\u2009pour B\u00e9b\u00e9 ? Retrouvez nos conseils pour apporter le meilleur \u00e0 votre enfant qui devient grand.\",\"breadcrumb\":{\"@id\":\"https:\/\/www.lespetitsculottes.com\/blog\/commencer-couches-culottes\/#breadcrumb\"},\"inLanguage\":\"fr-FR\",\"potentialAction\":[{\"@type\":\"ReadAction\",\"target\":[\"https:\/\/www.lespetitsculottes.com\/blog\/commencer-couches-culottes\/\"]}]},{\"@type\":\"ImageObject\",\"inLanguage\":\"fr-FR\",\"@id\":\"https:\/\/www.lespetitsculottes.com\/blog\/commencer-couches-culottes\/#primaryimage\",\"url\":\"https:\/\/www.lespetitsculottes.com\/blog\/wp-content\/uploads\/2021\/04\/debuter-couches-culottes.jpg\",\"contentUrl\":\"https:\/\/www.lespetitsculottes.com\/blog\/wp-content\/uploads\/2021\/04\/debuter-couches-culottes.jpg\",\"width\":1245,\"height\":840,\"caption\":\"Cr\u00e9dit photo : canva\"},{\"@type\":\"BreadcrumbList\",\"@id\":\"https:\/\/www.lespetitsculottes.com\/blog\/commencer-couches-culottes\/#breadcrumb\",\"itemListElement\":[{\"@type\":\"ListItem\",\"position\":1,\"name\":\"Home\",\"item\":\"https:\/\/www.lespetitsculottes.com\/blog\/\"},{\"@type\":\"ListItem\",\"position\":2,\"name\":\"Couches-culottes : B\u00e9b\u00e9 devient plus grand !\"}]},{\"@type\":\"WebSite\",\"@id\":\"https:\/\/www.lespetitsculottes.com\/blog\/#website\",\"url\":\"https:\/\/www.lespetitsculottes.com\/blog\/\",\"name\":\"Les petits culott\u00e9s\",\"description\":\"Le blog des Petits Culott\u00e9s\",\"potentialAction\":[{\"@type\":\"SearchAction\",\"target\":{\"@type\":\"EntryPoint\",\"urlTemplate\":\"https:\/\/www.lespetitsculottes.com\/blog\/?s={search_term_string}\"},\"query-input\":{\"@type\":\"PropertyValueSpecification\",\"valueRequired\":true,\"valueName\":\"search_term_string\"}}],\"inLanguage\":\"fr-FR\"},{\"@type\":\"Person\",\"@id\":\"https:\/\/www.lespetitsculottes.com\/blog\/#\/schema\/person\/d67501f1427510d030b375d864acaecb\",\"name\":\"Admin 23Prod\",\"image\":{\"@type\":\"ImageObject\",\"inLanguage\":\"fr-FR\",\"@id\":\"https:\/\/www.lespetitsculottes.com\/blog\/#\/schema\/person\/image\/\",\"url\":\"https:\/\/secure.gravatar.com\/avatar\/d07fc7773d840429da1fba32fa2027ef4f681ca12979b4997c63c8869d9a78ca?s=96&d=wp_user_avatar&r=g\",\"contentUrl\":\"https:\/\/secure.gravatar.com\/avatar\/d07fc7773d840429da1fba32fa2027ef4f681ca12979b4997c63c8869d9a78ca?s=96&d=wp_user_avatar&r=g\",\"caption\":\"Admin 23Prod\"},\"description\":\"D\u00e9veloppeur\",\"url\":\"https:\/\/www.lespetitsculottes.com\/blog\/auteur\/lpc\/\"}]}<\/script>\n<!-- \/ Yoast SEO plugin. -->","yoast_head_json":{"title":"Couches-culottes pour b\u00e9b\u00e9 : quand et comment commencer ?","description":"Est-ce le bon moment pour passer aux Couches-culottes\u2009pour B\u00e9b\u00e9 ? Retrouvez nos conseils pour apporter le meilleur \u00e0 votre enfant qui devient grand.","robots":{"index":"index","follow":"follow","max-snippet":"max-snippet:-1","max-image-preview":"max-image-preview:large","max-video-preview":"max-video-preview:-1"},"canonical":"https:\/\/www.lespetitsculottes.com\/blog\/commencer-couches-culottes\/","og_locale":"fr_FR","og_type":"article","og_title":"Couches-culottes pour b\u00e9b\u00e9 : quand et comment commencer ?","og_description":"Est-ce le bon moment pour passer aux Couches-culottes\u2009pour B\u00e9b\u00e9 ? Retrouvez nos conseils pour apporter le meilleur \u00e0 votre enfant qui devient grand.","og_url":"https:\/\/www.lespetitsculottes.com\/blog\/commencer-couches-culottes\/","og_site_name":"Les Petits Culott\u00e9s","article_published_time":"2021-04-29T15:00:29+00:00","article_modified_time":"2026-04-28T14:53:23+00:00","og_image":[{"width":1245,"height":840,"url":"https:\/\/www.lespetitsculottes.com\/blog\/wp-content\/uploads\/2021\/04\/debuter-couches-culottes.jpg","type":"image\/jpeg"}],"author":"Admin 23Prod","twitter_card":"summary_large_image","twitter_misc":{"\u00c9crit par":"Admin 23Prod","Dur\u00e9e de lecture estim\u00e9e":"6 minutes"},"schema":{"@context":"https:\/\/schema.org","@graph":[{"@type":"WebPage","@id":"https:\/\/www.lespetitsculottes.com\/blog\/commencer-couches-culottes\/","url":"https:\/\/www.lespetitsculottes.com\/blog\/commencer-couches-culottes\/","name":"Couches-culottes pour b\u00e9b\u00e9 : quand et comment commencer ?","isPartOf":{"@id":"https:\/\/www.lespetitsculottes.com\/blog\/#website"},"primaryImageOfPage":{"@id":"https:\/\/www.lespetitsculottes.com\/blog\/commencer-couches-culottes\/#primaryimage"},"image":{"@id":"https:\/\/www.lespetitsculottes.com\/blog\/commencer-couches-culottes\/#primaryimage"},"thumbnailUrl":"https:\/\/www.lespetitsculottes.com\/blog\/wp-content\/uploads\/2021\/04\/debuter-couches-culottes.jpg","datePublished":"2021-04-29T15:00:29+00:00","dateModified":"2026-04-28T14:53:23+00:00","author":{"@id":"https:\/\/www.lespetitsculottes.com\/blog\/#\/schema\/person\/d67501f1427510d030b375d864acaecb"},"description":"Est-ce le bon moment pour passer aux Couches-culottes\u2009pour B\u00e9b\u00e9 ? Retrouvez nos conseils pour apporter le meilleur \u00e0 votre enfant qui devient grand.","breadcrumb":{"@id":"https:\/\/www.lespetitsculottes.com\/blog\/commencer-couches-culottes\/#breadcrumb"},"inLanguage":"fr-FR","potentialAction":[{"@type":"ReadAction","target":["https:\/\/www.lespetitsculottes.com\/blog\/commencer-couches-culottes\/"]}]},{"@type":"ImageObject","inLanguage":"fr-FR","@id":"https:\/\/www.lespetitsculottes.com\/blog\/commencer-couches-culottes\/#primaryimage","url":"https:\/\/www.lespetitsculottes.com\/blog\/wp-content\/uploads\/2021\/04\/debuter-couches-culottes.jpg","contentUrl":"https:\/\/www.lespetitsculottes.com\/blog\/wp-content\/uploads\/2021\/04\/debuter-couches-culottes.jpg","width":1245,"height":840,"caption":"Cr\u00e9dit photo : canva"},{"@type":"BreadcrumbList","@id":"https:\/\/www.lespetitsculottes.com\/blog\/commencer-couches-culottes\/#breadcrumb","itemListElement":[{"@type":"ListItem","position":1,"name":"Home","item":"https:\/\/www.lespetitsculottes.com\/blog\/"},{"@type":"ListItem","position":2,"name":"Couches-culottes : B\u00e9b\u00e9 devient plus grand !"}]},{"@type":"WebSite","@id":"https:\/\/www.lespetitsculottes.com\/blog\/#website","url":"https:\/\/www.lespetitsculottes.com\/blog\/","name":"Les petits culott\u00e9s","description":"Le blog des Petits Culott\u00e9s","potentialAction":[{"@type":"SearchAction","target":{"@type":"EntryPoint","urlTemplate":"https:\/\/www.lespetitsculottes.com\/blog\/?s={search_term_string}"},"query-input":{"@type":"PropertyValueSpecification","valueRequired":true,"valueName":"search_term_string"}}],"inLanguage":"fr-FR"},{"@type":"Person","@id":"https:\/\/www.lespetitsculottes.com\/blog\/#\/schema\/person\/d67501f1427510d030b375d864acaecb","name":"Admin 23Prod","image":{"@type":"ImageObject","inLanguage":"fr-FR","@id":"https:\/\/www.lespetitsculottes.com\/blog\/#\/schema\/person\/image\/","url":"https:\/\/secure.gravatar.com\/avatar\/d07fc7773d840429da1fba32fa2027ef4f681ca12979b4997c63c8869d9a78ca?s=96&d=wp_user_avatar&r=g","contentUrl":"https:\/\/secure.gravatar.com\/avatar\/d07fc7773d840429da1fba32fa2027ef4f681ca12979b4997c63c8869d9a78ca?s=96&d=wp_user_avatar&r=g","caption":"Admin 23Prod"},"description":"D\u00e9veloppeur","url":"https:\/\/www.lespetitsculottes.com\/blog\/auteur\/lpc\/"}]}},"_links":{"self":[{"href":"https:\/\/www.lespetitsculottes.com\/blog\/wp-json\/wp\/v2\/posts\/724","targetHints":{"allow":["GET"]}}],"collection":[{"href":"https:\/\/www.lespetitsculottes.com\/blog\/wp-json\/wp\/v2\/posts"}],"about":[{"href":"https:\/\/www.lespetitsculottes.com\/blog\/wp-json\/wp\/v2\/types\/post"}],"author":[{"embeddable":true,"href":"https:\/\/www.lespetitsculottes.com\/blog\/wp-json\/wp\/v2\/users\/1"}],"replies":[{"embeddable":true,"href":"https:\/\/www.lespetitsculottes.com\/blog\/wp-json\/wp\/v2\/comments?post=724"}],"version-history":[{"count":13,"href":"https:\/\/www.lespetitsculottes.com\/blog\/wp-json\/wp\/v2\/posts\/724\/revisions"}],"predecessor-version":[{"id":4862,"href":"https:\/\/www.lespetitsculottes.com\/blog\/wp-json\/wp\/v2\/posts\/724\/revisions\/4862"}],"wp:featuredmedia":[{"embeddable":true,"href":"https:\/\/www.lespetitsculottes.com\/blog\/wp-json\/wp\/v2\/media\/725"}],"wp:attachment":[{"href":"https:\/\/www.lespetitsculottes.com\/blog\/wp-json\/wp\/v2\/media?parent=724"}],"wp:term":[{"taxonomy":"category","embeddable":true,"href":"https:\/\/www.lespetitsculottes.com\/blog\/wp-json\/wp\/v2\/categories?post=724"}],"curies":[{"name":"wp","href":"https:\/\/api.w.org\/{rel}","templated":true}]}}