{"id":842,"date":"2021-06-10T18:07:34","date_gmt":"2021-06-10T16:07:34","guid":{"rendered":"http:\/\/www.lespetitsculottes.com\/blog\/?p=842"},"modified":"2026-04-09T11:56:03","modified_gmt":"2026-04-09T09:56:03","slug":"reforme-conge-paternite","status":"publish","type":"post","link":"https:\/\/www.lespetitsculottes.com\/blog\/reforme-conge-paternite\/","title":{"rendered":"Nouveau Cong\u00e9 Paternit\u00e9 : qu\u2019est-ce qui change pour l\u2019heureux papa\u2009?"},"content":{"rendered":"<div id=\"ez-toc-container\" class=\"ez-toc-v2_0_76 counter-hierarchy ez-toc-counter ez-toc-white ez-toc-container-direction\">\n<div class=\"ez-toc-title-container\"><p class=\"ez-toc-title\" style=\"cursor:inherit\">Sommaire<\/p>\n<\/div><nav><ul class='ez-toc-list ez-toc-list-level-1 ' ><li class='ez-toc-page-1 ez-toc-heading-level-2'><a class=\"ez-toc-link ez-toc-heading-1\" href=\"https:\/\/www.lespetitsculottes.com\/blog\/reforme-conge-paternite\/#La_reforme_du_conge_paternite_quoi_de_neuf%E2%80%89\" >La r\u00e9forme du cong\u00e9 paternit\u00e9&nbsp;: quoi de neuf\u2009?<\/a><\/li><li class='ez-toc-page-1 ez-toc-heading-level-2'><a class=\"ez-toc-link ez-toc-heading-2\" href=\"https:\/\/www.lespetitsculottes.com\/blog\/reforme-conge-paternite\/#Pourquoi_un_allongement_du_conge_paternite%E2%80%89\" >Pourquoi un allongement du cong\u00e9 paternit\u00e9\u2009?<\/a><\/li><li class='ez-toc-page-1 ez-toc-heading-level-2'><a class=\"ez-toc-link ez-toc-heading-3\" href=\"https:\/\/www.lespetitsculottes.com\/blog\/reforme-conge-paternite\/#Qui_est_concerne_%E2%80%89\" >Qui est concern\u00e9 \u2009?<\/a><\/li><li class='ez-toc-page-1 ez-toc-heading-level-2'><a class=\"ez-toc-link ez-toc-heading-4\" href=\"https:\/\/www.lespetitsculottes.com\/blog\/reforme-conge-paternite\/#Comment_faire_la_demande_du_conge_paternite%E2%80%89\" >Comment faire la demande du cong\u00e9 paternit\u00e9\u2009?&nbsp;<\/a><\/li><li class='ez-toc-page-1 ez-toc-heading-level-2'><a class=\"ez-toc-link ez-toc-heading-5\" href=\"https:\/\/www.lespetitsculottes.com\/blog\/reforme-conge-paternite\/#Quelle_difference_avec_le_conge_parental%E2%80%89\" >Quelle diff\u00e9rence avec le cong\u00e9 parental\u2009?&nbsp;<\/a><\/li><li class='ez-toc-page-1 ez-toc-heading-level-2'><a class=\"ez-toc-link ez-toc-heading-6\" href=\"https:\/\/www.lespetitsculottes.com\/blog\/reforme-conge-paternite\/#Le_nouveau_conge_paternite_en_resume\" >Le nouveau cong\u00e9 paternit\u00e9 en r\u00e9sum\u00e9<\/a><\/li><\/ul><\/nav><\/div>\n\n<p>Bonne nouvelle pour tous les futurs papas qui accueilleront bient\u00f4t leur bout de chou\u2009! D\u00e8s le 1er&nbsp;juillet 2021, <strong>le cong\u00e9 paternit\u00e9 \u00e9volue <\/strong>et permet une pr\u00e9sence plus longue du second parent aupr\u00e8s de b\u00e9b\u00e9. Ainsi, les papas et co-parents b\u00e9n\u00e9ficieront de <strong>14 jours suppl\u00e9mentaires<\/strong>. Un changement qui va vous permettre de profiter davantage de votre nouvelle vie de famille. Zoom sur ce <strong>nouveau cong\u00e9 paternit\u00e9 <\/strong>et sur ce qu\u2019il change concr\u00e8tement pour vous.&nbsp;<\/p>\n\n\n\n<h2 class=\"wp-block-heading\"><span class=\"ez-toc-section\" id=\"La_reforme_du_conge_paternite_quoi_de_neuf%E2%80%89\"><\/span>La r\u00e9forme du cong\u00e9 paternit\u00e9&nbsp;: quoi de neuf\u2009?<span class=\"ez-toc-section-end\"><\/span><\/h2>\n\n\n\n<p>Instaur\u00e9 en janvier 2002, celui-ci n\u2019avait pas connu de bouleversement majeur depuis sa cr\u00e9ation. La grande nouveaut\u00e9, c\u2019est <strong>l\u2019allongement de ce cong\u00e9<\/strong> puisqu\u2019il est doubl\u00e9\u2009! En effet, il passe de <strong>14 jours \u00e0 28 jours<\/strong> (en comptant les <strong>3 jours de naissance obligatoires<\/strong>).&nbsp;<br><\/p>\n\n\n\n<p>En clair, \u00e0 partir du 1er&nbsp;juillet 2021, vous b\u00e9n\u00e9ficierez de&nbsp;:&nbsp;<\/p>\n\n\n\n<ul class=\"wp-block-list\">\n<li><strong>7 jours de cong\u00e9s obligatoires<\/strong> \u00e0 la naissance de l\u2019enfant, incluant les 3 jours de naissance&nbsp;;&nbsp;<\/li>\n\n\n\n<li><strong>21 jours de cong\u00e9s<\/strong> (en plus des 7 jours obligatoires) ou 25 jours en cas de naissance multiple&nbsp;;<\/li>\n<\/ul>\n\n\n\n<p>\u00c0 noter \u00e9galement que ces 21 jours peuvent \u00eatre <strong>fractionn\u00e9s en deux p\u00e9riodes de 5 jours minimum<\/strong> (ou 25 jours en 3 p\u00e9riodes pour une naissance multiple) \u00e0 prendre jusqu\u2019aux 6 mois de b\u00e9b\u00e9.<\/p>\n\n\n\n<p>Enfin, sachez que les 25 jours de <strong>cong\u00e9 de paternit\u00e9<em> <\/em><\/strong>sont indemnis\u00e9s par la s\u00e9curit\u00e9 sociale. Les 3 jours de naissance, eux, sont pay\u00e9s par l\u2019employeur. Le <strong>montant de l\u2019indemnit\u00e9 journali\u00e8re<\/strong> d\u00e9pend de vos revenus et du r\u00e9gime auquel vous \u00eates rattach\u00e9. Nous vous invitons \u00e0 consulter le site du gouvernement pour avoir plus de renseignements \u00e0 ce sujet et r\u00e9aliser vos simulations.&nbsp;<\/p>\n\n\n\n<hr class=\"wp-block-separator has-css-opacity\"\/>\n\n\n\n<p><em>La remarque culott\u00e9e&nbsp;:&nbsp;<\/em><br><em>Le cong\u00e9 paternit\u00e9 est \u00e9galement valable dans le cas d\u2019une adoption.&nbsp;<\/em><\/p>\n\n\n\n<hr class=\"wp-block-separator has-css-opacity\"\/>\n\n\n\n<h2 class=\"wp-block-heading\"><span class=\"ez-toc-section\" id=\"Pourquoi_un_allongement_du_conge_paternite%E2%80%89\"><\/span>Pourquoi un allongement du cong\u00e9 paternit\u00e9\u2009?<span class=\"ez-toc-section-end\"><\/span><\/h2>\n\n\n\n<p>Cette r\u00e9forme fait suite au rapport rendu par la commission des 1000 jours.* Celle-ci pr\u00e9conisait, quant \u00e0 elle, un <strong>cong\u00e9 de paternit\u00e9 et d\u2019accueil de l\u2019enfant de 9 semaines<\/strong>. Certes, on en est encore un peu loin, mais les choses bougent\u2009!&nbsp;<\/p>\n\n\n\n<p>La r\u00e9forme vise \u00e0 r\u00e9duire les in\u00e9galit\u00e9s \u00e0 la naissance, dites \u00ab\u2009de destin\u2009\u00bb. L\u2019objectif \u00e9tant ainsi de&nbsp;:&nbsp;&nbsp;<\/p>\n\n\n\n<ul class=\"wp-block-list\">\n<li>favoriser le lien d\u2019attachement entre le co-parent et l\u2019enfant ;<\/li>\n\n\n\n<li>\u00ab\u2009offrir de meilleures conditions de d\u00e9veloppement pour les nouveau-n\u00e9s\u2009\u00bb, aussi bien affectif que cognitif, pendant ses premi\u00e8res semaines de vie**&nbsp;;<\/li>\n\n\n\n<li>encourager un partage des t\u00e2ches plus \u00e9quilibr\u00e9 au sein du foyer.&nbsp;<\/li>\n<\/ul>\n\n\n\n<p>Nous y voyons aussi l\u2019opportunit\u00e9 de&nbsp;:&nbsp;&nbsp;<\/p>\n\n\n\n<ul class=\"wp-block-list\">\n<li>profiter des premiers sourires de b\u00e9b\u00e9&nbsp;;<\/li>\n\n\n\n<li>le bercer et se d\u00e9couvrir une passion pour les comptines\u2009!<\/li>\n\n\n\n<li>r\u00e9cup\u00e9rer des nuits courtes&nbsp;;&nbsp;<\/li>\n\n\n\n<li>lui raconter de belles histoires&nbsp;;<\/li>\n\n\n\n<li>faire encore plus d\u2019areuh areuh devant son berceau&nbsp;;<\/li>\n\n\n\n<li>permettre \u00e0 la maman de se reposer&nbsp;;<\/li>\n\n\n\n<li>\u00eatre aux fourneaux pendant que maman allaite&nbsp;;<\/li>\n\n\n\n<li>donner les premiers bains avec des <a href=\"https:\/\/www.lespetitsculottes.com\/blog\/liste-produit-bebe-indispensable\/\">produits d&rsquo;hygi\u00e8ne pour b\u00e9b\u00e9<\/a>\u00a0;<\/li>\n\n\n\n<li>pr\u00e9parer les biberons&nbsp;;<\/li>\n\n\n\n<li>d\u00e9couvrir la personnalit\u00e9 de son petit bout de chou&nbsp;;<\/li>\n\n\n\n<li><a rel=\"noreferrer noopener\" aria-label=\" (s\u2019ouvre dans un nouvel onglet)\" href=\"https:\/\/www.lespetitsculottes.com\/blog\/changer-couche-bebe\/\" target=\"_blank\">parfaire sa ma\u00eetrise du changement de couche<\/a>\u2026<\/li>\n<\/ul>\n\n\n\n<h2 class=\"wp-block-heading\"><span class=\"ez-toc-section\" id=\"Qui_est_concerne_%E2%80%89\"><\/span>Qui est concern\u00e9 \u2009?<span class=\"ez-toc-section-end\"><\/span><\/h2>\n\n\n\n<p>Pour faire simple, la r\u00e9forme concerne les naissances pr\u00e9vues \u00e0 partir du 1er&nbsp;juillet 2021. Cependant, si b\u00e9b\u00e9 arrive plus t\u00f4t et qu\u2019il na\u00eet avant le 1er&nbsp;juillet, vous pourrez tout de m\u00eame en b\u00e9n\u00e9ficier\u2009! En effet, c\u2019est <strong>la date d\u2019accouchement pr\u00e9sum\u00e9e<\/strong> qui est prise en consid\u00e9ration.&nbsp;<\/p>\n\n\n\n<p><em>\u00ab\u2009Ok, mais c\u2019est vraiment pour tous les papas\u2009?\u2009\u00bb<\/em> Oui, <strong>le nouveau cong\u00e9 paternit\u00e9 s\u2019applique \u00e0 tous les papas<\/strong> qu\u2019ils soient salari\u00e9s (contrat CDI, CDD ou temporaire), sans emploi, commer\u00e7ants, artisans, agriculteurs, agents de la fonction publique, etc.&nbsp;<\/p>\n\n\n\n<p>De plus, si vous n\u2019\u00eates pas le <strong>p\u00e8re biologique de l\u2019enfant<\/strong>, mais que vous vivez en couple avec la maman (vie maritale, mariage, Pacs), vous pouvez aussi en b\u00e9n\u00e9ficier.<\/p>\n\n\n\n<h2 class=\"wp-block-heading\"><span class=\"ez-toc-section\" id=\"Comment_faire_la_demande_du_conge_paternite%E2%80%89\"><\/span>Comment faire la demande du cong\u00e9 paternit\u00e9\u2009?&nbsp;<span class=\"ez-toc-section-end\"><\/span><\/h2>\n\n\n\n<p>Si vous \u00eates salari\u00e9, il est n\u00e9cessaire de faire une <strong>demande \u00e9crite aupr\u00e8s de votre employeur<\/strong> (si possible par lettre recommand\u00e9e avec accus\u00e9 de r\u00e9ception), en lui pr\u00e9cisant la date de d\u00e9but et de fin du cong\u00e9 ainsi que sa dur\u00e9e. Celle-ci doit \u00eatre envoy\u00e9e au plus tard un mois avant la date pr\u00e9vue de l\u2019accouchement. Vous pouvez retrouver un mod\u00e8le type de courrier sur <a rel=\"noreferrer noopener\" aria-label=\" (s\u2019ouvre dans un nouvel onglet)\" href=\"https:\/\/www.service-public.fr\/simulateur\/calcul\/CongePaterniteAccueil\" target=\"_blank\">https:\/\/www.service-public.fr\/simulateur\/calcul\/CongePaterniteAccueil<\/a>&nbsp;<\/p>\n\n\n\n<p>C\u2019est en effet votre employeur qui se charge de transmettre ces informations aupr\u00e8s de la caisse d\u2019assurance maladie \u00e0 laquelle vous \u00eates rattach\u00e9. N\u2019oubliez pas non plus de lui annoncer la naissance de votre enfant d\u00e8s que possible. Si vous \u00eates auto-entrepreneur, vous pouvez faire votre demande directement aupr\u00e8s de la CPAM.&nbsp;<\/p>\n\n\n\n<h2 class=\"wp-block-heading\"><span class=\"ez-toc-section\" id=\"Quelle_difference_avec_le_conge_parental%E2%80%89\"><\/span>Quelle diff\u00e9rence avec le cong\u00e9 parental\u2009?&nbsp;<span class=\"ez-toc-section-end\"><\/span><\/h2>\n\n\n\n<p>Il faut bien faire la <strong>diff\u00e9rence entre le cong\u00e9 paternit\u00e9 et le cong\u00e9 parental<\/strong>. Ce sont deux choses bien distinctes. Mais, il y a tant de concepts et de mots nouveaux qui arrivent dans la vie d\u2019un (futur) parent\u2009! Il est donc facile de s\u2019emm\u00ealer les pinceaux\u2026&nbsp;<\/p>\n\n\n\n<p>Le cong\u00e9 parental est un dispositif \u00e0 destination des deux parents. Il permet de prendre un temps pour <strong>s\u2019occuper de son enfant de moins de 3 ans en r\u00e9duisant totalement ou partiellement son activit\u00e9 professionnelle<\/strong>.&nbsp;<\/p>\n\n\n\n<p>Il peut \u00eatre pris \u00e0 la suite du cong\u00e9 paternit\u00e9 (et maternit\u00e9) ou plus tard, mais dans la limite des 3 ans de l\u2019enfant. Celui-ci peut \u00eatre \u00e0 temps partiel ou \u00e0 temps plein, mais ne peut pas exc\u00e9der 3 ans (la dur\u00e9e initiale d\u2019un an peut \u00eatre renouvel\u00e9e 2 fois maximum).<\/p>\n\n\n\n<p>Seuls les 6 premiers mois du cong\u00e9 parental (dans le cas d\u2019un premier enfant) sont indemnis\u00e9s par la caisse d\u2019allocations familiales. \u00c0 noter que l\u2019allocation PrePare est actuellement de 398,79&nbsp;\u20ac\/mois pour un cong\u00e9 parental total. N\u2019h\u00e9sitez pas \u00e0 vous rendre sur le site de la CAF pour en savoir plus.<\/p>\n\n\n\n<h2 class=\"wp-block-heading\"><span class=\"ez-toc-section\" id=\"Le_nouveau_conge_paternite_en_resume\"><\/span>Le nouveau cong\u00e9 paternit\u00e9 en r\u00e9sum\u00e9<span class=\"ez-toc-section-end\"><\/span><\/h2>\n\n\n\n<p>Voici ce qu\u2019il faut retenir sur les modifications apport\u00e9es au cong\u00e9 de paternit\u00e9 et d\u2019accueil de l\u2019enfant&nbsp;:&nbsp;<\/p>\n\n\n\n<ul class=\"wp-block-list\">\n<li>28 jours au lieu de 14<\/li>\n\n\n\n<li>dont 7 jours obligatoires (3 jours naissance + 4 jours de cong\u00e9 de paternit\u00e9)<\/li>\n\n\n\n<li>il est \u00e0 prendre dans les 6 mois suivant la naissance<\/li>\n\n\n\n<li>il concerne tous les co-parents (p\u00e8re biologique ou non, sur justificatif),<\/li>\n\n\n\n<li>il ne doit pas \u00eatre confondu avec le cong\u00e9 parental.<\/li>\n<\/ul>\n\n\n\n<p>Sur ce, nous vous souhaitons plein de babillages et de doux moments avec votre petit tr\u00e9sor\u2009!<\/p>\n\n\n\n<p><\/p>\n\n\n\n<p><\/p>\n\n\n\n<p class=\"has-small-font-size\">* Commission mise en place par le pr\u00e9sident de la R\u00e9publique Emmanuel Macron, sous la pr\u00e9sidence du neuropsychiatre Boris Cyrulnik.<br>** <a href=\"https:\/\/www.gouvernement.fr\/les-actions-du-gouvernement\/sante-famille-handicap\/28-jours-de-conge-paternite-pour-plus-de-temps\">https:\/\/www.gouvernement.fr\/les-actions-du-gouvernement\/sante-famille-handicap\/28-jours-de-conge-paternite-pour-plus-de-temps<\/a><\/p>\n","protected":false},"excerpt":{"rendered":"<p>Bonne nouvelle pour tous les futurs papas qui accueilleront bient\u00f4t [&hellip;]<\/p>\n","protected":false},"author":1,"featured_media":843,"comment_status":"closed","ping_status":"closed","sticky":false,"template":"","format":"standard","meta":{"footnotes":""},"categories":[11],"class_list":["post-842","post","type-post","status-publish","format-standard","has-post-thumbnail","hentry","category-grossesse-et-parentalite"],"yoast_head":"<!-- This site is optimized with the Yoast SEO plugin v26.2 - https:\/\/yoast.com\/wordpress\/plugins\/seo\/ -->\n<title>Cong\u00e9 paternit\u00e9 : tout savoir sur la r\u00e9forme et ses implications<\/title>\n<meta name=\"description\" content=\"\u00c0 partir du 1er juillet 2021, les papas b\u00e9n\u00e9ficieront d\u2019un nouveau cong\u00e9 paternit\u00e9. Retrouvez ce qui change ou non pour le futur papa\u2009!\" \/>\n<meta name=\"robots\" content=\"index, follow, max-snippet:-1, max-image-preview:large, max-video-preview:-1\" \/>\n<link rel=\"canonical\" href=\"https:\/\/www.lespetitsculottes.com\/blog\/reforme-conge-paternite\/\" \/>\n<meta property=\"og:locale\" content=\"fr_FR\" \/>\n<meta property=\"og:type\" content=\"article\" \/>\n<meta property=\"og:title\" content=\"Cong\u00e9 paternit\u00e9 : tout savoir sur la r\u00e9forme et ses implications\" \/>\n<meta property=\"og:description\" content=\"\u00c0 partir du 1er juillet 2021, les papas b\u00e9n\u00e9ficieront d\u2019un nouveau cong\u00e9 paternit\u00e9. Retrouvez ce qui change ou non pour le futur papa\u2009!\" \/>\n<meta property=\"og:url\" content=\"https:\/\/www.lespetitsculottes.com\/blog\/reforme-conge-paternite\/\" \/>\n<meta property=\"og:site_name\" content=\"Les Petits Culott\u00e9s\" \/>\n<meta property=\"article:published_time\" content=\"2021-06-10T16:07:34+00:00\" \/>\n<meta property=\"article:modified_time\" content=\"2026-04-09T09:56:03+00:00\" \/>\n<meta property=\"og:image\" content=\"https:\/\/www.lespetitsculottes.com\/blog\/wp-content\/uploads\/2021\/06\/conge-paternite.png\" \/>\n\t<meta property=\"og:image:width\" content=\"830\" \/>\n\t<meta property=\"og:image:height\" content=\"560\" \/>\n\t<meta property=\"og:image:type\" content=\"image\/png\" \/>\n<meta name=\"author\" content=\"Admin 23Prod\" \/>\n<meta name=\"twitter:card\" content=\"summary_large_image\" \/>\n<meta name=\"twitter:label1\" content=\"\u00c9crit par\" \/>\n\t<meta name=\"twitter:data1\" content=\"Admin 23Prod\" \/>\n\t<meta name=\"twitter:label2\" content=\"Dur\u00e9e de lecture estim\u00e9e\" \/>\n\t<meta name=\"twitter:data2\" content=\"6 minutes\" \/>\n<script type=\"application\/ld+json\" class=\"yoast-schema-graph\">{\"@context\":\"https:\/\/schema.org\",\"@graph\":[{\"@type\":\"WebPage\",\"@id\":\"https:\/\/www.lespetitsculottes.com\/blog\/reforme-conge-paternite\/\",\"url\":\"https:\/\/www.lespetitsculottes.com\/blog\/reforme-conge-paternite\/\",\"name\":\"Cong\u00e9 paternit\u00e9 : tout savoir sur la r\u00e9forme et ses implications\",\"isPartOf\":{\"@id\":\"https:\/\/www.lespetitsculottes.com\/blog\/#website\"},\"primaryImageOfPage\":{\"@id\":\"https:\/\/www.lespetitsculottes.com\/blog\/reforme-conge-paternite\/#primaryimage\"},\"image\":{\"@id\":\"https:\/\/www.lespetitsculottes.com\/blog\/reforme-conge-paternite\/#primaryimage\"},\"thumbnailUrl\":\"https:\/\/www.lespetitsculottes.com\/blog\/wp-content\/uploads\/2021\/06\/conge-paternite.png\",\"datePublished\":\"2021-06-10T16:07:34+00:00\",\"dateModified\":\"2026-04-09T09:56:03+00:00\",\"author\":{\"@id\":\"https:\/\/www.lespetitsculottes.com\/blog\/#\/schema\/person\/d67501f1427510d030b375d864acaecb\"},\"description\":\"\u00c0 partir du 1er juillet 2021, les papas b\u00e9n\u00e9ficieront d\u2019un nouveau cong\u00e9 paternit\u00e9. Retrouvez ce qui change ou non pour le futur papa\u2009!\",\"breadcrumb\":{\"@id\":\"https:\/\/www.lespetitsculottes.com\/blog\/reforme-conge-paternite\/#breadcrumb\"},\"inLanguage\":\"fr-FR\",\"potentialAction\":[{\"@type\":\"ReadAction\",\"target\":[\"https:\/\/www.lespetitsculottes.com\/blog\/reforme-conge-paternite\/\"]}]},{\"@type\":\"ImageObject\",\"inLanguage\":\"fr-FR\",\"@id\":\"https:\/\/www.lespetitsculottes.com\/blog\/reforme-conge-paternite\/#primaryimage\",\"url\":\"https:\/\/www.lespetitsculottes.com\/blog\/wp-content\/uploads\/2021\/06\/conge-paternite.png\",\"contentUrl\":\"https:\/\/www.lespetitsculottes.com\/blog\/wp-content\/uploads\/2021\/06\/conge-paternite.png\",\"width\":830,\"height\":560,\"caption\":\"Cr\u00e9dit photo : canva\"},{\"@type\":\"BreadcrumbList\",\"@id\":\"https:\/\/www.lespetitsculottes.com\/blog\/reforme-conge-paternite\/#breadcrumb\",\"itemListElement\":[{\"@type\":\"ListItem\",\"position\":1,\"name\":\"Home\",\"item\":\"https:\/\/www.lespetitsculottes.com\/blog\/\"},{\"@type\":\"ListItem\",\"position\":2,\"name\":\"Nouveau Cong\u00e9 Paternit\u00e9 : qu\u2019est-ce qui change pour l\u2019heureux papa\u2009?\"}]},{\"@type\":\"WebSite\",\"@id\":\"https:\/\/www.lespetitsculottes.com\/blog\/#website\",\"url\":\"https:\/\/www.lespetitsculottes.com\/blog\/\",\"name\":\"Les petits culott\u00e9s\",\"description\":\"Le blog des Petits Culott\u00e9s\",\"potentialAction\":[{\"@type\":\"SearchAction\",\"target\":{\"@type\":\"EntryPoint\",\"urlTemplate\":\"https:\/\/www.lespetitsculottes.com\/blog\/?s={search_term_string}\"},\"query-input\":{\"@type\":\"PropertyValueSpecification\",\"valueRequired\":true,\"valueName\":\"search_term_string\"}}],\"inLanguage\":\"fr-FR\"},{\"@type\":\"Person\",\"@id\":\"https:\/\/www.lespetitsculottes.com\/blog\/#\/schema\/person\/d67501f1427510d030b375d864acaecb\",\"name\":\"Admin 23Prod\",\"image\":{\"@type\":\"ImageObject\",\"inLanguage\":\"fr-FR\",\"@id\":\"https:\/\/www.lespetitsculottes.com\/blog\/#\/schema\/person\/image\/\",\"url\":\"https:\/\/secure.gravatar.com\/avatar\/d07fc7773d840429da1fba32fa2027ef4f681ca12979b4997c63c8869d9a78ca?s=96&d=wp_user_avatar&r=g\",\"contentUrl\":\"https:\/\/secure.gravatar.com\/avatar\/d07fc7773d840429da1fba32fa2027ef4f681ca12979b4997c63c8869d9a78ca?s=96&d=wp_user_avatar&r=g\",\"caption\":\"Admin 23Prod\"},\"description\":\"D\u00e9veloppeur\",\"url\":\"https:\/\/www.lespetitsculottes.com\/blog\/auteur\/lpc\/\"}]}<\/script>\n<!-- \/ Yoast SEO plugin. -->","yoast_head_json":{"title":"Cong\u00e9 paternit\u00e9 : tout savoir sur la r\u00e9forme et ses implications","description":"\u00c0 partir du 1er juillet 2021, les papas b\u00e9n\u00e9ficieront d\u2019un nouveau cong\u00e9 paternit\u00e9. Retrouvez ce qui change ou non pour le futur papa\u2009!","robots":{"index":"index","follow":"follow","max-snippet":"max-snippet:-1","max-image-preview":"max-image-preview:large","max-video-preview":"max-video-preview:-1"},"canonical":"https:\/\/www.lespetitsculottes.com\/blog\/reforme-conge-paternite\/","og_locale":"fr_FR","og_type":"article","og_title":"Cong\u00e9 paternit\u00e9 : tout savoir sur la r\u00e9forme et ses implications","og_description":"\u00c0 partir du 1er juillet 2021, les papas b\u00e9n\u00e9ficieront d\u2019un nouveau cong\u00e9 paternit\u00e9. Retrouvez ce qui change ou non pour le futur papa\u2009!","og_url":"https:\/\/www.lespetitsculottes.com\/blog\/reforme-conge-paternite\/","og_site_name":"Les Petits Culott\u00e9s","article_published_time":"2021-06-10T16:07:34+00:00","article_modified_time":"2026-04-09T09:56:03+00:00","og_image":[{"width":830,"height":560,"url":"https:\/\/www.lespetitsculottes.com\/blog\/wp-content\/uploads\/2021\/06\/conge-paternite.png","type":"image\/png"}],"author":"Admin 23Prod","twitter_card":"summary_large_image","twitter_misc":{"\u00c9crit par":"Admin 23Prod","Dur\u00e9e de lecture estim\u00e9e":"6 minutes"},"schema":{"@context":"https:\/\/schema.org","@graph":[{"@type":"WebPage","@id":"https:\/\/www.lespetitsculottes.com\/blog\/reforme-conge-paternite\/","url":"https:\/\/www.lespetitsculottes.com\/blog\/reforme-conge-paternite\/","name":"Cong\u00e9 paternit\u00e9 : tout savoir sur la r\u00e9forme et ses implications","isPartOf":{"@id":"https:\/\/www.lespetitsculottes.com\/blog\/#website"},"primaryImageOfPage":{"@id":"https:\/\/www.lespetitsculottes.com\/blog\/reforme-conge-paternite\/#primaryimage"},"image":{"@id":"https:\/\/www.lespetitsculottes.com\/blog\/reforme-conge-paternite\/#primaryimage"},"thumbnailUrl":"https:\/\/www.lespetitsculottes.com\/blog\/wp-content\/uploads\/2021\/06\/conge-paternite.png","datePublished":"2021-06-10T16:07:34+00:00","dateModified":"2026-04-09T09:56:03+00:00","author":{"@id":"https:\/\/www.lespetitsculottes.com\/blog\/#\/schema\/person\/d67501f1427510d030b375d864acaecb"},"description":"\u00c0 partir du 1er juillet 2021, les papas b\u00e9n\u00e9ficieront d\u2019un nouveau cong\u00e9 paternit\u00e9. Retrouvez ce qui change ou non pour le futur papa\u2009!","breadcrumb":{"@id":"https:\/\/www.lespetitsculottes.com\/blog\/reforme-conge-paternite\/#breadcrumb"},"inLanguage":"fr-FR","potentialAction":[{"@type":"ReadAction","target":["https:\/\/www.lespetitsculottes.com\/blog\/reforme-conge-paternite\/"]}]},{"@type":"ImageObject","inLanguage":"fr-FR","@id":"https:\/\/www.lespetitsculottes.com\/blog\/reforme-conge-paternite\/#primaryimage","url":"https:\/\/www.lespetitsculottes.com\/blog\/wp-content\/uploads\/2021\/06\/conge-paternite.png","contentUrl":"https:\/\/www.lespetitsculottes.com\/blog\/wp-content\/uploads\/2021\/06\/conge-paternite.png","width":830,"height":560,"caption":"Cr\u00e9dit photo : canva"},{"@type":"BreadcrumbList","@id":"https:\/\/www.lespetitsculottes.com\/blog\/reforme-conge-paternite\/#breadcrumb","itemListElement":[{"@type":"ListItem","position":1,"name":"Home","item":"https:\/\/www.lespetitsculottes.com\/blog\/"},{"@type":"ListItem","position":2,"name":"Nouveau Cong\u00e9 Paternit\u00e9 : qu\u2019est-ce qui change pour l\u2019heureux papa\u2009?"}]},{"@type":"WebSite","@id":"https:\/\/www.lespetitsculottes.com\/blog\/#website","url":"https:\/\/www.lespetitsculottes.com\/blog\/","name":"Les petits culott\u00e9s","description":"Le blog des Petits Culott\u00e9s","potentialAction":[{"@type":"SearchAction","target":{"@type":"EntryPoint","urlTemplate":"https:\/\/www.lespetitsculottes.com\/blog\/?s={search_term_string}"},"query-input":{"@type":"PropertyValueSpecification","valueRequired":true,"valueName":"search_term_string"}}],"inLanguage":"fr-FR"},{"@type":"Person","@id":"https:\/\/www.lespetitsculottes.com\/blog\/#\/schema\/person\/d67501f1427510d030b375d864acaecb","name":"Admin 23Prod","image":{"@type":"ImageObject","inLanguage":"fr-FR","@id":"https:\/\/www.lespetitsculottes.com\/blog\/#\/schema\/person\/image\/","url":"https:\/\/secure.gravatar.com\/avatar\/d07fc7773d840429da1fba32fa2027ef4f681ca12979b4997c63c8869d9a78ca?s=96&d=wp_user_avatar&r=g","contentUrl":"https:\/\/secure.gravatar.com\/avatar\/d07fc7773d840429da1fba32fa2027ef4f681ca12979b4997c63c8869d9a78ca?s=96&d=wp_user_avatar&r=g","caption":"Admin 23Prod"},"description":"D\u00e9veloppeur","url":"https:\/\/www.lespetitsculottes.com\/blog\/auteur\/lpc\/"}]}},"_links":{"self":[{"href":"https:\/\/www.lespetitsculottes.com\/blog\/wp-json\/wp\/v2\/posts\/842","targetHints":{"allow":["GET"]}}],"collection":[{"href":"https:\/\/www.lespetitsculottes.com\/blog\/wp-json\/wp\/v2\/posts"}],"about":[{"href":"https:\/\/www.lespetitsculottes.com\/blog\/wp-json\/wp\/v2\/types\/post"}],"author":[{"embeddable":true,"href":"https:\/\/www.lespetitsculottes.com\/blog\/wp-json\/wp\/v2\/users\/1"}],"replies":[{"embeddable":true,"href":"https:\/\/www.lespetitsculottes.com\/blog\/wp-json\/wp\/v2\/comments?post=842"}],"version-history":[{"count":9,"href":"https:\/\/www.lespetitsculottes.com\/blog\/wp-json\/wp\/v2\/posts\/842\/revisions"}],"predecessor-version":[{"id":4716,"href":"https:\/\/www.lespetitsculottes.com\/blog\/wp-json\/wp\/v2\/posts\/842\/revisions\/4716"}],"wp:featuredmedia":[{"embeddable":true,"href":"https:\/\/www.lespetitsculottes.com\/blog\/wp-json\/wp\/v2\/media\/843"}],"wp:attachment":[{"href":"https:\/\/www.lespetitsculottes.com\/blog\/wp-json\/wp\/v2\/media?parent=842"}],"wp:term":[{"taxonomy":"category","embeddable":true,"href":"https:\/\/www.lespetitsculottes.com\/blog\/wp-json\/wp\/v2\/categories?post=842"}],"curies":[{"name":"wp","href":"https:\/\/api.w.org\/{rel}","templated":true}]}}